{"id":1428,"date":"2015-03-09T15:38:33","date_gmt":"2015-03-09T18:38:33","guid":{"rendered":"https:\/\/wp.ufpel.edu.br\/esef\/?p=1428"},"modified":"2015-03-09T15:38:33","modified_gmt":"2015-03-09T18:38:33","slug":"esef-promove-aula-inaugural-de-2015-1","status":"publish","type":"post","link":"https:\/\/wp.ufpel.edu.br\/esef\/2015\/03\/esef-promove-aula-inaugural-de-2015-1\/","title":{"rendered":"ESEF promove aula inaugural de 2015-1"},"content":{"rendered":"<p>A Dire\u00e7\u00e3o da Escola Superior de Educa\u00e7\u00e3o F\u00edsica convida toda comunidade acad\u00eamica a participar de sua Aula Inaugural do ano de 2015. O professor \u00a0<em>Clovis<\/em>\u00a0Milton Duval Wannmacher (UFRGS) ir\u00e1 abordar o seguinte tema: \u201cCi\u00eancia, educa\u00e7\u00e3o e cidadania\u201d. O evento ser\u00e1 realizado na pr\u00f3xima 3\u00aa feira (10\/03), \u00e0s 15:30HS, no audit\u00f3rio da ESEF.<\/p>\n","protected":false},"excerpt":{"rendered":"<p>A Dire\u00e7\u00e3o da Escola Superior de Educa\u00e7\u00e3o F\u00edsica convida toda comunidade acad\u00eamica a participar de sua Aula Inaugural do ano de 2015. O professor \u00a0Clovis\u00a0Milton Duval Wannmacher (UFRGS) ir\u00e1 abordar o seguinte tema: \u201cCi\u00eancia, educa\u00e7\u00e3o e cidadania\u201d. O evento ser\u00e1 realizado na pr\u00f3xima 3\u00aa feira (10\/03), \u00e0s 15:30HS, no audit\u00f3rio da ESEF.<\/p>\n","protected":false},"author":289,"featured_media":0,"comment_status":"closed","ping_status":"closed","sticky":false,"template":"","format":"standard","meta":{"footnotes":""},"categories":[46689],"tags":[],"class_list":["post-1428","post","type-post","status-publish","format-standard","hentry","category-informes-academicos"],"jetpack_featured_media_url":"","_links":{"self":[{"href":"https:\/\/wp.ufpel.edu.br\/esef\/wp-json\/wp\/v2\/posts\/1428","targetHints":{"allow":["GET"]}}],"collection":[{"href":"https:\/\/wp.ufpel.edu.br\/esef\/wp-json\/wp\/v2\/posts"}],"about":[{"href":"https:\/\/wp.ufpel.edu.br\/esef\/wp-json\/wp\/v2\/types\/post"}],"author":[{"embeddable":true,"href":"https:\/\/wp.ufpel.edu.br\/esef\/wp-json\/wp\/v2\/users\/289"}],"replies":[{"embeddable":true,"href":"https:\/\/wp.ufpel.edu.br\/esef\/wp-json\/wp\/v2\/comments?post=1428"}],"version-history":[{"count":1,"href":"https:\/\/wp.ufpel.edu.br\/esef\/wp-json\/wp\/v2\/posts\/1428\/revisions"}],"predecessor-version":[{"id":1429,"href":"https:\/\/wp.ufpel.edu.br\/esef\/wp-json\/wp\/v2\/posts\/1428\/revisions\/1429"}],"wp:attachment":[{"href":"https:\/\/wp.ufpel.edu.br\/esef\/wp-json\/wp\/v2\/media?parent=1428"}],"wp:term":[{"taxonomy":"category","embeddable":true,"href":"https:\/\/wp.ufpel.edu.br\/esef\/wp-json\/wp\/v2\/categories?post=1428"},{"taxonomy":"post_tag","embeddable":true,"href":"https:\/\/wp.ufpel.edu.br\/esef\/wp-json\/wp\/v2\/tags?post=1428"}],"curies":[{"name":"wp","href":"https:\/\/api.w.org\/{rel}","templated":true}]}}