{"id":1367,"date":"2014-11-28T18:09:02","date_gmt":"2014-11-28T20:09:02","guid":{"rendered":"https:\/\/wp.ufpel.edu.br\/esef\/?p=1367"},"modified":"2014-11-28T18:09:02","modified_gmt":"2014-11-28T20:09:02","slug":"alunos-da-esef-sao-premiados-no-cic-e-enpos","status":"publish","type":"post","link":"https:\/\/wp.ufpel.edu.br\/esef\/2014\/11\/alunos-da-esef-sao-premiados-no-cic-e-enpos\/","title":{"rendered":"Alunos da ESEF s\u00e3o premiados no CIC e ENPOS"},"content":{"rendered":"<p>Parab\u00e9ns aos alunos Marcos Vaz e Bruno Antunez e o orientador Prof. Fabr\u00edcio Boscolo Del Vecchio.<\/p>\n<p>&nbsp;<\/p>\n<p><a href=\"http:\/\/ccs2.ufpel.edu.br\/wp\/2014\/11\/27\/melhores-trabalhos-em-pesquisa-e-extensao-da-ufpel-sao-premiados\/\">http:\/\/ccs2.ufpel.edu.br\/wp\/2014\/11\/27\/melhores-trabalhos-em-pesquisa-e-extensao-da-ufpel-sao-premiados\/<\/a><\/p>\n","protected":false},"excerpt":{"rendered":"<p>Parab\u00e9ns aos alunos Marcos Vaz e Bruno Antunez e o orientador Prof. Fabr\u00edcio Boscolo Del Vecchio. &nbsp; http:\/\/ccs2.ufpel.edu.br\/wp\/2014\/11\/27\/melhores-trabalhos-em-pesquisa-e-extensao-da-ufpel-sao-premiados\/<\/p>\n","protected":false},"author":289,"featured_media":299,"comment_status":"closed","ping_status":"closed","sticky":false,"template":"","format":"standard","meta":{"footnotes":""},"categories":[9259],"tags":[],"class_list":["post-1367","post","type-post","status-publish","format-standard","has-post-thumbnail","hentry","category-eventos"],"jetpack_featured_media_url":"https:\/\/wp.ufpel.edu.br\/esef\/files\/2013\/07\/ESEF_Extenso-e1386670791277.png","_links":{"self":[{"href":"https:\/\/wp.ufpel.edu.br\/esef\/wp-json\/wp\/v2\/posts\/1367","targetHints":{"allow":["GET"]}}],"collection":[{"href":"https:\/\/wp.ufpel.edu.br\/esef\/wp-json\/wp\/v2\/posts"}],"about":[{"href":"https:\/\/wp.ufpel.edu.br\/esef\/wp-json\/wp\/v2\/types\/post"}],"author":[{"embeddable":true,"href":"https:\/\/wp.ufpel.edu.br\/esef\/wp-json\/wp\/v2\/users\/289"}],"replies":[{"embeddable":true,"href":"https:\/\/wp.ufpel.edu.br\/esef\/wp-json\/wp\/v2\/comments?post=1367"}],"version-history":[{"count":1,"href":"https:\/\/wp.ufpel.edu.br\/esef\/wp-json\/wp\/v2\/posts\/1367\/revisions"}],"predecessor-version":[{"id":1368,"href":"https:\/\/wp.ufpel.edu.br\/esef\/wp-json\/wp\/v2\/posts\/1367\/revisions\/1368"}],"wp:featuredmedia":[{"embeddable":true,"href":"https:\/\/wp.ufpel.edu.br\/esef\/wp-json\/wp\/v2\/media\/299"}],"wp:attachment":[{"href":"https:\/\/wp.ufpel.edu.br\/esef\/wp-json\/wp\/v2\/media?parent=1367"}],"wp:term":[{"taxonomy":"category","embeddable":true,"href":"https:\/\/wp.ufpel.edu.br\/esef\/wp-json\/wp\/v2\/categories?post=1367"},{"taxonomy":"post_tag","embeddable":true,"href":"https:\/\/wp.ufpel.edu.br\/esef\/wp-json\/wp\/v2\/tags?post=1367"}],"curies":[{"name":"wp","href":"https:\/\/api.w.org\/{rel}","templated":true}]}}