{"id":1338,"date":"2014-11-10T14:25:57","date_gmt":"2014-11-10T16:25:57","guid":{"rendered":"https:\/\/wp.ufpel.edu.br\/esef\/?p=1338"},"modified":"2014-11-10T14:25:57","modified_gmt":"2014-11-10T16:25:57","slug":"33o-simposio-nacional-de-educacao-fisica-esefufpel","status":"publish","type":"post","link":"https:\/\/wp.ufpel.edu.br\/esef\/2014\/11\/33o-simposio-nacional-de-educacao-fisica-esefufpel\/","title":{"rendered":"33\u00ba Simp\u00f3sio Nacional de Educa\u00e7\u00e3o F\u00edsica ESEF\/UFPEL"},"content":{"rendered":"<p>&#8211; A ESEF\/UFPel realizou de 05 a 07\/11 o 33o. Simp\u00f3sio Nacional de Educa\u00e7\u00e3o F\u00edsica.<\/p>\n<p>O simp\u00f3sio cient\u00edfico reuniu professores e pesquisadores das \u00e1reas da Ci\u00eancia do Esporte, da Sa\u00fade e da Educa\u00e7\u00e3o F\u00edsica, que apresentaram estrat\u00e9gias e estudos sobre o tema gerador &#8220;A Educa\u00e7\u00e3o F\u00edsica, Esporte e suas Tecnologias&#8221;.<\/p>\n<p>Estiveram na ESEF\/UFPel tr\u00eas palestrantes internacionais e 45 nacionais, com a participa\u00e7\u00e3o de 469 inscritos de v\u00e1rias cidades do Brasil.<\/p>\n<p>A comunidade da ESEF est\u00e1 de parab\u00e9ns pela realiza\u00e7\u00e3o desse evento, que \u00e9 o mais antigo do Brasil.<\/p>\n<p><a href=\"https:\/\/wp.ufpel.edu.br\/esef\/files\/2014\/11\/IMG_20141105_092921628_HDR.jpg\"><img class=\"alignleft size-full wp-image-1340\" src=\"https:\/\/wp.ufpel.edu.br\/esef\/files\/2014\/11\/IMG_20141105_092921628_HDR.jpg\" alt=\"IMG_20141105_092921628_HDR\" width=\"190\" height=\"107\" \/><\/a><\/p>\n","protected":false},"excerpt":{"rendered":"<p>&#8211; A ESEF\/UFPel realizou de 05 a 07\/11 o 33o. Simp\u00f3sio Nacional de Educa\u00e7\u00e3o F\u00edsica. O simp\u00f3sio cient\u00edfico reuniu professores e pesquisadores das \u00e1reas da Ci\u00eancia do Esporte, da Sa\u00fade e da Educa\u00e7\u00e3o F\u00edsica, que apresentaram estrat\u00e9gias e estudos sobre o tema gerador &#8220;A Educa\u00e7\u00e3o F\u00edsica, Esporte e suas Tecnologias&#8221;. Estiveram na ESEF\/UFPel tr\u00eas palestrantes [&hellip;]<\/p>\n","protected":false},"author":289,"featured_media":1219,"comment_status":"closed","ping_status":"closed","sticky":false,"template":"","format":"standard","meta":{"footnotes":""},"categories":[9259],"tags":[],"class_list":["post-1338","post","type-post","status-publish","format-standard","has-post-thumbnail","hentry","category-eventos"],"jetpack_featured_media_url":"https:\/\/wp.ufpel.edu.br\/esef\/files\/2014\/09\/1111.jpg","_links":{"self":[{"href":"https:\/\/wp.ufpel.edu.br\/esef\/wp-json\/wp\/v2\/posts\/1338","targetHints":{"allow":["GET"]}}],"collection":[{"href":"https:\/\/wp.ufpel.edu.br\/esef\/wp-json\/wp\/v2\/posts"}],"about":[{"href":"https:\/\/wp.ufpel.edu.br\/esef\/wp-json\/wp\/v2\/types\/post"}],"author":[{"embeddable":true,"href":"https:\/\/wp.ufpel.edu.br\/esef\/wp-json\/wp\/v2\/users\/289"}],"replies":[{"embeddable":true,"href":"https:\/\/wp.ufpel.edu.br\/esef\/wp-json\/wp\/v2\/comments?post=1338"}],"version-history":[{"count":2,"href":"https:\/\/wp.ufpel.edu.br\/esef\/wp-json\/wp\/v2\/posts\/1338\/revisions"}],"predecessor-version":[{"id":1341,"href":"https:\/\/wp.ufpel.edu.br\/esef\/wp-json\/wp\/v2\/posts\/1338\/revisions\/1341"}],"wp:featuredmedia":[{"embeddable":true,"href":"https:\/\/wp.ufpel.edu.br\/esef\/wp-json\/wp\/v2\/media\/1219"}],"wp:attachment":[{"href":"https:\/\/wp.ufpel.edu.br\/esef\/wp-json\/wp\/v2\/media?parent=1338"}],"wp:term":[{"taxonomy":"category","embeddable":true,"href":"https:\/\/wp.ufpel.edu.br\/esef\/wp-json\/wp\/v2\/categories?post=1338"},{"taxonomy":"post_tag","embeddable":true,"href":"https:\/\/wp.ufpel.edu.br\/esef\/wp-json\/wp\/v2\/tags?post=1338"}],"curies":[{"name":"wp","href":"https:\/\/api.w.org\/{rel}","templated":true}]}}