{"id":1256,"date":"2014-09-22T14:16:46","date_gmt":"2014-09-22T17:16:46","guid":{"rendered":"https:\/\/wp.ufpel.edu.br\/esef\/?p=1256"},"modified":"2014-09-22T14:30:27","modified_gmt":"2014-09-22T17:30:27","slug":"sabado-foi-dia-de-futsal-na-esef-jogos-da-ufpel","status":"publish","type":"post","link":"https:\/\/wp.ufpel.edu.br\/esef\/2014\/09\/sabado-foi-dia-de-futsal-na-esef-jogos-da-ufpel\/","title":{"rendered":"S\u00e1bado foi dia de futsal na ESEF \u2013 Jogos da UFPel"},"content":{"rendered":"<p>A bola rolou na ESEF para mais uma rodada de futsal dos Jogos da UFPel no feriado de 20 de setembro. A 1\u00aa fase chegou ao seu final e as equipes classificadas para as quartas de final foram definidas. Acompanhe no informativo em anexo os resultados e a programa\u00e7\u00e3o dos pr\u00f3ximos confrontos.<\/p>\n<p><a href=\"https:\/\/wp.ufpel.edu.br\/esef\/files\/2014\/09\/Resultados_FUTSAL-2014_20set.pdf\">Resultados_FUTSAL 2014_20set<\/a><\/p>\n","protected":false},"excerpt":{"rendered":"<p>A bola rolou na ESEF para mais uma rodada de futsal dos Jogos da UFPel no feriado de 20 de setembro. A 1\u00aa fase chegou ao seu final e as equipes classificadas para as quartas de final foram definidas. Acompanhe no informativo em anexo os resultados e a programa\u00e7\u00e3o dos pr\u00f3ximos confrontos. Resultados_FUTSAL 2014_20set<\/p>\n","protected":false},"author":289,"featured_media":1176,"comment_status":"closed","ping_status":"closed","sticky":false,"template":"","format":"standard","meta":{"footnotes":""},"categories":[44675],"tags":[],"class_list":["post-1256","post","type-post","status-publish","format-standard","has-post-thumbnail","hentry","category-jogos-ufpel"],"jetpack_featured_media_url":"https:\/\/wp.ufpel.edu.br\/esef\/files\/2014\/08\/Logotipo.jpg","_links":{"self":[{"href":"https:\/\/wp.ufpel.edu.br\/esef\/wp-json\/wp\/v2\/posts\/1256","targetHints":{"allow":["GET"]}}],"collection":[{"href":"https:\/\/wp.ufpel.edu.br\/esef\/wp-json\/wp\/v2\/posts"}],"about":[{"href":"https:\/\/wp.ufpel.edu.br\/esef\/wp-json\/wp\/v2\/types\/post"}],"author":[{"embeddable":true,"href":"https:\/\/wp.ufpel.edu.br\/esef\/wp-json\/wp\/v2\/users\/289"}],"replies":[{"embeddable":true,"href":"https:\/\/wp.ufpel.edu.br\/esef\/wp-json\/wp\/v2\/comments?post=1256"}],"version-history":[{"count":1,"href":"https:\/\/wp.ufpel.edu.br\/esef\/wp-json\/wp\/v2\/posts\/1256\/revisions"}],"predecessor-version":[{"id":1258,"href":"https:\/\/wp.ufpel.edu.br\/esef\/wp-json\/wp\/v2\/posts\/1256\/revisions\/1258"}],"wp:featuredmedia":[{"embeddable":true,"href":"https:\/\/wp.ufpel.edu.br\/esef\/wp-json\/wp\/v2\/media\/1176"}],"wp:attachment":[{"href":"https:\/\/wp.ufpel.edu.br\/esef\/wp-json\/wp\/v2\/media?parent=1256"}],"wp:term":[{"taxonomy":"category","embeddable":true,"href":"https:\/\/wp.ufpel.edu.br\/esef\/wp-json\/wp\/v2\/categories?post=1256"},{"taxonomy":"post_tag","embeddable":true,"href":"https:\/\/wp.ufpel.edu.br\/esef\/wp-json\/wp\/v2\/tags?post=1256"}],"curies":[{"name":"wp","href":"https:\/\/api.w.org\/{rel}","templated":true}]}}