{"id":1244,"date":"2014-09-18T08:41:32","date_gmt":"2014-09-18T11:41:32","guid":{"rendered":"https:\/\/wp.ufpel.edu.br\/esef\/?p=1244"},"modified":"2014-09-18T08:41:32","modified_gmt":"2014-09-18T11:41:32","slug":"atencao-alunos-informacoes-sobre-oportunidades-de-intercambios-e-do-programa-ciencia-sem-fronteiras-no-canada","status":"publish","type":"post","link":"https:\/\/wp.ufpel.edu.br\/esef\/2014\/09\/atencao-alunos-informacoes-sobre-oportunidades-de-intercambios-e-do-programa-ciencia-sem-fronteiras-no-canada\/","title":{"rendered":"Aten\u00e7\u00e3o alunos: informa\u00e7\u00f5es sobre oportunidades de interc\u00e2mbios e do Programa Ci\u00eancia sem Fronteiras no Canad\u00e1"},"content":{"rendered":"<p>A CRInter estar\u00e1 promovendo dia 22 de setembro, \u00e0s 18:30HS no Lyceu Riograndense, uma palestra sobre oportunidades de interc\u00e2mbio no Canad\u00e1 e sobre o Ci\u00eancia sem Fronteiras nesse mesmo pa\u00eds. A palestra ser\u00e1 ministrada por uma representante do governo Canadense.<\/p>\n","protected":false},"excerpt":{"rendered":"<p>A CRInter estar\u00e1 promovendo dia 22 de setembro, \u00e0s 18:30HS no Lyceu Riograndense, uma palestra sobre oportunidades de interc\u00e2mbio no Canad\u00e1 e sobre o Ci\u00eancia sem Fronteiras nesse mesmo pa\u00eds. A palestra ser\u00e1 ministrada por uma representante do governo Canadense.<\/p>\n","protected":false},"author":289,"featured_media":0,"comment_status":"closed","ping_status":"closed","sticky":false,"template":"","format":"standard","meta":{"footnotes":""},"categories":[46689],"tags":[],"class_list":["post-1244","post","type-post","status-publish","format-standard","hentry","category-informes-academicos"],"jetpack_featured_media_url":"","_links":{"self":[{"href":"https:\/\/wp.ufpel.edu.br\/esef\/wp-json\/wp\/v2\/posts\/1244","targetHints":{"allow":["GET"]}}],"collection":[{"href":"https:\/\/wp.ufpel.edu.br\/esef\/wp-json\/wp\/v2\/posts"}],"about":[{"href":"https:\/\/wp.ufpel.edu.br\/esef\/wp-json\/wp\/v2\/types\/post"}],"author":[{"embeddable":true,"href":"https:\/\/wp.ufpel.edu.br\/esef\/wp-json\/wp\/v2\/users\/289"}],"replies":[{"embeddable":true,"href":"https:\/\/wp.ufpel.edu.br\/esef\/wp-json\/wp\/v2\/comments?post=1244"}],"version-history":[{"count":1,"href":"https:\/\/wp.ufpel.edu.br\/esef\/wp-json\/wp\/v2\/posts\/1244\/revisions"}],"predecessor-version":[{"id":1245,"href":"https:\/\/wp.ufpel.edu.br\/esef\/wp-json\/wp\/v2\/posts\/1244\/revisions\/1245"}],"wp:attachment":[{"href":"https:\/\/wp.ufpel.edu.br\/esef\/wp-json\/wp\/v2\/media?parent=1244"}],"wp:term":[{"taxonomy":"category","embeddable":true,"href":"https:\/\/wp.ufpel.edu.br\/esef\/wp-json\/wp\/v2\/categories?post=1244"},{"taxonomy":"post_tag","embeddable":true,"href":"https:\/\/wp.ufpel.edu.br\/esef\/wp-json\/wp\/v2\/tags?post=1244"}],"curies":[{"name":"wp","href":"https:\/\/api.w.org\/{rel}","templated":true}]}}