{"id":1213,"date":"2014-09-15T14:44:35","date_gmt":"2014-09-15T17:44:35","guid":{"rendered":"https:\/\/wp.ufpel.edu.br\/esef\/?p=1213"},"modified":"2014-09-15T17:25:01","modified_gmt":"2014-09-15T20:25:01","slug":"selecao-de-bolsistas-programa-segundo-tempo-e-polo-de-desenvolvimento-do-esporte","status":"publish","type":"post","link":"https:\/\/wp.ufpel.edu.br\/esef\/2014\/09\/selecao-de-bolsistas-programa-segundo-tempo-e-polo-de-desenvolvimento-do-esporte\/","title":{"rendered":"Sele\u00e7\u00e3o de bolsistas: Programa Segundo Tempo e Polo de Desenvolvimento do Esporte"},"content":{"rendered":"<p>Est\u00e3o dispon\u00edveis os editais e a ficha de inscri\u00e7\u00e3o. Fique atento aos prazos!<\/p>\n<p><a href=\"https:\/\/wp.ufpel.edu.br\/esef\/files\/2014\/09\/Edital-PST1.doc\">Edital PST<\/a><\/p>\n<p><a href=\"https:\/\/wp.ufpel.edu.br\/esef\/files\/2014\/09\/Edital-Fundergs1.doc\">Edital Fundergs<\/a><\/p>\n<p><a href=\"https:\/\/wp.ufpel.edu.br\/esef\/files\/2014\/09\/Ficha-para-selec\u0327a\u0303o-de-bolsa.docx\">Ficha para selec\u0327a\u0303o de bolsa<\/a><\/p>\n","protected":false},"excerpt":{"rendered":"<p>Est\u00e3o dispon\u00edveis os editais e a ficha de inscri\u00e7\u00e3o. Fique atento aos prazos! Edital PST Edital Fundergs Ficha para selec\u0327a\u0303o de bolsa<\/p>\n","protected":false},"author":289,"featured_media":0,"comment_status":"closed","ping_status":"closed","sticky":false,"template":"","format":"standard","meta":{"footnotes":""},"categories":[46689],"tags":[],"class_list":["post-1213","post","type-post","status-publish","format-standard","hentry","category-informes-academicos"],"jetpack_featured_media_url":"","_links":{"self":[{"href":"https:\/\/wp.ufpel.edu.br\/esef\/wp-json\/wp\/v2\/posts\/1213","targetHints":{"allow":["GET"]}}],"collection":[{"href":"https:\/\/wp.ufpel.edu.br\/esef\/wp-json\/wp\/v2\/posts"}],"about":[{"href":"https:\/\/wp.ufpel.edu.br\/esef\/wp-json\/wp\/v2\/types\/post"}],"author":[{"embeddable":true,"href":"https:\/\/wp.ufpel.edu.br\/esef\/wp-json\/wp\/v2\/users\/289"}],"replies":[{"embeddable":true,"href":"https:\/\/wp.ufpel.edu.br\/esef\/wp-json\/wp\/v2\/comments?post=1213"}],"version-history":[{"count":2,"href":"https:\/\/wp.ufpel.edu.br\/esef\/wp-json\/wp\/v2\/posts\/1213\/revisions"}],"predecessor-version":[{"id":1233,"href":"https:\/\/wp.ufpel.edu.br\/esef\/wp-json\/wp\/v2\/posts\/1213\/revisions\/1233"}],"wp:attachment":[{"href":"https:\/\/wp.ufpel.edu.br\/esef\/wp-json\/wp\/v2\/media?parent=1213"}],"wp:term":[{"taxonomy":"category","embeddable":true,"href":"https:\/\/wp.ufpel.edu.br\/esef\/wp-json\/wp\/v2\/categories?post=1213"},{"taxonomy":"post_tag","embeddable":true,"href":"https:\/\/wp.ufpel.edu.br\/esef\/wp-json\/wp\/v2\/tags?post=1213"}],"curies":[{"name":"wp","href":"https:\/\/api.w.org\/{rel}","templated":true}]}}