{"id":1211,"date":"2014-09-15T14:41:42","date_gmt":"2014-09-15T17:41:42","guid":{"rendered":"https:\/\/wp.ufpel.edu.br\/esef\/?p=1211"},"modified":"2014-09-15T14:41:42","modified_gmt":"2014-09-15T17:41:42","slug":"eleicoes-para-coordenador-de-colegiado-do-curso-de-bacharelado","status":"publish","type":"post","link":"https:\/\/wp.ufpel.edu.br\/esef\/2014\/09\/eleicoes-para-coordenador-de-colegiado-do-curso-de-bacharelado\/","title":{"rendered":"Elei\u00e7\u00f5es para Coordenador de Colegiado do Curso de Bacharelado"},"content":{"rendered":"<p><span style=\"font-size: 11.0pt;font-family: 'Calibri','sans-serif';color: #1f497d\">No dia 23\/09 a ESEF ocorrer\u00e1 a elei\u00e7\u00e3o para o Coordenador do Curso de Bacharelado. Esta semana ser\u00e1 destinada \u00e0s inscri\u00e7\u00f5es dos candidatos.<\/span><\/p>\n","protected":false},"excerpt":{"rendered":"<p>No dia 23\/09 a ESEF ocorrer\u00e1 a elei\u00e7\u00e3o para o Coordenador do Curso de Bacharelado. Esta semana ser\u00e1 destinada \u00e0s inscri\u00e7\u00f5es dos candidatos.<\/p>\n","protected":false},"author":289,"featured_media":0,"comment_status":"closed","ping_status":"closed","sticky":false,"template":"","format":"standard","meta":{"footnotes":""},"categories":[46689],"tags":[],"class_list":["post-1211","post","type-post","status-publish","format-standard","hentry","category-informes-academicos"],"jetpack_featured_media_url":"","_links":{"self":[{"href":"https:\/\/wp.ufpel.edu.br\/esef\/wp-json\/wp\/v2\/posts\/1211","targetHints":{"allow":["GET"]}}],"collection":[{"href":"https:\/\/wp.ufpel.edu.br\/esef\/wp-json\/wp\/v2\/posts"}],"about":[{"href":"https:\/\/wp.ufpel.edu.br\/esef\/wp-json\/wp\/v2\/types\/post"}],"author":[{"embeddable":true,"href":"https:\/\/wp.ufpel.edu.br\/esef\/wp-json\/wp\/v2\/users\/289"}],"replies":[{"embeddable":true,"href":"https:\/\/wp.ufpel.edu.br\/esef\/wp-json\/wp\/v2\/comments?post=1211"}],"version-history":[{"count":1,"href":"https:\/\/wp.ufpel.edu.br\/esef\/wp-json\/wp\/v2\/posts\/1211\/revisions"}],"predecessor-version":[{"id":1212,"href":"https:\/\/wp.ufpel.edu.br\/esef\/wp-json\/wp\/v2\/posts\/1211\/revisions\/1212"}],"wp:attachment":[{"href":"https:\/\/wp.ufpel.edu.br\/esef\/wp-json\/wp\/v2\/media?parent=1211"}],"wp:term":[{"taxonomy":"category","embeddable":true,"href":"https:\/\/wp.ufpel.edu.br\/esef\/wp-json\/wp\/v2\/categories?post=1211"},{"taxonomy":"post_tag","embeddable":true,"href":"https:\/\/wp.ufpel.edu.br\/esef\/wp-json\/wp\/v2\/tags?post=1211"}],"curies":[{"name":"wp","href":"https:\/\/api.w.org\/{rel}","templated":true}]}}