{"id":1141,"date":"2014-08-21T09:07:29","date_gmt":"2014-08-21T12:07:29","guid":{"rendered":"https:\/\/wp.ufpel.edu.br\/esef\/?p=1141"},"modified":"2014-08-21T09:07:29","modified_gmt":"2014-08-21T12:07:29","slug":"atencao","status":"publish","type":"post","link":"https:\/\/wp.ufpel.edu.br\/esef\/2014\/08\/atencao\/","title":{"rendered":"Aten\u00e7\u00e3o!"},"content":{"rendered":"<p><strong>Aten\u00e7\u00e3o<\/strong><\/p>\n<p>&nbsp;<\/p>\n<p>O Colegiado informa que, de acordo com orienta\u00e7\u00e3o da Coordenadoria de Registros Acad\u00eamicos, os alunos que n\u00e3o realizarem matr\u00edcula at\u00e9 o dia 22 de agosto ser\u00e3o considerados em situa\u00e7\u00e3o de abandono de curso, resultando na perda da vaga.<\/p>\n<p>&nbsp;<\/p>\n<p>Coord. Colegiado<\/p>\n","protected":false},"excerpt":{"rendered":"<p>Aten\u00e7\u00e3o &nbsp; O Colegiado informa que, de acordo com orienta\u00e7\u00e3o da Coordenadoria de Registros Acad\u00eamicos, os alunos que n\u00e3o realizarem matr\u00edcula at\u00e9 o dia 22 de agosto ser\u00e3o considerados em situa\u00e7\u00e3o de abandono de curso, resultando na perda da vaga. &nbsp; Coord. Colegiado<\/p>\n","protected":false},"author":289,"featured_media":0,"comment_status":"closed","ping_status":"closed","sticky":false,"template":"","format":"standard","meta":{"footnotes":""},"categories":[46689],"tags":[],"class_list":["post-1141","post","type-post","status-publish","format-standard","hentry","category-informes-academicos"],"jetpack_featured_media_url":"","_links":{"self":[{"href":"https:\/\/wp.ufpel.edu.br\/esef\/wp-json\/wp\/v2\/posts\/1141","targetHints":{"allow":["GET"]}}],"collection":[{"href":"https:\/\/wp.ufpel.edu.br\/esef\/wp-json\/wp\/v2\/posts"}],"about":[{"href":"https:\/\/wp.ufpel.edu.br\/esef\/wp-json\/wp\/v2\/types\/post"}],"author":[{"embeddable":true,"href":"https:\/\/wp.ufpel.edu.br\/esef\/wp-json\/wp\/v2\/users\/289"}],"replies":[{"embeddable":true,"href":"https:\/\/wp.ufpel.edu.br\/esef\/wp-json\/wp\/v2\/comments?post=1141"}],"version-history":[{"count":1,"href":"https:\/\/wp.ufpel.edu.br\/esef\/wp-json\/wp\/v2\/posts\/1141\/revisions"}],"predecessor-version":[{"id":1142,"href":"https:\/\/wp.ufpel.edu.br\/esef\/wp-json\/wp\/v2\/posts\/1141\/revisions\/1142"}],"wp:attachment":[{"href":"https:\/\/wp.ufpel.edu.br\/esef\/wp-json\/wp\/v2\/media?parent=1141"}],"wp:term":[{"taxonomy":"category","embeddable":true,"href":"https:\/\/wp.ufpel.edu.br\/esef\/wp-json\/wp\/v2\/categories?post=1141"},{"taxonomy":"post_tag","embeddable":true,"href":"https:\/\/wp.ufpel.edu.br\/esef\/wp-json\/wp\/v2\/tags?post=1141"}],"curies":[{"name":"wp","href":"https:\/\/api.w.org\/{rel}","templated":true}]}}