{"id":1087,"date":"2014-07-10T08:51:05","date_gmt":"2014-07-10T11:51:05","guid":{"rendered":"https:\/\/wp.ufpel.edu.br\/esef\/?p=1087"},"modified":"2014-07-10T08:51:05","modified_gmt":"2014-07-10T11:51:05","slug":"selecao-de-bolsistas-de-educacao-fisica","status":"publish","type":"post","link":"https:\/\/wp.ufpel.edu.br\/esef\/2014\/07\/selecao-de-bolsistas-de-educacao-fisica\/","title":{"rendered":"SELE\u00c7\u00c3O DE BOLSISTAS DE EDUCA\u00c7\u00c3O F\u00cdSICA"},"content":{"rendered":"<p>A Pr\u00f3-Reitoria de Assuntos Estudantis da UFPel ir\u00e1 selecionar um aluno de Educa\u00e7\u00e3o F\u00edsica para atuarem de forma interdisciplinar em a\u00e7\u00f5es voltadas \u00e0 promo\u00e7\u00e3o da sa\u00fade dos alunos moradores da Casa do Estudante.<\/p>\n<p>&nbsp;<\/p>\n<p>Inscri\u00e7\u00f5es prorrogadas: at\u00e9 o dia 16\/07<\/p>\n<p>Maiores informa\u00e7\u00f5es no Edital (anexo)<\/p>\n<p>&nbsp;<\/p>\n<p><a href=\"https:\/\/wp.ufpel.edu.br\/esef\/files\/2014\/07\/edital-bolsa-casa-do-estudante.pdf\">edital bolsa casa do estudante<\/a><\/p>\n<p><a href=\"https:\/\/wp.ufpel.edu.br\/esef\/files\/2014\/07\/anexo1-2-bolsa-ce.doc\">anexo1 (2) bolsa ce<\/a><\/p>\n<p><a href=\"https:\/\/wp.ufpel.edu.br\/esef\/files\/2014\/07\/anexo2-bolsa-ce.pdf\">anexo2 bolsa ce<\/a><\/p>\n<p><a href=\"https:\/\/wp.ufpel.edu.br\/esef\/files\/2014\/07\/Declara\u00e7\u00e3o-de-n\u00facleo-familiar-bolsa-ce.doc\">Declara\u00e7\u00e3o-de-n\u00facleo-familiar bolsa ce<\/a><\/p>\n","protected":false},"excerpt":{"rendered":"<p>A Pr\u00f3-Reitoria de Assuntos Estudantis da UFPel ir\u00e1 selecionar um aluno de Educa\u00e7\u00e3o F\u00edsica para atuarem de forma interdisciplinar em a\u00e7\u00f5es voltadas \u00e0 promo\u00e7\u00e3o da sa\u00fade dos alunos moradores da Casa do Estudante. &nbsp; Inscri\u00e7\u00f5es prorrogadas: at\u00e9 o dia 16\/07 Maiores informa\u00e7\u00f5es no Edital (anexo) &nbsp; edital bolsa casa do estudante anexo1 (2) bolsa ce [&hellip;]<\/p>\n","protected":false},"author":289,"featured_media":0,"comment_status":"closed","ping_status":"closed","sticky":false,"template":"","format":"standard","meta":{"footnotes":""},"categories":[46689],"tags":[],"class_list":["post-1087","post","type-post","status-publish","format-standard","hentry","category-informes-academicos"],"jetpack_featured_media_url":"","_links":{"self":[{"href":"https:\/\/wp.ufpel.edu.br\/esef\/wp-json\/wp\/v2\/posts\/1087","targetHints":{"allow":["GET"]}}],"collection":[{"href":"https:\/\/wp.ufpel.edu.br\/esef\/wp-json\/wp\/v2\/posts"}],"about":[{"href":"https:\/\/wp.ufpel.edu.br\/esef\/wp-json\/wp\/v2\/types\/post"}],"author":[{"embeddable":true,"href":"https:\/\/wp.ufpel.edu.br\/esef\/wp-json\/wp\/v2\/users\/289"}],"replies":[{"embeddable":true,"href":"https:\/\/wp.ufpel.edu.br\/esef\/wp-json\/wp\/v2\/comments?post=1087"}],"version-history":[{"count":1,"href":"https:\/\/wp.ufpel.edu.br\/esef\/wp-json\/wp\/v2\/posts\/1087\/revisions"}],"predecessor-version":[{"id":1092,"href":"https:\/\/wp.ufpel.edu.br\/esef\/wp-json\/wp\/v2\/posts\/1087\/revisions\/1092"}],"wp:attachment":[{"href":"https:\/\/wp.ufpel.edu.br\/esef\/wp-json\/wp\/v2\/media?parent=1087"}],"wp:term":[{"taxonomy":"category","embeddable":true,"href":"https:\/\/wp.ufpel.edu.br\/esef\/wp-json\/wp\/v2\/categories?post=1087"},{"taxonomy":"post_tag","embeddable":true,"href":"https:\/\/wp.ufpel.edu.br\/esef\/wp-json\/wp\/v2\/tags?post=1087"}],"curies":[{"name":"wp","href":"https:\/\/api.w.org\/{rel}","templated":true}]}}