{"id":2437,"date":"2020-12-04T16:25:20","date_gmt":"2020-12-04T19:25:20","guid":{"rendered":"https:\/\/wp.ufpel.edu.br\/cit\/?p=2437"},"modified":"2020-12-04T16:25:20","modified_gmt":"2020-12-04T19:25:20","slug":"prorrogamos-o-prazo-de-inscricao-para-a-o-curso-de-laboratorio-da-inn-vitro","status":"publish","type":"post","link":"https:\/\/wp.ufpel.edu.br\/epitte\/prorrogamos-o-prazo-de-inscricao-para-a-o-curso-de-laboratorio-da-inn-vitro\/","title":{"rendered":"Prorrogamos o prazo de inscri\u00e7\u00e3o para a &#8220;O Curso de Laborat\u00f3rio da Inn Vitro&#8221;"},"content":{"rendered":"<p><a href=\"https:\/\/wp.ufpel.edu.br\/cit\/files\/2020\/01\/01.jpg\"><img loading=\"lazy\" decoding=\"async\" class=\"aligncenter size-medium wp-image-2145\" src=\"https:\/\/wp.ufpel.edu.br\/cit\/files\/2020\/01\/01-400x266.jpg\" alt=\"\" width=\"400\" height=\"266\" \/><\/a><\/p>\n<p style=\"text-align: left\">Prorrogamos o prazo de inscri\u00e7\u00e3o para a Turma B do Edital 003 &#8211; O Curso de Laborat\u00f3rio da InnVitro.<\/p>\n<p><a href=\"https:\/\/wp.ufpel.edu.br\/cit\/files\/2020\/12\/SEI_UFPel-1144528-Despacho-1.pdf\">Despacho &#8211; 1144528<\/a><\/p>\n","protected":false},"excerpt":{"rendered":"<p>Prorrogamos o prazo de inscri\u00e7\u00e3o para a Turma B do Edital 003 &#8211; O Curso de Laborat\u00f3rio da InnVitro. Despacho [&hellip;]<\/p>\n","protected":false},"author":46,"featured_media":0,"comment_status":"closed","ping_status":"closed","sticky":false,"template":"","format":"standard","meta":{"footnotes":""},"categories":[13876],"tags":[],"class_list":["post-2437","post","type-post","status-publish","format-standard","hentry","category-noticias"],"jetpack_featured_media_url":"","_links":{"self":[{"href":"https:\/\/wp.ufpel.edu.br\/epitte\/wp-json\/wp\/v2\/posts\/2437","targetHints":{"allow":["GET"]}}],"collection":[{"href":"https:\/\/wp.ufpel.edu.br\/epitte\/wp-json\/wp\/v2\/posts"}],"about":[{"href":"https:\/\/wp.ufpel.edu.br\/epitte\/wp-json\/wp\/v2\/types\/post"}],"author":[{"embeddable":true,"href":"https:\/\/wp.ufpel.edu.br\/epitte\/wp-json\/wp\/v2\/users\/46"}],"replies":[{"embeddable":true,"href":"https:\/\/wp.ufpel.edu.br\/epitte\/wp-json\/wp\/v2\/comments?post=2437"}],"version-history":[{"count":1,"href":"https:\/\/wp.ufpel.edu.br\/epitte\/wp-json\/wp\/v2\/posts\/2437\/revisions"}],"predecessor-version":[{"id":2440,"href":"https:\/\/wp.ufpel.edu.br\/epitte\/wp-json\/wp\/v2\/posts\/2437\/revisions\/2440"}],"wp:attachment":[{"href":"https:\/\/wp.ufpel.edu.br\/epitte\/wp-json\/wp\/v2\/media?parent=2437"}],"wp:term":[{"taxonomy":"category","embeddable":true,"href":"https:\/\/wp.ufpel.edu.br\/epitte\/wp-json\/wp\/v2\/categories?post=2437"},{"taxonomy":"post_tag","embeddable":true,"href":"https:\/\/wp.ufpel.edu.br\/epitte\/wp-json\/wp\/v2\/tags?post=2437"}],"curies":[{"name":"wp","href":"https:\/\/api.w.org\/{rel}","templated":true}]}}