{"id":1101,"date":"2018-10-10T11:44:05","date_gmt":"2018-10-10T14:44:05","guid":{"rendered":"https:\/\/wp.ufpel.edu.br\/engmateriais\/?p=1101"},"modified":"2018-10-10T11:44:05","modified_gmt":"2018-10-10T14:44:05","slug":"eleicao-para-representantes-discentes-colegiado-do-curso","status":"publish","type":"post","link":"https:\/\/wp.ufpel.edu.br\/engmateriais\/2018\/10\/10\/eleicao-para-representantes-discentes-colegiado-do-curso\/","title":{"rendered":"ELEI\u00c7\u00c3O PARA REPRESENTANTES DISCENTES- COLEGIADO DO CURSO"},"content":{"rendered":"<p class=\"Texto_Justificado_Recuo_Primeira_Linha\">Conforme deliberado na reuni\u00e3o do Colegiado do Curso de Engenharia de Materiais, realizada no dia 09 de outubro de 2018, eu, Prof. Fernando M. Machado, Coordenador do Curso,\u00a0convoco\u00a0a abertura do processo de elei\u00e7\u00e3o para escolha de\u00a0<strong>Representantes Discentes<\/strong>(Titular e Suplente), conforme o Regimento do Curso.<\/p>\n<p class=\"Texto_Justificado_Recuo_Primeira_Linha\"><strong>Cronograma de Elei\u00e7\u00e3o:\u00a0<\/strong><\/p>\n<p class=\"Texto_Justificado_Recuo_Primeira_Linha\">&#8211; Inscri\u00e7\u00f5es dos candidatos: de 15 at\u00e9 26 de outubro de 2018, na Secretaria do Curso de Engenharia de Materiais;<\/p>\n<p class=\"Texto_Justificado_Recuo_Primeira_Linha\">&#8211; Vota\u00e7\u00e3o: 30 e 31 de outubro\u00a0de 2018, das 8 h \u00e0s 14 h, na Secretaria do Curso de Engenharia de Materiais;<\/p>\n<p class=\"Texto_Justificado_Recuo_Primeira_Linha\">&#8211; Divulga\u00e7\u00e3o do\u00a0resultado:\u00a0 01 de novembro de 2018.<\/p>\n<p class=\"Texto_Justificado_Recuo_Primeira_Linha\">\n<p class=\"Tabela_Texto_Centralizado\">\u00a0 \u00a0 \u00a0 \u00a0 \u00a0 \u00a0 \u00a0 \u00a0 \u00a0 Fernando Machado Machado<\/p>\n<p class=\"Tabela_Texto_Centralizado\">Coordenador do Curso de Engenharia de Materiais<\/p>\n","protected":false},"excerpt":{"rendered":"<p>Conforme deliberado na reuni\u00e3o do Colegiado do Curso de Engenharia de Materiais, realizada no dia 09 de outubro de 2018, eu, Prof. Fernando M. Machado, Coordenador do Curso,\u00a0convoco\u00a0a abertura do processo de elei\u00e7\u00e3o para escolha de\u00a0Representantes Discentes(Titular e Suplente), conforme o Regimento do Curso. Cronograma de Elei\u00e7\u00e3o:\u00a0 &#8211; Inscri\u00e7\u00f5es dos candidatos: de 15 at\u00e9 26 [&hellip;]<\/p>\n","protected":false},"author":479,"featured_media":0,"comment_status":"closed","ping_status":"closed","sticky":false,"template":"","format":"standard","meta":{"footnotes":""},"categories":[18],"tags":[],"class_list":["post-1101","post","type-post","status-publish","format-standard","hentry","category-sem-categoria"],"jetpack_featured_media_url":"","_links":{"self":[{"href":"https:\/\/wp.ufpel.edu.br\/engmateriais\/wp-json\/wp\/v2\/posts\/1101","targetHints":{"allow":["GET"]}}],"collection":[{"href":"https:\/\/wp.ufpel.edu.br\/engmateriais\/wp-json\/wp\/v2\/posts"}],"about":[{"href":"https:\/\/wp.ufpel.edu.br\/engmateriais\/wp-json\/wp\/v2\/types\/post"}],"author":[{"embeddable":true,"href":"https:\/\/wp.ufpel.edu.br\/engmateriais\/wp-json\/wp\/v2\/users\/479"}],"replies":[{"embeddable":true,"href":"https:\/\/wp.ufpel.edu.br\/engmateriais\/wp-json\/wp\/v2\/comments?post=1101"}],"version-history":[{"count":1,"href":"https:\/\/wp.ufpel.edu.br\/engmateriais\/wp-json\/wp\/v2\/posts\/1101\/revisions"}],"predecessor-version":[{"id":1102,"href":"https:\/\/wp.ufpel.edu.br\/engmateriais\/wp-json\/wp\/v2\/posts\/1101\/revisions\/1102"}],"wp:attachment":[{"href":"https:\/\/wp.ufpel.edu.br\/engmateriais\/wp-json\/wp\/v2\/media?parent=1101"}],"wp:term":[{"taxonomy":"category","embeddable":true,"href":"https:\/\/wp.ufpel.edu.br\/engmateriais\/wp-json\/wp\/v2\/categories?post=1101"},{"taxonomy":"post_tag","embeddable":true,"href":"https:\/\/wp.ufpel.edu.br\/engmateriais\/wp-json\/wp\/v2\/tags?post=1101"}],"curies":[{"name":"wp","href":"https:\/\/api.w.org\/{rel}","templated":true}]}}