{"id":4504,"date":"2025-06-03T08:18:43","date_gmt":"2025-06-03T11:18:43","guid":{"rendered":"https:\/\/wp.ufpel.edu.br\/engciv\/?p=4504"},"modified":"2025-06-03T08:18:43","modified_gmt":"2025-06-03T11:18:43","slug":"v-seminario-brasileiro-de-pontes-e-estruturas-v-sbpe","status":"publish","type":"post","link":"https:\/\/wp.ufpel.edu.br\/engciv\/v-seminario-brasileiro-de-pontes-e-estruturas-v-sbpe\/","title":{"rendered":"V SEMIN\u00c1RIO BRASILEIRO DE PONTES E ESTRUTURAS (V SBPE)"},"content":{"rendered":"<div><span style=\"font-family: arial, sans-serif;\"><span style=\"color: #000000;\"><b>V SEMIN\u00c1RIO BRASILEIRO DE PONTES E ESTRUTURAS (V SBPE)<\/b>,\u00a0dia 12 de setembro de 2025, pr\u00e9dio 32 da PUCRS, em Porto Alegre.<\/span><\/span><\/div>\n<div><span style=\"font-family: arial, sans-serif;\"><span style=\"color: #000000;\">\u00a0<\/span><\/span><\/div>\n<div>O evento reunir\u00e1 especialistas renomados da \u00e1rea, entre eles:<\/div>\n<div>\n<ul>\n<li>\u00cdria Doniak (presidente da\u00a0<i>F\u00e9d\u00e9ration Internationale du B\u00e9ton<\/i>);<\/li>\n<li>Stephane Domeneghini (<i>executive director of Talls Solutions<\/i>);<\/li>\n<li>Guilherme Aris Parsekian (UFSCar);<\/li>\n<li>Luiz Carlos Pinto da Silva Filho (Secret\u00e1rio de Inova\u00e7\u00e3o da Prefeitura Municipal de Porto Alegre);<\/li>\n<li>S\u00e9rgio Hampshire (Presidente da ABPE);<\/li>\n<li>Carlos Henrique Siqueira (Consultor Ecovias Ponte);<\/li>\n<\/ul>\n<\/div>\n<div>O evento ser\u00e1 gratuito e exclusivo para s\u00f3cios da ABPE e ABECE.\u00a0Caso n\u00e3o seja associado,\u00a0<a href=\"http:\/\/www.abpe.org.br\/\" target=\"_blank\" rel=\"noopener noreferrer\" data-saferedirecturl=\"https:\/\/www.google.com\/url?q=http:\/\/www.abpe.org.br\/&amp;source=gmail&amp;ust=1749035653563000&amp;usg=AOvVaw3ZYct8xhkmZ3rp0WNMqqmI\">acesse o site da ABPE aqui!<\/a><\/div>\n<div>\n<div>As inscri\u00e7\u00f5es j\u00e1 est\u00e3o abertas\u00a0e podem ser realizadas\u00a0<a href=\"https:\/\/sites.google.com\/view\/vsbpe\/p%C3%A1gina-inicial?authuser=1\" target=\"_blank\" rel=\"noopener noreferrer\" data-saferedirecturl=\"https:\/\/www.google.com\/url?q=https:\/\/sites.google.com\/view\/vsbpe\/p%25C3%25A1gina-inicial?authuser%3D1&amp;source=gmail&amp;ust=1749035653563000&amp;usg=AOvVaw3VAote-IiVWiPwTnohXwY1\">atrav\u00e9s deste link.<\/a><\/div>\n<div><span style=\"color: #000000; font-family: arial, sans-serif;\">\u00a0<\/span><\/div>\n<div><span style=\"color: #000000; font-family: arial, sans-serif;\">Haver\u00e1 a\u00a0<\/span>apresenta\u00e7\u00e3o e publica\u00e7\u00e3o de trabalhos t\u00e9cnico-cient\u00edficos\u00a0previament<wbr \/>e submetidos e avaliados pela comiss\u00e3o cient\u00edfica.<\/div>\n<div>Os melhores trabalhos ser\u00e3o premiados com o\u00a0<b>Pr\u00eamio Joaquim Blessmann<\/b>, que reconhece pesquisas de excel\u00eancia com car\u00e1ter inovador.<\/div>\n<div><a href=\"https:\/\/sites.google.com\/view\/vsbpe\/trabalhos?authuser=1\" target=\"_blank\" rel=\"noopener noreferrer\" data-saferedirecturl=\"https:\/\/www.google.com\/url?q=https:\/\/sites.google.com\/view\/vsbpe\/trabalhos?authuser%3D1&amp;source=gmail&amp;ust=1749035653563000&amp;usg=AOvVaw2rf-gZpZlYmmD652YkUyJv\">Link para acessar o template do artigo.<\/a><\/div>\n<p dir=\"ltr\"><b><span style=\"color: #0b5394;\">Informa\u00e7\u00f5es importantes:<\/span><\/b><\/p>\n<\/div>\n<div>\n<div dir=\"ltr\">\n<p dir=\"ltr\">\n<ul>\n<li><span style=\"color: #0b5394;\">Envio dos trabalhos completos:\u00a0<b>at\u00e9\u00a0<\/b><b>28\u00a0de\u00a0julho\u00a0de 2025<\/b><\/span><\/li>\n<li><span style=\"color: #0b5394;\">Aprova\u00e7\u00e3o final dos trabalhos:\u00a0<b>at\u00e9\u00a0<\/b><b>21\u00a0de\u00a0agosto\u00a0de 2025<\/b><\/span><\/li>\n<li><span style=\"color: #0b5394;\">Para submiss\u00e3o de trabalhos, pelo menos um dos autores deve estar inscrito no evento.<\/span><\/li>\n<\/ul>\n<\/div>\n<\/div>\n","protected":false},"excerpt":{"rendered":"<p>V SEMIN\u00c1RIO BRASILEIRO DE PONTES E ESTRUTURAS (V SBPE),\u00a0dia 12 de setembro de 2025, pr\u00e9dio 32 da PUCRS, em Porto Alegre. \u00a0 O evento reunir\u00e1 especialistas renomados da \u00e1rea, entre eles: \u00cdria Doniak (presidente da\u00a0F\u00e9d\u00e9ration Internationale du B\u00e9ton); Stephane Domeneghini (executive director of Talls Solutions); Guilherme Aris Parsekian (UFSCar); Luiz Carlos Pinto da Silva Filho [&hellip;]<\/p>\n","protected":false},"author":455,"featured_media":0,"comment_status":"closed","ping_status":"closed","sticky":false,"template":"","format":"standard","meta":{"jetpack_post_was_ever_published":false,"_jetpack_newsletter_access":"","_jetpack_dont_email_post_to_subs":false,"_jetpack_newsletter_tier_id":0,"_jetpack_memberships_contains_paywalled_content":false,"_jetpack_memberships_contains_paid_content":false,"footnotes":"","jetpack_publicize_message":"","jetpack_publicize_feature_enabled":true,"jetpack_social_post_already_shared":true,"jetpack_social_options":{"image_generator_settings":{"template":"highway","default_image_id":0,"font":"","enabled":false},"version":2}},"categories":[18],"tags":[],"class_list":["post-4504","post","type-post","status-publish","format-standard","hentry","category-sem-categoria"],"jetpack_publicize_connections":[],"jetpack_featured_media_url":"","jetpack_sharing_enabled":true,"_links":{"self":[{"href":"https:\/\/wp.ufpel.edu.br\/engciv\/wp-json\/wp\/v2\/posts\/4504","targetHints":{"allow":["GET"]}}],"collection":[{"href":"https:\/\/wp.ufpel.edu.br\/engciv\/wp-json\/wp\/v2\/posts"}],"about":[{"href":"https:\/\/wp.ufpel.edu.br\/engciv\/wp-json\/wp\/v2\/types\/post"}],"author":[{"embeddable":true,"href":"https:\/\/wp.ufpel.edu.br\/engciv\/wp-json\/wp\/v2\/users\/455"}],"replies":[{"embeddable":true,"href":"https:\/\/wp.ufpel.edu.br\/engciv\/wp-json\/wp\/v2\/comments?post=4504"}],"version-history":[{"count":1,"href":"https:\/\/wp.ufpel.edu.br\/engciv\/wp-json\/wp\/v2\/posts\/4504\/revisions"}],"predecessor-version":[{"id":4506,"href":"https:\/\/wp.ufpel.edu.br\/engciv\/wp-json\/wp\/v2\/posts\/4504\/revisions\/4506"}],"wp:attachment":[{"href":"https:\/\/wp.ufpel.edu.br\/engciv\/wp-json\/wp\/v2\/media?parent=4504"}],"wp:term":[{"taxonomy":"category","embeddable":true,"href":"https:\/\/wp.ufpel.edu.br\/engciv\/wp-json\/wp\/v2\/categories?post=4504"},{"taxonomy":"post_tag","embeddable":true,"href":"https:\/\/wp.ufpel.edu.br\/engciv\/wp-json\/wp\/v2\/tags?post=4504"}],"curies":[{"name":"wp","href":"https:\/\/api.w.org\/{rel}","templated":true}]}}