{"id":4289,"date":"2023-04-25T09:01:04","date_gmt":"2023-04-25T12:01:04","guid":{"rendered":"https:\/\/wp.ufpel.edu.br\/engciv\/?p=4289"},"modified":"2023-04-25T09:01:04","modified_gmt":"2023-04-25T12:01:04","slug":"informacoes-referentes-ao-computo-de-carga-horaria-livre-e-atividades-complementares-do-semestre-2022-02","status":"publish","type":"post","link":"https:\/\/wp.ufpel.edu.br\/engciv\/informacoes-referentes-ao-computo-de-carga-horaria-livre-e-atividades-complementares-do-semestre-2022-02\/","title":{"rendered":"Informa\u00e7\u00f5es referentes ao c\u00f4mputo de carga hor\u00e1ria livre e atividades complementares do semestre 2022-02"},"content":{"rendered":"<p>A comiss\u00e3o foi modificada neste semestre, ent\u00e3o os novos membros est\u00e3o se ambientando com essa nova atividade. Todas as informa\u00e7\u00f5es podem ser acessadas pelo seguinte link:<br \/>\n<a href=\"https:\/\/drive.google.com\/drive\/folders\/1XTyCEcofG2WykXdDYPi1oPKEb0uaFNyj?usp=sharing\">https:\/\/drive.google.com\/drive\/folders\/1XTyCEcofG2WykXdDYPi1oPKEb0uaFNyj?usp=sharing<\/a><\/p>\n<p>D\u00favidas podem ser sanadas pelo e-mail rafael.delucis@ufpel.edu.br ou Sala 112 da Cotada.<\/p>\n","protected":false},"excerpt":{"rendered":"<p>A comiss\u00e3o foi modificada neste semestre, ent\u00e3o os novos membros est\u00e3o se ambientando com essa nova atividade. Todas as informa\u00e7\u00f5es podem ser acessadas pelo seguinte link: https:\/\/drive.google.com\/drive\/folders\/1XTyCEcofG2WykXdDYPi1oPKEb0uaFNyj?usp=sharing D\u00favidas podem ser sanadas pelo e-mail rafael.delucis@ufpel.edu.br ou Sala 112 da Cotada.<\/p>\n","protected":false},"author":455,"featured_media":0,"comment_status":"closed","ping_status":"closed","sticky":false,"template":"","format":"standard","meta":{"jetpack_post_was_ever_published":false,"_jetpack_newsletter_access":"","_jetpack_dont_email_post_to_subs":false,"_jetpack_newsletter_tier_id":0,"_jetpack_memberships_contains_paywalled_content":false,"_jetpack_memberships_contains_paid_content":false,"footnotes":"","jetpack_publicize_message":"","jetpack_publicize_feature_enabled":true,"jetpack_social_post_already_shared":true,"jetpack_social_options":{"image_generator_settings":{"template":"highway","default_image_id":0,"font":"","enabled":false},"version":2}},"categories":[18],"tags":[],"class_list":["post-4289","post","type-post","status-publish","format-standard","hentry","category-sem-categoria"],"jetpack_publicize_connections":[],"jetpack_featured_media_url":"","jetpack_sharing_enabled":true,"_links":{"self":[{"href":"https:\/\/wp.ufpel.edu.br\/engciv\/wp-json\/wp\/v2\/posts\/4289","targetHints":{"allow":["GET"]}}],"collection":[{"href":"https:\/\/wp.ufpel.edu.br\/engciv\/wp-json\/wp\/v2\/posts"}],"about":[{"href":"https:\/\/wp.ufpel.edu.br\/engciv\/wp-json\/wp\/v2\/types\/post"}],"author":[{"embeddable":true,"href":"https:\/\/wp.ufpel.edu.br\/engciv\/wp-json\/wp\/v2\/users\/455"}],"replies":[{"embeddable":true,"href":"https:\/\/wp.ufpel.edu.br\/engciv\/wp-json\/wp\/v2\/comments?post=4289"}],"version-history":[{"count":1,"href":"https:\/\/wp.ufpel.edu.br\/engciv\/wp-json\/wp\/v2\/posts\/4289\/revisions"}],"predecessor-version":[{"id":4291,"href":"https:\/\/wp.ufpel.edu.br\/engciv\/wp-json\/wp\/v2\/posts\/4289\/revisions\/4291"}],"wp:attachment":[{"href":"https:\/\/wp.ufpel.edu.br\/engciv\/wp-json\/wp\/v2\/media?parent=4289"}],"wp:term":[{"taxonomy":"category","embeddable":true,"href":"https:\/\/wp.ufpel.edu.br\/engciv\/wp-json\/wp\/v2\/categories?post=4289"},{"taxonomy":"post_tag","embeddable":true,"href":"https:\/\/wp.ufpel.edu.br\/engciv\/wp-json\/wp\/v2\/tags?post=4289"}],"curies":[{"name":"wp","href":"https:\/\/api.w.org\/{rel}","templated":true}]}}