{"id":9177,"date":"2017-02-19T22:27:25","date_gmt":"2017-02-20T01:27:25","guid":{"rendered":"https:\/\/wp.ufpel.edu.br\/empauta\/?p=9177"},"modified":"2017-02-19T22:27:25","modified_gmt":"2017-02-20T01:27:25","slug":"saque-das-contas-inativas-do-fgts-ja-tem-calendario-definido","status":"publish","type":"post","link":"https:\/\/wp.ufpel.edu.br\/empauta\/saque-das-contas-inativas-do-fgts-ja-tem-calendario-definido\/","title":{"rendered":"Saque das contas inativas do FGTS j\u00e1 tem calend\u00e1rio definido"},"content":{"rendered":"<p><em>Por: <a href=\"http:\/\/Lu\u00eds Artur Janes Silva\">Lu\u00eds Artur Janes Silva<\/a><\/em><\/p>\n<p>No final do ano passado, a equipe econ\u00f4mica do governo Temer prop\u00f4s o acesso de parte dos trabalhadores brasileiros ao saque do dinheiro das contas inativas do Fundo de Garantia por Tempo de Servi\u00e7o (FGTS). Este Fundo \u00e9 uma poupan\u00e7a que o empregador deve abrir em nome do funcion\u00e1rio regido pela Consolida\u00e7\u00e3o das Leis Trabalhistas e que pode ser utilizada pelo empregado, caso este seja demitido sem justa causa. A ideia da equipe t\u00e9cnica do Minist\u00e9rio da Fazenda era injetar recursos financeiros no mercado e permitir o reaquecimento da economia nacional.<\/p>\n<p>Regulamentado pela Medida Provis\u00f3ria 763\/16, o acesso aos valores das contas inativas do FGTS ser\u00e1 facultado aos trabalhadores que pediram para sair de seus empregos, ou foram demitidos por justa causa at\u00e9 31 de dezembro de 2015. S\u00e3o aproximadamente 19 milh\u00f5es de contas que poder\u00e3o ter seus valores sacados conforme calend\u00e1rio anunciado pela Caixa Econ\u00f4mica Federal (CEF), no \u00faltimo dia 14 de fevereiro.<\/p>\n<p>Este calend\u00e1rio prev\u00ea que os trabalhadores nascidos nos meses de janeiro e fevereiro poder\u00e3o sacar seus proventos a partir de 10 de mar\u00e7o. J\u00e1 as pessoas nascidas nos meses de mar\u00e7o, abril e maio poder\u00e3o retirar o seu dinheiro a partir de 10 de abril. Quem nasceu nos meses de junho, julho e agosto poder\u00e3o resgatar os valores a partir de 12 de maio.<\/p>\n<p>Enquanto isso, os aniversariantes nos meses de setembro, outubro e novembro podem acessar o dinheiro ao qual tem direito a partir de 16 de junho. Os \u00faltimos a receberem os valores das contas inativas ser\u00e3o os trabalhadores nascidos em dezembro, que dever\u00e3o acessar os terminais da CEF a partir de 14 de julho.<\/p>\n<p>\u00c9 importante salientar que os trabalhadores que tiverem direito a retirar o dinheiro das contas inativas do FGTS poder\u00e3o faz\u00ea-lo at\u00e9 o dia 31 de julho deste ano. Depois disto perdem o direito de usufruir desta quantia.<\/p>\n<p>Segundo o Minist\u00e9rio do Trabalho, podem ser injetados at\u00e9 R$ 30 bilh\u00f5es de forma direta na economia brasileira com estas retiradas que ser\u00e3o efetuadas pelos trabalhadores. Lembrando que o valor estimado total das contas inativas est\u00e1 previsto em aproximadamente R$ 43 bilh\u00f5es.<\/p>\n<p>&nbsp;<\/p>\n","protected":false},"excerpt":{"rendered":"<p>Por: Lu\u00eds Artur Janes Silva No final do ano passado, a equipe econ\u00f4mica do governo Temer prop\u00f4s o acesso de parte dos trabalhadores brasileiros ao saque do dinheiro das contas inativas do Fundo de&#46;&#46;&#46;<\/p>\n","protected":false},"author":587,"featured_media":9178,"comment_status":"closed","ping_status":"closed","sticky":false,"template":"","format":"standard","meta":{"jetpack_post_was_ever_published":false,"_jetpack_newsletter_access":"","_jetpack_dont_email_post_to_subs":false,"_jetpack_newsletter_tier_id":0,"_jetpack_memberships_contains_paywalled_content":false,"_jetpack_memberships_contains_paid_content":false,"footnotes":"","jetpack_publicize_message":"","jetpack_publicize_feature_enabled":true,"jetpack_social_post_already_shared":true,"jetpack_social_options":{"image_generator_settings":{"template":"highway","default_image_id":0,"font":"","enabled":false},"version":2}},"categories":[202],"tags":[244],"class_list":["post-9177","post","type-post","status-publish","format-standard","has-post-thumbnail","hentry","category-economiaepolitica","tag-luis-artur-janes-silva"],"jetpack_publicize_connections":[],"jetpack_featured_media_url":"https:\/\/wp.ufpel.edu.br\/empauta\/files\/2017\/02\/Sem-t\u00edtulo-6.png","jetpack_sharing_enabled":true,"jetpack_shortlink":"https:\/\/wp.me\/p6Xvzq-2o1","jetpack-related-posts":[{"id":9229,"url":"https:\/\/wp.ufpel.edu.br\/empauta\/saques-do-fgts-comecaram-na-sexta-feira-10\/","url_meta":{"origin":9177,"position":0},"title":"Saques do FGTS come\u00e7aram na sexta \u2013 feira (10)","author":"Em Pauta","date":"12\/03\/2017","format":false,"excerpt":"Por: Jo\u00e3o Pedro Rodrigues Alves Os 4,8 milh\u00f5es de trabalhadores que fazem anivers\u00e1rio nos meses de janeiro e fevereiro e possuem contas inativas do Fundo de Garantia por Tempo de Servi\u00e7o (FGTS) e est\u00e3o dentro das normas definidas pelo Governo Federal podem sacar os valores que est\u00e3o nas contas, desde\u2026","rel":"","context":"Em &quot;Economia e Pol\u00edtica&quot;","block_context":{"text":"Economia e Pol\u00edtica","link":"https:\/\/wp.ufpel.edu.br\/empauta\/category\/todos\/economiaepolitica\/"},"img":{"alt_text":"","src":"","width":0,"height":0},"classes":[]},{"id":8973,"url":"https:\/\/wp.ufpel.edu.br\/empauta\/acesso-do-juventude-confirma-boa-fase-do-futebol-do-interior-gaucho\/","url_meta":{"origin":9177,"position":1},"title":"Acesso do Juventude confirma boa fase do futebol do interior ga\u00facho","author":"Em Pauta","date":"21\/10\/2016","format":false,"excerpt":"Por: Lu\u00eds Artur Janes Silva No domingo, dia 9 de outubro, o Juventude empatou a segunda partida das quartas de final do Campeonato Brasileiro da S\u00e9rie C, contra o Fortaleza. O resultado da partida, 1 a 1, garantiu ao clube da Serra Ga\u00facha o acesso \u00e0 segunda divis\u00e3o nacional, no\u2026","rel":"","context":"Em &quot;Esportes&quot;","block_context":{"text":"Esportes","link":"https:\/\/wp.ufpel.edu.br\/empauta\/category\/todos\/esportes\/"},"img":{"alt_text":"","src":"https:\/\/i0.wp.com\/wp.ufpel.edu.br\/empauta\/files\/2016\/10\/Sem-t%C3%ADtulo-37.png?resize=350%2C200&ssl=1","width":350,"height":200},"classes":[]},{"id":19898,"url":"https:\/\/wp.ufpel.edu.br\/empauta\/19898-2\/","url_meta":{"origin":9177,"position":2},"title":"Atendimento de emerg\u00eancia para v\u00edtimas das enchentes no RS","author":"Em Pauta","date":"21\/05\/2024","format":false,"excerpt":"Conhe\u00e7a os programas governamentais de aux\u00edlio \u00e0s fam\u00edlias atingidas pelas enchentes no Rio Grande do Sul (RS) Programa Volta por Cima, saque calamidade FGTS, pix SOS Rio Grande do Sul e aux\u00edlio reconstru\u00e7\u00e3o foram divulgados Por Gabrielle Peres \/ Em Pauta O estado do Rio Grande do Sul atravessa desde\u2026","rel":"","context":"Em &quot;cat\u00e1strofe ambiental&quot;","block_context":{"text":"cat\u00e1strofe ambiental","link":"https:\/\/wp.ufpel.edu.br\/empauta\/category\/catastrofe-ambiental\/"},"img":{"alt_text":"","src":"https:\/\/i0.wp.com\/wp.ufpel.edu.br\/empauta\/files\/2024\/05\/IMG_0650-scaled.jpg?resize=350%2C200&ssl=1","width":350,"height":200,"srcset":"https:\/\/i0.wp.com\/wp.ufpel.edu.br\/empauta\/files\/2024\/05\/IMG_0650-scaled.jpg?resize=350%2C200&ssl=1 1x, https:\/\/i0.wp.com\/wp.ufpel.edu.br\/empauta\/files\/2024\/05\/IMG_0650-scaled.jpg?resize=525%2C300&ssl=1 1.5x, https:\/\/i0.wp.com\/wp.ufpel.edu.br\/empauta\/files\/2024\/05\/IMG_0650-scaled.jpg?resize=700%2C400&ssl=1 2x, https:\/\/i0.wp.com\/wp.ufpel.edu.br\/empauta\/files\/2024\/05\/IMG_0650-scaled.jpg?resize=1050%2C600&ssl=1 3x, https:\/\/i0.wp.com\/wp.ufpel.edu.br\/empauta\/files\/2024\/05\/IMG_0650-scaled.jpg?resize=1400%2C800&ssl=1 4x"},"classes":[]},{"id":12112,"url":"https:\/\/wp.ufpel.edu.br\/empauta\/farroupilha-perde-outra-na-divisao-de-acesso-e-esta-cada-vez-mais-perto-do-descenso\/","url_meta":{"origin":9177,"position":3},"title":"Farroupilha perde outra na Divis\u00e3o de Acesso e est\u00e1 cada vez mais perto do descenso","author":"Em Pauta","date":"20\/03\/2019","format":false,"excerpt":"Por Lu\u00eds Artur Janes Silva Neste s\u00e1bado (16), o Farroupilha voltou a campo para disputar a partida de abertura do returno da fase inicial do Campeonato Ga\u00facho da Divis\u00e3o de Acesso. O advers\u00e1rio do Farrapo foi o Gr\u00eamio Esportivo Bag\u00e9, que j\u00e1 havia derrotado o time pelotense no meio de\u2026","rel":"","context":"Em &quot;Esportes&quot;","block_context":{"text":"Esportes","link":"https:\/\/wp.ufpel.edu.br\/empauta\/category\/todos\/esportes\/"},"img":{"alt_text":"","src":"https:\/\/i0.wp.com\/wp.ufpel.edu.br\/empauta\/files\/2019\/03\/20190316_180017.jpg?resize=350%2C200&ssl=1","width":350,"height":200,"srcset":"https:\/\/i0.wp.com\/wp.ufpel.edu.br\/empauta\/files\/2019\/03\/20190316_180017.jpg?resize=350%2C200&ssl=1 1x, https:\/\/i0.wp.com\/wp.ufpel.edu.br\/empauta\/files\/2019\/03\/20190316_180017.jpg?resize=525%2C300&ssl=1 1.5x, https:\/\/i0.wp.com\/wp.ufpel.edu.br\/empauta\/files\/2019\/03\/20190316_180017.jpg?resize=700%2C400&ssl=1 2x, https:\/\/i0.wp.com\/wp.ufpel.edu.br\/empauta\/files\/2019\/03\/20190316_180017.jpg?resize=1050%2C600&ssl=1 3x, https:\/\/i0.wp.com\/wp.ufpel.edu.br\/empauta\/files\/2019\/03\/20190316_180017.jpg?resize=1400%2C800&ssl=1 4x"},"classes":[]},{"id":9272,"url":"https:\/\/wp.ufpel.edu.br\/empauta\/reforma-da-previdencia-mobiliza-o-executivo-o-legislativo-e-amplos-setores-da-sociedade\/","url_meta":{"origin":9177,"position":4},"title":"Reforma da Previd\u00eancia mobiliza o Executivo, o Legislativo e amplos setores da sociedade","author":"Em Pauta","date":"21\/03\/2017","format":false,"excerpt":"Por: Lu\u00eds Artur Janes Silva No final de 2016, o governo Temer lan\u00e7ou a Proposta de Emenda \u00e0 Constitui\u00e7\u00e3o (PEC) 287\/2016. Este conjunto de medidas seria implantado visando diminuir o rombo da Previd\u00eancia Social, organismo que garante o provento de boa parte das aposentadorias, pens\u00f5es e licen\u00e7as - sa\u00fade dos\u2026","rel":"","context":"Em &quot;Economia e Pol\u00edtica&quot;","block_context":{"text":"Economia e Pol\u00edtica","link":"https:\/\/wp.ufpel.edu.br\/empauta\/category\/todos\/economiaepolitica\/"},"img":{"alt_text":"Reforma da Previd\u00eancia atingir\u00e1 milh\u00f5es de trabalhadores. Foto: Camilla Maia \/ Ag\u00eancia O Globo \/ Reprodu\u00e7\u00e3o.","src":"https:\/\/i0.wp.com\/wp.ufpel.edu.br\/empauta\/files\/2017\/03\/Sem-t%C3%ADtulo-13.png?resize=350%2C200&ssl=1","width":350,"height":200,"srcset":"https:\/\/i0.wp.com\/wp.ufpel.edu.br\/empauta\/files\/2017\/03\/Sem-t%C3%ADtulo-13.png?resize=350%2C200&ssl=1 1x, https:\/\/i0.wp.com\/wp.ufpel.edu.br\/empauta\/files\/2017\/03\/Sem-t%C3%ADtulo-13.png?resize=525%2C300&ssl=1 1.5x"},"classes":[]},{"id":9242,"url":"https:\/\/wp.ufpel.edu.br\/empauta\/farroupilha-prepara-se-para-a-terceirona\/","url_meta":{"origin":9177,"position":5},"title":"Farroupilha prepara-se para a Terceirona","author":"Em Pauta","date":"13\/03\/2017","format":false,"excerpt":"Por: Lu\u00eds Artur Janes Silva No in\u00edcio do abril, o Gr\u00eamio Atl\u00e9tico Farroupilha come\u00e7a a disputa do Campeonato Ga\u00facho da Segunda Divis\u00e3o, conhecida popularmente como Terceirona. A equipe do Fragata tentar\u00e1 voltar \u00e0 Divis\u00e3o de Acesso e garantir a manuten\u00e7\u00e3o do futebol profissional no segundo time de todos os pelotenses.\u2026","rel":"","context":"Em &quot;Esportes&quot;","block_context":{"text":"Esportes","link":"https:\/\/wp.ufpel.edu.br\/empauta\/category\/todos\/esportes\/"},"img":{"alt_text":"Fuca tentar\u00e1 levar o Farroupilha \u00e0 Divis\u00e3o de Acesso 2018. Fonte: Gustavo Louzada\/Rede Esportiva.","src":"https:\/\/i0.wp.com\/wp.ufpel.edu.br\/empauta\/files\/2017\/03\/Sem-t%C3%ADtulo-9.png?resize=350%2C200&ssl=1","width":350,"height":200,"srcset":"https:\/\/i0.wp.com\/wp.ufpel.edu.br\/empauta\/files\/2017\/03\/Sem-t%C3%ADtulo-9.png?resize=350%2C200&ssl=1 1x, https:\/\/i0.wp.com\/wp.ufpel.edu.br\/empauta\/files\/2017\/03\/Sem-t%C3%ADtulo-9.png?resize=525%2C300&ssl=1 1.5x"},"classes":[]}],"_links":{"self":[{"href":"https:\/\/wp.ufpel.edu.br\/empauta\/wp-json\/wp\/v2\/posts\/9177","targetHints":{"allow":["GET"]}}],"collection":[{"href":"https:\/\/wp.ufpel.edu.br\/empauta\/wp-json\/wp\/v2\/posts"}],"about":[{"href":"https:\/\/wp.ufpel.edu.br\/empauta\/wp-json\/wp\/v2\/types\/post"}],"author":[{"embeddable":true,"href":"https:\/\/wp.ufpel.edu.br\/empauta\/wp-json\/wp\/v2\/users\/587"}],"replies":[{"embeddable":true,"href":"https:\/\/wp.ufpel.edu.br\/empauta\/wp-json\/wp\/v2\/comments?post=9177"}],"version-history":[{"count":1,"href":"https:\/\/wp.ufpel.edu.br\/empauta\/wp-json\/wp\/v2\/posts\/9177\/revisions"}],"predecessor-version":[{"id":9179,"href":"https:\/\/wp.ufpel.edu.br\/empauta\/wp-json\/wp\/v2\/posts\/9177\/revisions\/9179"}],"wp:featuredmedia":[{"embeddable":true,"href":"https:\/\/wp.ufpel.edu.br\/empauta\/wp-json\/wp\/v2\/media\/9178"}],"wp:attachment":[{"href":"https:\/\/wp.ufpel.edu.br\/empauta\/wp-json\/wp\/v2\/media?parent=9177"}],"wp:term":[{"taxonomy":"category","embeddable":true,"href":"https:\/\/wp.ufpel.edu.br\/empauta\/wp-json\/wp\/v2\/categories?post=9177"},{"taxonomy":"post_tag","embeddable":true,"href":"https:\/\/wp.ufpel.edu.br\/empauta\/wp-json\/wp\/v2\/tags?post=9177"}],"curies":[{"name":"wp","href":"https:\/\/api.w.org\/{rel}","templated":true}]}}