{"id":7774,"date":"2016-04-15T14:09:41","date_gmt":"2016-04-15T17:09:41","guid":{"rendered":"https:\/\/wp.ufpel.edu.br\/empauta\/?p=7774"},"modified":"2016-04-11T23:19:50","modified_gmt":"2016-04-12T02:19:50","slug":"ufpel-lanca-aplicativo-para-a-plataforma-cobalto","status":"publish","type":"post","link":"https:\/\/wp.ufpel.edu.br\/empauta\/ufpel-lanca-aplicativo-para-a-plataforma-cobalto\/","title":{"rendered":"UFPel lan\u00e7a aplicativo para a plataforma Cobalto"},"content":{"rendered":"<p class=\"western\" style=\"text-align: right\"><span style=\"font-family: Times New Roman,serif\"><span style=\"font-size: medium\">Por: <a href=\"http:\/\/Vanessa Kleber\">Vanessa Kleber<\/a> e <a href=\"http:\/\/Heitor Araujo\">Heitor Araujo<\/a> <\/span><\/span><\/p>\n<p class=\"western\" style=\"text-align: justify\"><span style=\"font-family: Times New Roman,serif\"><span style=\"font-size: medium\"><a href=\"https:\/\/wp.ufpel.edu.br\/empauta\/files\/2016\/04\/Vanessa.jpg\" rel=\"attachment wp-att-7775\"><img loading=\"lazy\" decoding=\"async\" class=\"aligncenter size-medium wp-image-7775\" src=\"https:\/\/wp.ufpel.edu.br\/empauta\/files\/2016\/04\/Vanessa-424x251.jpg\" alt=\"Vanessa\" width=\"424\" height=\"251\" srcset=\"https:\/\/wp.ufpel.edu.br\/empauta\/files\/2016\/04\/Vanessa-424x251.jpg 424w, https:\/\/wp.ufpel.edu.br\/empauta\/files\/2016\/04\/Vanessa-212x126.jpg 212w, https:\/\/wp.ufpel.edu.br\/empauta\/files\/2016\/04\/Vanessa-768x455.jpg 768w, https:\/\/wp.ufpel.edu.br\/empauta\/files\/2016\/04\/Vanessa-945x560.jpg 945w, https:\/\/wp.ufpel.edu.br\/empauta\/files\/2016\/04\/Vanessa-600x355.jpg 600w, https:\/\/wp.ufpel.edu.br\/empauta\/files\/2016\/04\/Vanessa.jpg 1993w\" sizes=\"auto, (max-width: 424px) 100vw, 424px\" \/><\/a>\u00a0 <\/span><\/span><\/p>\n<p class=\"western\" style=\"text-align: justify\"><span style=\"font-family: Times New Roman,serif\"><span style=\"font-size: medium\">Agora, os alunos da Universidade Federal de Pelotas tamb\u00e9m podem acessar o cobalto atrav\u00e9s de aparelhos m\u00f3veis. A iniciativa busca ampliar os meios de acesso dos alunos \u00e0s informa\u00e7\u00f5es da institui\u00e7\u00e3o.<\/span><\/span><\/p>\n<p class=\"western\" style=\"text-align: justify\"><span style=\"font-family: Times New Roman,serif\"><span style=\"font-size: medium\">\u00a0\u00a0 O cobalto permite ao aluno acessar informa\u00e7\u00f5es pertinentes \u00e0 sua vida acad\u00eamica. Ao criar um cadastro na plataforma, o aluno consegue ver as cadeiras que ir\u00e1 frequentar, hor\u00e1rios de aula, d\u00e9bitos com a universidade, hist\u00f3rico escolar, a libera\u00e7\u00e3o de editais, entre outros. Antes, esse tipo acesso podia ser realizado apenas atrav\u00e9s dos navegadores de internet.<\/span><\/span><\/p>\n<p class=\"western\" style=\"text-align: justify\"><a name=\"_GoBack\"><\/a>\u00a0\u00a0 <span style=\"font-family: Times New Roman,serif\"><span style=\"font-size: medium\">Usu\u00e1rios n\u00e3o cadastrados tamb\u00e9m podem utilizar o app para obter informa\u00e7\u00f5es sobre a universidade. No acesso livre \u00e9 poss\u00edvel visualizar conte\u00fados como o card\u00e1pio do restaurante universit\u00e1rio (RU), informa\u00e7\u00f5es acad\u00eamicas e administrativas, mapas dos campi da universidade, previs\u00e3o do tempo e a linha de transporte de apoio UFPel, com rotas e hor\u00e1rios. <\/span><\/span><\/p>\n<p class=\"western\" style=\"text-align: justify\"><span style=\"font-family: Times New Roman,serif\"><span style=\"font-size: medium\">\u00a0\u00a0 O projeto foi desenvolvido pela Coordena\u00e7\u00e3o de Tecnologia da Informa\u00e7\u00e3o (CTI) e divulgado na sexta-feira (25) atrav\u00e9s de um<\/span><\/span><span style=\"color: #00000a\"><span style=\"font-family: Times New Roman,serif\"><span style=\"font-size: medium\"><a href=\"https:\/\/www.facebook.com\/ufpel\/videos\/1045134958866318\/\"> v\u00eddeo<\/a> <\/span><\/span><\/span><span style=\"font-family: Times New Roman,serif\"><span style=\"font-size: medium\">na p\u00e1gina do Facebook da UFPel. No momento o app apenas est\u00e1 dispon\u00edvel para aparelhos com sistema operacional android, mas futuramente possuir\u00e1 vers\u00e3o para a plataforma IOS. Esse \u00e9 o segundo aplicativo lan\u00e7ado pela universidade, que em 2014 <\/span><\/span><a href=\"http:\/\/ccs2.ufpel.edu.br\/wp\/2014\/08\/19\/ufpel-e-pioneira-no-pais-em-aplicativo-academico-institucional\/\"><span style=\"color: #00000a\"><span style=\"font-family: Times New Roman,serif\"><span style=\"font-size: medium\">lan\u00e7ou<\/span><\/span><\/span><\/a><span style=\"font-family: Times New Roman,serif\"><span style=\"font-size: medium\"> o UFPel, mais ligado a noticias institucionais. <\/span><\/span><\/p>\n<p class=\"western\" style=\"text-align: justify\"><span style=\"font-family: Times New Roman,serif\"><span style=\"font-size: medium\">\u00a0\u00a0 Baixe o aplicativo:<\/span><\/span><a href=\"https:\/\/play.google.com\/store\/apps?hl=pt_BR\"><span style=\"font-family: Georgia,serif\"><span style=\"font-size: medium\">https:\/\/play.google.com\/store\/apps?hl=pt_BR<\/span><\/span><\/a><\/p>\n<p class=\"western\" style=\"text-align: justify\"><span style=\"font-family: Times New Roman,serif\"><span style=\"font-size: medium\">\u00a0\u00a0 Saiba mais em:<\/span><\/span><span style=\"font-family: Times New Roman,serif\"><span style=\"font-size: medium\">\u00a0<\/span><\/span><a href=\"https:\/\/wp.ufpel.edu.br\/cti\/2016\/03\/17\/aplicativo-cobalto-ufpel\/\"><span style=\"font-family: Times New Roman,serif\"><span style=\"font-size: medium\">Aplicativo Cobalto UFPel<\/span><\/span><\/a><\/p>\n","protected":false},"excerpt":{"rendered":"<p>Por: Vanessa Kleber e Heitor Araujo \u00a0 Agora, os alunos da Universidade Federal de Pelotas tamb\u00e9m podem acessar o cobalto atrav\u00e9s de aparelhos m\u00f3veis. A iniciativa busca ampliar os meios de acesso dos alunos&#46;&#46;&#46;<\/p>\n","protected":false},"author":587,"featured_media":0,"comment_status":"closed","ping_status":"closed","sticky":false,"template":"","format":"standard","meta":{"jetpack_post_was_ever_published":false,"_jetpack_newsletter_access":"","_jetpack_dont_email_post_to_subs":false,"_jetpack_newsletter_tier_id":0,"_jetpack_memberships_contains_paywalled_content":false,"_jetpack_memberships_contains_paid_content":false,"footnotes":"","jetpack_publicize_message":"","jetpack_publicize_feature_enabled":true,"jetpack_social_post_already_shared":true,"jetpack_social_options":{"image_generator_settings":{"template":"highway","default_image_id":0,"font":"","enabled":false},"version":2}},"categories":[203],"tags":[213,212],"class_list":["post-7774","post","type-post","status-publish","format-standard","hentry","category-cienciaetecnologia","tag-heitor-araujo","tag-vanessa-kleber"],"jetpack_publicize_connections":[],"jetpack_featured_media_url":"","jetpack_sharing_enabled":true,"jetpack_shortlink":"https:\/\/wp.me\/p6Xvzq-21o","jetpack-related-posts":[{"id":7961,"url":"https:\/\/wp.ufpel.edu.br\/empauta\/cartao-de-credito-une-tecnologia-e-praticidade\/","url_meta":{"origin":7774,"position":0},"title":"Cart\u00e3o de cr\u00e9dito une tecnologia e praticidade","author":"Em Pauta","date":"13\/05\/2016","format":false,"excerpt":"Por Heitor Araujo e Vanessa Kleber J\u00e1 imaginou usar um cart\u00e3o de cr\u00e9dito sem taxas, sem precisar enfrentar a fila do banco e que pode ser controlado na palma da sua m\u00e3o? Esse \u00e9 o nubank. O cart\u00e3o que possui como slogan \"Para quem sabe que tecnologia e design s\u00e3o\u2026","rel":"","context":"Em &quot;Ci\u00eancia e Tecnologia&quot;","block_context":{"text":"Ci\u00eancia e Tecnologia","link":"https:\/\/wp.ufpel.edu.br\/empauta\/category\/todos\/cienciaetecnologia\/"},"img":{"alt_text":"","src":"https:\/\/i0.wp.com\/wp.ufpel.edu.br\/empauta\/files\/2016\/05\/20141006133508_660_420.png?resize=350%2C200&ssl=1","width":350,"height":200,"srcset":"https:\/\/i0.wp.com\/wp.ufpel.edu.br\/empauta\/files\/2016\/05\/20141006133508_660_420.png?resize=350%2C200&ssl=1 1x, https:\/\/i0.wp.com\/wp.ufpel.edu.br\/empauta\/files\/2016\/05\/20141006133508_660_420.png?resize=525%2C300&ssl=1 1.5x"},"classes":[]},{"id":8059,"url":"https:\/\/wp.ufpel.edu.br\/empauta\/processo-de-construcao-da-nova-torre-possibilitara-melhorias-na-federal-fm\/","url_meta":{"origin":7774,"position":1},"title":"Processo de constru\u00e7\u00e3o da nova torre possibilitar\u00e1 melhorias na Federal FM","author":"Em Pauta","date":"27\/05\/2016","format":false,"excerpt":"Por Heitor Araujo e Vanessa Kleber \u00a0 Nova torre deve ser finalizada em breve. A partir de ent\u00e3o, projeto passa para etapas de licita\u00e7\u00e3o e instala\u00e7\u00e3o de cabos e da antena para a r\u00e1dio da UFPel. \u00a0 No ano passado, foi assinado o contrato para a constru\u00e7\u00e3o da nova torre\u2026","rel":"","context":"Em &quot;Ci\u00eancia e Tecnologia&quot;","block_context":{"text":"Ci\u00eancia e Tecnologia","link":"https:\/\/wp.ufpel.edu.br\/empauta\/category\/todos\/cienciaetecnologia\/"},"img":{"alt_text":"Atual antena est\u00e1 localizada no Campus do Cap\u00e3o do Le\u00e3o. (Foto: Divulga\u00e7\u00e3o)","src":"https:\/\/i0.wp.com\/wp.ufpel.edu.br\/empauta\/files\/2016\/05\/torre-424x292.jpg?resize=350%2C200&ssl=1","width":350,"height":200},"classes":[]},{"id":8310,"url":"https:\/\/wp.ufpel.edu.br\/empauta\/99-taxis-facilidade-para-o-cliente-e-para-o-taxista\/","url_meta":{"origin":7774,"position":2},"title":"99 t\u00e1xis: facilidade para o cliente e para o taxista","author":"Em Pauta","date":"11\/07\/2016","format":false,"excerpt":"Por Heitor Araujo e Vanessa Kleber Pegar t\u00e1xi nem sempre \u00e9 uma tarefa f\u00e1cil em Pelotas. Em uma tarde de chuva ou em uma sexta-feira \u00e0 noite, os telefones dos taxistas n\u00e3o param. O que fica parado s\u00e3o os pontos. Muitas vezes, o t\u00e1xi acumula servi\u00e7os e os motoristas sequer\u2026","rel":"","context":"Em &quot;Ci\u00eancia e Tecnologia&quot;","block_context":{"text":"Ci\u00eancia e Tecnologia","link":"https:\/\/wp.ufpel.edu.br\/empauta\/category\/todos\/cienciaetecnologia\/"},"img":{"alt_text":"","src":"https:\/\/i0.wp.com\/wp.ufpel.edu.br\/empauta\/files\/2016\/07\/192822_ext_arquivo.jpg?resize=350%2C200&ssl=1","width":350,"height":200,"srcset":"https:\/\/i0.wp.com\/wp.ufpel.edu.br\/empauta\/files\/2016\/07\/192822_ext_arquivo.jpg?resize=350%2C200&ssl=1 1x, https:\/\/i0.wp.com\/wp.ufpel.edu.br\/empauta\/files\/2016\/07\/192822_ext_arquivo.jpg?resize=525%2C300&ssl=1 1.5x, https:\/\/i0.wp.com\/wp.ufpel.edu.br\/empauta\/files\/2016\/07\/192822_ext_arquivo.jpg?resize=700%2C400&ssl=1 2x"},"classes":[]},{"id":8154,"url":"https:\/\/wp.ufpel.edu.br\/empauta\/aplicativo-facilita-pedidos-de-tele-entrega-conheca-o-aiqfome\/","url_meta":{"origin":7774,"position":3},"title":"Aplicativo facilita pedidos de tele-entrega: conhe\u00e7a o aiqfome.","author":"Em Pauta","date":"10\/06\/2016","format":false,"excerpt":"Por Vanessa Kleber e Heitor Ara\u00fajo Aplicativos proporcionam a nossas vidas muito mais praticidade e rapidez. E foi pensando nisso que em 2007 surgiu a ideia do aiqfome, um app em que o usu\u00e1rio poderia pedir a sua comida em casa com poucos cliques. \"A ideia surgiu em 2007 com\u2026","rel":"","context":"Em &quot;Ci\u00eancia e Tecnologia&quot;","block_context":{"text":"Ci\u00eancia e Tecnologia","link":"https:\/\/wp.ufpel.edu.br\/empauta\/category\/todos\/cienciaetecnologia\/"},"img":{"alt_text":"O aiqfome Pelotas conta com 35 restaurantes. (Foto: Divulga\u00e7\u00e3o)","src":"https:\/\/i0.wp.com\/wp.ufpel.edu.br\/empauta\/files\/2016\/06\/IMG_9132-265x318.jpg?resize=350%2C200&ssl=1","width":350,"height":200},"classes":[]},{"id":8205,"url":"https:\/\/wp.ufpel.edu.br\/empauta\/plataformas-de-financiamento-coletivo-apostam-no-seu-projeto\/","url_meta":{"origin":7774,"position":4},"title":"Plataformas de financiamento coletivo apostam no seu projeto","author":"Em Pauta","date":"24\/06\/2016","format":false,"excerpt":"Por Vanessa Kleber e Heitor Araujo Lembra quando algum amigo, familiar ou conhecido estava precisando de dinheiro para alguma causa nobre e un\u00edamos for\u00e7as em uma vaquinha? Com a revolu\u00e7\u00e3o digital, a famosa vaquinha foi inovada, e ficou conhecida como financiamento coletivo! Atualmente no Brasil, existem uma s\u00e9rie de sites\u2026","rel":"","context":"Em &quot;Ci\u00eancia e Tecnologia&quot;","block_context":{"text":"Ci\u00eancia e Tecnologia","link":"https:\/\/wp.ufpel.edu.br\/empauta\/category\/todos\/cienciaetecnologia\/"},"img":{"alt_text":"","src":"","width":0,"height":0},"classes":[]},{"id":9109,"url":"https:\/\/wp.ufpel.edu.br\/empauta\/casarao-6-recebe-a-exposicao-de-arte-contemporanea-incomodo\/","url_meta":{"origin":7774,"position":5},"title":"Casar\u00e3o 6 recebe a exposi\u00e7\u00e3o de arte contempor\u00e2nea [IN]C\u00d4MODO","author":"Em Pauta","date":"16\/11\/2016","format":false,"excerpt":"A mostra conta com doze obras tridimensionais de alunos do Centro de Artes da Universidade Federal de Pelotas. Por:\u00a0Vanessa Kleber Incomodo segundo dicion\u00e1rio significa desconforto, aus\u00eancia de conforto; sem comodidade. Este \u00e9 o nome de uma exposi\u00e7\u00e3o que acontece no casar\u00e3o 6, desde o dia 8 de novembro. A mostra\u2026","rel":"","context":"Em &quot;Cultura e Entretenimento&quot;","block_context":{"text":"Cultura e Entretenimento","link":"https:\/\/wp.ufpel.edu.br\/empauta\/category\/todos\/culturaeentretenimento\/"},"img":{"alt_text":"[IN]C\u00d4MODO convida as pessoas a entrar, sentir e se sentir no espa\u00e7o. Foto: Vanessa Kleber","src":"https:\/\/i0.wp.com\/wp.ufpel.edu.br\/empauta\/files\/2016\/11\/Sem-t%C3%ADtulo-23.png?resize=350%2C200&ssl=1","width":350,"height":200,"srcset":"https:\/\/i0.wp.com\/wp.ufpel.edu.br\/empauta\/files\/2016\/11\/Sem-t%C3%ADtulo-23.png?resize=350%2C200&ssl=1 1x, https:\/\/i0.wp.com\/wp.ufpel.edu.br\/empauta\/files\/2016\/11\/Sem-t%C3%ADtulo-23.png?resize=525%2C300&ssl=1 1.5x"},"classes":[]}],"_links":{"self":[{"href":"https:\/\/wp.ufpel.edu.br\/empauta\/wp-json\/wp\/v2\/posts\/7774","targetHints":{"allow":["GET"]}}],"collection":[{"href":"https:\/\/wp.ufpel.edu.br\/empauta\/wp-json\/wp\/v2\/posts"}],"about":[{"href":"https:\/\/wp.ufpel.edu.br\/empauta\/wp-json\/wp\/v2\/types\/post"}],"author":[{"embeddable":true,"href":"https:\/\/wp.ufpel.edu.br\/empauta\/wp-json\/wp\/v2\/users\/587"}],"replies":[{"embeddable":true,"href":"https:\/\/wp.ufpel.edu.br\/empauta\/wp-json\/wp\/v2\/comments?post=7774"}],"version-history":[{"count":1,"href":"https:\/\/wp.ufpel.edu.br\/empauta\/wp-json\/wp\/v2\/posts\/7774\/revisions"}],"predecessor-version":[{"id":7776,"href":"https:\/\/wp.ufpel.edu.br\/empauta\/wp-json\/wp\/v2\/posts\/7774\/revisions\/7776"}],"wp:attachment":[{"href":"https:\/\/wp.ufpel.edu.br\/empauta\/wp-json\/wp\/v2\/media?parent=7774"}],"wp:term":[{"taxonomy":"category","embeddable":true,"href":"https:\/\/wp.ufpel.edu.br\/empauta\/wp-json\/wp\/v2\/categories?post=7774"},{"taxonomy":"post_tag","embeddable":true,"href":"https:\/\/wp.ufpel.edu.br\/empauta\/wp-json\/wp\/v2\/tags?post=7774"}],"curies":[{"name":"wp","href":"https:\/\/api.w.org\/{rel}","templated":true}]}}