{"id":716,"date":"2014-05-17T22:24:51","date_gmt":"2014-05-17T22:24:51","guid":{"rendered":"http:\/\/agpel.ufpel.edu.br\/?p=716"},"modified":"2015-11-20T15:13:44","modified_gmt":"2015-11-20T17:13:44","slug":"chega-ao-brasil-o-moto-e-o-novo-aparelho-da-motorola","status":"publish","type":"post","link":"https:\/\/wp.ufpel.edu.br\/empauta\/chega-ao-brasil-o-moto-e-o-novo-aparelho-da-motorola\/","title":{"rendered":"Chega ao Brasil o Moto E, o novo aparelho da Motorola"},"content":{"rendered":"<p align=\"right\"><i>Por <a title=\"Jean Carlo dos Santos\" href=\"http:\/\/agpel.ufpel.edu.br\/?tag=jean-carlo-dos-santos\" target=\"_blank\">Jean Carlo dos Santos<\/a><\/i><\/p>\n<p style=\"text-align: justify\">Foi lan\u00e7ado no Brasil na \u00faltima quarta feira, 14 de abril, o novo smartphone da Motorola, o Moto E. Com pre\u00e7o a partir de 529 reais, o Moto E se destaca no disputado mercado de telefones como um bom celular por uma \u00f3tima faixa de pre\u00e7o.<\/p>\n<p>&nbsp;<\/p>\n<div id=\"attachment_717\" style=\"width: 310px\" class=\"wp-caption aligncenter\"><a href=\"https:\/\/wp.ufpel.edu.br\/empauta\/files\/2014\/05\/moto-g1-e1393381875220.jpg\"><img loading=\"lazy\" decoding=\"async\" aria-describedby=\"caption-attachment-717\" class=\"size-medium wp-image-717\" alt=\"Foto: divulga\u00e7\u00e3o (http:\/\/googlediscovery.com\/2014\/02\/25\/moto-g-e-o-celular-mais-vendido-na-historia-da-motorola\/)\" src=\"https:\/\/wp.ufpel.edu.br\/empauta\/files\/2014\/05\/moto-g1-e1393381875220-300x225.jpg\" width=\"300\" height=\"225\" \/><\/a><p id=\"caption-attachment-717\" class=\"wp-caption-text\">Foto: divulga\u00e7\u00e3o (http:\/\/googlediscovery.com\/2014\/02\/25\/moto-g-e-o-celular-mais-vendido-na-historia-da-motorola\/)<\/p><\/div>\n<p>&nbsp;<\/p>\n<p style=\"text-align: justify\">A tecnologia presente no Moto E n\u00e3o deixa a desejar. Com design semelhante ao Moto G, o mais recente celular da empresa sul-coreana chega ao mercado com uma c\u00e2mera traseira de cinco megapixels, sem flash, e tela de 4,3 polegadas com resolu\u00e7\u00e3o 960&#215;540. A bateria de 1.980 mAh junto ao processador de baixo consumo Snapdragon 200, que tem velocidade de 1,2 GHz, faz com que o celular seja detentor de uma das baterias mais dur\u00e1veis, prometendo aos consumidores a op\u00e7\u00e3o de ficar o dia todo longe do carregador mesmo com o uso intenso do dispositivo.<\/p>\n<p style=\"text-align: justify\">Al\u00e9m disso, ele tamb\u00e9m oferece a entrada para dois chips de telefonia, sendo que uma das vers\u00f5es do aparelho, a de 599 reais, vem com TV Digital e mais duas capas traseiras, as Motorola Shells. Feito para durar, a tela do Moto E vem com a tecnologia Corning Gorilla Glass 3, que oferece prote\u00e7\u00e3o contra respingos d\u2019\u00e1gua e a arranh\u00f5es.<\/p>\n<p style=\"text-align: justify\">Uma interessante fun\u00e7\u00e3o do aparelho \u00e9 a Chamada Inteligente, o aplicativo salva e aconselha o usu\u00e1rio sobre qual o melhor chip a ser usado para ligar para uma determinada operadora com o menor custo, assim n\u00e3o h\u00e1 a necessidade de manualmente escolher o cart\u00e3o antes de efetuar uma liga\u00e7\u00e3o.<\/p>\n<p style=\"text-align: justify\">Apesar da mem\u00f3ria interna limitada a 4gb de tamanho, uma entrada para um cart\u00e3o de mem\u00f3ria Micro SD, de no m\u00e1ximo 32gb, vem incluso no aparelho; assim h\u00e1 mais espa\u00e7o para m\u00fasicas, v\u00eddeos e fotos. O Moto E v\u00eam com a vers\u00e3o mais pura e atualizada do Android, a KitKat 4.4, e com o tempo vai oferecer a op\u00e7\u00e3o de atualiza\u00e7\u00e3o para as vers\u00f5es mais recentes do sistema operacional mais popular do mundo, estendendo o tempo de vida do aparelho.<\/p>\n<p style=\"text-align: justify\">Ao oferecer um aparelho de desempenho intermedi\u00e1rio e de baixo custo, se comparado aos seus semelhantes, a Motorola demonstra o desejo de dar aos consumidores uma op\u00e7\u00e3o dur\u00e1vel e de boa qualidade, sem precisar desembolsar uma grande quantia de dinheiro.<\/p>\n<p>&nbsp;<\/p>\n<p>V\u00eddeo oficial de apresenta\u00e7\u00e3o do aparelho.<\/p>\n","protected":false},"excerpt":{"rendered":"<p>Por Jean Carlo dos Santos Foi lan\u00e7ado no Brasil na \u00faltima quarta feira, 14 de abril, o novo smartphone da Motorola, o Moto E. Com pre\u00e7o a partir de 529 reais, o Moto E&#46;&#46;&#46;<\/p>\n","protected":false},"author":587,"featured_media":0,"comment_status":"open","ping_status":"open","sticky":false,"template":"","format":"standard","meta":{"jetpack_post_was_ever_published":false,"_jetpack_newsletter_access":"","_jetpack_dont_email_post_to_subs":false,"_jetpack_newsletter_tier_id":0,"_jetpack_memberships_contains_paywalled_content":false,"_jetpack_memberships_contains_paid_content":false,"footnotes":"","jetpack_publicize_message":"","jetpack_publicize_feature_enabled":true,"jetpack_social_post_already_shared":false,"jetpack_social_options":{"image_generator_settings":{"template":"highway","default_image_id":0,"font":"","enabled":false},"version":2}},"categories":[203],"tags":[94],"class_list":["post-716","post","type-post","status-publish","format-standard","hentry","category-cienciaetecnologia","tag-jean-carlo-dos-santos"],"jetpack_publicize_connections":[],"jetpack_featured_media_url":"","jetpack_sharing_enabled":true,"jetpack_shortlink":"https:\/\/wp.me\/p6Xvzq-by","jetpack-related-posts":[{"id":3371,"url":"https:\/\/wp.ufpel.edu.br\/empauta\/surgem-rumores-sobre-a-nova-geracao-do-moto-e\/","url_meta":{"origin":716,"position":0},"title":"Surgem rumores sobre a nova gera\u00e7\u00e3o do Moto E","author":"Em Pauta","date":"05\/12\/2014","format":false,"excerpt":"Por Jean Carlo dos Santos O Moto E, smartphone da Motorola lan\u00e7ado em maio, poder\u00e1 receber uma atualiza\u00e7\u00e3o em seu hardware. Como os seus irm\u00e3os, Moto G e Moto X, a segunda gera\u00e7\u00e3o do Moto E manter\u00e1 o mesmo pre\u00e7o da gera\u00e7\u00e3o anterior, mas com melhorias nas suas configura\u00e7\u00f5es. Desenvolvido\u2026","rel":"","context":"Em &quot;Ci\u00eancia e Tecnologia&quot;","block_context":{"text":"Ci\u00eancia e Tecnologia","link":"https:\/\/wp.ufpel.edu.br\/empauta\/category\/todos\/cienciaetecnologia\/"},"img":{"alt_text":"","src":"https:\/\/i0.wp.com\/wp.ufpel.edu.br\/empauta\/files\/2014\/12\/moto-e-moto-g-e-moto-x-1024x607.jpg?resize=350%2C200&ssl=1","width":350,"height":200,"srcset":"https:\/\/i0.wp.com\/wp.ufpel.edu.br\/empauta\/files\/2014\/12\/moto-e-moto-g-e-moto-x-1024x607.jpg?resize=350%2C200&ssl=1 1x, https:\/\/i0.wp.com\/wp.ufpel.edu.br\/empauta\/files\/2014\/12\/moto-e-moto-g-e-moto-x-1024x607.jpg?resize=525%2C300&ssl=1 1.5x, https:\/\/i0.wp.com\/wp.ufpel.edu.br\/empauta\/files\/2014\/12\/moto-e-moto-g-e-moto-x-1024x607.jpg?resize=700%2C400&ssl=1 2x"},"classes":[]},{"id":1993,"url":"https:\/\/wp.ufpel.edu.br\/empauta\/rumores-sobre-o-novo-iphone\/","url_meta":{"origin":716,"position":1},"title":"Rumores sobre o novo iPhone","author":"Em Pauta","date":"20\/08\/2014","format":false,"excerpt":"Por Jean Carlo dos Santos O iPhone 6 \u00e9 um dos lan\u00e7amentos mais esperados do ano. E como de costume, v\u00e1rios rumores referentes \u00e0s especifica\u00e7\u00f5es do celular acabam circulando na internet antes do seu an\u00fancio oficial. Confira agora como dever\u00e1 chegar no mercado o novo aparelho da Apple. O mais\u2026","rel":"","context":"Em &quot;Ci\u00eancia e Tecnologia&quot;","block_context":{"text":"Ci\u00eancia e Tecnologia","link":"https:\/\/wp.ufpel.edu.br\/empauta\/category\/todos\/cienciaetecnologia\/"},"img":{"alt_text":"","src":"https:\/\/i0.wp.com\/wp.ufpel.edu.br\/empauta\/files\/2014\/08\/id87599.jpg?resize=350%2C200&ssl=1","width":350,"height":200,"srcset":"https:\/\/i0.wp.com\/wp.ufpel.edu.br\/empauta\/files\/2014\/08\/id87599.jpg?resize=350%2C200&ssl=1 1x, https:\/\/i0.wp.com\/wp.ufpel.edu.br\/empauta\/files\/2014\/08\/id87599.jpg?resize=525%2C300&ssl=1 1.5x"},"classes":[]},{"id":590,"url":"https:\/\/wp.ufpel.edu.br\/empauta\/o-reprodutor-de-musicas-online-spotify-esta-disponivel-parcialmente-no-brasil\/","url_meta":{"origin":716,"position":2},"title":"O reprodutor de m\u00fasicas online Spotify est\u00e1 dispon\u00edvel parcialmente no Brasil","author":"Em Pauta","date":"16\/04\/2014","format":false,"excerpt":"Por Jean Carlo dos Santos O Spotify oferece aos brasileiros, atrav\u00e9s de convites, a possibilidade de testar o programa de streaming musical antes da estreia oficial no pa\u00eds. Segundo o site G1, a assessoria do Spotify informou que apenas algumas pessoas poderiam ter o acesso antecipado no Brasil. Lan\u00e7ado pela\u2026","rel":"","context":"Em &quot;Ci\u00eancia e Tecnologia&quot;","block_context":{"text":"Ci\u00eancia e Tecnologia","link":"https:\/\/wp.ufpel.edu.br\/empauta\/category\/todos\/cienciaetecnologia\/"},"img":{"alt_text":"Imagem do programa em tr\u00eas diferentes aparelhos eletr\u00f4nicos (Imagem: http:\/\/gizmodo.uol.com.br\/spotify-redesign-preto\/)","src":"https:\/\/i0.wp.com\/wp.ufpel.edu.br\/empauta\/files\/2014\/04\/Sem-t%C3%ADtulo3-300x178.png?resize=350%2C200&ssl=1","width":350,"height":200},"classes":[]},{"id":2466,"url":"https:\/\/wp.ufpel.edu.br\/empauta\/positivo-lanca-dois-novos-smartphones-no-mercado-brasileiro\/","url_meta":{"origin":716,"position":3},"title":"Positivo lan\u00e7a dois novos smartphones no mercado brasileiro","author":"Em Pauta","date":"05\/10\/2014","format":false,"excerpt":"Por Jean Carlo dos Santos Os modelos S480 e S380 devem come\u00e7ar a serem vendidos no mercado brasileiro durante o m\u00eas de outubro. Os novos celulares da empresa s\u00e3o fabricados em territ\u00f3rio nacional e a f\u00e1brica, localizada em Curitiba, \u00e9 capaz de produzir oitenta mil aparelhos por m\u00eas. Com a\u2026","rel":"","context":"Em &quot;Ci\u00eancia e Tecnologia&quot;","block_context":{"text":"Ci\u00eancia e Tecnologia","link":"https:\/\/wp.ufpel.edu.br\/empauta\/category\/todos\/cienciaetecnologia\/"},"img":{"alt_text":"celularS480-5x3","src":"https:\/\/i0.wp.com\/wp.ufpel.edu.br\/empauta\/files\/2014\/10\/celularS480-5x3.jpg?resize=350%2C200&ssl=1","width":350,"height":200,"srcset":"https:\/\/i0.wp.com\/wp.ufpel.edu.br\/empauta\/files\/2014\/10\/celularS480-5x3.jpg?resize=350%2C200&ssl=1 1x, https:\/\/i0.wp.com\/wp.ufpel.edu.br\/empauta\/files\/2014\/10\/celularS480-5x3.jpg?resize=525%2C300&ssl=1 1.5x"},"classes":[]},{"id":743,"url":"https:\/\/wp.ufpel.edu.br\/empauta\/novo-tablete-da-microsoft-promete-substituir-notebook\/","url_meta":{"origin":716,"position":4},"title":"Novo tablet da Microsoft promete substituir notebook","author":"Em Pauta","date":"21\/05\/2014","format":false,"excerpt":"Por Jean Carlo dos Santos O novo tablet da Microsoft, o Surface Pro 3, come\u00e7a a ser vendido nos Estados Unidos nesta quarta-feira (21), por US$ 799, pelo site da empresa. Com processador Intel i7, tela Full HD de 2K (2160x1440) e design ultrafino, o novo dispositivo promete substituir o\u2026","rel":"","context":"Em &quot;Ci\u00eancia e Tecnologia&quot;","block_context":{"text":"Ci\u00eancia e Tecnologia","link":"https:\/\/wp.ufpel.edu.br\/empauta\/category\/todos\/cienciaetecnologia\/"},"img":{"alt_text":"Imagem: divulga\u00e7\u00e3o (http:\/\/www.microsoft.com\/global)","src":"https:\/\/i0.wp.com\/wp.ufpel.edu.br\/empauta\/files\/2014\/05\/SurfacePro3Primary_Print-300x203.jpg?resize=350%2C200&ssl=1","width":350,"height":200},"classes":[]},{"id":505,"url":"https:\/\/wp.ufpel.edu.br\/empauta\/motociclismo-de-estrada\/","url_meta":{"origin":716,"position":5},"title":"Motociclismo de estrada","author":"Em Pauta","date":"03\/04\/2014","format":false,"excerpt":"Por Daiane Brites e Elise Souza Das Harley Davidson \u00e0s esportivas japonesas, a paix\u00e3o de quem escolheu se aventurar sobre duas rodas. Monstros sobre rodas ou esp\u00edritos livres? Era essa pergunta que Hunter Thompson procurava responder ao escrever a reportagem que deu origem a um novo estilo jornal\u00edstico. O jornalismo\u2026","rel":"","context":"Em &quot;Geral&quot;","block_context":{"text":"Geral","link":"https:\/\/wp.ufpel.edu.br\/empauta\/category\/todos\/geral\/"},"img":{"alt_text":"Fl\u00e1vio e a esposa Ana na sede do Amigos  Aventureiros (Foto: arquivo)","src":"https:\/\/i0.wp.com\/wp.ufpel.edu.br\/empauta\/files\/2014\/04\/Sem-t%C3%ADtulo-300x239.png?resize=350%2C200&ssl=1","width":350,"height":200},"classes":[]}],"_links":{"self":[{"href":"https:\/\/wp.ufpel.edu.br\/empauta\/wp-json\/wp\/v2\/posts\/716","targetHints":{"allow":["GET"]}}],"collection":[{"href":"https:\/\/wp.ufpel.edu.br\/empauta\/wp-json\/wp\/v2\/posts"}],"about":[{"href":"https:\/\/wp.ufpel.edu.br\/empauta\/wp-json\/wp\/v2\/types\/post"}],"author":[{"embeddable":true,"href":"https:\/\/wp.ufpel.edu.br\/empauta\/wp-json\/wp\/v2\/users\/587"}],"replies":[{"embeddable":true,"href":"https:\/\/wp.ufpel.edu.br\/empauta\/wp-json\/wp\/v2\/comments?post=716"}],"version-history":[{"count":1,"href":"https:\/\/wp.ufpel.edu.br\/empauta\/wp-json\/wp\/v2\/posts\/716\/revisions"}],"predecessor-version":[{"id":6211,"href":"https:\/\/wp.ufpel.edu.br\/empauta\/wp-json\/wp\/v2\/posts\/716\/revisions\/6211"}],"wp:attachment":[{"href":"https:\/\/wp.ufpel.edu.br\/empauta\/wp-json\/wp\/v2\/media?parent=716"}],"wp:term":[{"taxonomy":"category","embeddable":true,"href":"https:\/\/wp.ufpel.edu.br\/empauta\/wp-json\/wp\/v2\/categories?post=716"},{"taxonomy":"post_tag","embeddable":true,"href":"https:\/\/wp.ufpel.edu.br\/empauta\/wp-json\/wp\/v2\/tags?post=716"}],"curies":[{"name":"wp","href":"https:\/\/api.w.org\/{rel}","templated":true}]}}