{"id":530,"date":"2014-04-05T18:23:56","date_gmt":"2014-04-05T18:23:56","guid":{"rendered":"http:\/\/agpel.ufpel.edu.br\/?p=530"},"modified":"2015-11-09T13:32:19","modified_gmt":"2015-11-09T15:32:19","slug":"verbos-humanos","status":"publish","type":"post","link":"https:\/\/wp.ufpel.edu.br\/empauta\/verbos-humanos\/","title":{"rendered":"Verbos humanos"},"content":{"rendered":"<p align=\"right\"><i>Por <a href=\"http:\/\/agpel.ufpel.edu.br\/?tag=emmanuelle-schiavon\" target=\"_blank\">Emmanuelle Schiavon<\/a>, <a href=\"http:\/\/agpel.ufpel.edu.br\/?tag=juliana-santos\" target=\"_blank\">Juliana Santos<\/a>,<a href=\"http:\/\/agpel.ufpel.edu.br\/?tag=lizandra-vilela\" target=\"_blank\"> Lizandra Vilela<\/a> e <a href=\"http:\/\/agpel.ufpel.edu.br\/?tag=stefany-bittencourt\" target=\"_blank\">Stefany Bittencourt<\/a><\/i><\/p>\n<p><em>A Casa do Caminho \u00e9 uma ONG Pelotense que, atrav\u00e9s de homeopatias, tenta cuidar da comunidade \u00a0ao mesmo tempo que ensina li\u00e7\u00f5es de cidadania.<\/em><\/p>\n<p>&nbsp;<\/p>\n<p style=\"text-align: justify\">J\u00e1 no seu princ\u00edpio, uma Organiza\u00e7\u00e3o N\u00e3o Governamental (ONG) necessita de um aux\u00edlio que apenas algumas pessoas com tempo dispon\u00edveis podem doar. Deve-se pensar na cacofonia de ideias que cria algo realmente ajust\u00e1vel ao estado em que se est\u00e1 inserido. Irm\u00e3 Assunta, Sra. Marculina Tacca, criou, do que achava uma necessidade, um aux\u00edlio para aqueles que n\u00e3o poderiam pagar. Pediu e juntou um emaranhado de ideias para transformar a sede no que hoje \u00e9 a Casa do Caminho &#8211; uma casa de homeopatia que humanamente transforma, ou apenas ajuda, a vida de outras pessoas que tanto precisam do que disp\u00f5e.<\/p>\n<p style=\"text-align: justify\">Desde cursos profissionalizantes de massagem terap\u00eautica, passando por reiki a se\u00e7\u00f5es de acupuntura, a ONG disponibiliza para a comunidade uma s\u00e9rie de cuidados para os mais necessitados. Nas quartas-feiras enxergam-se pessoas correndo de um lado para o outro para deixar tudo em ordem, e nas sextas e ter\u00e7as chegam os pacientes. Irm\u00e3 Assunta atende cada um deles, com o desejo de ajudar a aqueles que precisam, mais do que homeopatia, de receita esperan\u00e7a para aqueles que tanto est\u00e3o precisando. O intuito principal \u00e9 ajudar quem n\u00e3o tem condi\u00e7\u00f5es financeiras de pagar tratamentos caros, mas pessoas das mais diversas classes sociais aparecem l\u00e1 em busca de um refor\u00e7o para a sua f\u00e9.<\/p>\n<div id=\"attachment_531\" style=\"width: 310px\" class=\"wp-caption aligncenter\"><a href=\"https:\/\/wp.ufpel.edu.br\/empauta\/files\/2014\/04\/ervas-m-20091112.jpg\"><img loading=\"lazy\" decoding=\"async\" aria-describedby=\"caption-attachment-531\" class=\"size-medium wp-image-531\" alt=\"A casa do caminho trabalha com o cultivo de ervas medicinais. Foto: divulga\u00e7\u00e3o (http:\/\/noticias.r7.com\/saude\/noticias\/abc-das-ervas-e-plantas-medicinais-20091113.html)\" src=\"https:\/\/wp.ufpel.edu.br\/empauta\/files\/2014\/04\/ervas-m-20091112-300x225.jpg\" width=\"300\" height=\"225\" \/><\/a><p id=\"caption-attachment-531\" class=\"wp-caption-text\">A casa do caminho trabalha com o cultivo de ervas medicinais. Foto: divulga\u00e7\u00e3o (http:\/\/noticias.r7.com\/saude\/noticias\/abc-das-ervas-e-plantas-medicinais-20091113.html)<\/p><\/div>\n<p style=\"text-align: justify\"><b>Desejar<\/b><\/p>\n<p style=\"text-align: justify\">Marculina desejou passar os ensinamentos que a vida lhe mostrou. A Irm\u00e3, que era professora da Escola S\u00e3o Benedito para crian\u00e7as pobres, come\u00e7ou os trabalhos volunt\u00e1rios com mulheres na Pastoral da Sa\u00fade, e com isso nasceu as primeiras ideias da ONG que comanda hoje.<\/p>\n<p style=\"text-align: justify\">Amparada por volunt\u00e1rios e funcion\u00e1rios que trabalham no local, ela vai construindo aos poucos um ambiente que consiga abranger as mais diversas colunas de um centro de sa\u00fade homeop\u00e1tico. \u201cO bonito \u00e9 a gente ver esses velhinhos que chegam aqui carregados, sem conseguir caminhar, mas fazem massoterapia, e quando saem, j\u00e1 est\u00e3o caminhando. Sinto-me bem quando vejo uma coisa assim\u201d, diz a Irm\u00e3.<\/p>\n<p style=\"text-align: justify\">Em 1996 ela conseguiu uma autoriza\u00e7\u00e3o com o prefeito do ano, Dr. Iraj\u00e1 Andara Rodrigues, para desenvolver seu trabalho de assist\u00eancia de sa\u00fade popular na Rua Zeferino Costa, n\u00ba 2000, onde ainda hoje se encontra a sede. O cultivo de ervas medicinais e o atendimento aos carentes foram o princ\u00edpio do projeto, que conseguiu autoriza\u00e7\u00e3o gratuita por tempo indeterminado, e a cada dia atrai mais pessoas na esperan\u00e7a de melhora.<\/p>\n<p style=\"text-align: justify\">\u201cA gente sabe tantos trabalhos com plantas, tantas coisas que podemos fazer para socorrer uma pessoa. Ent\u00e3o, por que deix\u00e1-la morrer?\u201d. Com esse pensamento, a Irm\u00e3 Assunta juntou uma legi\u00e3o de f\u00e3s, pessoas que contam com a ajuda que ela possa oferecer para continuar seus tratamentos m\u00e9dicos. Com mais que homeopatias, a ganhadora do Pr\u00eamio Betinho de 2012 \u2013 premia\u00e7\u00e3o que valoriza a atitude cidad\u00e3 e iniciativas sociais \u2013 busca ajudar os outros.<\/p>\n<p style=\"text-align: justify\"><b>Fazer<\/b><\/p>\n<p style=\"text-align: justify\">\u201cO importante \u00e9 n\u00e3o intoxicar muito as pessoas com o qu\u00edmico, porque nosso organismo o aceita por certo tempo, mas h\u00e1 um limite\u201d. A Irm\u00e3 Assunta constr\u00f3i o seu fazer buscando alternativas mais naturais de cuidar da sa\u00fade. Os rem\u00e9dios homeop\u00e1ticos a base de ervas medicinais s\u00e3o um subterf\u00fagio para os medicamentos industrializados que fazem parte da vida cotidiana de muitas pessoas. Um analg\u00e9sico para dor de cabe\u00e7a, aspirina para gripe; e desse modo os indiv\u00edduos se viciam em drogas controladas e nem t\u00eam consci\u00eancia disso.<\/p>\n<p style=\"text-align: justify\">Os pr\u00f3prios integrantes da Casa se referem ao lugar como espa\u00e7o de cura. Com muita f\u00e9, Sra. Marculina dedica sua vida a cuidar dos outros: \u201cN\u00e3o \u00e9 um trabalho meu, \u00e9 de Jesus Cristo. Sou apenas instrumento. N\u00f3s nunca tivemos dinheiro, nem da prefeitura, do Estado, da congrega\u00e7\u00e3o ou da igreja. Ainda assim, Deus nunca nos deixou faltar nada\u201d, contenta-se. Trabalhando com os ensinamentos que primeiramente recebeu da m\u00e3e, e depois foi aprimorando ao longo da vida, o intuito da Irm\u00e3 \u00e9 ajudar a comunidade e cumprir a miss\u00e3o que lhe foi destinada.<\/p>\n<p style=\"text-align: justify\">Perto de seu anivers\u00e1rio de 90 anos, ela n\u00e3o se deixa levar pela idade. Tem a disposi\u00e7\u00e3o que muitos jovens n\u00e3o t\u00eam, e enquanto puder, sempre ajudar\u00e1 ao pr\u00f3ximo. Apesar da idade, a Irm\u00e3 sabe que o trabalho que faz n\u00e3o \u00e9 independente; ela precisa da ajuda dos diversos volunt\u00e1rios da ONG, e por isso, sempre que vai se referir a alguma atitude tomada, ela diz: <i>N\u00f3s fazemos juntos<\/i>.<\/p>\n<p style=\"text-align: justify\"><b>Cuidar<\/b><\/p>\n<p style=\"text-align: justify\">Os pacientes que v\u00e3o \u00e0 Casa do Caminho s\u00e3o das mais variadas idades e sexos. Quem entra nos muros altos, cobertos de plantas, acha uma casa antiga com v\u00e1rias entradas, onde quase tudo ao redor \u00e9 verde; s\u00e3o as ervas que ajudam a cuidar de quem passa pela porta.<\/p>\n<p style=\"text-align: justify\">O estudante de nutri\u00e7\u00e3o, Felipe Mendes, de 25 anos, se admira com o exemplo de cidadania e amor ao pr\u00f3ximo que encontra quando visita a institui\u00e7\u00e3o. \u201cConheci a ONG porque minha av\u00f3 trabalhava como volunt\u00e1ria. Comecei tomando o xarope e assim fui deixando de lado os medicamentos industrializados\u201d, comentou Mendes. N\u00e3o deixando completamente esse tipo industrial de tratamento de lado, as pessoas que buscam a Casa do Caminho clamam por uma alternativa mais suave de combater enfermidades, e em alguns casos suas \u00faltimas esperan\u00e7as.<\/p>\n<p style=\"text-align: justify\">Esse aux\u00edlio, que pessoas comuns prestam aos cidad\u00e3os, abrange grande parte dos problemas. Drogados, v\u00edtimas de acidentes, pessoas com doen\u00e7as graves ou apenas uma gripe fraca, elas v\u00e3o pedir ajuda a Irm\u00e3 Assunta, que conta com mais de 60 volunt\u00e1rios para manter a casa funcionando. O massagista e tesoureiro da casa \u2013 que tamb\u00e9m pode ser conhecido como \u201cfaz tudo\u201d \u2013 Neimar Duarte Dias conta que muitas vezes o maior problema \u00e9 psicol\u00f3gico, por isso a import\u00e2ncia que os volunt\u00e1rios t\u00eam ao criar a aura do lugar.<\/p>\n<p style=\"text-align: justify\">Os que trabalham na casa chegam pelos motivos mais estranhos. Alguns s\u00e3o contratados para reformas, outros pacientes antigos. Duarte fala que antes de fazer o curso de massagem terap\u00eautica foi l\u00e1 para arrumar o forro da casa, e acabou se interessando pelo trabalho e ajudando na ONG. Maria Marlene Ferreira, a artista da casa, chegou l\u00e1 por indica\u00e7\u00e3o de uma amiga. Ela j\u00e1 trabalhava em outra institui\u00e7\u00e3o como volunt\u00e1ria, mas no per\u00edodo das f\u00e9rias se juntou ao pessoal de l\u00e1, e agora, mais de cinco anos depois, ela continua os trabalhos.<\/p>\n<p style=\"text-align: justify\">A coordenadora da ONG, Maria Lucia Schiavon, fala da tristeza de receber algumas pessoas j\u00e1 no fim da vida, que infelizmente n\u00e3o conseguem se recuperar, ou ver um jovem se recuperando de sua depend\u00eancia em drogas. Ela sente que o trabalho \u00e9 cada vez mais importante. \u201cA Irm\u00e3, com sua for\u00e7a de vontade, nos mant\u00e9m indo at\u00e9 l\u00e1 mesmo sem nenhuma remunera\u00e7\u00e3o. Aprendemos com ela que o pr\u00f3ximo \u00e9 muito importante\u201d, comenta a coordenadora.<\/p>\n<p style=\"text-align: justify\">Os pre\u00e7os das atividades e homeopatias s\u00e3o simb\u00f3licos, apenas para manter a casa funcionando. Zaira Czermaisk, de 50 anos, que trabalha como secret\u00e1ria, conta que \u201ccomo n\u00e3o h\u00e1 uma quantia certa, ajudo com o que tenho de dinheiro, dependendo do momento\u201d. Os mais carentes conseguem rem\u00e9dios de gra\u00e7a, enquanto quem puder ajudar pode fazer doa\u00e7\u00f5es para a ONG. No esp\u00edrito de fazer ao pr\u00f3ximo o que gostariam que fizessem para si, os volunt\u00e1rios criam uma rede de amizade e disponibilidade que mant\u00e9m a Casa do Caminho funcionando h\u00e1 mais de 15 anos. O massagista, Paulo Ricardo Alves Morales, relata que quando n\u00e3o vai \u00e0 casa, sente falta. \u201cMuitas vezes trabalhamos ainda mais, por sentir a necessidade das pessoas\u201d, comenta.<\/p>\n<p style=\"text-align: justify\">Cuidar de uma comunidade, ou prestar a aten\u00e7\u00e3o individualmente em cada pessoa que passa pelo caminho estreito que leva \u00e0 entrada onde s\u00e3o feitas as fichas, esse \u00e9 um trabalho feito com esmero, que cont\u00e9m uma gama de probabilidade muito grande. Os indiv\u00edduos se apegam, eles querem o melhor para outros que nem conhecem, e assim as hist\u00f3rias de vit\u00f3rias \u2013 ou at\u00e9 de derrotas \u2013 v\u00e3o se criando. N\u00e3o s\u00e3o milagres feitos l\u00e1, s\u00e3o pessoas caridosas que ajudam, da maneira que podem, a construir um lugar melhor, onde as rela\u00e7\u00f5es se estendem al\u00e9m do casual; s\u00e3o hist\u00f3rias de vida com atitudes amplas, s\u00e3o verbos muito mais humanos.<\/p>\n<p>&nbsp;<\/p>\n<p>&nbsp;<\/p>\n","protected":false},"excerpt":{"rendered":"<p>Por Emmanuelle Schiavon, Juliana Santos, Lizandra Vilela e Stefany Bittencourt A Casa do Caminho \u00e9 uma ONG Pelotense que, atrav\u00e9s de homeopatias, tenta cuidar da comunidade \u00a0ao mesmo tempo que ensina li\u00e7\u00f5es de cidadania.&#46;&#46;&#46;<\/p>\n","protected":false},"author":587,"featured_media":0,"comment_status":"open","ping_status":"open","sticky":false,"template":"","format":"standard","meta":{"jetpack_post_was_ever_published":false,"_jetpack_newsletter_access":"","_jetpack_dont_email_post_to_subs":false,"_jetpack_newsletter_tier_id":0,"_jetpack_memberships_contains_paywalled_content":false,"_jetpack_memberships_contains_paid_content":false,"footnotes":"","jetpack_publicize_message":"","jetpack_publicize_feature_enabled":true,"jetpack_social_post_already_shared":false,"jetpack_social_options":{"image_generator_settings":{"template":"highway","default_image_id":0,"font":"","enabled":false},"version":2}},"categories":[9],"tags":[65,101,109,176],"class_list":["post-530","post","type-post","status-publish","format-standard","hentry","category-geral","tag-emmanuelle-schiavon","tag-juliana-santos","tag-lizandra-vilela","tag-stefany-bittencourt"],"jetpack_publicize_connections":[],"jetpack_featured_media_url":"","jetpack_sharing_enabled":true,"jetpack_shortlink":"https:\/\/wp.me\/p6Xvzq-8y","jetpack-related-posts":[{"id":3468,"url":"https:\/\/wp.ufpel.edu.br\/empauta\/nauro-jr-ministra-oficinas-de-fotografia-para-deficientes-visuais\/","url_meta":{"origin":530,"position":0},"title":"Nauro Jr. ministra oficinas de fotografia para deficientes visuais","author":"Em Pauta","date":"31\/01\/2015","format":false,"excerpt":"Por\u00a0Juliana Santos\u00a0e\u00a0Lizandra Vilela O fot\u00f3grafo Nauro Jr. ministrou, no final de 2014, uma oficina de fotografia para deficientes visuais. Os encontros do projeto Luz na Escurid\u00e3o ocorreram na Escola Louis Braille e em pontos ao ar livre da cidade de Pelotas. Confira a reportagem em v\u00eddeo: Cr\u00e9ditos para a imagem\u2026","rel":"","context":"Em &quot;Cultura e Entretenimento&quot;","block_context":{"text":"Cultura e Entretenimento","link":"https:\/\/wp.ufpel.edu.br\/empauta\/category\/todos\/culturaeentretenimento\/"},"img":{"alt_text":"","src":"","width":0,"height":0},"classes":[]},{"id":624,"url":"https:\/\/wp.ufpel.edu.br\/empauta\/curso-de-danca-da-ufpel-comemora-dia-internacional-da-danca-com-a-comunidade\/","url_meta":{"origin":530,"position":1},"title":"Curso de Dan\u00e7a da UFPel Comemora Dia Internacional da Dan\u00e7a com a Comunidade","author":"Em Pauta","date":"30\/04\/2014","format":false,"excerpt":"Por Lizandra Vilela Na manh\u00e3 da \u00faltima ter\u00e7a-feira, 29, o curso de Dan\u00e7a da Universidade Federal de Pelotas promoveu evento em comemora\u00e7\u00e3o ao Dia Internacional da Dan\u00e7a. Com o intuito de divulgar o curso, assim como comemorar este dia, o evento foi uma parceria entre a Secretaria do Curso de\u2026","rel":"","context":"Em &quot;Geral&quot;","block_context":{"text":"Geral","link":"https:\/\/wp.ufpel.edu.br\/empauta\/category\/todos\/geral\/"},"img":{"alt_text":"Foto: Lizandra Vilela","src":"https:\/\/i0.wp.com\/wp.ufpel.edu.br\/empauta\/files\/2014\/04\/GEDC5163-300x225.jpg?resize=350%2C200&ssl=1","width":350,"height":200},"classes":[]},{"id":2546,"url":"https:\/\/wp.ufpel.edu.br\/empauta\/espetaculo-algodao-doce-estreia-no-mes-das-criancas\/","url_meta":{"origin":530,"position":2},"title":"Espet\u00e1culo Algod\u00e3o Doce estreia no m\u00eas das crian\u00e7as","author":"Em Pauta","date":"12\/10\/2014","format":false,"excerpt":"Por Juliana Santos e Lizandra Vilela Um guri que queria muito vestir bombacha. De tanto pedir, seu sonho se realizou. Sua vontade era tanta, que recebeu uma bombacha t\u00e3o grande que virou um bal\u00e3o o levando para o mundo encantado do imagin\u00e1rio infantil. A narrativa desta aventura livremente inspirada em\u2026","rel":"","context":"Em &quot;Cultura e Entretenimento&quot;","block_context":{"text":"Cultura e Entretenimento","link":"https:\/\/wp.ufpel.edu.br\/empauta\/category\/todos\/culturaeentretenimento\/"},"img":{"alt_text":"Espet\u00e1culo utiliza-se do corpo como um parque de divers\u00f5es. Foto: Reprodu\u00e7\u00e3o (http:\/\/goo.gl\/SSqO3O)","src":"https:\/\/i0.wp.com\/wp.ufpel.edu.br\/empauta\/files\/2014\/10\/1409075667.jpg?resize=350%2C200&ssl=1","width":350,"height":200},"classes":[]},{"id":3438,"url":"https:\/\/wp.ufpel.edu.br\/empauta\/fios-que-alegram-pequeninos\/","url_meta":{"origin":530,"position":3},"title":"Fios que alegram pequeninos","author":"Em Pauta","date":"06\/01\/2015","format":false,"excerpt":"Por Emmanuelle Schiavon Quando um indiv\u00edduo est\u00e1 doente, al\u00e9m de fisicamente debilitado, fica emocionalmente fr\u00e1gil. Principalmente quando se tratam de pessoas que tenham de passar por quimioterapia, perdendo o cabelo que constr\u00f3i sua imagem. Crian\u00e7as internadas com c\u00e2ncer costumam sofrer ainda mais, pois, na inf\u00e2ncia, muitas vezes essa fragilidade \u00e9\u2026","rel":"","context":"Em &quot;Geral&quot;","block_context":{"text":"Geral","link":"https:\/\/wp.ufpel.edu.br\/empauta\/category\/todos\/geral\/"},"img":{"alt_text":"","src":"https:\/\/i0.wp.com\/wp.ufpel.edu.br\/empauta\/files\/2015\/01\/Emmanuelle-Mat%C3%83%C2%A9ria-Schiavon-I-1024x768.jpg?resize=350%2C200&ssl=1","width":350,"height":200,"srcset":"https:\/\/i0.wp.com\/wp.ufpel.edu.br\/empauta\/files\/2015\/01\/Emmanuelle-Mat%C3%83%C2%A9ria-Schiavon-I-1024x768.jpg?resize=350%2C200&ssl=1 1x, https:\/\/i0.wp.com\/wp.ufpel.edu.br\/empauta\/files\/2015\/01\/Emmanuelle-Mat%C3%83%C2%A9ria-Schiavon-I-1024x768.jpg?resize=525%2C300&ssl=1 1.5x, https:\/\/i0.wp.com\/wp.ufpel.edu.br\/empauta\/files\/2015\/01\/Emmanuelle-Mat%C3%83%C2%A9ria-Schiavon-I-1024x768.jpg?resize=700%2C400&ssl=1 2x"},"classes":[]},{"id":1792,"url":"https:\/\/wp.ufpel.edu.br\/empauta\/pro-cultura-de-pelotas-financia-os-humores-de-ian-ramil\/","url_meta":{"origin":530,"position":4},"title":"Pr\u00f3-Cultura de Pelotas financia os humores de Ian Ramil","author":"Em Pauta","date":"17\/07\/2014","format":false,"excerpt":"Por Juliana Santos e Emmanuelle Schiavon O m\u00fasico filho de Vitor Ramil lan\u00e7a seu primeiro disco intitulado \"Ian\" em apresenta\u00e7\u00f5es no estado e j\u00e1 tem datas marcadas fora do Pa\u00eds Ele estava nas letras da banda porto alegrense Apanhador s\u00f3, no \u00faltimo disco do pai Vitor Ramil e at\u00e9 na\u2026","rel":"","context":"Em &quot;Cultura e Entretenimento&quot;","block_context":{"text":"Cultura e Entretenimento","link":"https:\/\/wp.ufpel.edu.br\/empauta\/category\/todos\/culturaeentretenimento\/"},"img":{"alt_text":"Capa do disco lan\u00e7ado pelo selo Esc\u00e1pula Records. Foto: Divulga\u00e7\u00e3o oficial.","src":"https:\/\/i0.wp.com\/wp.ufpel.edu.br\/empauta\/files\/2014\/07\/10176169_262566630582751_1169602517_n.jpg?resize=350%2C200&ssl=1","width":350,"height":200},"classes":[]},{"id":1177,"url":"https:\/\/wp.ufpel.edu.br\/empauta\/pelotas-bilingue\/","url_meta":{"origin":530,"position":5},"title":"Pelotas Bil\u00edngue","author":"Em Pauta","date":"31\/05\/2014","format":false,"excerpt":"Por Emmanuelle Schiavon Intercambista americana chega a Pelotas para desenvolver projeto Talk. No dia 12 de maio chegou ao Brasil a intercambista Ana Cristina Villa, com o intuito de desenvolver um projeto da Aiesec. A americana, nascida na Georgia, veio ao pa\u00eds para trabalhar em uma proposta sobre pr\u00e1ticas de\u2026","rel":"","context":"Em &quot;Geral&quot;","block_context":{"text":"Geral","link":"https:\/\/wp.ufpel.edu.br\/empauta\/category\/todos\/geral\/"},"img":{"alt_text":"EMANUELLE - Pelotas Bil\u00edngue1580348","src":"https:\/\/i0.wp.com\/wp.ufpel.edu.br\/empauta\/files\/2014\/05\/EMANUELLE-Pelotas-Bil%C3%ADngue1580348.jpg?resize=350%2C200&ssl=1","width":350,"height":200,"srcset":"https:\/\/i0.wp.com\/wp.ufpel.edu.br\/empauta\/files\/2014\/05\/EMANUELLE-Pelotas-Bil%C3%ADngue1580348.jpg?resize=350%2C200&ssl=1 1x, https:\/\/i0.wp.com\/wp.ufpel.edu.br\/empauta\/files\/2014\/05\/EMANUELLE-Pelotas-Bil%C3%ADngue1580348.jpg?resize=525%2C300&ssl=1 1.5x"},"classes":[]}],"_links":{"self":[{"href":"https:\/\/wp.ufpel.edu.br\/empauta\/wp-json\/wp\/v2\/posts\/530","targetHints":{"allow":["GET"]}}],"collection":[{"href":"https:\/\/wp.ufpel.edu.br\/empauta\/wp-json\/wp\/v2\/posts"}],"about":[{"href":"https:\/\/wp.ufpel.edu.br\/empauta\/wp-json\/wp\/v2\/types\/post"}],"author":[{"embeddable":true,"href":"https:\/\/wp.ufpel.edu.br\/empauta\/wp-json\/wp\/v2\/users\/587"}],"replies":[{"embeddable":true,"href":"https:\/\/wp.ufpel.edu.br\/empauta\/wp-json\/wp\/v2\/comments?post=530"}],"version-history":[{"count":1,"href":"https:\/\/wp.ufpel.edu.br\/empauta\/wp-json\/wp\/v2\/posts\/530\/revisions"}],"predecessor-version":[{"id":6876,"href":"https:\/\/wp.ufpel.edu.br\/empauta\/wp-json\/wp\/v2\/posts\/530\/revisions\/6876"}],"wp:attachment":[{"href":"https:\/\/wp.ufpel.edu.br\/empauta\/wp-json\/wp\/v2\/media?parent=530"}],"wp:term":[{"taxonomy":"category","embeddable":true,"href":"https:\/\/wp.ufpel.edu.br\/empauta\/wp-json\/wp\/v2\/categories?post=530"},{"taxonomy":"post_tag","embeddable":true,"href":"https:\/\/wp.ufpel.edu.br\/empauta\/wp-json\/wp\/v2\/tags?post=530"}],"curies":[{"name":"wp","href":"https:\/\/api.w.org\/{rel}","templated":true}]}}