{"id":384,"date":"2014-03-07T12:34:15","date_gmt":"2014-03-07T12:34:15","guid":{"rendered":"http:\/\/agpel.ufpel.edu.br\/?p=384"},"modified":"2015-11-20T15:10:41","modified_gmt":"2015-11-20T17:10:41","slug":"saiba-como-cuidar-da-alimentacao-na-epoca-mais-quente-do-ano","status":"publish","type":"post","link":"https:\/\/wp.ufpel.edu.br\/empauta\/saiba-como-cuidar-da-alimentacao-na-epoca-mais-quente-do-ano\/","title":{"rendered":"Saiba como cuidar da alimenta\u00e7\u00e3o na \u00e9poca mais quente do ano"},"content":{"rendered":"<p align=\"right\"><i>Por <a title=\"Andressa Machado\" href=\"http:\/\/agpel.ufpel.edu.br\/?tag=andressa-machado\" target=\"_blank\">Andressa Machado<\/a>, <a title=\"Jean Carlo dos Santos\" href=\"http:\/\/agpel.ufpel.edu.br\/?tag=jean-carlo-dos-santos\" target=\"_blank\">Jean Carlo dos Santos<\/a> e <a title=\"Luiza Meirelles\" href=\"http:\/\/agpel.ufpel.edu.br\/?tag=luiza-meirelles\" target=\"_blank\">Luiza Meirelles<\/a><\/i><\/p>\n<p align=\"center\"><b>\u00a0<\/b><\/p>\n<p style=\"text-align: justify\">No ver\u00e3o as pessoas enfrentam o calor intenso. Altera\u00e7\u00f5es no cotidiano em decorr\u00eancia disso s\u00e3o inevit\u00e1veis e a popula\u00e7\u00e3o j\u00e1 est\u00e1 acostumada com o fato. Assim como no inverno, no ver\u00e3o tamb\u00e9m precisa-se de cuidados espec\u00edficos com a alimenta\u00e7\u00e3o. Nesta esta\u00e7\u00e3o do ano \u2013 aonde temperaturas chegam a atingir quase 40\u00baC \u2013 as mudan\u00e7as s\u00e3o evidentes. No quesito sa\u00fade, o cuidado com a alimenta\u00e7\u00e3o e com a hidrata\u00e7\u00e3o deve ser prioridade.<\/p>\n<p style=\"text-align: justify\">Para passar esta esta\u00e7\u00e3o com tranquilidade, n\u00e3o bastam apenas os cuidados com a pele, passando protetor solar quando se vai \u00e0 praia para descansar. Ver\u00e3o \u00e9 sin\u00f4nimo de calor, sol, sede e temperaturas elevadas e, nesta \u00e9poca do ano, boa parte da popula\u00e7\u00e3o est\u00e1 de f\u00e9rias. Em consequ\u00eancia disso, h\u00e1 uma mudan\u00e7a de comportamento, principalmente na rotina di\u00e1ria e h\u00e1bitos alimentares.<\/p>\n<p style=\"text-align: justify\">De acordo com a nutricionista M\u00edrian Machado, \u00e9 comum ingerir-se mais l\u00edquidos por conta do calor, sejam na forma de \u00e1gua, sucos ou bebidas bem geladas. \u201cA sede \u00e9 um reflexo, um sinal de que nosso corpo est\u00e1 precisando de \u00e1gua. O corpo desidratado apresenta um mau funcionamento das c\u00e9lulas e \u00f3rg\u00e3os, o que deve ser evitado\u201d, esclarece. A nutricionista tamb\u00e9m explica que, no ver\u00e3o, as pessoas perdem uma quantidade maior de l\u00edquido pelo suor, transpira\u00e7\u00e3o excessiva e perspira\u00e7\u00e3o (transpira\u00e7\u00e3o leve) insens\u00edvel resultando numa necessidade maior de reposi\u00e7\u00e3o de \u00e1gua, vitaminas e sais minerais.<\/p>\n<div id=\"attachment_385\" style=\"width: 310px\" class=\"wp-caption aligncenter\"><a href=\"https:\/\/wp.ufpel.edu.br\/empauta\/files\/2014\/03\/ndice.jpg\"><img loading=\"lazy\" decoding=\"async\" aria-describedby=\"caption-attachment-385\" class=\"size-full wp-image-385\" alt=\"No ver\u00e3o, \u00e9 importante o consumo de frutas e vegetais (foto: divulga\u00e7\u00e3o\/ www.nutritechsports.com.br)\" src=\"https:\/\/wp.ufpel.edu.br\/empauta\/files\/2014\/03\/ndice.jpg\" width=\"300\" height=\"168\" \/><\/a><p id=\"caption-attachment-385\" class=\"wp-caption-text\">No ver\u00e3o, \u00e9 importante o consumo de frutas e vegetais (foto: divulga\u00e7\u00e3o\/ www.nutritechsports.com.br)<\/p><\/div>\n<p style=\"text-align: justify\">Tamb\u00e9m n\u00e3o se deve esquecer da ingest\u00e3o de frutas. Segundo M\u00edrian, as mais recomendadas para a esta\u00e7\u00e3o s\u00e3o mel\u00e3o, melancia, laranja, p\u00eassego, ameixa, uva e abacaxi, pois possuem alto teor de \u00e1gua e s\u00e3o ricas em minerais como o s\u00f3dio e o pot\u00e1ssio, que ajudam na reposi\u00e7\u00e3o de eletr\u00f3litos \u2013 solu\u00e7\u00f5es que permitem a passagem de corrente el\u00e9trica. A ingest\u00e3o de hortali\u00e7as e vegetais, principalmente na forma de saladas cruas, tamb\u00e9m deve ser aumentada nesta esta\u00e7\u00e3o, pois estes s\u00e3o fonte de fibras, vitaminas e minerais. \u201cProcure sempre os vegetais da esta\u00e7\u00e3o, s\u00e3o mais abundantes, frescos e t\u00eam um menor custo\u201d, aconselha.<\/p>\n<p style=\"text-align: justify\">M\u00edrian tamb\u00e9m alerta que \u00e9 importante evitar a adi\u00e7\u00e3o de molhos industrializados, maionese e queijos cremosos devido ao elevado valor cal\u00f3rico, dando assim prefer\u00eancia ao uso de temperos como lim\u00e3o, azeite de oliva, ervas e condimentos como manjeric\u00e3o, alecrim, manjerona, salsa e cebolinha. Para ela, \u00e9 essencial manter uma frequ\u00eancia na ingest\u00e3o de alimentos. \u201cO ideal \u00e9 fracionar as por\u00e7\u00f5es, n\u00e3o ficando grandes intervalos de tempo sem consumir nada\u201d, finaliza.<\/p>\n<p style=\"text-align: justify\"><b>\u00a0<\/b><\/p>\n<p style=\"text-align: justify\"><b>Aten\u00e7\u00e3o especial para a sa\u00fade<\/b><\/p>\n<p style=\"text-align: justify\">A alimenta\u00e7\u00e3o reflete diretamente na nossa sa\u00fade, ent\u00e3o, \u00e9 necess\u00e1rio atentar tamb\u00e9m para as doen\u00e7as que ocorrem no ver\u00e3o por causa disto. Nos hospitais da cidade, o fluxo de pacientes que apresentam sintomas de desidrata\u00e7\u00e3o, cresce consideravelmente nesta \u00e9poca do ano. Al\u00e9m disso, a frequ\u00eancia de doen\u00e7as causadas por ingest\u00e3o de alimentos conservados de maneira impr\u00f3pria tamb\u00e9m aumenta. Segundo a enfermeira C. P., do Hospital Miguel Piltcher, o consumo de alimentos estragados resulta na gastroenterite \u2013 uma das doen\u00e7as mais comuns da esta\u00e7\u00e3o. Para a enfermeira, \u00e9 importante prestar aten\u00e7\u00e3o na proced\u00eancia dos alimentos, cuidando sempre se est\u00e3o bem refrigerados. Al\u00e9m disso, ela recomenda beber bastante l\u00edquidos \u2013 de prefer\u00eancia \u00e1gua \u2013 e n\u00e3o se esquecer de checar a sua origem.<\/p>\n<p style=\"text-align: justify\"><b>\u00a0<\/b><\/p>\n<p style=\"text-align: justify\"><b>Voc\u00ea sabe o que \u00e9 gastroenterite? <\/b><b><\/b><\/p>\n<p style=\"text-align: justify\">N\u00e3o? A nutricionista M\u00edrian Machado explica: nesta \u00e9poca, em virtude das f\u00e9rias, o consumo de alimentos fora de casa aumenta, sendo importante observar as condi\u00e7\u00f5es higi\u00eanico-sanit\u00e1rias dos alimentos, manipuladores, estabelecimentos e o estado de conserva\u00e7\u00e3o dos mesmos. A contamina\u00e7\u00e3o por micro-organismos \u00e9 bastante frequente e favorecida pela temperatura elevada e m\u00e1 conserva\u00e7\u00e3o dos alimentos, ocasionando surtos de doen\u00e7as transmitidas por alimentos (DTA\u2019s) expressas na forma de gastroenterites, diarreias, v\u00f4mito e febre.<\/p>\n<p style=\"text-align: justify\">\n","protected":false},"excerpt":{"rendered":"<p>Por Andressa Machado, Jean Carlo dos Santos e Luiza Meirelles \u00a0 No ver\u00e3o as pessoas enfrentam o calor intenso. Altera\u00e7\u00f5es no cotidiano em decorr\u00eancia disso s\u00e3o inevit\u00e1veis e a popula\u00e7\u00e3o j\u00e1 est\u00e1 acostumada com&#46;&#46;&#46;<\/p>\n","protected":false},"author":587,"featured_media":0,"comment_status":"open","ping_status":"open","sticky":false,"template":"","format":"standard","meta":{"jetpack_post_was_ever_published":false,"_jetpack_newsletter_access":"","_jetpack_dont_email_post_to_subs":false,"_jetpack_newsletter_tier_id":0,"_jetpack_memberships_contains_paywalled_content":false,"_jetpack_memberships_contains_paid_content":false,"footnotes":"","jetpack_publicize_message":"","jetpack_publicize_feature_enabled":true,"jetpack_social_post_already_shared":false,"jetpack_social_options":{"image_generator_settings":{"template":"highway","default_image_id":0,"font":"","enabled":false},"version":2}},"categories":[205],"tags":[28,94,117],"class_list":["post-384","post","type-post","status-publish","format-standard","hentry","category-qualidadedevida","tag-andressa-machado","tag-jean-carlo-dos-santos","tag-luiza-meirelles"],"jetpack_publicize_connections":[],"jetpack_featured_media_url":"","jetpack_sharing_enabled":true,"jetpack_shortlink":"https:\/\/wp.me\/p6Xvzq-6c","jetpack-related-posts":[{"id":1504,"url":"https:\/\/wp.ufpel.edu.br\/empauta\/fenadoce-2014-movimentou-a-cidade-de-pelotas\/","url_meta":{"origin":384,"position":0},"title":"Fenadoce 2014 movimentou a cidade de Pelotas","author":"Em Pauta","date":"26\/06\/2014","format":false,"excerpt":"Por Jean Carlo dos Santos, Karina Vaz, Luiza Meirelles e Yasmin Yunes. A Feira Nacional do Doce (Fenadoce) simboliza a tradi\u00e7\u00e3o de Pelotas, promovendo a cultura dos doces na Princesa do Sul. Apresentando a hist\u00f3ria e as maravilhas da cidade. Al\u00e9m dos doces, a Feira oferece para os seus visitantes\u2026","rel":"","context":"Em &quot;Geral&quot;","block_context":{"text":"Geral","link":"https:\/\/wp.ufpel.edu.br\/empauta\/category\/todos\/geral\/"},"img":{"alt_text":"","src":"","width":0,"height":0},"classes":[]},{"id":262,"url":"https:\/\/wp.ufpel.edu.br\/empauta\/262\/","url_meta":{"origin":384,"position":1},"title":"Restaurante Escola oferece op\u00e7\u00f5es para vegetarianos","author":"Em Pauta","date":"04\/02\/2014","format":false,"excerpt":"Por Andressa Machado, Jean Carlo dos Santos e Luiza Meirelles Agora, a comunidade acad\u00eamica da UFPel tem mais de uma variedade de card\u00e1pio. Desde o in\u00edcio de dezembro do ano passado, o Restaurante Escola da UFPel (RE) inseriu em seu card\u00e1pio op\u00e7\u00f5es espec\u00edficas para vegetarianos e veganos. Essa mudan\u00e7a havia\u2026","rel":"","context":"Em &quot;Geral&quot;","block_context":{"text":"Geral","link":"https:\/\/wp.ufpel.edu.br\/empauta\/category\/todos\/geral\/"},"img":{"alt_text":"Foto: reprodu\u00e7\u00e3o (http:\/\/ccs2.ufpel.edu.br\/wp\/2013\/12\/16\/restaurantes-r-200-refeicao\/)","src":"https:\/\/i0.wp.com\/wp.ufpel.edu.br\/empauta\/files\/2014\/02\/Sem-t%C3%ADtulo1.png?resize=350%2C200&ssl=1","width":350,"height":200,"srcset":"https:\/\/i0.wp.com\/wp.ufpel.edu.br\/empauta\/files\/2014\/02\/Sem-t%C3%ADtulo1.png?resize=350%2C200&ssl=1 1x, https:\/\/i0.wp.com\/wp.ufpel.edu.br\/empauta\/files\/2014\/02\/Sem-t%C3%ADtulo1.png?resize=525%2C300&ssl=1 1.5x"},"classes":[]},{"id":692,"url":"https:\/\/wp.ufpel.edu.br\/empauta\/custos-elevados-para-manter-um-animal-pode-ser-a-principal-causa-de-abandono\/","url_meta":{"origin":384,"position":2},"title":"Custos elevados para manter um animal pode ser a principal causa de abandono","author":"Em Pauta","date":"14\/05\/2014","format":false,"excerpt":"Por Karina Vaz, Luiza Meirelles e Yasmin Yunes \u00a0O n\u00famero de animais abandonados em Pelotas chega a quase 80 mil. Por iniciativa de um pequeno grupo de volunt\u00e1rios, a SOS Animais \u2013 uma Organiza\u00e7\u00e3o N\u00e3o-Governamental (ONG) \u2013 colabora com a solu\u00e7\u00e3o deste problema por meio da castra\u00e7\u00e3o. Segundo a veterin\u00e1ria\u2026","rel":"","context":"Em &quot;Geral&quot;","block_context":{"text":"Geral","link":"https:\/\/wp.ufpel.edu.br\/empauta\/category\/todos\/geral\/"},"img":{"alt_text":"","src":"https:\/\/i0.wp.com\/img.youtube.com\/vi\/OHdlKfp9bAo\/0.jpg?resize=350%2C200","width":350,"height":200},"classes":[]},{"id":1744,"url":"https:\/\/wp.ufpel.edu.br\/empauta\/dias-mais-frios-afetam-a-rotina-dos-gauchos\/","url_meta":{"origin":384,"position":3},"title":"Dias mais frios afetam a rotina dos ga\u00fachos","author":"Em Pauta","date":"24\/07\/2014","format":false,"excerpt":"Por\u00a0Karina Vaz, Luiza Meirelles e Yasmin Yunes O inverno rec\u00e9m come\u00e7ou e o frio j\u00e1 est\u00e1 deixando os ga\u00fachos com vontade de n\u00e3o sair de casa. A esta\u00e7\u00e3o mais fria do ano, que come\u00e7ou no dia 21 de junho, promete ser bem intensa no Estado. Com as frequentes varia\u00e7\u00f5es de\u2026","rel":"","context":"Em &quot;Qualidade de Vida&quot;","block_context":{"text":"Qualidade de Vida","link":"https:\/\/wp.ufpel.edu.br\/empauta\/category\/todos\/qualidadedevida\/"},"img":{"alt_text":"inverno5x3","src":"https:\/\/i0.wp.com\/wp.ufpel.edu.br\/empauta\/files\/2014\/07\/inverno5x3.png?resize=350%2C200&ssl=1","width":350,"height":200,"srcset":"https:\/\/i0.wp.com\/wp.ufpel.edu.br\/empauta\/files\/2014\/07\/inverno5x3.png?resize=350%2C200&ssl=1 1x, https:\/\/i0.wp.com\/wp.ufpel.edu.br\/empauta\/files\/2014\/07\/inverno5x3.png?resize=525%2C300&ssl=1 1.5x"},"classes":[]},{"id":19415,"url":"https:\/\/wp.ufpel.edu.br\/empauta\/sombra-protetor-solar-e-agua-fresca-como-se-cuidar-no-verao\/","url_meta":{"origin":384,"position":4},"title":"Sombra, protetor solar e \u00e1gua fresca: como se cuidar no ver\u00e3o","author":"Em Pauta","date":"09\/02\/2024","format":false,"excerpt":"Calor pode trazer perda de apetite e problemas para o organismo, confira\u00a0dicas de cuidados com a sa\u00fade na esta\u00e7\u00e3o mais quente do ano\u00a0 Por St\u00e9fane Costa \/ Em Pauta A esta\u00e7\u00e3o mais quente do ano inspira planos que envolvam divers\u00e3o, laser e atividades para fugir do calor. Mas \u00e9 preciso\u2026","rel":"","context":"Em &quot;Geral&quot;","block_context":{"text":"Geral","link":"https:\/\/wp.ufpel.edu.br\/empauta\/category\/todos\/geral\/"},"img":{"alt_text":"","src":"https:\/\/i0.wp.com\/wp.ufpel.edu.br\/empauta\/files\/2024\/02\/mulher-jovem-se-alegra-com-comida-deliciosa-perto-da-piscina-scaled.jpg?resize=350%2C200&ssl=1","width":350,"height":200,"srcset":"https:\/\/i0.wp.com\/wp.ufpel.edu.br\/empauta\/files\/2024\/02\/mulher-jovem-se-alegra-com-comida-deliciosa-perto-da-piscina-scaled.jpg?resize=350%2C200&ssl=1 1x, https:\/\/i0.wp.com\/wp.ufpel.edu.br\/empauta\/files\/2024\/02\/mulher-jovem-se-alegra-com-comida-deliciosa-perto-da-piscina-scaled.jpg?resize=525%2C300&ssl=1 1.5x, https:\/\/i0.wp.com\/wp.ufpel.edu.br\/empauta\/files\/2024\/02\/mulher-jovem-se-alegra-com-comida-deliciosa-perto-da-piscina-scaled.jpg?resize=700%2C400&ssl=1 2x, https:\/\/i0.wp.com\/wp.ufpel.edu.br\/empauta\/files\/2024\/02\/mulher-jovem-se-alegra-com-comida-deliciosa-perto-da-piscina-scaled.jpg?resize=1050%2C600&ssl=1 3x, https:\/\/i0.wp.com\/wp.ufpel.edu.br\/empauta\/files\/2024\/02\/mulher-jovem-se-alegra-com-comida-deliciosa-perto-da-piscina-scaled.jpg?resize=1400%2C800&ssl=1 4x"},"classes":[]},{"id":7596,"url":"https:\/\/wp.ufpel.edu.br\/empauta\/saiba-como-prevenir-as-doencas-de-verao\/","url_meta":{"origin":384,"position":5},"title":"Saiba como prevenir as doen\u00e7as de ver\u00e3o","author":"Em Pauta","date":"10\/01\/2016","format":false,"excerpt":"Por Valqu\u00edria Stephan Com o aumento das temperaturas, algumas doen\u00e7as podem se manifestar durante a esta\u00e7\u00e3o mais quente do ano, afinal muitas bact\u00e9rias se proliferam com o calor. Cuidados com a higiene, alimenta\u00e7\u00e3o, pele e hidrata\u00e7\u00e3o devem ser constantes para os banhistas que querem descansar sem preocupa\u00e7\u00e3o. Algumas medidas podem\u2026","rel":"","context":"Em &quot;Geral&quot;","block_context":{"text":"Geral","link":"https:\/\/wp.ufpel.edu.br\/empauta\/category\/todos\/geral\/"},"img":{"alt_text":"","src":"https:\/\/i0.wp.com\/wp.ufpel.edu.br\/empauta\/files\/2016\/01\/sun-com-uma-febre-39129698.jpg?resize=350%2C200&ssl=1","width":350,"height":200,"srcset":"https:\/\/i0.wp.com\/wp.ufpel.edu.br\/empauta\/files\/2016\/01\/sun-com-uma-febre-39129698.jpg?resize=350%2C200&ssl=1 1x, https:\/\/i0.wp.com\/wp.ufpel.edu.br\/empauta\/files\/2016\/01\/sun-com-uma-febre-39129698.jpg?resize=525%2C300&ssl=1 1.5x, https:\/\/i0.wp.com\/wp.ufpel.edu.br\/empauta\/files\/2016\/01\/sun-com-uma-febre-39129698.jpg?resize=700%2C400&ssl=1 2x, https:\/\/i0.wp.com\/wp.ufpel.edu.br\/empauta\/files\/2016\/01\/sun-com-uma-febre-39129698.jpg?resize=1050%2C600&ssl=1 3x"},"classes":[]}],"_links":{"self":[{"href":"https:\/\/wp.ufpel.edu.br\/empauta\/wp-json\/wp\/v2\/posts\/384","targetHints":{"allow":["GET"]}}],"collection":[{"href":"https:\/\/wp.ufpel.edu.br\/empauta\/wp-json\/wp\/v2\/posts"}],"about":[{"href":"https:\/\/wp.ufpel.edu.br\/empauta\/wp-json\/wp\/v2\/types\/post"}],"author":[{"embeddable":true,"href":"https:\/\/wp.ufpel.edu.br\/empauta\/wp-json\/wp\/v2\/users\/587"}],"replies":[{"embeddable":true,"href":"https:\/\/wp.ufpel.edu.br\/empauta\/wp-json\/wp\/v2\/comments?post=384"}],"version-history":[{"count":1,"href":"https:\/\/wp.ufpel.edu.br\/empauta\/wp-json\/wp\/v2\/posts\/384\/revisions"}],"predecessor-version":[{"id":6970,"href":"https:\/\/wp.ufpel.edu.br\/empauta\/wp-json\/wp\/v2\/posts\/384\/revisions\/6970"}],"wp:attachment":[{"href":"https:\/\/wp.ufpel.edu.br\/empauta\/wp-json\/wp\/v2\/media?parent=384"}],"wp:term":[{"taxonomy":"category","embeddable":true,"href":"https:\/\/wp.ufpel.edu.br\/empauta\/wp-json\/wp\/v2\/categories?post=384"},{"taxonomy":"post_tag","embeddable":true,"href":"https:\/\/wp.ufpel.edu.br\/empauta\/wp-json\/wp\/v2\/tags?post=384"}],"curies":[{"name":"wp","href":"https:\/\/api.w.org\/{rel}","templated":true}]}}