{"id":3674,"date":"2015-04-24T22:58:01","date_gmt":"2015-04-25T01:58:01","guid":{"rendered":"http:\/\/agpel.ufpel.edu.br\/?p=3674"},"modified":"2015-04-24T22:58:01","modified_gmt":"2015-04-25T01:58:01","slug":"voce-sabe-para-que-serve-a-taxa-selic","status":"publish","type":"post","link":"https:\/\/wp.ufpel.edu.br\/empauta\/voce-sabe-para-que-serve-a-taxa-selic\/","title":{"rendered":"Voc\u00ea sabe para qu\u00ea serve a taxa SELIC?"},"content":{"rendered":"<p style=\"text-align: right\">Por<a title=\"Yasmin Benedetti\" href=\"Yasmin Benedetti\">\u00a0Yasmin Benedetti<\/a><\/p>\n<p>&nbsp;<\/p>\n<p style=\"text-align: justify\">O SELIC, Sistema Especial de Liquida\u00e7\u00e3o e de Cust\u00f3dia, \u00e9 respons\u00e1vel por delimitar o \u00edndice no qual os juros cobrados se determinam, a chamada \u201ctaxa b\u00e1sica da economia\u201d, ou seja, a menor taxa de juros poss\u00edvel de se operar no sistema, geralmente utilizada por quem realiza grandes transa\u00e7\u00f5es. O Banco Central do Brasil utiliza o \u00edndice como instrumento de pol\u00edtica monet\u00e1ria para consolidar as metas estabelecidas pelo Comit\u00ea de Pol\u00edtica Monet\u00e1ria (Copom). Portanto, a taxa \u00e9 utilizada para opera\u00e7\u00f5es de curto prazo entre bancos.<\/p>\n<p style=\"text-align: justify\">\u00a0\u00a0\u00a0\u00a0\u00a0\u00a0\u00a0\u00a0\u00a0\u00a0\u00a0 De acordo com o Banco Central, o SELIC seria \u201cum sistema informatizado que se destina \u00e0 cust\u00f3dia de t\u00edtulos escriturais de emiss\u00e3o do tesouro nacional, bem como ao registro e \u00e0 liquida\u00e7\u00e3o de opera\u00e7\u00f5es com esses t\u00edtulos\u201d, sistema de cust\u00f3dia de t\u00edtulos e liquida\u00e7\u00e3o de opera\u00e7\u00f5es, al\u00e9m de negocia\u00e7\u00f5es eletr\u00f4nicas de t\u00edtulos, e mais.<\/p>\n<p style=\"text-align: justify\">\u00a0\u00a0\u00a0\u00a0\u00a0\u00a0\u00a0\u00a0\u00a0\u00a0\u00a0 \u00c9 a partir da SELIC que se formam as demais taxas de juros do pa\u00eds, afetando o: cheque especial, credi\u00e1rio, cart\u00f5es de cr\u00e9dito e at\u00e9 mesmo a poupan\u00e7a. Em geral quanto maior a SELIC, maior os rendimentos na poupan\u00e7a, ou seja em aplica\u00e7\u00f5es de renda fixa. Contudo, quando o Banco Central reduz a SELIC a queda pode demorar a ser sentida, pois os bancos podem tirar a diferen\u00e7a tamb\u00e9m por meio de juros, impostos, como no Imposto sobre Opera\u00e7\u00f5es de Cr\u00e9dito (IOF). Portanto, quando o banco faz um empr\u00e9stimo ele \u00e9 realizado a uma taxa acima da SELIC, visando obter o lucro.<\/p>\n<p style=\"text-align: justify\">\u00a0\u00a0\u00a0\u00a0\u00a0\u00a0\u00a0\u00a0\u00a0\u00a0\u00a0 Segundo a corretora de im\u00f3veis, Hellen Borges, a taxa SELIC influ\u00eancia em todos os tipos de negocia\u00e7\u00f5es, beneficiando todas as \u00e1reas, pois quando aumenta, respectivamente sobe a taxa de juros na compra de autom\u00f3veis, im\u00f3veis, etc. Com este acr\u00e9scimo, as pessoas perdem seu poder de consumo. No caso dos im\u00f3veis, com a eleva\u00e7\u00e3o dos juros do Sistema Brasileiro de Poupan\u00e7a e Empr\u00e9stimo (SBPE), as pessoas param de comprar, devido ao aumento da taxa, dificultando a obten\u00e7\u00e3o do cr\u00e9dito para dar entrada no im\u00f3vel, al\u00e9m do seu valor ficar mais caro em consequ\u00eancia da infla\u00e7\u00e3o, com exce\u00e7\u00e3o de im\u00f3veis do programa do governo federal Minha Casa Minha Vida.<\/p>\n<p style=\"text-align: justify\">\u201cO governo no momento est\u00e1 freando a econ\u00f4mica e desta forma est\u00e1 quebrando o pa\u00eds, est\u00e3o aumentando os impostos e reduzindo o financiamento\u201d, ressalta a corretora.<\/p>\n<p style=\"text-align: justify\">Quando o Banco Central aumenta a taxa SELIC, significa diminuir a liquidez, ou seja, diminuir a quantidade de dinheiro que circula no mercado. Se a taxa estiver alta, h\u00e1 grande circula\u00e7\u00e3o de dinheiro, se estiver baixa, \u00e9 porque existe uma falta de dinheiro, e com pouco volume os juros sobem. Quando se consome mais do que se produz, ocorre um aumento da infla\u00e7\u00e3o, por exemplo, quando h\u00e1 a falta de algum produto no mercado, h\u00e1 o aumento no pre\u00e7o desta mercadoria, \u00e9 a chamada lei da oferta e demanda. Para controlar esta infla\u00e7\u00e3o, \u00e9 aumentada a taxa SELIC, assim \u00e9 feito o controle do consumo de determinado produto.<\/p>\n<p style=\"text-align: justify\">No site da Receita Federal \u00e9 poss\u00edvel checar ainda a taxa de juros acumulados e a de juros incidente sobre as quotas do imposto de renda de pessoa f\u00edsica, importante para aqueles que desejam realizar futuros investimentos. Mais informa\u00e7\u00f5es podem ser checadas no site do Banco Central do Brasil.<\/p>\n<p style=\"text-align: justify\">Links:<\/p>\n<p style=\"text-align: justify\"><a title=\"Manual de uso do SELIC, site do Banco Central do Brasil\" href=\"http:\/\/www.bcb.gov.br\/?SELICINTRO\">Manual de uso do SELIC, site do Banco Central do Brasil<\/a><\/p>\n<p style=\"text-align: justify\"><a title=\"Tabela das taxas SELIC dos \u00faltimos anos, site da Receita Federal\" href=\"http:\/\/idg.receita.fazenda.gov.br\/orientacao\/tributaria\/pagamentos-e-parcelamentos\/taxa-de-juros-selic\">Tabela das taxas SELIC dos \u00faltimos anos, site da Receita Federal<\/a><\/p>\n","protected":false},"excerpt":{"rendered":"<p>Por\u00a0Yasmin Benedetti &nbsp; O SELIC, Sistema Especial de Liquida\u00e7\u00e3o e de Cust\u00f3dia, \u00e9 respons\u00e1vel por delimitar o \u00edndice no qual os juros cobrados se determinam, a chamada \u201ctaxa b\u00e1sica da economia\u201d, ou seja, a&#46;&#46;&#46;<\/p>\n","protected":false},"author":587,"featured_media":3675,"comment_status":"open","ping_status":"open","sticky":false,"template":"","format":"standard","meta":{"jetpack_post_was_ever_published":false,"_jetpack_newsletter_access":"","_jetpack_dont_email_post_to_subs":false,"_jetpack_newsletter_tier_id":0,"_jetpack_memberships_contains_paywalled_content":false,"_jetpack_memberships_contains_paid_content":false,"footnotes":"","jetpack_publicize_message":"","jetpack_publicize_feature_enabled":true,"jetpack_social_post_already_shared":false,"jetpack_social_options":{"image_generator_settings":{"template":"highway","default_image_id":0,"font":"","enabled":false},"version":2}},"categories":[9],"tags":[194],"class_list":["post-3674","post","type-post","status-publish","format-standard","has-post-thumbnail","hentry","category-geral","tag-yasmin-benedetti"],"jetpack_publicize_connections":[],"jetpack_featured_media_url":"","jetpack_sharing_enabled":true,"jetpack_shortlink":"https:\/\/wp.me\/p6Xvzq-Xg","jetpack-related-posts":[{"id":5080,"url":"https:\/\/wp.ufpel.edu.br\/empauta\/um-panorama-economico-fique-atento-ao-que-mudou-nesta-semana\/","url_meta":{"origin":3674,"position":0},"title":"Um panorama econ\u00f4mico: fique atento ao que mudou nesta semana","author":"Em Pauta","date":"22\/10\/2015","format":false,"excerpt":"\u00a0 por Yasmin Vierheller Benedetti Esta foi uma semana de mudan\u00e7as no cen\u00e1rio econ\u00f4mico brasileiro. Fique atento \u00e0s informa\u00e7\u00f5es que o Em Pauta separou. D\u00f3lar: H\u00e1 quatro dias o d\u00f3lar tem fechado em alta consecutiva. A moeda come\u00e7ou a semana em baixa, mas ao longo dos \u00faltimos dias teve um\u2026","rel":"","context":"Em &quot;Geral&quot;","block_context":{"text":"Geral","link":"https:\/\/wp.ufpel.edu.br\/empauta\/category\/todos\/geral\/"},"img":{"alt_text":"Quem acompanha economia viu mudan\u00e7as durante a semana (imagem: ilustra\u00e7\u00e3o)","src":"https:\/\/i0.wp.com\/empauta.ufpel.edu.br\/wp-content\/uploads\/2015\/10\/dinheiro-real-moeda-cedula.jpeg?resize=350%2C200","width":350,"height":200,"srcset":"https:\/\/i0.wp.com\/empauta.ufpel.edu.br\/wp-content\/uploads\/2015\/10\/dinheiro-real-moeda-cedula.jpeg?resize=350%2C200 1x, https:\/\/i0.wp.com\/empauta.ufpel.edu.br\/wp-content\/uploads\/2015\/10\/dinheiro-real-moeda-cedula.jpeg?resize=525%2C300 1.5x"},"classes":[]},{"id":4646,"url":"https:\/\/wp.ufpel.edu.br\/empauta\/aumento-do-dolar-nao-para\/","url_meta":{"origin":3674,"position":1},"title":"Aumento do d\u00f3lar n\u00e3o para","author":"Em Pauta","date":"01\/09\/2015","format":false,"excerpt":"\u00a0 por\u00a0Yasmin Vierheller Benedetti O aumento do d\u00f3lar \u00e9 uma das consequ\u00eancias da crise pol\u00edtica e econ\u00f4mica no pa\u00eds. O afastamento dos investidores, a crise mundial, o aumento dos juros no banco central americano, a d\u00edvida p\u00fablica, s\u00e3o raz\u00f5es para a valoriza\u00e7\u00e3o do d\u00f3lar no Brasil. Os fatores s\u00e3o tanto\u2026","rel":"","context":"Em &quot;Geral&quot;","block_context":{"text":"Geral","link":"https:\/\/wp.ufpel.edu.br\/empauta\/category\/todos\/geral\/"},"img":{"alt_text":"","src":"https:\/\/i0.wp.com\/wp.ufpel.edu.br\/empauta\/files\/2015\/09\/tabela-2.jpg?resize=350%2C200&ssl=1","width":350,"height":200,"srcset":"https:\/\/i0.wp.com\/wp.ufpel.edu.br\/empauta\/files\/2015\/09\/tabela-2.jpg?resize=350%2C200&ssl=1 1x, https:\/\/i0.wp.com\/wp.ufpel.edu.br\/empauta\/files\/2015\/09\/tabela-2.jpg?resize=525%2C300&ssl=1 1.5x"},"classes":[]},{"id":4888,"url":"https:\/\/wp.ufpel.edu.br\/empauta\/banco-central-norte-americano-e-tribunal-de-conta-da-uniao-no-cenario-do-dolar\/","url_meta":{"origin":3674,"position":2},"title":"Banco Central Norte-Americano e Tribunal de Contas da Uni\u00e3o no cen\u00e1rio do d\u00f3lar","author":"Em Pauta","date":"10\/10\/2015","format":false,"excerpt":"por Yasmin Vierheller Benedetti O Banco Central Norte-Americano (Fed) e o Tribunal de Contas da Uni\u00e3o (TCU) fazem parte do cen\u00e1rio atual nas movimenta\u00e7\u00f5es do d\u00f3lar. De acordo com o site InfoMoney, o d\u00f3lar fechou na cota\u00e7\u00e3o de R$ 3,79 nesta quarta-feira; uma queda de 2,17% no dia de ontem.\u2026","rel":"","context":"Em &quot;Geral&quot;","block_context":{"text":"Geral","link":"https:\/\/wp.ufpel.edu.br\/empauta\/category\/todos\/geral\/"},"img":{"alt_text":"","src":"https:\/\/i0.wp.com\/wp.ufpel.edu.br\/empauta\/files\/2015\/10\/1418435937059.jpg?resize=350%2C200&ssl=1","width":350,"height":200,"srcset":"https:\/\/i0.wp.com\/wp.ufpel.edu.br\/empauta\/files\/2015\/10\/1418435937059.jpg?resize=350%2C200&ssl=1 1x, https:\/\/i0.wp.com\/wp.ufpel.edu.br\/empauta\/files\/2015\/10\/1418435937059.jpg?resize=525%2C300&ssl=1 1.5x"},"classes":[]},{"id":4982,"url":"https:\/\/wp.ufpel.edu.br\/empauta\/bolsa-fecha-em-alta-nesta-quinta-feira-mesmo-apos-rebaixamento-da-fitch\/","url_meta":{"origin":3674,"position":3},"title":"Bolsa fecha em alta nesta quinta-feira, mesmo ap\u00f3s rebaixamento da Fitch","author":"Em Pauta","date":"16\/10\/2015","format":false,"excerpt":"por Yasmin Vierheller Benedetti Na \u00faltima quinta-feira a Fitch, ag\u00eancia de classifica\u00e7\u00e3o, reduziu a nota do Brasil de BBB para BBB-, mas manteve o grau de investimento. Mesmo com o impacto negativo na imagem brasileira, a IBOVESPA fechou em alta pela AMBEV, Vale e Petrobras, desconsiderando o rebaixamento anunciado. O\u2026","rel":"","context":"Em &quot;Not\u00edcias&quot;","block_context":{"text":"Not\u00edcias","link":"https:\/\/wp.ufpel.edu.br\/empauta\/category\/noticias\/"},"img":{"alt_text":"","src":"https:\/\/i0.wp.com\/wp.ufpel.edu.br\/empauta\/files\/2015\/10\/384722319.jpg?resize=350%2C200&ssl=1","width":350,"height":200},"classes":[]},{"id":4602,"url":"https:\/\/wp.ufpel.edu.br\/empauta\/o-mercado-de-acoes-para-iniciantes\/","url_meta":{"origin":3674,"position":4},"title":"O mercado de a\u00e7\u00f5es para iniciantes","author":"Em Pauta","date":"26\/08\/2015","format":false,"excerpt":"por\u00a0Yasmin Vierheller Benedetti A bolsa de valores \u00e9 a \u00e1rea onde ocorre a compra e venda de a\u00e7\u00f5es, o centro das negocia\u00e7\u00f5es. \u00c9 o principal local para o cliente que procura transpar\u00eancia nas opera\u00e7\u00f5es do mercado. Para quem deseja investir em a\u00e7\u00f5es \u00e9 aconselh\u00e1vel ir \u00e0 procura de institui\u00e7\u00f5es que\u2026","rel":"","context":"Em &quot;Geral&quot;","block_context":{"text":"Geral","link":"https:\/\/wp.ufpel.edu.br\/empauta\/category\/todos\/geral\/"},"img":{"alt_text":"","src":"https:\/\/i0.wp.com\/wp.ufpel.edu.br\/empauta\/files\/2015\/08\/11944910_10206923991554966_24781132_n.jpg?resize=350%2C200&ssl=1","width":350,"height":200,"srcset":"https:\/\/i0.wp.com\/wp.ufpel.edu.br\/empauta\/files\/2015\/08\/11944910_10206923991554966_24781132_n.jpg?resize=350%2C200&ssl=1 1x, https:\/\/i0.wp.com\/wp.ufpel.edu.br\/empauta\/files\/2015\/08\/11944910_10206923991554966_24781132_n.jpg?resize=525%2C300&ssl=1 1.5x"},"classes":[]},{"id":7335,"url":"https:\/\/wp.ufpel.edu.br\/empauta\/escandalos-abalam-o-preco-nas-acoes-da-petrobras\/","url_meta":{"origin":3674,"position":5},"title":"Esc\u00e2ndalos abalam o pre\u00e7o nas a\u00e7\u00f5es da Petrobras","author":"Em Pauta","date":"23\/11\/2015","format":false,"excerpt":"por Yasmin Vierheller Benedetti Os esc\u00e2ndalos de corrup\u00e7\u00e3o que vem se tornando di\u00e1rios no cen\u00e1rio da Petrobras impactam n\u00e3o apenas a curto, mas a longo prazo a vis\u00e3o da empresa no mercado acion\u00e1rio. As a\u00e7\u00f5es PETR3 e PETR4 fecharam em alta na Bovespa nesta \u00faltima quarta-feira (18), mas ao mesmo\u2026","rel":"","context":"Em &quot;Economia e Pol\u00edtica&quot;","block_context":{"text":"Economia e Pol\u00edtica","link":"https:\/\/wp.ufpel.edu.br\/empauta\/category\/todos\/economiaepolitica\/"},"img":{"alt_text":"Pre\u00e7os das a\u00e7\u00f5es da Petrobras sofrem altera\u00e7\u00f5es (imagem: ilusta\u00e7\u00e3o)","src":"https:\/\/i0.wp.com\/wp.ufpel.edu.br\/empauta\/files\/2015\/11\/bolsa-mercado-inflacao-indicadores-20110906-size-598.jpg?resize=350%2C200&ssl=1","width":350,"height":200,"srcset":"https:\/\/i0.wp.com\/wp.ufpel.edu.br\/empauta\/files\/2015\/11\/bolsa-mercado-inflacao-indicadores-20110906-size-598.jpg?resize=350%2C200&ssl=1 1x, https:\/\/i0.wp.com\/wp.ufpel.edu.br\/empauta\/files\/2015\/11\/bolsa-mercado-inflacao-indicadores-20110906-size-598.jpg?resize=525%2C300&ssl=1 1.5x"},"classes":[]}],"_links":{"self":[{"href":"https:\/\/wp.ufpel.edu.br\/empauta\/wp-json\/wp\/v2\/posts\/3674","targetHints":{"allow":["GET"]}}],"collection":[{"href":"https:\/\/wp.ufpel.edu.br\/empauta\/wp-json\/wp\/v2\/posts"}],"about":[{"href":"https:\/\/wp.ufpel.edu.br\/empauta\/wp-json\/wp\/v2\/types\/post"}],"author":[{"embeddable":true,"href":"https:\/\/wp.ufpel.edu.br\/empauta\/wp-json\/wp\/v2\/users\/587"}],"replies":[{"embeddable":true,"href":"https:\/\/wp.ufpel.edu.br\/empauta\/wp-json\/wp\/v2\/comments?post=3674"}],"version-history":[{"count":0,"href":"https:\/\/wp.ufpel.edu.br\/empauta\/wp-json\/wp\/v2\/posts\/3674\/revisions"}],"wp:featuredmedia":[{"embeddable":true,"href":"https:\/\/wp.ufpel.edu.br\/empauta\/wp-json\/"}],"wp:attachment":[{"href":"https:\/\/wp.ufpel.edu.br\/empauta\/wp-json\/wp\/v2\/media?parent=3674"}],"wp:term":[{"taxonomy":"category","embeddable":true,"href":"https:\/\/wp.ufpel.edu.br\/empauta\/wp-json\/wp\/v2\/categories?post=3674"},{"taxonomy":"post_tag","embeddable":true,"href":"https:\/\/wp.ufpel.edu.br\/empauta\/wp-json\/wp\/v2\/tags?post=3674"}],"curies":[{"name":"wp","href":"https:\/\/api.w.org\/{rel}","templated":true}]}}