{"id":3267,"date":"2014-11-29T20:10:20","date_gmt":"2014-11-29T23:10:20","guid":{"rendered":"http:\/\/agpel.ufpel.edu.br\/?p=3267"},"modified":"2015-11-09T12:54:10","modified_gmt":"2015-11-09T14:54:10","slug":"quanto-custa-ter-um-carro","status":"publish","type":"post","link":"https:\/\/wp.ufpel.edu.br\/empauta\/quanto-custa-ter-um-carro\/","title":{"rendered":"Quanto custa ter um carro?"},"content":{"rendered":"<p style=\"text-align: right\">Por\u00a0<a title=\"Ezekiel Dall'Bello\" href=\"http:\/\/empauta.ufpel.edu.br\/?tag=ezekiel-dallbello\" target=\"_blank\">Ezekiel Dall\u2019Bello<\/a><\/p>\n<p><em>Dinheiro na m\u00e3o n\u00e3o significa que voc\u00ea consiga sustent\u00e1-lo.<\/em><b><\/b><\/p>\n<p style=\"text-align: justify\">O sonho do carro pr\u00f3prio \u00e9 um objetivo que muitos esperam por anos, mas que quando alcan\u00e7am, muitos s\u00e3o tamb\u00e9m os que n\u00e3o veem a hora de revend\u00ea-lo. Os custos para se manter um carro s\u00e3o v\u00e1rios, al\u00e9m do pr\u00f3prio investimento no ve\u00edculo. Mas, afinal, arrecadar dinheiro, abrir uma poupan\u00e7a, fazer um empr\u00e9stimo ou financiamento? Qual seria o melhor caminho? Segundo o economista Almir da Costa, a melhor escolha \u00e9 se planejar.<\/p>\n<div id=\"attachment_3268\" style=\"width: 584px\" class=\"wp-caption aligncenter\"><a href=\"https:\/\/wp.ufpel.edu.br\/empauta\/files\/2014\/11\/02E99947.jpg\"><img loading=\"lazy\" decoding=\"async\" aria-describedby=\"caption-attachment-3268\" class=\" wp-image-3268 \" alt=\"Foto: Reprodu\u00e7\u00e3o (http:\/\/bit.ly\/1FGqgkV)\" src=\"https:\/\/wp.ufpel.edu.br\/empauta\/files\/2014\/11\/02E99947.jpg\" width=\"574\" height=\"383\" \/><\/a><p id=\"caption-attachment-3268\" class=\"wp-caption-text\">Foto: Reprodu\u00e7\u00e3o (http:\/\/bit.ly\/1FGqgkV)<\/p><\/div>\n<p style=\"text-align: justify\">Segundo Almir, o maior problema est\u00e1 em acreditar que apenas o capital voltado para a aquisi\u00e7\u00e3o do ve\u00edculo basta. Uma s\u00e9rie de outros fatores, como seguro, gasolina, manuten\u00e7\u00e3o, pneus e impostos acompanham as necessidades de se manter um carro, o que onera o bolso do propriet\u00e1rio. Em entrevista, o economista apresenta o estudo feito com um de seus clientes, onde comprova o quanto uma pessoa pode pagar a mais por um autom\u00f3vel se n\u00e3o considerar tais fatores.<\/p>\n<p style=\"text-align: justify\">O estudo envolve um comprador que disp\u00f5e de 20 mil reais e deseja adquirir um carro ao pre\u00e7o de 17 mil reais no m\u00eas de janeiro e quitar ao final do ano. Os resultando apresentam as seguintes cifras:<\/p>\n<table class=\"aligncenter\" width=\"603\" border=\"1\" cellspacing=\"0\" cellpadding=\"0\">\n<tbody>\n<tr>\n<td valign=\"top\" width=\"291\"><b>DESPESA<\/b><\/td>\n<td valign=\"top\" width=\"151\"><b>\u00a0 \u00a0 \u00a0 \u00a0CUSTO MENSAL<\/b><\/td>\n<td valign=\"top\" width=\"161\"><b>\u00a0 \u00a0 \u00a0 \u00a0 \u00a0CUSTO ANUAL<\/b><\/td>\n<\/tr>\n<tr>\n<td valign=\"top\" width=\"291\">Entrada<\/td>\n<td valign=\"top\" width=\"151\">\n<p align=\"center\">&#8211;<\/p>\n<\/td>\n<td valign=\"top\" width=\"161\">\n<p align=\"center\">R$ 12.000,00<\/p>\n<\/td>\n<\/tr>\n<tr>\n<td valign=\"top\" width=\"291\">10 Presta\u00e7\u00f5es<\/td>\n<td valign=\"top\" width=\"151\">\n<p align=\"center\">R$ 500,00<\/p>\n<\/td>\n<td valign=\"top\" width=\"161\">\n<p align=\"center\">R$ 5.000,00<\/p>\n<\/td>\n<\/tr>\n<tr>\n<td valign=\"top\" width=\"291\">Juros 1,99 % a.m.<\/td>\n<td valign=\"top\" width=\"151\">\n<p align=\"center\">R$ 9,95<\/p>\n<\/td>\n<td valign=\"top\" width=\"161\">\n<p align=\"center\">RS 99,50<\/p>\n<\/td>\n<\/tr>\n<tr>\n<td valign=\"top\" width=\"291\">Registor Detran<\/td>\n<td valign=\"top\" width=\"151\">\n<p align=\"center\">&#8211;<\/p>\n<\/td>\n<td valign=\"top\" width=\"161\">\n<p align=\"center\">R$ 333,40<\/p>\n<\/td>\n<\/tr>\n<tr>\n<td valign=\"top\" width=\"291\">Gasolina<\/td>\n<td valign=\"top\" width=\"151\">\n<p align=\"center\">RS 150,00<\/p>\n<\/td>\n<td valign=\"top\" width=\"161\">\n<p align=\"center\">RS 1.500,00<\/p>\n<\/td>\n<\/tr>\n<tr>\n<td valign=\"top\" width=\"291\">IPVA<\/td>\n<td valign=\"top\" width=\"151\">\n<p align=\"center\">&#8211;<\/p>\n<\/td>\n<td valign=\"top\" width=\"161\">\n<p align=\"center\">R$ 764, 30<\/p>\n<\/td>\n<\/tr>\n<tr>\n<td valign=\"top\" width=\"291\">Seguro<\/td>\n<td valign=\"top\" width=\"151\">\n<p align=\"center\">&#8211;<\/p>\n<\/td>\n<td valign=\"top\" width=\"161\">\n<p align=\"center\">R$ 1.003,14<\/p>\n<\/td>\n<\/tr>\n<tr>\n<td valign=\"top\" width=\"291\">Manuten\u00e7\u00e3o\/Revis\u00f5es<\/td>\n<td valign=\"top\" width=\"151\">\n<p align=\"center\">&#8211;<\/p>\n<\/td>\n<td valign=\"top\" width=\"161\">\n<p align=\"center\">R$ 500,00<\/p>\n<\/td>\n<\/tr>\n<tr>\n<td valign=\"top\" width=\"291\">Troca de Pneus<\/td>\n<td valign=\"top\" width=\"151\">\n<p align=\"center\">&#8211;<\/p>\n<\/td>\n<td valign=\"top\" width=\"161\">\n<p align=\"center\">R$ 580,00<\/p>\n<\/td>\n<\/tr>\n<tr>\n<td valign=\"top\" width=\"291\">Fundo Reserva (acidentes e imprevistos)<\/td>\n<td valign=\"top\" width=\"151\">\n<p align=\"center\">R$ 100,00<\/p>\n<\/td>\n<td valign=\"top\" width=\"161\">\n<p align=\"center\">R$ 1.000,00<\/p>\n<\/td>\n<\/tr>\n<tr>\n<td valign=\"top\" width=\"291\"><b>TOTAL DE GASTOS PREVISTOS<\/b><\/td>\n<td valign=\"top\" width=\"151\">\n<p align=\"center\"><b>R$ 759,95<\/b><\/p>\n<\/td>\n<td valign=\"top\" width=\"161\">\n<p align=\"center\"><b>R$ 22.780,34<\/b><\/p>\n<\/td>\n<\/tr>\n<\/tbody>\n<\/table>\n<p style=\"text-align: justify\">\n<p style=\"text-align: justify\">O estudo comprova que as despesas podem chegar em quase 23 mil reais, quase 6 mil a mais do que o planejado em investir no ve\u00edculo e 3 mil a mais do que o dispon\u00edvel pelo cliente em quest\u00e3o. Al\u00e9m disso, quase 300 reais a mais em despesas, al\u00e9m da presta\u00e7\u00e3o do ve\u00edculo, tamb\u00e9m se somam \u00e0s despesas mensais b\u00e1scias, o que deixa as contas mais apertadas.<\/p>\n<p style=\"text-align: justify\">O conselho que Almir deixa desse estudo \u00e9 que, antes de qualquer compra ou atitude, o essencial \u00e9 que se fa\u00e7a um planejamento minucioso dos gastos, para evitar qualquer imprevisto, preju\u00edzo ou d\u00edvida. Assim, quando o comprador sente seguran\u00e7a com o planejamento de gastos, e calcula sua receita com suas despesas, pode finalmente realizar seu sonho e ter o seu carro pr\u00f3prio, com a consci\u00eancia (e a carteira) tranquila.<\/p>\n<p style=\"text-align: justify\">\n","protected":false},"excerpt":{"rendered":"<p>Por\u00a0Ezekiel Dall\u2019Bello Dinheiro na m\u00e3o n\u00e3o significa que voc\u00ea consiga sustent\u00e1-lo. O sonho do carro pr\u00f3prio \u00e9 um objetivo que muitos esperam por anos, mas que quando alcan\u00e7am, muitos s\u00e3o tamb\u00e9m os que n\u00e3o&#46;&#46;&#46;<\/p>\n","protected":false},"author":587,"featured_media":3268,"comment_status":"open","ping_status":"open","sticky":false,"template":"","format":"standard","meta":{"jetpack_post_was_ever_published":false,"_jetpack_newsletter_access":"","_jetpack_dont_email_post_to_subs":false,"_jetpack_newsletter_tier_id":0,"_jetpack_memberships_contains_paywalled_content":false,"_jetpack_memberships_contains_paid_content":false,"footnotes":"","jetpack_publicize_message":"","jetpack_publicize_feature_enabled":true,"jetpack_social_post_already_shared":false,"jetpack_social_options":{"image_generator_settings":{"template":"highway","default_image_id":0,"font":"","enabled":false},"version":2}},"categories":[9],"tags":[71],"class_list":["post-3267","post","type-post","status-publish","format-standard","has-post-thumbnail","hentry","category-geral","tag-ezekiel-dallbello"],"jetpack_publicize_connections":[],"jetpack_featured_media_url":"","jetpack_sharing_enabled":true,"jetpack_shortlink":"https:\/\/wp.me\/p6Xvzq-QH","jetpack-related-posts":[{"id":3378,"url":"https:\/\/wp.ufpel.edu.br\/empauta\/inter-projeta-time-para-libertadores-2015\/","url_meta":{"origin":3267,"position":0},"title":"Inter projeta time para Libertadores 2015","author":"Em Pauta","date":"06\/12\/2014","format":false,"excerpt":"Por\u00a0Ezekiel Dall\u2019Bello Colorado busca nomes importantes para o tricampeonato Ao t\u00e9rmino do Campeonato Brasileiro e com a vaga assegurada na Libertadores da Am\u00e9rica 2015, o Internacional j\u00e1 projeta o seu elenco para o ano que vem. Dentre as mudan\u00e7as, jogadores que n\u00e3o devem permanecer na equipe, refor\u00e7os chegando e atletas\u2026","rel":"","context":"Em &quot;Esportes&quot;","block_context":{"text":"Esportes","link":"https:\/\/wp.ufpel.edu.br\/empauta\/category\/todos\/esportes\/"},"img":{"alt_text":"","src":"https:\/\/i0.wp.com\/wp.ufpel.edu.br\/empauta\/files\/2014\/12\/Sem-t%C3%ADtulo.jpg?resize=350%2C200&ssl=1","width":350,"height":200,"srcset":"https:\/\/i0.wp.com\/wp.ufpel.edu.br\/empauta\/files\/2014\/12\/Sem-t%C3%ADtulo.jpg?resize=350%2C200&ssl=1 1x, https:\/\/i0.wp.com\/wp.ufpel.edu.br\/empauta\/files\/2014\/12\/Sem-t%C3%ADtulo.jpg?resize=525%2C300&ssl=1 1.5x, https:\/\/i0.wp.com\/wp.ufpel.edu.br\/empauta\/files\/2014\/12\/Sem-t%C3%ADtulo.jpg?resize=700%2C400&ssl=1 2x"},"classes":[]},{"id":3118,"url":"https:\/\/wp.ufpel.edu.br\/empauta\/os-beneficios-da-erva-mate\/","url_meta":{"origin":3267,"position":1},"title":"Os benef\u00edcios da erva-mate","author":"Em Pauta","date":"17\/11\/2014","format":false,"excerpt":"Por\u00a0Ezekiel Dall\u2019Bello O chimarr\u00e3o, al\u00e9m de ser a bebida mais tradicional do povo ga\u00facho, tamb\u00e9m pode ter finalidades medicinais. A famosa erva-mate (Ilex Paraguariensis), apesar de reunir fam\u00edlias e amigos por todo estado, \u00e9 pouco conhecida em uso medicinal, podendo prevenir, inclusive, infartos. Estudos comprovam que a erva-mate possui em\u2026","rel":"","context":"Em &quot;Qualidade de Vida&quot;","block_context":{"text":"Qualidade de Vida","link":"https:\/\/wp.ufpel.edu.br\/empauta\/category\/todos\/qualidadedevida\/"},"img":{"alt_text":"","src":"https:\/\/i0.wp.com\/wp.ufpel.edu.br\/empauta\/files\/2014\/11\/erva-mate1-1024x577.jpg?resize=350%2C200&ssl=1","width":350,"height":200,"srcset":"https:\/\/i0.wp.com\/wp.ufpel.edu.br\/empauta\/files\/2014\/11\/erva-mate1-1024x577.jpg?resize=350%2C200&ssl=1 1x, https:\/\/i0.wp.com\/wp.ufpel.edu.br\/empauta\/files\/2014\/11\/erva-mate1-1024x577.jpg?resize=525%2C300&ssl=1 1.5x, https:\/\/i0.wp.com\/wp.ufpel.edu.br\/empauta\/files\/2014\/11\/erva-mate1-1024x577.jpg?resize=700%2C400&ssl=1 2x"},"classes":[]},{"id":3045,"url":"https:\/\/wp.ufpel.edu.br\/empauta\/jornalismo-cientifico-tensionamento-entre-ciencia-e-realidade\/","url_meta":{"origin":3267,"position":2},"title":"Jornalismo cient\u00edfico: tensionamento entre ci\u00eancia e realidade","author":"Em Pauta","date":"17\/11\/2014","format":false,"excerpt":"Por\u00a0Ezekiel Dall\u2019Bello A figura do cientista \u00e9 utilizada por muitos ramos para a especifica\u00e7\u00e3o de dados e a consolida\u00e7\u00e3o de conceitos. Partindo-se do pressuposto de que estes profissionais s\u00e3o dominadores do conhecimento e detentores de uma especialidade, na qual s\u00e3o peritos, estes s\u00e3o procurados a fim de garantir uma certeza\u2026","rel":"","context":"Em &quot;Ci\u00eancia e Tecnologia&quot;","block_context":{"text":"Ci\u00eancia e Tecnologia","link":"https:\/\/wp.ufpel.edu.br\/empauta\/category\/todos\/cienciaetecnologia\/"},"img":{"alt_text":"","src":"https:\/\/i0.wp.com\/wp.ufpel.edu.br\/empauta\/files\/2014\/11\/Terremoto1.jpg?resize=350%2C200&ssl=1","width":350,"height":200,"srcset":"https:\/\/i0.wp.com\/wp.ufpel.edu.br\/empauta\/files\/2014\/11\/Terremoto1.jpg?resize=350%2C200&ssl=1 1x, https:\/\/i0.wp.com\/wp.ufpel.edu.br\/empauta\/files\/2014\/11\/Terremoto1.jpg?resize=525%2C300&ssl=1 1.5x, https:\/\/i0.wp.com\/wp.ufpel.edu.br\/empauta\/files\/2014\/11\/Terremoto1.jpg?resize=700%2C400&ssl=1 2x"},"classes":[]},{"id":3177,"url":"https:\/\/wp.ufpel.edu.br\/empauta\/lumbersexual-a-nova-tendencia-masculina\/","url_meta":{"origin":3267,"position":3},"title":"Lumbersexual: a nova tend\u00eancia masculina","author":"Em Pauta","date":"20\/11\/2014","format":false,"excerpt":"Por\u00a0Ezekiel Dall\u2019Bello Voc\u00ea j\u00e1 ouviu falar em Lumbersexual? O termo vem da l\u00edngua inglesa e re\u00fane as palavras \u201cLumber\u201d, traduzida para \u201cmadeira cerrada\u201d, e \u201csexual\u201d, como refer\u00eancia ao g\u00eanero pessoal. A express\u00e3o pode ser resumida em \u201cestilo de lenhador\u201d, usada para definir aquele homem que acompanha a nova tend\u00eancia da\u2026","rel":"","context":"Em &quot;Cultura e Entretenimento&quot;","block_context":{"text":"Cultura e Entretenimento","link":"https:\/\/wp.ufpel.edu.br\/empauta\/category\/todos\/culturaeentretenimento\/"},"img":{"alt_text":"","src":"https:\/\/i0.wp.com\/wp.ufpel.edu.br\/empauta\/files\/2014\/11\/lumber1-1024x512.jpg?resize=350%2C200&ssl=1","width":350,"height":200,"srcset":"https:\/\/i0.wp.com\/wp.ufpel.edu.br\/empauta\/files\/2014\/11\/lumber1-1024x512.jpg?resize=350%2C200&ssl=1 1x, https:\/\/i0.wp.com\/wp.ufpel.edu.br\/empauta\/files\/2014\/11\/lumber1-1024x512.jpg?resize=525%2C300&ssl=1 1.5x, https:\/\/i0.wp.com\/wp.ufpel.edu.br\/empauta\/files\/2014\/11\/lumber1-1024x512.jpg?resize=700%2C400&ssl=1 2x"},"classes":[]},{"id":3270,"url":"https:\/\/wp.ufpel.edu.br\/empauta\/virus-ebola-chega-ao-seu-pior-nivel-na-historia\/","url_meta":{"origin":3267,"position":4},"title":"V\u00edrus EBOLA chega ao seu pior n\u00edvel na hist\u00f3ria","author":"Em Pauta","date":"29\/11\/2014","format":false,"excerpt":"Por\u00a0Ezekiel Dall\u2019Bello Desde que a doen\u00e7a foi descoberta, v\u00edrus atingiu a maior m\u00e9dia de mortes por casos. Segundo a Organiza\u00e7\u00e3o Mundial da Sa\u00fade (OMS), at\u00e9 o dia 21 deste m\u00eas foram diagnosticadas 5.459 v\u00edtimas fatais de 15.351 pessoas infeccionadas. Uma semana depois, o n\u00famero subiu para 5.689 mortes em 15.935\u2026","rel":"","context":"Em &quot;Ci\u00eancia e Tecnologia&quot;","block_context":{"text":"Ci\u00eancia e Tecnologia","link":"https:\/\/wp.ufpel.edu.br\/empauta\/category\/todos\/cienciaetecnologia\/"},"img":{"alt_text":"","src":"https:\/\/i0.wp.com\/wp.ufpel.edu.br\/empauta\/files\/2014\/11\/2012-09-08-congo_ebola.jpg?resize=350%2C200&ssl=1","width":350,"height":200,"srcset":"https:\/\/i0.wp.com\/wp.ufpel.edu.br\/empauta\/files\/2014\/11\/2012-09-08-congo_ebola.jpg?resize=350%2C200&ssl=1 1x, https:\/\/i0.wp.com\/wp.ufpel.edu.br\/empauta\/files\/2014\/11\/2012-09-08-congo_ebola.jpg?resize=525%2C300&ssl=1 1.5x, https:\/\/i0.wp.com\/wp.ufpel.edu.br\/empauta\/files\/2014\/11\/2012-09-08-congo_ebola.jpg?resize=700%2C400&ssl=1 2x"},"classes":[]},{"id":3312,"url":"https:\/\/wp.ufpel.edu.br\/empauta\/tomar-cafe-em-excesso-pode-fazer-mal\/","url_meta":{"origin":3267,"position":5},"title":"Tomar caf\u00e9 em excesso pode fazer mal?","author":"Em Pauta","date":"01\/12\/2014","format":false,"excerpt":"Por\u00a0Ezekiel Dall\u2019Bello O caf\u00e9 \u00e9 indiscutivelmente uma das bebidas mais consumidas do mundo, acompanhando a rotina de pessoas de todo planeta. No Brasil, 97% dos indiv\u00edduos com mais de 15 anos ingerem caf\u00e9 diariamente, conforme dados do Conselho Nacional do Caf\u00e9. J\u00e1 o Instituto Brasileiro do Caf\u00e9 ainda constata que\u2026","rel":"","context":"Em &quot;Qualidade de Vida&quot;","block_context":{"text":"Qualidade de Vida","link":"https:\/\/wp.ufpel.edu.br\/empauta\/category\/todos\/qualidadedevida\/"},"img":{"alt_text":"","src":"","width":0,"height":0},"classes":[]}],"_links":{"self":[{"href":"https:\/\/wp.ufpel.edu.br\/empauta\/wp-json\/wp\/v2\/posts\/3267","targetHints":{"allow":["GET"]}}],"collection":[{"href":"https:\/\/wp.ufpel.edu.br\/empauta\/wp-json\/wp\/v2\/posts"}],"about":[{"href":"https:\/\/wp.ufpel.edu.br\/empauta\/wp-json\/wp\/v2\/types\/post"}],"author":[{"embeddable":true,"href":"https:\/\/wp.ufpel.edu.br\/empauta\/wp-json\/wp\/v2\/users\/587"}],"replies":[{"embeddable":true,"href":"https:\/\/wp.ufpel.edu.br\/empauta\/wp-json\/wp\/v2\/comments?post=3267"}],"version-history":[{"count":1,"href":"https:\/\/wp.ufpel.edu.br\/empauta\/wp-json\/wp\/v2\/posts\/3267\/revisions"}],"predecessor-version":[{"id":5963,"href":"https:\/\/wp.ufpel.edu.br\/empauta\/wp-json\/wp\/v2\/posts\/3267\/revisions\/5963"}],"wp:featuredmedia":[{"embeddable":true,"href":"https:\/\/wp.ufpel.edu.br\/empauta\/wp-json\/"}],"wp:attachment":[{"href":"https:\/\/wp.ufpel.edu.br\/empauta\/wp-json\/wp\/v2\/media?parent=3267"}],"wp:term":[{"taxonomy":"category","embeddable":true,"href":"https:\/\/wp.ufpel.edu.br\/empauta\/wp-json\/wp\/v2\/categories?post=3267"},{"taxonomy":"post_tag","embeddable":true,"href":"https:\/\/wp.ufpel.edu.br\/empauta\/wp-json\/wp\/v2\/tags?post=3267"}],"curies":[{"name":"wp","href":"https:\/\/api.w.org\/{rel}","templated":true}]}}