{"id":3259,"date":"2014-11-29T19:39:40","date_gmt":"2014-11-29T22:39:40","guid":{"rendered":"http:\/\/agpel.ufpel.edu.br\/?p=3259"},"modified":"2015-11-20T15:53:19","modified_gmt":"2015-11-20T17:53:19","slug":"3259","status":"publish","type":"post","link":"https:\/\/wp.ufpel.edu.br\/empauta\/3259\/","title":{"rendered":"Chapa 4 acredita que &#8220;Amanh\u00e3 vai ser outro dia&#8221;"},"content":{"rendered":"<p style=\"text-align: right\">\u00a0\u00a0Por\u00a0<a href=\"http:\/\/empauta.ufpel.edu.br\/agpel.ufpel.edu.br\/?tag=gabriel-bresque\" target=\"_blank\">Gabriel Bresque<\/a>\u00a0e\u00a0<a href=\"http:\/\/empauta.ufpel.edu.br\/agpel.ufpel.edu.br\/?tag=juliana-santos\" target=\"_blank\">Juliana Santos<\/a><\/p>\n<p style=\"text-align: justify\">\u201cNosso norte<i> <\/i>\u00e9 fomentar o engajamento da comunidade estudantil, mobilizando essencialmente os estudantes, trazendo-os para debates em assembleias e plen\u00e1rias\u201d. A fala de Vinicius Moraes, estudante de Filosofia e membro da Chapa 4 define de uma forma bem direta as inten\u00e7\u00f5es e representa\u00e7\u00e3o dos seus colegas no pleito para o DCE 2015 da UFPel. Com \u201cAmanh\u00e3 vai ser um novo dia\u201d estampado no seu nome, nos cartazes e nos pr\u00e9dios da Universidade, esse grupo de estudantes pretende promover a uni\u00e3o de todos os alunos, independente de classe, ra\u00e7a ou sexo. Quer, acima de tudo, unir todos os segmentos t\u00e9cnicos da faculdade em torno do DCE, para construir uma UFPel melhor, a sonhada \u201cUniversidade do Amanh\u00e3\u201d.<\/p>\n<div id=\"attachment_3260\" style=\"width: 682px\" class=\"wp-caption aligncenter\"><a href=\"https:\/\/wp.ufpel.edu.br\/empauta\/files\/2014\/11\/9461_677459829040217_8702888131907256276_n.jpg\"><img loading=\"lazy\" decoding=\"async\" aria-describedby=\"caption-attachment-3260\" class=\" wp-image-3260 \" alt=\"Imagem: Reprodu\u00e7\u00e3o do Facebook (http:\/\/on.fb.me\/1FGojFh)\" src=\"https:\/\/wp.ufpel.edu.br\/empauta\/files\/2014\/11\/9461_677459829040217_8702888131907256276_n.jpg\" width=\"672\" height=\"336\" \/><\/a><p id=\"caption-attachment-3260\" class=\"wp-caption-text\">Imagem: Reprodu\u00e7\u00e3o do Facebook (http:\/\/on.fb.me\/1FGojFh)<\/p><\/div>\n<p style=\"text-align: justify\">A Chapa 4 n\u00e3o quer apenas uma Universidade que traga o novo, quer tamb\u00e9m que a institui\u00e7\u00e3o amadure\u00e7a nas suas lutas sociais. Os membros deixam claro que n\u00e3o pretendem diminuir o preconceito dentro dos campi: querem o eliminar de vez.<\/p>\n<p style=\"text-align: justify\">Daniele Rehling, estudante das Ci\u00eancias Sociais tamb\u00e9m levanta um ponto importante sobre a Chapa: ela tem no seu interior mulheres ligadas diretamente com a defesa contra as opress\u00f5es de g\u00eanero Essa defesa, segundo todas as marcas da Chapa 4 nos pr\u00e9dios da UFPel, em sua p\u00e1gina no Facebook e nos debates, ser\u00e1 uma bandeira priorit\u00e1ria. O slogan \u201cAmanh\u00e3 vai ser um novo dia\u201d promete ser, nas m\u00e3os dos representantes da 4, um grito de liberdade para a Universidade.<\/p>\n<p style=\"text-align: justify\">Para conhecer todas as propostas da Chapa 4, acesse <a href=\"https:\/\/www.facebook.com\/chapa4amanhavaiseroutrodia\" target=\"_blank\">a p\u00e1gina no Facebook<\/a>.<\/p>\n<p style=\"text-align: justify\">Confira o v\u00eddeo e a transcri\u00e7\u00e3o da breve entrevista <strong>na \u00edntegra<\/strong>:<\/p>\n<p style=\"text-align: justify\"><strong>Em Paula UFpel: O que a chapa considera mais importante desempenhar dentro de um DCE?<\/strong><\/p>\n<p style=\"text-align: justify\"><strong>Vinicius Moraes (Filosofia):\u00a0<\/strong>O DCE \u00e9 um instrumento importante de representa\u00e7\u00e3o e participa\u00e7\u00e3o da comunidade estudantil . Eu acho que o norte da Chapa 4 \u201cAmanh\u00e3 vai ser outro dia\u201d \u00e9 fomentar o engajamento da comunidade estudantil, mobilizando essencialmente os estudantes, trazendo eles pro debate, em assembl\u00e9ias, plen\u00e1rias; conciliando os DA\u2019s, atrav\u00e9s de espa\u00e7os de conviv\u00eancia. Um DCE n\u00e3o pode se reduzir, de forma alguma, \u00e0 burocracia de gabinete. Atrav\u00e9s de uma an\u00e1lise m\u00ednima da hist\u00f3ria de lutas do movimento estudantil, n\u00e3o s\u00f3 na Universidade Federal de Pelotas, mas, nas outras universidades, facilmente se chega \u00e0 conclus\u00e3o de que sem luta, sem inflex\u00e3o \u00e0 reitoria, sem mobiliza\u00e7\u00e3o participativa de fato, dos estudantes, n\u00e3o se desenvolve os direitos b\u00e1sicos, seja no que diz respeito ao PNAES (programa de assist\u00eancia estudantil), direitos elementares e indispens\u00e1veis que devem ser logrados.<\/p>\n<p style=\"text-align: justify\"><strong>EMP: Como ser\u00e1 a organiza\u00e7\u00e3o e intera\u00e7\u00e3o para ouvir e dar retorno aos cursos?\u00a0<\/strong><\/p>\n<p style=\"text-align: justify\"><strong>Daniele Rehling (Ci\u00eancias Sociais):\u00a0<\/strong>Assim como o meu companheiro Vin\u00edcius falou, acreditamos que um DCE \u00e9 mais uma ferramenta de mobiliza\u00e7\u00e3o e de luta pra conseguirmos garantir nossos direitos. Como a gente j\u00e1 vem colocando v\u00e1rias vezes, n\u00f3s nos organizamos para al\u00e9m das elei\u00e7\u00f5es para um DCE, que \u00e9 uma coisa que \u00e9 muito importante. Nesse processo, as outras Chapas, principalmente, aparecem agora. At\u00e9 a gest\u00e3o que est\u00e1 colocada no DCE apareceu agora, n\u00e3o garantiu assembleias, congressos estudantis, n\u00e3o garantiu as principais ferramentas de di\u00e1logo entre os cursos. E ent\u00e3o n\u00f3s achamos que essa mobiliza\u00e7\u00e3o que estamos fazendo para al\u00e9m do DCE \u00e9 importante para conseguir estar no DCE. Para transformar essa ferramenta, para ter mais esse mecanismo de luta. Ent\u00e3o achamos que o di\u00e1logo entre os cursos \u00e9 essencial pra gente fomentar, estando dentro dos DA\u2019s, principalmente porque achamos que os DA\u2019s s\u00e3o as entidades principais de di\u00e1logo com os estudantes.<\/p>\n<p style=\"text-align: justify\"><strong>EMP: Qual ou quais propostas sua chapa julga ser prioridade?\u00a0<\/strong><\/p>\n<p style=\"text-align: justify\"><strong>V.M: \u00a0<\/strong>\u00c9 dif\u00edcil falar uma proposta \u00fanica, o nosso programa tem centenas de propostas bem pontuais, n\u00e3o s\u00f3 eleitoreiras, nem vagas, nem gen\u00e9ricas. Mas eu acho que quando se fala em Diret\u00f3rio Central do Estudante, uma proposta, que deve balizar em qualquer programa de gest\u00e3o, \u00e9 a proposta de mobiliza\u00e7\u00e3o, de aglutinar os estudantes. O movimento estudantil est\u00e1 fracionado, fragmentado, os DA\u2019s n\u00e3o dialogam. H\u00e1 anos as \u00faltimas gest\u00f5es e a gest\u00e3o em situa\u00e7\u00e3o n\u00e3o fazem passada em sala, n\u00e3o promove eventos culturais nem art\u00edsticos. Ent\u00e3o acho que essa incumb\u00eancia que n\u00e3o pode ser retirada do DCE de forma alguma \u00e9 a mobiliza\u00e7\u00e3o efetiva. S\u00f3 a luta muda a vida. S\u00f3 a luta de fato. S\u00f3 ocupando reitoria, fazendo marcha, reivindicando direitos b\u00e1sicos que n\u00e3o s\u00e3o atendidos, se consegue lograr esses direitos. Foi assim que conseguimos. N\u00e3o querendo absorver o \u00f4nus da causa, mas foi assim que n\u00f3s, enquanto movimento, conseguimos R.U a dois reais. Conseguimos ampliar o aux\u00edlio moradia para 360 reais. Enfim, conseguimos que depois de quatro anos o edital para a Casa do Estudante, que vai colocar mais de 1500 estudantes, que a verba foi disponibilizada desde 2010, foi s\u00f3 atrav\u00e9s da luta que conseguimos fazer esse edital ser assinado pelo reitor, ocupando o setor administrativo geral da UFPel. Ent\u00e3o acho que quando se fala em uma proposta b\u00e1sica, que funda o nosso programa, \u00e9 mobiliza\u00e7\u00e3o, o fomento da participa\u00e7\u00e3o, n\u00e3o s\u00f3 representa\u00e7\u00e3o, mas participa\u00e7\u00e3o efetiva da comunidade discente. \u00c9 a concilia\u00e7\u00e3o dos DA\u2019s, atrav\u00e9s de espa\u00e7os de conviv\u00eancia. Isso n\u00e3o existe na UFPel, todos os DA\u2019s s\u00e3o esferas isoladas, fragmentadas, fracionadas, que n\u00e3o dialogam, que n\u00e3o interagem. Ent\u00e3o \u00e9 necess\u00e1rio e indispens\u00e1vel que seja promovida, por exemplo, uma Copa Universit\u00e1ria, em todos os DA\u2019s, CA\u2019s e Atl\u00e9ticas. Isso \u00e9 algo que vai integrar. A comunidade estudantil tem que interagir, tem que partilhar as demandas e agregar as pautas e demandas de todos os campos. Uma gest\u00e3o de DCE que n\u00e3o mobiliza, que n\u00e3o faz passagem, n\u00e3o integra a comunidade estudantil \u00e9 nula, \u00e9 s\u00f3 uma extens\u00e3o da reitoria e n\u00e3o tem validade alguma. E a \u00faltima coisa que precisamos \u00e9 isso.<\/p>\n<p style=\"text-align: justify\"><strong>D.R:<\/strong>\u00a0Uma caracter\u00edstica essencial da nossa Chapa, que nos difere bastante das outras \u00e9 a luta contra as opress\u00f5es reais, principalmente a quest\u00e3o do machismo, racismo, homofobia, xenofobia, que tamb\u00e9m \u00e9 uma pauta que reivindicamos h\u00e1 um baita tempo; construindo para al\u00e9m das elei\u00e7\u00f5es do DCE. Ent\u00e3o temos em nossas propostas realizar de fato um congresso estudantil, que \u00e9 algo que est\u00e1 colocado h\u00e1 v\u00e1rios anos e n\u00e3o est\u00e1 sendo realizado, principalmente por essa gest\u00e3o, a quest\u00e3o das assembleias, que s\u00e3o extremamente necess\u00e1rias e n\u00e3o ocorrem h\u00e1 dois anos. Como vamos saber e as coisas est\u00e3o funcionando nos cursos, as demandas dos estudantes se n\u00e3o temos uma assembl\u00e9ia que d\u00ea essa voz pros estudantes. Ent\u00e3o temos v\u00e1rias propostas. Convido a todos e todas a conhecerem a nossa p\u00e1gina no Facebook para conhecer todas as que n\u00e3o cabem no panfleto, a nossa nominata e tamb\u00e9m convidar para participar, porque na nossa Chapa precisamos burocraticamente ter uma nominata certa, inicial. Mas constru\u00edmos nossa Chapa em plen\u00e1rios, nos campi e vamos continuar construindo ela, agregando quem quiser se somar e que entenda que s\u00f3 a luta muda a vida e que a Universidade precisa se pintar de povo, de mulher, de LGBT, de negros e negras.<\/p>\n<p style=\"text-align: justify\"><strong>V.M:<\/strong>\u00a0Outro ponto importante \u00e9 que nossa Chapa \u00e9 uma constru\u00e7\u00e3o coletiva. Todas as nossas delibera\u00e7\u00f5es s\u00e3o tiradas atrav\u00e9s de voto, nossas reuni\u00f5es s\u00e3o abertas, n\u00e3o s\u00e3o secretas como se d\u00e3o tradicionalmente as elei\u00e7\u00f5es pra DCE. Queremos agregar \u00e0 comunidade estudantil. Reunir a comunidade estudantil, coisa que n\u00e3o \u00e9 feita h\u00e1 muitos anos.<\/p>\n","protected":false},"excerpt":{"rendered":"<p>\u00a0\u00a0Por\u00a0Gabriel Bresque\u00a0e\u00a0Juliana Santos \u201cNosso norte \u00e9 fomentar o engajamento da comunidade estudantil, mobilizando essencialmente os estudantes, trazendo-os para debates em assembleias e plen\u00e1rias\u201d. A fala de Vinicius Moraes, estudante de Filosofia e membro da&#46;&#46;&#46;<\/p>\n","protected":false},"author":587,"featured_media":3260,"comment_status":"open","ping_status":"open","sticky":false,"template":"","format":"standard","meta":{"jetpack_post_was_ever_published":false,"_jetpack_newsletter_access":"","_jetpack_dont_email_post_to_subs":false,"_jetpack_newsletter_tier_id":0,"_jetpack_memberships_contains_paywalled_content":false,"_jetpack_memberships_contains_paid_content":false,"footnotes":"","jetpack_publicize_message":"","jetpack_publicize_feature_enabled":true,"jetpack_social_post_already_shared":false,"jetpack_social_options":{"image_generator_settings":{"template":"highway","default_image_id":0,"font":"","enabled":false},"version":2}},"categories":[9],"tags":[77,101],"class_list":["post-3259","post","type-post","status-publish","format-standard","has-post-thumbnail","hentry","category-geral","tag-gabriel-bresque","tag-juliana-santos"],"jetpack_publicize_connections":[],"jetpack_featured_media_url":"","jetpack_sharing_enabled":true,"jetpack_shortlink":"https:\/\/wp.me\/s6Xvzq-3259","jetpack-related-posts":[{"id":3298,"url":"https:\/\/wp.ufpel.edu.br\/empauta\/3298\/","url_meta":{"origin":3259,"position":0},"title":"Chapa 2 quer um Novo Tempo na UFPel","author":"Em Pauta","date":"01\/12\/2014","format":false,"excerpt":"Por\u00a0Gabriel Bresque\u00a0e\u00a0Juliana Santos Formado por dissidentes da Chapa 1, \u00a0a Chapa 2 - Novo tempo se apresenta como uma mudan\u00e7a de fato na UFPel, querendo um DCE que fiscalize, cobre e que , acima de tudo, se aproxime dos estudantes. A chapa 2 conseguiu, logo na sa\u00edda desse pleito, um\u2026","rel":"","context":"Em &quot;Geral&quot;","block_context":{"text":"Geral","link":"https:\/\/wp.ufpel.edu.br\/empauta\/category\/todos\/geral\/"},"img":{"alt_text":"","src":"https:\/\/i0.wp.com\/wp.ufpel.edu.br\/empauta\/files\/2014\/12\/1972343_793504160713882_5044622939995980345_n.jpg?resize=350%2C200&ssl=1","width":350,"height":200,"srcset":"https:\/\/i0.wp.com\/wp.ufpel.edu.br\/empauta\/files\/2014\/12\/1972343_793504160713882_5044622939995980345_n.jpg?resize=350%2C200&ssl=1 1x, https:\/\/i0.wp.com\/wp.ufpel.edu.br\/empauta\/files\/2014\/12\/1972343_793504160713882_5044622939995980345_n.jpg?resize=525%2C300&ssl=1 1.5x, https:\/\/i0.wp.com\/wp.ufpel.edu.br\/empauta\/files\/2014\/12\/1972343_793504160713882_5044622939995980345_n.jpg?resize=700%2C400&ssl=1 2x"},"classes":[]},{"id":3221,"url":"https:\/\/wp.ufpel.edu.br\/empauta\/a-desalambrar-a-chapa-que-quer-abrir-as-portas-da-universidade\/","url_meta":{"origin":3259,"position":1},"title":"A Desalambrar, a chapa que quer abrir as portas da Universidade","author":"Em Pauta","date":"24\/11\/2014","format":false,"excerpt":"\u00a0Por Gabriel Bresque e Juliana Santos A chapa 3 concorrente \u00e0 elei\u00e7\u00e3o para o DCE da UFPel baseia sua ideologia em um conceito b\u00e1sico: a busca por uma Universidade Popular. \u00c9 de seu desejo que a Universidade \u201cquebre seus muros com a sociedade\u201d. Com seu nome A Desalambrar, deseja que\u2026","rel":"","context":"Em &quot;Geral&quot;","block_context":{"text":"Geral","link":"https:\/\/wp.ufpel.edu.br\/empauta\/category\/todos\/geral\/"},"img":{"alt_text":"","src":"https:\/\/i0.wp.com\/wp.ufpel.edu.br\/empauta\/files\/2014\/11\/1545042_323909907792130_4379609337715383515_n.jpg?resize=350%2C200&ssl=1","width":350,"height":200,"srcset":"https:\/\/i0.wp.com\/wp.ufpel.edu.br\/empauta\/files\/2014\/11\/1545042_323909907792130_4379609337715383515_n.jpg?resize=350%2C200&ssl=1 1x, https:\/\/i0.wp.com\/wp.ufpel.edu.br\/empauta\/files\/2014\/11\/1545042_323909907792130_4379609337715383515_n.jpg?resize=525%2C300&ssl=1 1.5x, https:\/\/i0.wp.com\/wp.ufpel.edu.br\/empauta\/files\/2014\/11\/1545042_323909907792130_4379609337715383515_n.jpg?resize=700%2C400&ssl=1 2x"},"classes":[]},{"id":3315,"url":"https:\/\/wp.ufpel.edu.br\/empauta\/o-nome-e-o-mesmo-mas-a-chapa-e-renovada-diz-uma-das-representantes-da-viracao\/","url_meta":{"origin":3259,"position":2},"title":"&#8220;O nome \u00e9 o mesmo, mas a Chapa \u00e9 renovada&#8221;, diz uma das representantes da Vira\u00e7\u00e3o","author":"Em Pauta","date":"01\/12\/2014","format":false,"excerpt":"Por\u00a0Gabriel Bresque\u00a0e\u00a0Juliana Santos Depois de duas vit\u00f3rias, dois anos no DCE, a restaura\u00e7\u00e3o da sede do diret\u00f3rio - que vivia em um pr\u00e9dio caindo aos peda\u00e7os em 2012 - e a inicia\u00e7\u00e3o do projeto de ter o DCE mais pr\u00f3ximo da Universidade, o coletivo Vira\u00e7\u00e3o tenta mais uma vit\u00f3ria, novamente\u2026","rel":"","context":"Em &quot;Geral&quot;","block_context":{"text":"Geral","link":"https:\/\/wp.ufpel.edu.br\/empauta\/category\/todos\/geral\/"},"img":{"alt_text":"","src":"https:\/\/i0.wp.com\/wp.ufpel.edu.br\/empauta\/files\/2014\/12\/10349199_367728256726623_3305094154351848973_n.jpg?resize=350%2C200&ssl=1","width":350,"height":200,"srcset":"https:\/\/i0.wp.com\/wp.ufpel.edu.br\/empauta\/files\/2014\/12\/10349199_367728256726623_3305094154351848973_n.jpg?resize=350%2C200&ssl=1 1x, https:\/\/i0.wp.com\/wp.ufpel.edu.br\/empauta\/files\/2014\/12\/10349199_367728256726623_3305094154351848973_n.jpg?resize=525%2C300&ssl=1 1.5x, https:\/\/i0.wp.com\/wp.ufpel.edu.br\/empauta\/files\/2014\/12\/10349199_367728256726623_3305094154351848973_n.jpg?resize=700%2C400&ssl=1 2x"},"classes":[]},{"id":20972,"url":"https:\/\/wp.ufpel.edu.br\/empauta\/dce-reabre-as-portas-apos-tres-anos-e-promete-fortalecer-a-voz-estudantil\/","url_meta":{"origin":3259,"position":3},"title":"DCE reabre as portas ap\u00f3s tr\u00eas anos e promete fortalecer a voz estudantil","author":"Em Pauta","date":"16\/07\/2025","format":false,"excerpt":"Elei\u00e7\u00f5es para o DCE da UFPel ocorreram entre os dias 17 e 18 de junho, e elegeram a Chapa 3 com 57,3% dos votos v\u00e1lidos. Por Enrique Bohm Desde meados de 2022, o Diret\u00f3rio do Centro Estudantil (DCE) da Universidade Federal de Pelotas (UFPel) estava abandonado e deixado \u00e0s tra\u00e7as.\u2026","rel":"","context":"Em &quot;Educa\u00e7\u00e3o&quot;","block_context":{"text":"Educa\u00e7\u00e3o","link":"https:\/\/wp.ufpel.edu.br\/empauta\/category\/todos\/educacao\/"},"img":{"alt_text":"","src":"https:\/\/i0.wp.com\/wp.ufpel.edu.br\/empauta\/files\/2025\/07\/cerimonia-de-posse-da-nova-gestao-reproducao-instagram.jpg?resize=350%2C200&ssl=1","width":350,"height":200,"srcset":"https:\/\/i0.wp.com\/wp.ufpel.edu.br\/empauta\/files\/2025\/07\/cerimonia-de-posse-da-nova-gestao-reproducao-instagram.jpg?resize=350%2C200&ssl=1 1x, https:\/\/i0.wp.com\/wp.ufpel.edu.br\/empauta\/files\/2025\/07\/cerimonia-de-posse-da-nova-gestao-reproducao-instagram.jpg?resize=525%2C300&ssl=1 1.5x, https:\/\/i0.wp.com\/wp.ufpel.edu.br\/empauta\/files\/2025\/07\/cerimonia-de-posse-da-nova-gestao-reproducao-instagram.jpg?resize=700%2C400&ssl=1 2x, https:\/\/i0.wp.com\/wp.ufpel.edu.br\/empauta\/files\/2025\/07\/cerimonia-de-posse-da-nova-gestao-reproducao-instagram.jpg?resize=1050%2C600&ssl=1 3x"},"classes":[]},{"id":18079,"url":"https:\/\/wp.ufpel.edu.br\/empauta\/as-expectativas-da-representacao-da-ufpel-no-congresso-nacional-da-une\/","url_meta":{"origin":3259,"position":4},"title":"As expectativas da representa\u00e7\u00e3o da UFPel no Congresso Nacional da UNE","author":"Em Pauta","date":"05\/07\/2023","format":false,"excerpt":"Por Kaique Cangirana \/ Ag\u00eancia Em Pauta A chapa 3 \u201cA UFPel que tu quer\u201d, venceu as elei\u00e7\u00f5es para compor a delega\u00e7\u00e3o da universidade no 59\u00ba Congresso Nacional da UNE. As elei\u00e7\u00f5es que aconteceram nos dias 22 e 23 de junho nos campus da Universidade Federal de Pelotas, elegeram os\u2026","rel":"","context":"Em &quot;Geral&quot;","block_context":{"text":"Geral","link":"https:\/\/wp.ufpel.edu.br\/empauta\/category\/todos\/geral\/"},"img":{"alt_text":"","src":"https:\/\/i0.wp.com\/wp.ufpel.edu.br\/empauta\/files\/2023\/07\/une-2.jpg?resize=350%2C200&ssl=1","width":350,"height":200,"srcset":"https:\/\/i0.wp.com\/wp.ufpel.edu.br\/empauta\/files\/2023\/07\/une-2.jpg?resize=350%2C200&ssl=1 1x, https:\/\/i0.wp.com\/wp.ufpel.edu.br\/empauta\/files\/2023\/07\/une-2.jpg?resize=525%2C300&ssl=1 1.5x, https:\/\/i0.wp.com\/wp.ufpel.edu.br\/empauta\/files\/2023\/07\/une-2.jpg?resize=700%2C400&ssl=1 2x, https:\/\/i0.wp.com\/wp.ufpel.edu.br\/empauta\/files\/2023\/07\/une-2.jpg?resize=1050%2C600&ssl=1 3x"},"classes":[]},{"id":16747,"url":"https:\/\/wp.ufpel.edu.br\/empauta\/16747-2\/","url_meta":{"origin":3259,"position":5},"title":"FURG adere ao Dia Nacional Luta pela Educa\u00e7\u00e3o","author":"Em Pauta","date":"17\/10\/2022","format":false,"excerpt":"Mesmo ap\u00f3s o descongelamento do or\u00e7amento, estudantes prometem tomar as ruas do Brasil em defesa da educa\u00e7\u00e3o Vitor Porto \/Em Pauta Nesta ter\u00e7a-feira (18), estudantes, professores e funcion\u00e1rios da Universidade Federal do Rio Grande (FURG) ir\u00e3o participar do Dia Nacional de Luta Contra o Confisco das Verbas da Educa\u00e7\u00e3o. A\u2026","rel":"","context":"Em &quot;Economia e Pol\u00edtica&quot;","block_context":{"text":"Economia e Pol\u00edtica","link":"https:\/\/wp.ufpel.edu.br\/empauta\/category\/todos\/economiaepolitica\/"},"img":{"alt_text":"","src":"https:\/\/i0.wp.com\/wp.ufpel.edu.br\/empauta\/files\/2022\/10\/311820046_552690700189680_8822058087277104367_n.jpg?resize=350%2C200&ssl=1","width":350,"height":200},"classes":[]}],"_links":{"self":[{"href":"https:\/\/wp.ufpel.edu.br\/empauta\/wp-json\/wp\/v2\/posts\/3259","targetHints":{"allow":["GET"]}}],"collection":[{"href":"https:\/\/wp.ufpel.edu.br\/empauta\/wp-json\/wp\/v2\/posts"}],"about":[{"href":"https:\/\/wp.ufpel.edu.br\/empauta\/wp-json\/wp\/v2\/types\/post"}],"author":[{"embeddable":true,"href":"https:\/\/wp.ufpel.edu.br\/empauta\/wp-json\/wp\/v2\/users\/587"}],"replies":[{"embeddable":true,"href":"https:\/\/wp.ufpel.edu.br\/empauta\/wp-json\/wp\/v2\/comments?post=3259"}],"version-history":[{"count":1,"href":"https:\/\/wp.ufpel.edu.br\/empauta\/wp-json\/wp\/v2\/posts\/3259\/revisions"}],"predecessor-version":[{"id":5965,"href":"https:\/\/wp.ufpel.edu.br\/empauta\/wp-json\/wp\/v2\/posts\/3259\/revisions\/5965"}],"wp:featuredmedia":[{"embeddable":true,"href":"https:\/\/wp.ufpel.edu.br\/empauta\/wp-json\/"}],"wp:attachment":[{"href":"https:\/\/wp.ufpel.edu.br\/empauta\/wp-json\/wp\/v2\/media?parent=3259"}],"wp:term":[{"taxonomy":"category","embeddable":true,"href":"https:\/\/wp.ufpel.edu.br\/empauta\/wp-json\/wp\/v2\/categories?post=3259"},{"taxonomy":"post_tag","embeddable":true,"href":"https:\/\/wp.ufpel.edu.br\/empauta\/wp-json\/wp\/v2\/tags?post=3259"}],"curies":[{"name":"wp","href":"https:\/\/api.w.org\/{rel}","templated":true}]}}