{"id":3234,"date":"2014-11-24T14:44:47","date_gmt":"2014-11-24T17:44:47","guid":{"rendered":"http:\/\/agpel.ufpel.edu.br\/?p=3234"},"modified":"2015-11-20T15:53:19","modified_gmt":"2015-11-20T17:53:19","slug":"3234","status":"publish","type":"post","link":"https:\/\/wp.ufpel.edu.br\/empauta\/3234\/","title":{"rendered":"5\u00ba Semin\u00e1rio de Jornalismo acontece nas pr\u00f3ximas quarta (26) e quinta (27)"},"content":{"rendered":"<p style=\"text-align: right\">Por <a title=\"Jean Carlo dos Santos\" href=\"http:\/\/empauta.ufpel.edu.br\/?tag=jean-carlo-dos-santos\" target=\"_blank\">Jean Carlo dos Santos<\/a><\/p>\n<p style=\"text-align: justify\">Nas pr\u00f3ximas quarta e quinta-feira (26 e 27), o curso de jornalismo realiza o 5\u00ba Semin\u00e1rio de Jornalismo da UFPel. Nesta edi\u00e7\u00e3o, o tema do evento \u00e9 &#8220;O Papel do Jornalismo na Forma\u00e7\u00e3o da Cidadania&#8221;.<\/p>\n<p style=\"text-align: justify\">Na quarta-feira, a jornalista Rosina Duarte, da Ag\u00eancia Livre para a informa\u00e7\u00e3o, Cidadania e Educa\u00e7\u00e3o (ALICE), palestra a partir das 19h, logo ap\u00f3s a abertura do semin\u00e1rio pelos organizadores. \u00c0s 20h 40 a professora\u00a0Ilza Maria Tourinho Girardi, da Universidade Federal do Rio Grande do Sul (UFRGS), ter\u00e1 a vez como palestrante. Depois, os estudantes poder\u00e3o fazer perguntas as convidadas.<\/p>\n<p style=\"text-align: justify\">J\u00e1 na quinta-feira, o jornalista Milton Ribeiro, do Portal Sul 21, de Porto Alegre, e o professor Jairo Get\u00falio Ferreira, da Universidade do Vale do Rio dos Sinos (Unisinos), ser\u00e3o os palestrantes convidados.<\/p>\n<p style=\"text-align: justify\">O Semin\u00e1rio ser\u00e1 realizado na sala 437 do Campus Anglo, das 19h \u00e0s 22h, contando com as palestras e per\u00edodo de perguntas. Ele \u00e9 voltado para estudantes de jornalismo e profissionais da comunica\u00e7\u00e3o e a entrada para o evento \u00e9 franca.<\/p>\n<p style=\"text-align: justify\"><strong>Programa\u00e7\u00e3o<\/strong><\/p>\n<p style=\"text-align: justify\">&#8211; Quarta-feira (26)<\/p>\n<p style=\"text-align: justify\">Tema: O Papel do Jornalismo na Forma\u00e7\u00e3o da Cidadania.<\/p>\n<p style=\"text-align: justify\">19h \u2013 Abertura<\/p>\n<p style=\"text-align: justify\">19h 30 \u2013 Palestra com a jornalista Rosina Duarte, da Ag\u00eancia Livre para Informa\u00e7\u00e3o, Cidadania e Educa\u00e7\u00e3o (ALICE)<\/p>\n<p style=\"text-align: justify\">20h 40 \u2013 Palestra com a professora Ilza Maria Tourinho Girardi, da Universidade Federal do Rio Grande do Sul (UFRGS)<\/p>\n<p style=\"text-align: justify\">20h 50 \u2013 Debate<\/p>\n<p style=\"text-align: justify\">22h \u2013 Encerramento<\/p>\n<p style=\"text-align: justify\">&#8211; Quinta-feira (27)<\/p>\n<p style=\"text-align: justify\">Tema: O Papel do Jornalismo na Forma\u00e7\u00e3o da Cidadania<\/p>\n<p style=\"text-align: justify\">19h \u2013 Abertura<\/p>\n<p style=\"text-align: justify\">19h 30 \u2013 Palestra com o jornalista Milton Ribeiro, do Portal Sul 21.<\/p>\n<p style=\"text-align: justify\">20h 40 \u2013 Palestra com o professor Jairo Get\u00falio Ferreira, da Universidade do Vale do Rio dos Sinos (Unisinos)<\/p>\n<p style=\"text-align: justify\">20h 50 \u2013 Debate<\/p>\n<p style=\"text-align: justify\">22h \u2013 Encerramento<\/p>\n","protected":false},"excerpt":{"rendered":"<p>Por Jean Carlo dos Santos Nas pr\u00f3ximas quarta e quinta-feira (26 e 27), o curso de jornalismo realiza o 5\u00ba Semin\u00e1rio de Jornalismo da UFPel. Nesta edi\u00e7\u00e3o, o tema do evento \u00e9 &#8220;O Papel&#46;&#46;&#46;<\/p>\n","protected":false},"author":587,"featured_media":0,"comment_status":"open","ping_status":"open","sticky":false,"template":"","format":"standard","meta":{"jetpack_post_was_ever_published":false,"_jetpack_newsletter_access":"","_jetpack_dont_email_post_to_subs":false,"_jetpack_newsletter_tier_id":0,"_jetpack_memberships_contains_paywalled_content":false,"_jetpack_memberships_contains_paid_content":false,"footnotes":"","jetpack_publicize_message":"","jetpack_publicize_feature_enabled":true,"jetpack_social_post_already_shared":false,"jetpack_social_options":{"image_generator_settings":{"template":"highway","default_image_id":0,"font":"","enabled":false},"version":2}},"categories":[9],"tags":[94],"class_list":["post-3234","post","type-post","status-publish","format-standard","hentry","category-geral","tag-jean-carlo-dos-santos"],"jetpack_publicize_connections":[],"jetpack_featured_media_url":"","jetpack_sharing_enabled":true,"jetpack_shortlink":"https:\/\/wp.me\/s6Xvzq-3234","jetpack-related-posts":[{"id":3247,"url":"https:\/\/wp.ufpel.edu.br\/empauta\/5o-seminario-de-jornalismo-da-ufpel-discute-o-papel-do-jornalista-na-formacao-da-cidadania\/","url_meta":{"origin":3234,"position":0},"title":"5\u00ba Semin\u00e1rio de Jornalismo da UFPel discute o papel do jornalista na forma\u00e7\u00e3o da cidadania","author":"Em Pauta","date":"27\/11\/2014","format":false,"excerpt":"Por Monique Heemann Na \u00faltima quarta-feira (26) teve in\u00edcio o 5\u00ba Semin\u00e1rio de Jornalismo da UFPel. Na oportunidade, a professora Ilza Maria Tourinho Girardi e a jornalista Rosina Duarte debateram o papel do jornalista na forma\u00e7\u00e3o da cidadania. A media\u00e7\u00e3o ficou por conta da professora do curso Silvia Meirelles. Ap\u00f3s\u2026","rel":"","context":"Em &quot;Geral&quot;","block_context":{"text":"Geral","link":"https:\/\/wp.ufpel.edu.br\/empauta\/category\/todos\/geral\/"},"img":{"alt_text":"","src":"https:\/\/i0.wp.com\/wp.ufpel.edu.br\/empauta\/files\/2014\/11\/023-1024x678.jpg?resize=350%2C200&ssl=1","width":350,"height":200,"srcset":"https:\/\/i0.wp.com\/wp.ufpel.edu.br\/empauta\/files\/2014\/11\/023-1024x678.jpg?resize=350%2C200&ssl=1 1x, https:\/\/i0.wp.com\/wp.ufpel.edu.br\/empauta\/files\/2014\/11\/023-1024x678.jpg?resize=525%2C300&ssl=1 1.5x, https:\/\/i0.wp.com\/wp.ufpel.edu.br\/empauta\/files\/2014\/11\/023-1024x678.jpg?resize=700%2C400&ssl=1 2x"},"classes":[]},{"id":1144,"url":"https:\/\/wp.ufpel.edu.br\/empauta\/coloquio-de-jornalismo-recebe-profissionais-da-tv-radio-e-webjornalismo\/","url_meta":{"origin":3234,"position":1},"title":"Col\u00f3quio de Jornalismo recebe profissionais da TV, R\u00e1dio e Webjornalismo","author":"Em Pauta","date":"29\/05\/2014","format":false,"excerpt":"Por Juliana Santos e Jean Carlo dos Santos Na \u00faltima ter\u00e7a (27), professores e estudantes de jornalismo ouviram as impress\u00f5es de radialistas e profissionais da TV da cidade de Pelotas sobre o curso de Jornalismo da UFPel. Representantes da TV C\u00e2mara, da TV Embrapa e das r\u00e1dios Federal FM e\u2026","rel":"","context":"Em &quot;Geral&quot;","block_context":{"text":"Geral","link":"https:\/\/wp.ufpel.edu.br\/empauta\/category\/todos\/geral\/"},"img":{"alt_text":"Not\u00edciaSobreOColoquio1(500-300)","src":"https:\/\/i0.wp.com\/wp.ufpel.edu.br\/empauta\/files\/2014\/05\/Not%C3%ADciaSobreOColoquio1500-300-1024x614.jpg?resize=350%2C200&ssl=1","width":350,"height":200},"classes":[]},{"id":3253,"url":"https:\/\/wp.ufpel.edu.br\/empauta\/estudantes-de-jornalismo-conversam-com-professor-da-unisinos-e-editor-do-sul-21\/","url_meta":{"origin":3234,"position":2},"title":"Estudantes de jornalismo conversam com professor da Unisinos e editor do Sul 21","author":"Em Pauta","date":"28\/11\/2014","format":false,"excerpt":"Por\u00a0Jessica Gebhardt\u00a0e\u00a0Pedro Henrique Kr\u00fcger Ontem \u00e0 noite (27) chegou ao fim o 5\u00ba Semin\u00e1rio de Jornalismo da Universidade Federal de Pelotas (UFPel). No campus Anglo, o jornalista e editor do portal Sul 21, Milton Ribeiro, e o professor da Universidade do Vale do Rio dos Sinos (Unisinos), Jairo Get\u00falio Ferreira,\u2026","rel":"","context":"Em &quot;Geral&quot;","block_context":{"text":"Geral","link":"https:\/\/wp.ufpel.edu.br\/empauta\/category\/todos\/geral\/"},"img":{"alt_text":"","src":"https:\/\/i0.wp.com\/wp.ufpel.edu.br\/empauta\/files\/2014\/11\/003-1024x677.jpg?resize=350%2C200&ssl=1","width":350,"height":200,"srcset":"https:\/\/i0.wp.com\/wp.ufpel.edu.br\/empauta\/files\/2014\/11\/003-1024x677.jpg?resize=350%2C200&ssl=1 1x, https:\/\/i0.wp.com\/wp.ufpel.edu.br\/empauta\/files\/2014\/11\/003-1024x677.jpg?resize=525%2C300&ssl=1 1.5x, https:\/\/i0.wp.com\/wp.ufpel.edu.br\/empauta\/files\/2014\/11\/003-1024x677.jpg?resize=700%2C400&ssl=1 2x"},"classes":[]},{"id":1314,"url":"https:\/\/wp.ufpel.edu.br\/empauta\/mauricio-saraiva-palestra-a-estudantes-de-jornalismo-da-ufpel\/","url_meta":{"origin":3234,"position":3},"title":"Maur\u00edcio Saraiva palestra aos estudantes de Jornalismo da UFPel","author":"Em Pauta","date":"11\/06\/2014","format":false,"excerpt":"Por Jean Carlo dos Santos Na noite de sexta-feira (06), no audit\u00f3rio localizado no quarto andar do Campus Porto da UFPel, ocorreu a palestra ofertada pela Associa\u00e7\u00e3o Atl\u00e9tica Acad\u00eamica de Jornalismo, sendo o palestrante o jornalista Maur\u00edcio Saraiva. O comentarista e apresentador da RBS contou aos alunos um pouco da\u2026","rel":"","context":"Em &quot;Esportes&quot;","block_context":{"text":"Esportes","link":"https:\/\/wp.ufpel.edu.br\/empauta\/category\/todos\/esportes\/"},"img":{"alt_text":"Mauricio3.5","src":"https:\/\/i0.wp.com\/wp.ufpel.edu.br\/empauta\/files\/2014\/06\/Mauricio3.5.jpg?resize=350%2C200&ssl=1","width":350,"height":200,"srcset":"https:\/\/i0.wp.com\/wp.ufpel.edu.br\/empauta\/files\/2014\/06\/Mauricio3.5.jpg?resize=350%2C200&ssl=1 1x, https:\/\/i0.wp.com\/wp.ufpel.edu.br\/empauta\/files\/2014\/06\/Mauricio3.5.jpg?resize=525%2C300&ssl=1 1.5x"},"classes":[]},{"id":9363,"url":"https:\/\/wp.ufpel.edu.br\/empauta\/apresentacao-de-trabalhos-e-palestra-marcam-o-terceiro-dia-de-semana-academica\/","url_meta":{"origin":3234,"position":4},"title":"Apresenta\u00e7\u00e3o de trabalhos e palestra marcam o terceiro dia de Semana Acad\u00eamica","author":"Em Pauta","date":"18\/05\/2017","format":false,"excerpt":"Por Camila Almeida, Mariana Hallal e Marina Amaral \u00a0\u00a0\u00a0\u00a0\u00a0\u00a0 \u00a0\u00a0 O terceiro dia da IV Semana Acad\u00eamica do Jornalismo ocorreu nesta quarta-feira (17). O primeiro destaque do dia foi a apresenta\u00e7\u00e3o de trabalhos acad\u00eamicos feitos por alunos do curso, que ocorreu na parte da tarde no Campus Porto. J\u00e1 \u00e0\u2026","rel":"","context":"Em &quot;Educa\u00e7\u00e3o&quot;","block_context":{"text":"Educa\u00e7\u00e3o","link":"https:\/\/wp.ufpel.edu.br\/empauta\/category\/todos\/educacao\/"},"img":{"alt_text":"","src":"https:\/\/i0.wp.com\/wp.ufpel.edu.br\/empauta\/files\/2017\/05\/IMG_0399.jpg?resize=350%2C200&ssl=1","width":350,"height":200,"srcset":"https:\/\/i0.wp.com\/wp.ufpel.edu.br\/empauta\/files\/2017\/05\/IMG_0399.jpg?resize=350%2C200&ssl=1 1x, https:\/\/i0.wp.com\/wp.ufpel.edu.br\/empauta\/files\/2017\/05\/IMG_0399.jpg?resize=525%2C300&ssl=1 1.5x, https:\/\/i0.wp.com\/wp.ufpel.edu.br\/empauta\/files\/2017\/05\/IMG_0399.jpg?resize=700%2C400&ssl=1 2x, https:\/\/i0.wp.com\/wp.ufpel.edu.br\/empauta\/files\/2017\/05\/IMG_0399.jpg?resize=1050%2C600&ssl=1 3x, https:\/\/i0.wp.com\/wp.ufpel.edu.br\/empauta\/files\/2017\/05\/IMG_0399.jpg?resize=1400%2C800&ssl=1 4x"},"classes":[]},{"id":2430,"url":"https:\/\/wp.ufpel.edu.br\/empauta\/jornalismo-da-ufpel-realiza-segunda-semana-academica\/","url_meta":{"origin":3234,"position":5},"title":"Jornalismo da UFPel realiza segunda Semana Acad\u00eamica","author":"Em Pauta","date":"03\/10\/2014","format":false,"excerpt":"Por Juliana Santos De 06 a 10 de outubro, o curso de Jornalismo da Universidade Federal de Pelotas recebe diversos profissionais da \u00e1rea para complementar a II Semana Acad\u00eamica do curso. O evento, que leva o nome de As Veias Abertas do Jornalismo, vai acontecer no audit\u00f3rio do Campus Porto\u2026","rel":"","context":"Em &quot;Geral&quot;","block_context":{"text":"Geral","link":"https:\/\/wp.ufpel.edu.br\/empauta\/category\/todos\/geral\/"},"img":{"alt_text":"A Semana Acad\u00eamica de 2014 tem como tema \"As veias abertas do Jornalismo\". Foto: Reprodu\u00e7\u00e3o: (http:\/\/goo.gl\/ETiine)","src":"https:\/\/i0.wp.com\/wp.ufpel.edu.br\/empauta\/files\/2014\/10\/A-Semana-Acad%C3%AAmica-de-2014-tem-como-tema-As-veias-abertas-do-Jornalismo.-Foto-Reproducao.jpg?resize=350%2C200&ssl=1","width":350,"height":200,"srcset":"https:\/\/i0.wp.com\/wp.ufpel.edu.br\/empauta\/files\/2014\/10\/A-Semana-Acad%C3%AAmica-de-2014-tem-como-tema-As-veias-abertas-do-Jornalismo.-Foto-Reproducao.jpg?resize=350%2C200&ssl=1 1x, https:\/\/i0.wp.com\/wp.ufpel.edu.br\/empauta\/files\/2014\/10\/A-Semana-Acad%C3%AAmica-de-2014-tem-como-tema-As-veias-abertas-do-Jornalismo.-Foto-Reproducao.jpg?resize=525%2C300&ssl=1 1.5x, https:\/\/i0.wp.com\/wp.ufpel.edu.br\/empauta\/files\/2014\/10\/A-Semana-Acad%C3%AAmica-de-2014-tem-como-tema-As-veias-abertas-do-Jornalismo.-Foto-Reproducao.jpg?resize=700%2C400&ssl=1 2x"},"classes":[]}],"_links":{"self":[{"href":"https:\/\/wp.ufpel.edu.br\/empauta\/wp-json\/wp\/v2\/posts\/3234","targetHints":{"allow":["GET"]}}],"collection":[{"href":"https:\/\/wp.ufpel.edu.br\/empauta\/wp-json\/wp\/v2\/posts"}],"about":[{"href":"https:\/\/wp.ufpel.edu.br\/empauta\/wp-json\/wp\/v2\/types\/post"}],"author":[{"embeddable":true,"href":"https:\/\/wp.ufpel.edu.br\/empauta\/wp-json\/wp\/v2\/users\/587"}],"replies":[{"embeddable":true,"href":"https:\/\/wp.ufpel.edu.br\/empauta\/wp-json\/wp\/v2\/comments?post=3234"}],"version-history":[{"count":1,"href":"https:\/\/wp.ufpel.edu.br\/empauta\/wp-json\/wp\/v2\/posts\/3234\/revisions"}],"predecessor-version":[{"id":7265,"href":"https:\/\/wp.ufpel.edu.br\/empauta\/wp-json\/wp\/v2\/posts\/3234\/revisions\/7265"}],"wp:attachment":[{"href":"https:\/\/wp.ufpel.edu.br\/empauta\/wp-json\/wp\/v2\/media?parent=3234"}],"wp:term":[{"taxonomy":"category","embeddable":true,"href":"https:\/\/wp.ufpel.edu.br\/empauta\/wp-json\/wp\/v2\/categories?post=3234"},{"taxonomy":"post_tag","embeddable":true,"href":"https:\/\/wp.ufpel.edu.br\/empauta\/wp-json\/wp\/v2\/tags?post=3234"}],"curies":[{"name":"wp","href":"https:\/\/api.w.org\/{rel}","templated":true}]}}