{"id":2581,"date":"2014-10-14T23:53:11","date_gmt":"2014-10-15T02:53:11","guid":{"rendered":"http:\/\/agpel.ufpel.edu.br\/?p=2581"},"modified":"2017-11-10T02:19:33","modified_gmt":"2017-11-10T04:19:33","slug":"resenha-do-filme-o-fisico","status":"publish","type":"post","link":"https:\/\/wp.ufpel.edu.br\/empauta\/resenha-do-filme-o-fisico\/","title":{"rendered":"Resenha do filme &#8220;O F\u00edsico&#8221;"},"content":{"rendered":"<p style=\"text-align: right\">Por <a title=\"Gra\u00e7a Vignolo de Siqueira\" href=\"http:\/\/agpel.ufpel.edu.br\/?tag=graca-vignolo-de-siqueira\" target=\"_blank\">Gra\u00e7a Vignolo de Siqueira<\/a><\/p>\n<p style=\"text-align: justify\"><strong>Sinopse:<\/strong><\/p>\n<p style=\"text-align: justify\">\u201cNa Inglaterra, no s\u00e9culo XI, o pequeno Rob v\u00ea sua m\u00e3e morrer v\u00edtima da &#8220;doen\u00e7a do lado&#8221;. O garoto cresce sob os cuidados de Bader (Stellan Sarsgard), o barbeiro local, que vende bebidas para cura de doen\u00e7as. Ao crescer, Rob (Tom Payne) aprende tudo o que Bader sabe sobre cuidar de pessoas doentes, mas ele sonha aprender muito mais. Ent\u00e3o descobre que, na P\u00e9rsia, h\u00e1 um m\u00e9dico famoso, Ibn Sina (Ben Kingsley), que coordena um hospital. Algo impens\u00e1vel na Inglaterra. Para aprender com ele, Rob aceita fazer uma longa viagem rumo \u00e0 \u00c1sia e para isso esconde o fato de ser crist\u00e3o, j\u00e1 que apenas judeus e \u00e1rabes podem entrar na P\u00e9rsia.\u201d<\/p>\n<p style=\"text-align: justify\">Uma das estreias da semana no Cineflix do Shopping Pelotas, The Physician, nome original do filme, \u00e9 baseado no livro do jornalista Noah Gordon, j\u00e1 conhecido por retratar em seus livros a evolu\u00e7\u00e3o da medicina, \u00e9tica m\u00e9dica, cultura judaica e \u00e9poca da Inquisi\u00e7\u00e3o. O livro faz parte de uma trilogia e foi lan\u00e7ado em 1986.<\/p>\n<p style=\"text-align: justify\">\u00a0A hist\u00f3ria inicia na Europa, Idade M\u00e9dia, em plena Idade das Trevas. Tudo que Roma desenvolvera em termos de cura ca\u00edra em esquecimento. Sem m\u00e9dicos ou hospitais, as pessoas estavam nas m\u00e3os de \u201cbarbeiros\/curandeiros\u201d, que com suas bebidas curavam algumas doen\u00e7as.<\/p>\n<p style=\"text-align: justify\">\u00a0Ano de 1021, Inglaterra, Rob Cole v\u00ea chegar o barbeiro Bader no lugar onde mora com a m\u00e3e e o casal de irm\u00e3os. Rob fica fascinado. Por\u00e9m, quando sua m\u00e3e passa mal ele busca por ajuda e nada \u00e9 feito, afinal n\u00e3o sabem o que ela tem.<\/p>\n<p style=\"text-align: justify\">Rob ent\u00e3o \u00e9 descartado pelos moradores do povoado, por ser o mais novo, afinal seus irm\u00e3os poderiam trabalhar. Bader ent\u00e3o fica como seu tutor e lhe ensina tudo o que sabe. Essa primeira parte \u00e9 bem interessante e mostra a<\/p>\n<p style=\"text-align: justify\">disputa de poder entre as principais religi\u00f5es da \u00e9poca: crist\u00e3os, judeus e \u00e1rabes.<\/p>\n<p style=\"text-align: justify\">Esse primeiro mestre de Rob nem deseja que ele siga seus passos, pois sabe o quanto \u00e9 dif\u00edcil ir contra a igreja. Mas j\u00e1 com catarata, n\u00e3o acredita que algu\u00e9m o possa curar. Ent\u00e3o o aprendiz opera o mestre.<\/p>\n<p style=\"text-align: justify\">A partir da\u00ed Rob quer mais e parte em dire\u00e7\u00e3o ao oriente na busca pelo m\u00e9dico que administra um hospital. Ele precisa aprender. No meio do caminho ele conhece Rebecca, o que nem seria t\u00e3o necess\u00e1rio para a hist\u00f3ria, mas \u00e9 compreens\u00edvel.<\/p>\n<p style=\"text-align: justify\">Pausa para apresentar o lindo casal Rob e Rebecca, que deixa o filme mais bonito com suas imagens na tela. Tom Payne j\u00e1 fez A Vida Num S\u00f3 Dia, Reality da Morte e Luck, entre outros. Emma Rigby esteve na nova vers\u00e3o de Amor Sem Fim, O Conselheiro do Crime e Once Upon a Time in Wonderland. O casalzinho faria uma \u00f3tima nova vers\u00e3o para Romeu e Julieta.<\/p>\n<p style=\"text-align: justify\">Rob chega ao seu destino e fica ainda mais fascinado com o que v\u00ea. Quando conhece o grande m\u00e9dico Ibn Sina a afinidade acontece de imediato e logo se torna seu seguidor constante.<\/p>\n<p style=\"text-align: justify\">A epidemia da peste negra se alastra na cidade e com a ajuda de Rob conseguem diminuir o n\u00famero de mortes. O famoso m\u00e9dico ainda assim respeita as limita\u00e7\u00f5es impostas pela religi\u00e3o e n\u00e3o se arrisca a pesquisar cad\u00e1veres, mas Rob n\u00e3o aceita qualquer limite e rompe com todas as regras.<\/p>\n<p style=\"text-align: justify\">A trama ganha um pouco de suspense e a\u00e7\u00e3o e \u00e9 interessante ver Rob com a coragem de se declarar crist\u00e3o e com f\u00e9 ao confrontar o inimigo.<\/p>\n<p style=\"text-align: justify\">Tom personifica otimamente o jovem em busca de respostas e Kingsley defende muito bem seu papel.<\/p>\n<p style=\"text-align: justify\">O filme estreou na Alemanha e Espanha no fim de 2013. Depois foi para o resto do mundo. De produ\u00e7\u00e3o alem\u00e3, foi indicado a cinco pr\u00eamios no German Film Awards, embora sem ganhar nenhum pr\u00eamio.<\/p>\n<p style=\"text-align: justify\">Embora meio lento em alguns momentos gostei do que vi, recomendo para quem goste de filmes de \u00e9poca e minha nota \u00e9 8,9.<\/p>\n<div id=\"attachment_2584\" style=\"width: 595px\" class=\"wp-caption aligncenter\"><a href=\"https:\/\/wp.ufpel.edu.br\/empauta\/files\/2014\/10\/O_Fu00EDsico.jpg\"><img loading=\"lazy\" decoding=\"async\" aria-describedby=\"caption-attachment-2584\" class=\" wp-image-2584\" alt=\"O_Fu00EDsico\" src=\"https:\/\/wp.ufpel.edu.br\/empauta\/files\/2014\/10\/O_Fu00EDsico.jpg\" width=\"585\" height=\"843\" \/><\/a><p id=\"caption-attachment-2584\" class=\"wp-caption-text\">Foto: Divulga\u00e7\u00e3o<\/p><\/div>\n","protected":false},"excerpt":{"rendered":"<p>Por Gra\u00e7a Vignolo de Siqueira Sinopse: \u201cNa Inglaterra, no s\u00e9culo XI, o pequeno Rob v\u00ea sua m\u00e3e morrer v\u00edtima da &#8220;doen\u00e7a do lado&#8221;. O garoto cresce sob os cuidados de Bader (Stellan Sarsgard), o&#46;&#46;&#46;<\/p>\n","protected":false},"author":587,"featured_media":2585,"comment_status":"closed","ping_status":"closed","sticky":false,"template":"","format":"standard","meta":{"jetpack_post_was_ever_published":false,"_jetpack_newsletter_access":"","_jetpack_dont_email_post_to_subs":false,"_jetpack_newsletter_tier_id":0,"_jetpack_memberships_contains_paywalled_content":false,"_jetpack_memberships_contains_paid_content":false,"footnotes":"","jetpack_publicize_message":"","jetpack_publicize_feature_enabled":true,"jetpack_social_post_already_shared":false,"jetpack_social_options":{"image_generator_settings":{"template":"highway","default_image_id":0,"font":"","enabled":false},"version":2}},"categories":[324],"tags":[84],"class_list":["post-2581","post","type-post","status-publish","format-standard","has-post-thumbnail","hentry","category-criticaseresenhas","tag-graca-vignolo-de-siqueira"],"jetpack_publicize_connections":[],"jetpack_featured_media_url":"","jetpack_sharing_enabled":true,"jetpack_shortlink":"https:\/\/wp.me\/p6Xvzq-FD","jetpack-related-posts":[{"id":3678,"url":"https:\/\/wp.ufpel.edu.br\/empauta\/chappie\/","url_meta":{"origin":2581,"position":0},"title":"CHAPPIE","author":"Em Pauta","date":"25\/04\/2015","format":false,"excerpt":"Por\u00a0Gra\u00e7a Vignolo de Siqueira Sinopse: \u201cEm um futuro pr\u00f3ximo, a \u00c1frica do Sul decide substituir os seus policiais humanos por uma frota de rob\u00f4s ultra resistentes.\u00a0 O criador desses modelos, o jovem cientista Deon (Dev Patel), sonha em tornar os rob\u00f4s inteligentes e emotivos, mas a diretora da empresa de\u2026","rel":"","context":"Em &quot;Cr\u00edticas e Resenhas&quot;","block_context":{"text":"Cr\u00edticas e Resenhas","link":"https:\/\/wp.ufpel.edu.br\/empauta\/category\/todos\/criticaseresenhas\/"},"img":{"alt_text":"","src":"https:\/\/i0.wp.com\/wp.ufpel.edu.br\/empauta\/files\/2015\/04\/Chappie-poster.jpg?resize=350%2C200&ssl=1","width":350,"height":200,"srcset":"https:\/\/i0.wp.com\/wp.ufpel.edu.br\/empauta\/files\/2015\/04\/Chappie-poster.jpg?resize=350%2C200&ssl=1 1x, https:\/\/i0.wp.com\/wp.ufpel.edu.br\/empauta\/files\/2015\/04\/Chappie-poster.jpg?resize=525%2C300&ssl=1 1.5x"},"classes":[]},{"id":11972,"url":"https:\/\/wp.ufpel.edu.br\/empauta\/minha-vida-em-marte\/","url_meta":{"origin":2581,"position":1},"title":"MINHA VIDA EM MARTE","author":"Em Pauta","date":"01\/01\/2019","format":false,"excerpt":"Por Gra\u00e7a Vignolo de Siqueira Sinopse: \u201cFernanda (M\u00f4nica Martelli) est\u00e1 casada com Tom (Marcos Palmeira) e juntos t\u00eam uma filha. O casal est\u00e1 em meio ao desgaste causado pelos anos de conv\u00edvio, o que gera atritos constantes. Quem a ajuda a superar a crise \u00e9 seu s\u00f3cio e parceiro insepar\u00e1vel,\u2026","rel":"","context":"Em &quot;Cr\u00edticas e Resenhas&quot;","block_context":{"text":"Cr\u00edticas e Resenhas","link":"https:\/\/wp.ufpel.edu.br\/empauta\/category\/todos\/criticaseresenhas\/"},"img":{"alt_text":"","src":"https:\/\/i0.wp.com\/wp.ufpel.edu.br\/empauta\/files\/2018\/12\/MinhaVidaMarte.ret_.jpg?resize=350%2C200&ssl=1","width":350,"height":200,"srcset":"https:\/\/i0.wp.com\/wp.ufpel.edu.br\/empauta\/files\/2018\/12\/MinhaVidaMarte.ret_.jpg?resize=350%2C200&ssl=1 1x, https:\/\/i0.wp.com\/wp.ufpel.edu.br\/empauta\/files\/2018\/12\/MinhaVidaMarte.ret_.jpg?resize=525%2C300&ssl=1 1.5x, https:\/\/i0.wp.com\/wp.ufpel.edu.br\/empauta\/files\/2018\/12\/MinhaVidaMarte.ret_.jpg?resize=700%2C400&ssl=1 2x"},"classes":[]},{"id":10910,"url":"https:\/\/wp.ufpel.edu.br\/empauta\/o-retorno-do-heroi\/","url_meta":{"origin":2581,"position":2},"title":"O Retorno do Her\u00f3i","author":"Em Pauta","date":"12\/06\/2018","format":false,"excerpt":"Por Gra\u00e7a Vignolo de Siqueira Sinopse: \u201cElisabeth (M\u00e9lanie Laurent) \u00e9 alinhada, s\u00e9ria e honesta. O capit\u00e3o Neuville (Jean Dujardin) \u00e9 covarde, desleal e sem escr\u00fapulos.\u00a0Ela o detesta. Ele a despreza. Mas fazendo dele um her\u00f3i de opereta, ela se torna, sem querer,\u00a0respons\u00e1vel por uma farsa que logo a arrebatar\u00e1.\u201d Filme\u2026","rel":"","context":"Em &quot;Cr\u00edticas e Resenhas&quot;","block_context":{"text":"Cr\u00edticas e Resenhas","link":"https:\/\/wp.ufpel.edu.br\/empauta\/category\/todos\/criticaseresenhas\/"},"img":{"alt_text":"","src":"https:\/\/i0.wp.com\/wp.ufpel.edu.br\/empauta\/files\/2018\/06\/RetornoHeroicartaz.jpg?resize=350%2C200&ssl=1","width":350,"height":200},"classes":[]},{"id":11365,"url":"https:\/\/wp.ufpel.edu.br\/empauta\/alfa\/","url_meta":{"origin":2581,"position":3},"title":"Alfa","author":"Em Pauta","date":"21\/09\/2018","format":false,"excerpt":"Por Gra\u00e7a Vignolo de Siqueira Sinopse: \u201cAp\u00f3s cair de um penhasco e se perder do seu grupo, o jovem Keda (Kodi Smit-McPhee) precisa sobreviver em meio a paisagens selvagens e encontrar o caminho de casa. Atacado por uma matilha, ele consegue ferir um dos lobos, mas decide n\u00e3o matar o\u2026","rel":"","context":"Em &quot;Cr\u00edticas e Resenhas&quot;","block_context":{"text":"Cr\u00edticas e Resenhas","link":"https:\/\/wp.ufpel.edu.br\/empauta\/category\/todos\/criticaseresenhas\/"},"img":{"alt_text":"","src":"https:\/\/i0.wp.com\/wp.ufpel.edu.br\/empauta\/files\/2018\/09\/Alfa.cartaz.jpg?resize=350%2C200&ssl=1","width":350,"height":200},"classes":[]},{"id":4668,"url":"https:\/\/wp.ufpel.edu.br\/empauta\/resenha-hitman-agente-47\/","url_meta":{"origin":2581,"position":4},"title":"Hitman: Agente 47","author":"Em Pauta","date":"05\/09\/2015","format":false,"excerpt":"por Gra\u00e7a Vignolo de Siqueira Sinopse: \u201cAgente 47 (Rupert Friend) \u00e9 um assassino de elite geneticamente modificado criado para ser a m\u00e1quina de matar perfeita. Ele precisa exterminar a mega opera\u00e7\u00e3o que pretende usar o segredo de sua cria\u00e7\u00e3o para a forma\u00e7\u00e3o de um ex\u00e9rcito imbat\u00edvel. Ele junta-se a jovem\u2026","rel":"","context":"Em &quot;Cr\u00edticas e Resenhas&quot;","block_context":{"text":"Cr\u00edticas e Resenhas","link":"https:\/\/wp.ufpel.edu.br\/empauta\/category\/todos\/criticaseresenhas\/"},"img":{"alt_text":"","src":"https:\/\/i0.wp.com\/wp.ufpel.edu.br\/empauta\/files\/2015\/09\/Hitman_poster.jpg?resize=350%2C200&ssl=1","width":350,"height":200,"srcset":"https:\/\/i0.wp.com\/wp.ufpel.edu.br\/empauta\/files\/2015\/09\/Hitman_poster.jpg?resize=350%2C200&ssl=1 1x, https:\/\/i0.wp.com\/wp.ufpel.edu.br\/empauta\/files\/2015\/09\/Hitman_poster.jpg?resize=525%2C300&ssl=1 1.5x"},"classes":[]},{"id":9213,"url":"https:\/\/wp.ufpel.edu.br\/empauta\/a-grande-muralha\/","url_meta":{"origin":2581,"position":5},"title":"A GRANDE MURALHA","author":"Em Pauta","date":"12\/03\/2017","format":false,"excerpt":"Por: Gra\u00e7a Vignolo de Siqueira Sinopse: \u201cNo s\u00e9culo XV, William (Matt Damon) e Tovar (Pedro Pascal) s\u00e3o dois mercen\u00e1rios em busca de \u201cp\u00f3 negro\u201d (p\u00f3lvora). Depois de escaparem do ataque de uma criatura misteriosa, eles se encontram, acidentalmente, aos p\u00e9s da Grande Muralha. L\u00e1, eles acabam aprisionados pelos guerreiros chineses,\u2026","rel":"","context":"Em &quot;Cr\u00edticas e Resenhas&quot;","block_context":{"text":"Cr\u00edticas e Resenhas","link":"https:\/\/wp.ufpel.edu.br\/empauta\/category\/todos\/criticaseresenhas\/"},"img":{"alt_text":"","src":"https:\/\/i0.wp.com\/wp.ufpel.edu.br\/empauta\/files\/2017\/03\/thumbnail_A-Grande-Muralha.jpg?resize=350%2C200&ssl=1","width":350,"height":200,"srcset":"https:\/\/i0.wp.com\/wp.ufpel.edu.br\/empauta\/files\/2017\/03\/thumbnail_A-Grande-Muralha.jpg?resize=350%2C200&ssl=1 1x, https:\/\/i0.wp.com\/wp.ufpel.edu.br\/empauta\/files\/2017\/03\/thumbnail_A-Grande-Muralha.jpg?resize=525%2C300&ssl=1 1.5x, https:\/\/i0.wp.com\/wp.ufpel.edu.br\/empauta\/files\/2017\/03\/thumbnail_A-Grande-Muralha.jpg?resize=700%2C400&ssl=1 2x"},"classes":[]}],"_links":{"self":[{"href":"https:\/\/wp.ufpel.edu.br\/empauta\/wp-json\/wp\/v2\/posts\/2581","targetHints":{"allow":["GET"]}}],"collection":[{"href":"https:\/\/wp.ufpel.edu.br\/empauta\/wp-json\/wp\/v2\/posts"}],"about":[{"href":"https:\/\/wp.ufpel.edu.br\/empauta\/wp-json\/wp\/v2\/types\/post"}],"author":[{"embeddable":true,"href":"https:\/\/wp.ufpel.edu.br\/empauta\/wp-json\/wp\/v2\/users\/587"}],"replies":[{"embeddable":true,"href":"https:\/\/wp.ufpel.edu.br\/empauta\/wp-json\/wp\/v2\/comments?post=2581"}],"version-history":[{"count":1,"href":"https:\/\/wp.ufpel.edu.br\/empauta\/wp-json\/wp\/v2\/posts\/2581\/revisions"}],"predecessor-version":[{"id":6247,"href":"https:\/\/wp.ufpel.edu.br\/empauta\/wp-json\/wp\/v2\/posts\/2581\/revisions\/6247"}],"wp:featuredmedia":[{"embeddable":true,"href":"https:\/\/wp.ufpel.edu.br\/empauta\/wp-json\/"}],"wp:attachment":[{"href":"https:\/\/wp.ufpel.edu.br\/empauta\/wp-json\/wp\/v2\/media?parent=2581"}],"wp:term":[{"taxonomy":"category","embeddable":true,"href":"https:\/\/wp.ufpel.edu.br\/empauta\/wp-json\/wp\/v2\/categories?post=2581"},{"taxonomy":"post_tag","embeddable":true,"href":"https:\/\/wp.ufpel.edu.br\/empauta\/wp-json\/wp\/v2\/tags?post=2581"}],"curies":[{"name":"wp","href":"https:\/\/api.w.org\/{rel}","templated":true}]}}