{"id":21623,"date":"2026-04-27T19:23:38","date_gmt":"2026-04-27T22:23:38","guid":{"rendered":"https:\/\/wp.ufpel.edu.br\/empauta\/?p=21623"},"modified":"2026-04-29T17:23:10","modified_gmt":"2026-04-29T20:23:10","slug":"eterpel-celebra-42-anos","status":"publish","type":"post","link":"https:\/\/wp.ufpel.edu.br\/empauta\/eterpel-celebra-42-anos\/","title":{"rendered":"Eterpel celebra 42 anos"},"content":{"rendered":"<h3>Programa\u00e7\u00e3o reuniu feira criativa, atra\u00e7\u00f5es culturais e servi\u00e7os de sa\u00fade no terminal rodovi\u00e1rio<\/h3>\n<p>Manuela dos Santos \/ Em Pauta<\/p>\n<p>Taissa \u00c1vila \/ Em Pauta<\/p>\n<div id=\"attachment_21627\" style=\"width: 434px\" class=\"wp-caption alignleft\"><a href=\"https:\/\/wp.ufpel.edu.br\/empauta\/files\/2026\/04\/Fotos-Manuela-Santos-2.jpeg\"><img loading=\"lazy\" decoding=\"async\" aria-describedby=\"caption-attachment-21627\" class=\"wp-image-21627 size-medium\" src=\"https:\/\/wp.ufpel.edu.br\/empauta\/files\/2026\/04\/Fotos-Manuela-Santos-2-424x282.jpeg\" alt=\"\" width=\"424\" height=\"282\" srcset=\"https:\/\/wp.ufpel.edu.br\/empauta\/files\/2026\/04\/Fotos-Manuela-Santos-2-424x282.jpeg 424w, https:\/\/wp.ufpel.edu.br\/empauta\/files\/2026\/04\/Fotos-Manuela-Santos-2-212x141.jpeg 212w, https:\/\/wp.ufpel.edu.br\/empauta\/files\/2026\/04\/Fotos-Manuela-Santos-2-768x512.jpeg 768w, https:\/\/wp.ufpel.edu.br\/empauta\/files\/2026\/04\/Fotos-Manuela-Santos-2-1536x1023.jpeg 1536w, https:\/\/wp.ufpel.edu.br\/empauta\/files\/2026\/04\/Fotos-Manuela-Santos-2.jpeg 1600w\" sizes=\"auto, (max-width: 424px) 100vw, 424px\" \/><\/a><p id=\"caption-attachment-21627\" class=\"wp-caption-text\">Anivers\u00e1rio da rodovi\u00e1ria teve bolo e comemora\u00e7\u00f5es. Imagens Manuela dos Santos\/ Em Pauta<\/p><\/div>\n<p>A Empresa do Terminal Rodovi\u00e1rio de Pelotas comemorou seus 42 anos no \u00faltimo s\u00e1bado (18), com um evento gratuito realizado das 14h \u00e0s 18h no terminal rodovi\u00e1rio de Pelotas. A programa\u00e7\u00e3o incluiu feira criativa, apresenta\u00e7\u00f5es art\u00edsticas, a\u00e7\u00f5es sociais e de sa\u00fade, com o objetivo de fortalecer o espa\u00e7o como ponto de cultura, servi\u00e7os e incentivo ao empreendedorismo local.<br \/>\nO diretor-presidente da Eterpel, Afr\u00e2nio \u00c1vila, ressaltou o papel da imprensa na divulga\u00e7\u00e3o das a\u00e7\u00f5es. Ele ressalta que os meios de comunica\u00e7\u00e3o funcionam como elo entre a comunidade e o poder p\u00fablico, al\u00e9m de anunciar projetos futuros para o terminal, como a ocupa\u00e7\u00e3o de 11 unidades comerciais com novos servi\u00e7os voltados aos viajantes contendo farm\u00e1cias, lavanderias, \u00e1rea pet, entre outros.<br \/>\nInaugurada em 18 de abril de 1984, na Avenida Presidente Jo\u00e3o Goulart, a rodovi\u00e1ria de Pelotas vem passando por processos de revitaliza\u00e7\u00e3o e planejamento estrat\u00e9gico. Entre os projetos futuros anunciados pela dire\u00e7\u00e3o, est\u00e3o a cria\u00e7\u00e3o de um espa\u00e7o cultural permanente e a parceria com a Universidade Federal de Pelotas (UFPel) para a implanta\u00e7\u00e3o de um museu que resgate a hist\u00f3ria do terminal.<br \/>\nA programa\u00e7\u00e3o contou com a 1\u00aa Feira Criativa \u201cParada Obrigat\u00f3ria\u201d, organizada em parceria com coletivos locais, promovendo o empreendedorismo e a produ\u00e7\u00e3o regional. O evento tamb\u00e9m teve apresenta\u00e7\u00f5es do CTG Sinuelo do Sul, do Col\u00e9gio Municipal Pelotense e show de Cassiano e Banda, al\u00e9m da participa\u00e7\u00e3o de entidades como Projeto Benjamin, Amparho e Grupo de Apoio aos Cel\u00edacos.<\/p>\n<div id=\"attachment_21624\" style=\"width: 1610px\" class=\"wp-caption aligncenter\"><a href=\"https:\/\/wp.ufpel.edu.br\/empauta\/files\/2026\/04\/Fotos-Manuela-Santos-4.jpeg\"><img loading=\"lazy\" decoding=\"async\" aria-describedby=\"caption-attachment-21624\" class=\"wp-image-21624 size-full\" src=\"https:\/\/wp.ufpel.edu.br\/empauta\/files\/2026\/04\/Fotos-Manuela-Santos-4.jpeg\" alt=\"\" width=\"1600\" height=\"1066\" srcset=\"https:\/\/wp.ufpel.edu.br\/empauta\/files\/2026\/04\/Fotos-Manuela-Santos-4.jpeg 1600w, https:\/\/wp.ufpel.edu.br\/empauta\/files\/2026\/04\/Fotos-Manuela-Santos-4-424x282.jpeg 424w, https:\/\/wp.ufpel.edu.br\/empauta\/files\/2026\/04\/Fotos-Manuela-Santos-4-212x141.jpeg 212w, https:\/\/wp.ufpel.edu.br\/empauta\/files\/2026\/04\/Fotos-Manuela-Santos-4-768x512.jpeg 768w, https:\/\/wp.ufpel.edu.br\/empauta\/files\/2026\/04\/Fotos-Manuela-Santos-4-1536x1023.jpeg 1536w\" sizes=\"auto, (max-width: 1600px) 100vw, 1600px\" \/><\/a><p id=\"caption-attachment-21624\" class=\"wp-caption-text\">Artes\u00e3s tiveram espa\u00e7o para expor seu trabalho na pra\u00e7a<\/p><\/div>\n<p>A artes\u00e3 M\u00f4nica Esteves destacou a import\u00e2ncia da iniciativa para pequenos empreendedores. Segundo ela, participar da feira trouxe visibilidade ao seu trabalho com tric\u00f4 e croch\u00ea, desenvolvido h\u00e1 mais de 20 anos, al\u00e9m da expectativa de boas<br \/>\nvendas devido ao grande p\u00fablico presente.<br \/>\nNa \u00e1rea social, foram oferecidos servi\u00e7os de sa\u00fade, atividades de conscientiza\u00e7\u00e3o e a\u00e7\u00f5es de seguran\u00e7a, como a iniciativa \u201cMulheres com Chegada Segura\u201d. A proposta foi ampliar o papel da rodovi\u00e1ria para al\u00e9m do transporte, transformando o espa\u00e7o em um ambiente de conviv\u00eancia e acesso a servi\u00e7os.<br \/>\nA secret\u00e1ria de Pol\u00edticas para as Mulheres, Marielda Medeiros, enfatizou a import\u00e2ncia da celebra\u00e7\u00e3o e da aproxima\u00e7\u00e3o com a popula\u00e7\u00e3o. Ela destacou a divulga\u00e7\u00e3o do protocolo \u201cN\u00e3o \u00e9 N\u00e3o\u201d e dos servi\u00e7os oferecidos pelo \u00f3rg\u00e3o durante o evento.<\/p>\n<div id=\"attachment_21626\" style=\"width: 434px\" class=\"wp-caption aligncenter\"><a href=\"https:\/\/wp.ufpel.edu.br\/empauta\/files\/2026\/04\/Fotos-Manuela-Santos-1.jpeg\"><img loading=\"lazy\" decoding=\"async\" aria-describedby=\"caption-attachment-21626\" class=\"wp-image-21626 size-medium\" src=\"https:\/\/wp.ufpel.edu.br\/empauta\/files\/2026\/04\/Fotos-Manuela-Santos-1-424x282.jpeg\" alt=\"\" width=\"424\" height=\"282\" srcset=\"https:\/\/wp.ufpel.edu.br\/empauta\/files\/2026\/04\/Fotos-Manuela-Santos-1-424x282.jpeg 424w, https:\/\/wp.ufpel.edu.br\/empauta\/files\/2026\/04\/Fotos-Manuela-Santos-1-212x141.jpeg 212w, https:\/\/wp.ufpel.edu.br\/empauta\/files\/2026\/04\/Fotos-Manuela-Santos-1-768x512.jpeg 768w, https:\/\/wp.ufpel.edu.br\/empauta\/files\/2026\/04\/Fotos-Manuela-Santos-1-1536x1023.jpeg 1536w, https:\/\/wp.ufpel.edu.br\/empauta\/files\/2026\/04\/Fotos-Manuela-Santos-1.jpeg 1600w\" sizes=\"auto, (max-width: 424px) 100vw, 424px\" \/><\/a><p id=\"caption-attachment-21626\" class=\"wp-caption-text\">Grupos de dan\u00e7a gauchesca fizeram apresenta\u00e7\u00f5es<\/p><\/div>\n","protected":false},"excerpt":{"rendered":"<p>Programa\u00e7\u00e3o reuniu feira criativa, atra\u00e7\u00f5es culturais e servi\u00e7os de sa\u00fade no terminal rodovi\u00e1rio Manuela dos Santos \/ Em Pauta Taissa \u00c1vila \/ Em Pauta A Empresa do Terminal Rodovi\u00e1rio de Pelotas comemorou seus 42&#46;&#46;&#46;<\/p>\n","protected":false},"author":587,"featured_media":21627,"comment_status":"closed","ping_status":"closed","sticky":false,"template":"","format":"standard","meta":{"jetpack_post_was_ever_published":false,"_jetpack_newsletter_access":"","_jetpack_dont_email_post_to_subs":false,"_jetpack_newsletter_tier_id":0,"_jetpack_memberships_contains_paywalled_content":false,"_jetpack_memberships_contains_paid_content":false,"footnotes":"","jetpack_publicize_message":"","jetpack_publicize_feature_enabled":true,"jetpack_social_post_already_shared":true,"jetpack_social_options":{"image_generator_settings":{"template":"highway","default_image_id":0,"font":"","enabled":false},"version":2}},"categories":[204,202,438,1,205],"tags":[],"class_list":["post-21623","post","type-post","status-publish","format-standard","has-post-thumbnail","hentry","category-culturaeentretenimento","category-economiaepolitica","category-em-pauta-noticias","category-noticias","category-qualidadedevida"],"jetpack_publicize_connections":[],"jetpack_featured_media_url":"https:\/\/wp.ufpel.edu.br\/empauta\/files\/2026\/04\/Fotos-Manuela-Santos-2.jpeg","jetpack_sharing_enabled":true,"jetpack_shortlink":"https:\/\/wp.me\/p6Xvzq-5CL","jetpack-related-posts":[{"id":12497,"url":"https:\/\/wp.ufpel.edu.br\/empauta\/o-que-funciona-no-feriado-do-dia-do-trabalhador\/","url_meta":{"origin":21623,"position":0},"title":"O que funciona no feriado do Dia do Trabalhador","author":"Em Pauta","date":"30\/04\/2019","format":false,"excerpt":"Amanh\u00e3 (1) \u00e9 feriado do Dia do Trabalhador e como em todos os feriados, alguns servi\u00e7os podem ser alterados. Veja o funcionamento de servi\u00e7os p\u00fablicos na cidade:","rel":"","context":"Em &quot;Geral&quot;","block_context":{"text":"Geral","link":"https:\/\/wp.ufpel.edu.br\/empauta\/category\/todos\/geral\/"},"img":{"alt_text":"","src":"https:\/\/i0.wp.com\/wp.ufpel.edu.br\/empauta\/files\/2019\/04\/53766503_942811379259980_8978863800711118848_n.jpg?resize=350%2C200&ssl=1","width":350,"height":200,"srcset":"https:\/\/i0.wp.com\/wp.ufpel.edu.br\/empauta\/files\/2019\/04\/53766503_942811379259980_8978863800711118848_n.jpg?resize=350%2C200&ssl=1 1x, https:\/\/i0.wp.com\/wp.ufpel.edu.br\/empauta\/files\/2019\/04\/53766503_942811379259980_8978863800711118848_n.jpg?resize=525%2C300&ssl=1 1.5x, https:\/\/i0.wp.com\/wp.ufpel.edu.br\/empauta\/files\/2019\/04\/53766503_942811379259980_8978863800711118848_n.jpg?resize=700%2C400&ssl=1 2x"},"classes":[]},{"id":21610,"url":"https:\/\/wp.ufpel.edu.br\/empauta\/cultura-na-rua-e-no-sofa\/","url_meta":{"origin":21623,"position":1},"title":"Cultura na rua e no Sof\u00e1","author":"Em Pauta","date":"27\/04\/2026","format":false,"excerpt":"Sof\u00e1 na Rua celebra 13 anos com mais de 100 edi\u00e7\u00f5es e reafirma a cultura como ocupa\u00e7\u00e3o do espa\u00e7o p\u00fablico em Pelotas Kailaine Quevedo \/Em Pauta Em uma cidade onde o acesso \u00e0 cultura ainda enfrenta desigualdades, o Sof\u00e1 na Rua chega aos 13 anos como um dos principais movimentos\u2026","rel":"","context":"Em &quot;Cultura e Entretenimento&quot;","block_context":{"text":"Cultura e Entretenimento","link":"https:\/\/wp.ufpel.edu.br\/empauta\/category\/todos\/culturaeentretenimento\/"},"img":{"alt_text":"","src":"https:\/\/i0.wp.com\/wp.ufpel.edu.br\/empauta\/files\/2026\/04\/batacla.jpg?resize=350%2C200&ssl=1","width":350,"height":200,"srcset":"https:\/\/i0.wp.com\/wp.ufpel.edu.br\/empauta\/files\/2026\/04\/batacla.jpg?resize=350%2C200&ssl=1 1x, https:\/\/i0.wp.com\/wp.ufpel.edu.br\/empauta\/files\/2026\/04\/batacla.jpg?resize=525%2C300&ssl=1 1.5x, https:\/\/i0.wp.com\/wp.ufpel.edu.br\/empauta\/files\/2026\/04\/batacla.jpg?resize=700%2C400&ssl=1 2x, https:\/\/i0.wp.com\/wp.ufpel.edu.br\/empauta\/files\/2026\/04\/batacla.jpg?resize=1050%2C600&ssl=1 3x"},"classes":[]},{"id":21352,"url":"https:\/\/wp.ufpel.edu.br\/empauta\/pelotas-recebe-rustica-da-diversidade-inscricoes-abertas-ate-10-de-novembro\/","url_meta":{"origin":21623,"position":2},"title":"Pelotas recebe R\u00fastica da Diversidade: inscri\u00e7\u00f5es abertas at\u00e9 10 de novembro","author":"Em Pauta","date":"03\/11\/2025","format":false,"excerpt":"Corrida integra a programa\u00e7\u00e3o oficial da 24\u00aa Parada da Diversidade e une esporte, inclus\u00e3o e celebra\u00e7\u00e3o Andrine Teixeira \/ Em Pauta As inscri\u00e7\u00f5es para a R\u00fastica da Diversidade est\u00e3o abertas at\u00e9 o dia 10 de novembro. A corrida ocorre na manh\u00e3 de 23 de novembro e faz parte da programa\u00e7\u00e3o\u2026","rel":"","context":"Em &quot;Educa\u00e7\u00e3o&quot;","block_context":{"text":"Educa\u00e7\u00e3o","link":"https:\/\/wp.ufpel.edu.br\/empauta\/category\/todos\/educacao\/"},"img":{"alt_text":"","src":"https:\/\/i0.wp.com\/wp.ufpel.edu.br\/empauta\/files\/2025\/11\/Divulgacao.jpeg?resize=350%2C200&ssl=1","width":350,"height":200,"srcset":"https:\/\/i0.wp.com\/wp.ufpel.edu.br\/empauta\/files\/2025\/11\/Divulgacao.jpeg?resize=350%2C200&ssl=1 1x, https:\/\/i0.wp.com\/wp.ufpel.edu.br\/empauta\/files\/2025\/11\/Divulgacao.jpeg?resize=525%2C300&ssl=1 1.5x, https:\/\/i0.wp.com\/wp.ufpel.edu.br\/empauta\/files\/2025\/11\/Divulgacao.jpeg?resize=700%2C400&ssl=1 2x, https:\/\/i0.wp.com\/wp.ufpel.edu.br\/empauta\/files\/2025\/11\/Divulgacao.jpeg?resize=1050%2C600&ssl=1 3x"},"classes":[]},{"id":12616,"url":"https:\/\/wp.ufpel.edu.br\/empauta\/ufpel-cultural-semana-dos-museus-2019\/","url_meta":{"origin":21623,"position":3},"title":"UFPEL CULTURAL &#8211; Semana dos Museus 2019","author":"Em Pauta","date":"08\/05\/2019","format":false,"excerpt":"A Universidade Federal de Pelotas (UFPel), atrav\u00e9s da Pr\u00f3-Reitoria de Extens\u00e3o e Cultura convida a todos para o Projeto UFPel Cultural 2019, um evento aberto e gratuito que ocorrer\u00e1 no dia 11 de maio na pra\u00e7a Coronel Pedro Os\u00f3rio, das 10h \u00e0s 15h.","rel":"","context":"Em &quot;Cultura e Entretenimento&quot;","block_context":{"text":"Cultura e Entretenimento","link":"https:\/\/wp.ufpel.edu.br\/empauta\/category\/todos\/culturaeentretenimento\/"},"img":{"alt_text":"","src":"https:\/\/i0.wp.com\/wp.ufpel.edu.br\/empauta\/files\/2019\/05\/Artboard-1.png?resize=350%2C200&ssl=1","width":350,"height":200},"classes":[]},{"id":21577,"url":"https:\/\/wp.ufpel.edu.br\/empauta\/pelotas-recebe-atividades-do-dia-mundial-da-criatividade-em-abril\/","url_meta":{"origin":21623,"position":4},"title":"Pelotas recebe atividades do Dia Mundial da Criatividade em abril\u00a0","author":"Em Pauta","date":"17\/04\/2026","format":false,"excerpt":"Evento faz parte de uma iniciativa global de incentivo a criatividade e inova\u00e7\u00e3o e conta com 80 atividades gratuitas em cinco locais da cidade\u00a0 \u00a0 Por Vanessa Ferro\/ Em Pauta\u00a0 \u00a0 Nos dias 21, 22 e 23 de abril, Pelotas recebe o Dia Mundial da Criatividade (World Creativity Day) 2026.\u2026","rel":"","context":"Em &quot;Ci\u00eancia e Tecnologia&quot;","block_context":{"text":"Ci\u00eancia e Tecnologia","link":"https:\/\/wp.ufpel.edu.br\/empauta\/category\/todos\/cienciaetecnologia\/"},"img":{"alt_text":"","src":"https:\/\/i0.wp.com\/wp.ufpel.edu.br\/empauta\/files\/2026\/04\/Imagem-Ilustrativa_-Foto_-WCD_Site1.jpeg?resize=350%2C200&ssl=1","width":350,"height":200,"srcset":"https:\/\/i0.wp.com\/wp.ufpel.edu.br\/empauta\/files\/2026\/04\/Imagem-Ilustrativa_-Foto_-WCD_Site1.jpeg?resize=350%2C200&ssl=1 1x, https:\/\/i0.wp.com\/wp.ufpel.edu.br\/empauta\/files\/2026\/04\/Imagem-Ilustrativa_-Foto_-WCD_Site1.jpeg?resize=525%2C300&ssl=1 1.5x, https:\/\/i0.wp.com\/wp.ufpel.edu.br\/empauta\/files\/2026\/04\/Imagem-Ilustrativa_-Foto_-WCD_Site1.jpeg?resize=700%2C400&ssl=1 2x"},"classes":[]},{"id":19990,"url":"https:\/\/wp.ufpel.edu.br\/empauta\/a-abertura-da-30a-edicao-da-fenadoce-aconteceu-nesta-quarta-feira-17\/","url_meta":{"origin":21623,"position":5},"title":"A abertura da 30\u00aa edi\u00e7\u00e3o da Fenadoce aconteceu nesta quarta-feira (17)","author":"Em Pauta","date":"22\/07\/2024","format":false,"excerpt":"A cidade de Pelotas est\u00e1 recebendo a 30\u00aa edi\u00e7\u00e3o da Feira Nacional do Doce (FENADOCE), que se estende at\u00e9 o dia 4 de agosto, com uma programa\u00e7\u00e3o repleta de atra\u00e7\u00f5es. Por Carolina Soares e Guilherme Santana \/ Em Pauta Com o tema \u201c\u00c9 tempo de reconstruir\u2026 \u00c9 tempo de criar\u2026","rel":"","context":"Em &quot;Cultura e Entretenimento&quot;","block_context":{"text":"Cultura e Entretenimento","link":"https:\/\/wp.ufpel.edu.br\/empauta\/category\/todos\/culturaeentretenimento\/"},"img":{"alt_text":"","src":"https:\/\/i0.wp.com\/wp.ufpel.edu.br\/empauta\/files\/2024\/07\/Foto-3-scaled.jpg?resize=350%2C200&ssl=1","width":350,"height":200,"srcset":"https:\/\/i0.wp.com\/wp.ufpel.edu.br\/empauta\/files\/2024\/07\/Foto-3-scaled.jpg?resize=350%2C200&ssl=1 1x, https:\/\/i0.wp.com\/wp.ufpel.edu.br\/empauta\/files\/2024\/07\/Foto-3-scaled.jpg?resize=525%2C300&ssl=1 1.5x, https:\/\/i0.wp.com\/wp.ufpel.edu.br\/empauta\/files\/2024\/07\/Foto-3-scaled.jpg?resize=700%2C400&ssl=1 2x, https:\/\/i0.wp.com\/wp.ufpel.edu.br\/empauta\/files\/2024\/07\/Foto-3-scaled.jpg?resize=1050%2C600&ssl=1 3x, https:\/\/i0.wp.com\/wp.ufpel.edu.br\/empauta\/files\/2024\/07\/Foto-3-scaled.jpg?resize=1400%2C800&ssl=1 4x"},"classes":[]}],"_links":{"self":[{"href":"https:\/\/wp.ufpel.edu.br\/empauta\/wp-json\/wp\/v2\/posts\/21623","targetHints":{"allow":["GET"]}}],"collection":[{"href":"https:\/\/wp.ufpel.edu.br\/empauta\/wp-json\/wp\/v2\/posts"}],"about":[{"href":"https:\/\/wp.ufpel.edu.br\/empauta\/wp-json\/wp\/v2\/types\/post"}],"author":[{"embeddable":true,"href":"https:\/\/wp.ufpel.edu.br\/empauta\/wp-json\/wp\/v2\/users\/587"}],"replies":[{"embeddable":true,"href":"https:\/\/wp.ufpel.edu.br\/empauta\/wp-json\/wp\/v2\/comments?post=21623"}],"version-history":[{"count":3,"href":"https:\/\/wp.ufpel.edu.br\/empauta\/wp-json\/wp\/v2\/posts\/21623\/revisions"}],"predecessor-version":[{"id":21647,"href":"https:\/\/wp.ufpel.edu.br\/empauta\/wp-json\/wp\/v2\/posts\/21623\/revisions\/21647"}],"wp:featuredmedia":[{"embeddable":true,"href":"https:\/\/wp.ufpel.edu.br\/empauta\/wp-json\/wp\/v2\/media\/21627"}],"wp:attachment":[{"href":"https:\/\/wp.ufpel.edu.br\/empauta\/wp-json\/wp\/v2\/media?parent=21623"}],"wp:term":[{"taxonomy":"category","embeddable":true,"href":"https:\/\/wp.ufpel.edu.br\/empauta\/wp-json\/wp\/v2\/categories?post=21623"},{"taxonomy":"post_tag","embeddable":true,"href":"https:\/\/wp.ufpel.edu.br\/empauta\/wp-json\/wp\/v2\/tags?post=21623"}],"curies":[{"name":"wp","href":"https:\/\/api.w.org\/{rel}","templated":true}]}}