{"id":21610,"date":"2026-04-27T18:49:09","date_gmt":"2026-04-27T21:49:09","guid":{"rendered":"https:\/\/wp.ufpel.edu.br\/empauta\/?p=21610"},"modified":"2026-04-27T19:04:04","modified_gmt":"2026-04-27T22:04:04","slug":"cultura-na-rua-e-no-sofa","status":"publish","type":"post","link":"https:\/\/wp.ufpel.edu.br\/empauta\/cultura-na-rua-e-no-sofa\/","title":{"rendered":"Cultura na rua e no Sof\u00e1"},"content":{"rendered":"<h3><b>Sof\u00e1 na Rua celebra 13 anos com mais de 100 edi\u00e7\u00f5es e reafirma a cultura como ocupa\u00e7\u00e3o do espa\u00e7o p\u00fablico em Pelotas<\/b><\/h3>\n<div id=\"attachment_21611\" style=\"width: 1189px\" class=\"wp-caption aligncenter\"><a href=\"https:\/\/wp.ufpel.edu.br\/empauta\/files\/2026\/04\/sofa-13-.jpg\"><img loading=\"lazy\" decoding=\"async\" aria-describedby=\"caption-attachment-21611\" class=\"wp-image-21611 size-full\" src=\"https:\/\/wp.ufpel.edu.br\/empauta\/files\/2026\/04\/sofa-13-.jpg\" alt=\"\" width=\"1179\" height=\"659\" srcset=\"https:\/\/wp.ufpel.edu.br\/empauta\/files\/2026\/04\/sofa-13-.jpg 1179w, https:\/\/wp.ufpel.edu.br\/empauta\/files\/2026\/04\/sofa-13--424x237.jpg 424w, https:\/\/wp.ufpel.edu.br\/empauta\/files\/2026\/04\/sofa-13--212x118.jpg 212w, https:\/\/wp.ufpel.edu.br\/empauta\/files\/2026\/04\/sofa-13--768x429.jpg 768w\" sizes=\"auto, (max-width: 1179px) 100vw, 1179px\" \/><\/a><p id=\"caption-attachment-21611\" class=\"wp-caption-text\"><em> Feira criativa e cultural da edi\u00e7\u00e3o de 13 anos do Sof\u00e1 na Rua. Foto: Kailaine Quevedo \/ Em Pauta<\/em><\/p><\/div>\n<p><strong><em>Kailaine Quevedo \/Em Pauta<\/em><\/strong><\/p>\n<p><b>Em uma cidade onde o acesso \u00e0 cultura ainda enfrenta desigualdades, o Sof\u00e1 na Rua chega aos 13 anos como um dos principais movimentos de ocupa\u00e7\u00e3o do espa\u00e7o p\u00fablico em Pelotas, reunindo milhares de pessoas e reafirmando a arte como direito.<\/b> Criado em 2012, no bairro Porto, o projeto j\u00e1 realizou mais de 100 edi\u00e7\u00f5es e se consolidou como refer\u00eancia na promo\u00e7\u00e3o de atividades culturais gratuitas e na valoriza\u00e7\u00e3o de artistas independentes.<\/p>\n<p>O que come\u00e7ou de forma simples, com a proposta de levar debates e manifesta\u00e7\u00f5es culturais para a rua, se transformou em um movimento de grande alcance, que hoje articula a\u00e7\u00f5es dentro e fora do Rio Grande do Sul.<\/p>\n<p>\u201cA gente inicia de uma forma muito despretensiosa, colocando o sof\u00e1 na rua na inten\u00e7\u00e3o de debater pautas urgentes, trazer pautas de dentro para fora, para a rua\u201d, explica a produtora do Sof\u00e1 na Rua, Renata Pinhati.<\/p>\n<h3><b>Crescimento e mudan\u00e7a de escala<\/b><\/h3>\n<p>Nas primeiras edi\u00e7\u00f5es, o p\u00fablico era menor, com o passar do tempo, o evento ganhou visibilidade e passou a atrair cada vez mais pessoas, o que exigiu mudan\u00e7as na estrutura e nos locais de realiza\u00e7\u00e3o.<\/p>\n<p>\u201cCada edi\u00e7\u00e3o ia aumentando. Era 400, 500 pessoas, at\u00e9 a gente chegar a mil. E a\u00ed a gente entendeu a necessidade de migrar de espa\u00e7o\u201d, relembra a produtora do Sof\u00e1 na Rua.<\/p>\n<p>O Sof\u00e1 teve in\u00edcio na Rua Almirante Tamandar\u00e9, no bairro Porto, e passou por diferentes pontos da cidade ao longo dos anos. Atualmente, o evento n\u00e3o possui um espa\u00e7o fixo e funciona de forma itinerante.<\/p>\n<h3><b>Cultura como direito e debate sobre a cidade<\/b><\/h3>\n<p>Mais do que um evento cultural, o Sof\u00e1 na Rua se posiciona como um movimento que prop\u00f5e reflex\u00f5es sobre o uso do espa\u00e7o urbano e o acesso \u00e0 cultura. A ocupa\u00e7\u00e3o das ruas faz parte da ess\u00eancia do projeto.<\/p>\n<p>\u201cEu entendo o Sof\u00e1 na Rua como um movimento muito importante de ocupa\u00e7\u00e3o de espa\u00e7o p\u00fablico, de debate sobre a cidade e, principalmente, de democratiza\u00e7\u00e3o do acesso \u00e0 arte e \u00e0 cultura\u201d, afirma Pinhati.<\/p>\n<p>Essa proposta acompanha o projeto desde o in\u00edcio e segue como um dos principais pilares da iniciativa, aproximando o p\u00fablico das produ\u00e7\u00f5es culturais de forma gratuita.<\/p>\n<h3><b>Expans\u00e3o e atua\u00e7\u00e3o em rede<\/b><\/h3>\n<p>Com o crescimento, o Sof\u00e1 na Rua ultrapassou os limites de Pelotas e passou a atuar em outras regi\u00f5es do pa\u00eds. Atualmente, o movimento est\u00e1 presente em cidades do Rio Grande do Sul, como Jaguar\u00e3o, Bag\u00e9 e Chu\u00ed, al\u00e9m de estados como S\u00e3o Paulo, Rio de Janeiro e Minas Gerais.<\/p>\n<p>\u201cN\u00e3o \u00e9 um movimento que se estanca aqui. A gente se espalha por diversos territ\u00f3rios, sempre com a mesma proposta de fazer com que a arte e a cultura local estejam em protagonismo\u201d, destaca Renata.<\/p>\n<p>A expans\u00e3o fortalece a circula\u00e7\u00e3o de artistas e amplia o alcance da cultura independente.<\/p>\n<h3><b>Estrutura e financiamento<\/b><\/h3>\n<p>Hoje, o Sof\u00e1 na Rua se organiza como uma associa\u00e7\u00e3o sem fins lucrativos e conta com uma equipe fixa de profissionais da \u00e1rea cultural.<\/p>\n<p>\u201cA gente tem uma equipe de mais de 10 profissionais s\u00f3 em Pelotas. E a nossa sustentabilidade vem principalmente de editais p\u00fablicos para a cultura\u201d, explica a produtora.<\/p>\n<p>A edi\u00e7\u00e3o de 13 anos \u00e9 financiada por meio de uma emenda parlamentar, o que, segundo a organiza\u00e7\u00e3o, refor\u00e7a a import\u00e2ncia das pol\u00edticas p\u00fablicas para a cultura.<\/p>\n<h3><b>Programa\u00e7\u00e3o e diversidade<\/b><\/h3>\n<div id=\"attachment_21612\" style=\"width: 1189px\" class=\"wp-caption aligncenter\"><a href=\"https:\/\/wp.ufpel.edu.br\/empauta\/files\/2026\/04\/batacla.jpg\"><img loading=\"lazy\" decoding=\"async\" aria-describedby=\"caption-attachment-21612\" class=\"wp-image-21612 size-full\" src=\"https:\/\/wp.ufpel.edu.br\/empauta\/files\/2026\/04\/batacla.jpg\" alt=\"\" width=\"1179\" height=\"638\" srcset=\"https:\/\/wp.ufpel.edu.br\/empauta\/files\/2026\/04\/batacla.jpg 1179w, https:\/\/wp.ufpel.edu.br\/empauta\/files\/2026\/04\/batacla-424x229.jpg 424w, https:\/\/wp.ufpel.edu.br\/empauta\/files\/2026\/04\/batacla-212x115.jpg 212w, https:\/\/wp.ufpel.edu.br\/empauta\/files\/2026\/04\/batacla-768x416.jpg 768w\" sizes=\"auto, (max-width: 1179px) 100vw, 1179px\" \/><\/a><p id=\"caption-attachment-21612\" class=\"wp-caption-text\">Show do Grupo Batacl\u00e3 FC foi um espet\u00e1culo de m\u00fasica e imagens<\/p><\/div>\n<p>A programa\u00e7\u00e3o do festival re\u00fane artistas locais, nacionais e internacionais, refor\u00e7ando a diversidade cultural e a identidade latino-americana do evento. Al\u00e9m dos shows, o p\u00fablico tamb\u00e9m pode acompanhar a Feira Criativa do Sof\u00e1, com expositores de arte, moda e gastronomia local.<\/p>\n<p>Com m\u00e9dia de milhares de pessoas por edi\u00e7\u00e3o, o Sof\u00e1 na Rua se mant\u00e9m como um espa\u00e7o de encontro, troca e valoriza\u00e7\u00e3o da cultura independente.<\/p>\n<p>Ap\u00f3s mais de uma d\u00e9cada, o Sof\u00e1 na Rua segue se reinventando sem perder sua ess\u00eancia. A proposta de ocupar o espa\u00e7o p\u00fablico com arte e promover o acesso democr\u00e1tico \u00e0 cultura continua sendo o principal motor do projeto.<\/p>\n<p>Mais do que um evento, o Sof\u00e1 se consolida como um movimento cultural que transforma a cidade em palco e fortalece a rela\u00e7\u00e3o entre cultura e comunidade.<\/p>\n<p>&nbsp;<\/p>\n","protected":false},"excerpt":{"rendered":"<p>Sof\u00e1 na Rua celebra 13 anos com mais de 100 edi\u00e7\u00f5es e reafirma a cultura como ocupa\u00e7\u00e3o do espa\u00e7o p\u00fablico em Pelotas Kailaine Quevedo \/Em Pauta Em uma cidade onde o acesso \u00e0 cultura&#46;&#46;&#46;<\/p>\n","protected":false},"author":587,"featured_media":21612,"comment_status":"closed","ping_status":"closed","sticky":false,"template":"","format":"standard","meta":{"jetpack_post_was_ever_published":false,"_jetpack_newsletter_access":"","_jetpack_dont_email_post_to_subs":false,"_jetpack_newsletter_tier_id":0,"_jetpack_memberships_contains_paywalled_content":false,"_jetpack_memberships_contains_paid_content":false,"footnotes":"","jetpack_publicize_message":"","jetpack_publicize_feature_enabled":true,"jetpack_social_post_already_shared":true,"jetpack_social_options":{"image_generator_settings":{"template":"highway","default_image_id":0,"font":"","enabled":false},"version":2}},"categories":[204,438,205],"tags":[],"class_list":["post-21610","post","type-post","status-publish","format-standard","has-post-thumbnail","hentry","category-culturaeentretenimento","category-em-pauta-noticias","category-qualidadedevida"],"jetpack_publicize_connections":[],"jetpack_featured_media_url":"https:\/\/wp.ufpel.edu.br\/empauta\/files\/2026\/04\/batacla.jpg","jetpack_sharing_enabled":true,"jetpack_shortlink":"https:\/\/wp.me\/p6Xvzq-5Cy","jetpack-related-posts":[{"id":21583,"url":"https:\/\/wp.ufpel.edu.br\/empauta\/viaje-nos-13-anos-do-sofa\/","url_meta":{"origin":21610,"position":0},"title":"Viaje nos 13 anos do Sof\u00e1","author":"Em Pauta","date":"17\/04\/2026","format":false,"excerpt":"Festival cultural celebra anivers\u00e1rio com atra\u00e7\u00f5es nacionais e internacionais, neste domingo, no centro hist\u00f3rico Joana Bendjouya\/ Sof\u00e1 na Rua Carlos Dominguez \/ Em Pauta Imagine tudo que pode caber em um sof\u00e1 em meio a uma multid\u00e3o de pessoas que usam o domingo para respirar fora da caixa e se\u2026","rel":"","context":"Em &quot;Cultura e Entretenimento&quot;","block_context":{"text":"Cultura e Entretenimento","link":"https:\/\/wp.ufpel.edu.br\/empauta\/category\/todos\/culturaeentretenimento\/"},"img":{"alt_text":"","src":"https:\/\/i0.wp.com\/wp.ufpel.edu.br\/empauta\/files\/2026\/04\/1000446396.jpg?resize=350%2C200&ssl=1","width":350,"height":200,"srcset":"https:\/\/i0.wp.com\/wp.ufpel.edu.br\/empauta\/files\/2026\/04\/1000446396.jpg?resize=350%2C200&ssl=1 1x, https:\/\/i0.wp.com\/wp.ufpel.edu.br\/empauta\/files\/2026\/04\/1000446396.jpg?resize=525%2C300&ssl=1 1.5x, https:\/\/i0.wp.com\/wp.ufpel.edu.br\/empauta\/files\/2026\/04\/1000446396.jpg?resize=700%2C400&ssl=1 2x, https:\/\/i0.wp.com\/wp.ufpel.edu.br\/empauta\/files\/2026\/04\/1000446396.jpg?resize=1050%2C600&ssl=1 3x"},"classes":[]},{"id":1931,"url":"https:\/\/wp.ufpel.edu.br\/empauta\/sofa-na-rua-mais-cultura-para-pelotas\/","url_meta":{"origin":21610,"position":1},"title":"Sof\u00e1 na Rua: mais cultura para Pelotas","author":"Em Pauta","date":"13\/08\/2014","format":false,"excerpt":"Por Manoela Martins Nogueira Desde Outubro de 2012, a Rua Almirante Tamandar\u00e9 \u00e9 palco de um evento que busca incentivar a cultura regional: O Sof\u00e1 na Rua. Em 2014, uma das mudan\u00e7as mais significativas veio atrav\u00e9s da aceita\u00e7\u00e3o do evento no Programa de Incentivo \u00e0 Cultura (Procultura), da Prefeitura Municipal\u2026","rel":"","context":"Em &quot;Cultura e Entretenimento&quot;","block_context":{"text":"Cultura e Entretenimento","link":"https:\/\/wp.ufpel.edu.br\/empauta\/category\/todos\/culturaeentretenimento\/"},"img":{"alt_text":"Sof\u00e1 na RuaORIGINAL2-5x3","src":"https:\/\/i0.wp.com\/wp.ufpel.edu.br\/empauta\/files\/2014\/08\/Sof%C3%A1-na-RuaORIGINAL2-5x3.jpg?resize=350%2C200&ssl=1","width":350,"height":200,"srcset":"https:\/\/i0.wp.com\/wp.ufpel.edu.br\/empauta\/files\/2014\/08\/Sof%C3%A1-na-RuaORIGINAL2-5x3.jpg?resize=350%2C200&ssl=1 1x, https:\/\/i0.wp.com\/wp.ufpel.edu.br\/empauta\/files\/2014\/08\/Sof%C3%A1-na-RuaORIGINAL2-5x3.jpg?resize=525%2C300&ssl=1 1.5x"},"classes":[]},{"id":9460,"url":"https:\/\/wp.ufpel.edu.br\/empauta\/sofa-na-rua-de-pelotas-para-o-brasil\/","url_meta":{"origin":21610,"position":2},"title":"Sof\u00e1 na rua: de Pelotas para o Brasil","author":"Em Pauta","date":"31\/05\/2017","format":false,"excerpt":"Por Camila Almeida Criado em 2012, o Sof\u00e1 na Rua \u00e9 um evento que ocorre todos os meses e atrai pessoas de diversas faixas et\u00e1rias devido \u00e0s in\u00fameras formas de interatividade e arte que s\u00e3o apresentadas. Acontece aos domingos na Rua Jos\u00e9 do Patroc\u00ednio, localizada no centro de Pelotas. O\u2026","rel":"","context":"Em &quot;Cultura e Entretenimento&quot;","block_context":{"text":"Cultura e Entretenimento","link":"https:\/\/wp.ufpel.edu.br\/empauta\/category\/todos\/culturaeentretenimento\/"},"img":{"alt_text":"","src":"https:\/\/i0.wp.com\/wp.ufpel.edu.br\/empauta\/files\/2017\/05\/fffffffffff.jpg?resize=350%2C200&ssl=1","width":350,"height":200},"classes":[]},{"id":4843,"url":"https:\/\/wp.ufpel.edu.br\/empauta\/sofa-na-rua-reune-pelotenses\/","url_meta":{"origin":21610,"position":3},"title":"Sof\u00e1 na Rua re\u00fane pelotenses","author":"Em Pauta","date":"04\/10\/2015","format":false,"excerpt":"\u00a0 por\u00a0Al\u00e9xia Tavares e Caroline Lemos Integrar pessoas de diversas vertentes, ocupar os espa\u00e7os p\u00fablicos e proporcionar lazer \u00e0 comunidade, s\u00e3o alguns dos objetivos do Sof\u00e1 na Rua, que em outubro completa tr\u00eas anos de exist\u00eancia. Este evento j\u00e1 chegou \u00e0 marca de 2000 participantes, mas nem sempre foi assim.\u2026","rel":"","context":"Em &quot;Cultura e Entretenimento&quot;","block_context":{"text":"Cultura e Entretenimento","link":"https:\/\/wp.ufpel.edu.br\/empauta\/category\/todos\/culturaeentretenimento\/"},"img":{"alt_text":"","src":"https:\/\/i0.wp.com\/wp.ufpel.edu.br\/empauta\/files\/2015\/10\/3Sof%C3%A1naRua.jpg?resize=350%2C200&ssl=1","width":350,"height":200},"classes":[]},{"id":18961,"url":"https:\/\/wp.ufpel.edu.br\/empauta\/sofa-na-rua-campos-neutrais-evento-chega-pela-3-vez-no-extremo-sul-gaucho\/","url_meta":{"origin":21610,"position":4},"title":"Sof\u00e1 na Rua Campos Neutrais: evento chega pela 3\u00b0 vez no extremo Sul ga\u00facho","author":"Em Pauta","date":"13\/11\/2023","format":false,"excerpt":"Evento re\u00fane p\u00fablico de Santa Vit\u00f3ria do Palmar e Chu\u00ed em tarde ensolarada na Pra\u00e7a J\u00falio Sueli Armendaris, na Barra do Chu\u00ed Por Carolina Farias Tapia \/ Em Pauta Em fevereiro de 2023, a rede Sof\u00e1 na Rua chegou ao extremo sul do Brasil, realizando duas edi\u00e7\u00f5es nos dias 11\u2026","rel":"","context":"Em &quot;Cultura e Entretenimento&quot;","block_context":{"text":"Cultura e Entretenimento","link":"https:\/\/wp.ufpel.edu.br\/empauta\/category\/todos\/culturaeentretenimento\/"},"img":{"alt_text":"","src":"https:\/\/i0.wp.com\/wp.ufpel.edu.br\/empauta\/files\/2023\/11\/IMG_8544-scaled-e1699917226797.jpg?resize=350%2C200&ssl=1","width":350,"height":200,"srcset":"https:\/\/i0.wp.com\/wp.ufpel.edu.br\/empauta\/files\/2023\/11\/IMG_8544-scaled-e1699917226797.jpg?resize=350%2C200&ssl=1 1x, https:\/\/i0.wp.com\/wp.ufpel.edu.br\/empauta\/files\/2023\/11\/IMG_8544-scaled-e1699917226797.jpg?resize=525%2C300&ssl=1 1.5x, https:\/\/i0.wp.com\/wp.ufpel.edu.br\/empauta\/files\/2023\/11\/IMG_8544-scaled-e1699917226797.jpg?resize=700%2C400&ssl=1 2x, https:\/\/i0.wp.com\/wp.ufpel.edu.br\/empauta\/files\/2023\/11\/IMG_8544-scaled-e1699917226797.jpg?resize=1050%2C600&ssl=1 3x, https:\/\/i0.wp.com\/wp.ufpel.edu.br\/empauta\/files\/2023\/11\/IMG_8544-scaled-e1699917226797.jpg?resize=1400%2C800&ssl=1 4x"},"classes":[]},{"id":16315,"url":"https:\/\/wp.ufpel.edu.br\/empauta\/domingo-ensolarado-atrai-milhares-de-pessoas-a-regiao-do-porto-em-pelotas-rs\/","url_meta":{"origin":21610,"position":5},"title":"Domingo ensolarado atrai milhares de pessoas a Regi\u00e3o do Porto em Pelotas-RS","author":"Em Pauta","date":"14\/09\/2022","format":false,"excerpt":"Eventos movimentaram o domingo desde a manh\u00e3 at\u00e9 a noite com gastronomia, atra\u00e7\u00f5es para as crian\u00e7as, musica, arte e artesanatos. O j\u00e1 tradicional, Sof\u00e1 na Rua al\u00e9m do Ruas de Lazer, fizeram a alegria de quem foi at\u00e9 a regi\u00e3o sul da cidade de Pelotas. Por \u00c9verson da Martha No\u2026","rel":"","context":"Em &quot;Cultura e Entretenimento&quot;","block_context":{"text":"Cultura e Entretenimento","link":"https:\/\/wp.ufpel.edu.br\/empauta\/category\/todos\/culturaeentretenimento\/"},"img":{"alt_text":"","src":"https:\/\/i0.wp.com\/wp.ufpel.edu.br\/empauta\/files\/2022\/09\/IMG_7958-scaled.jpg?resize=350%2C200&ssl=1","width":350,"height":200,"srcset":"https:\/\/i0.wp.com\/wp.ufpel.edu.br\/empauta\/files\/2022\/09\/IMG_7958-scaled.jpg?resize=350%2C200&ssl=1 1x, https:\/\/i0.wp.com\/wp.ufpel.edu.br\/empauta\/files\/2022\/09\/IMG_7958-scaled.jpg?resize=525%2C300&ssl=1 1.5x, https:\/\/i0.wp.com\/wp.ufpel.edu.br\/empauta\/files\/2022\/09\/IMG_7958-scaled.jpg?resize=700%2C400&ssl=1 2x, https:\/\/i0.wp.com\/wp.ufpel.edu.br\/empauta\/files\/2022\/09\/IMG_7958-scaled.jpg?resize=1050%2C600&ssl=1 3x, https:\/\/i0.wp.com\/wp.ufpel.edu.br\/empauta\/files\/2022\/09\/IMG_7958-scaled.jpg?resize=1400%2C800&ssl=1 4x"},"classes":[]}],"_links":{"self":[{"href":"https:\/\/wp.ufpel.edu.br\/empauta\/wp-json\/wp\/v2\/posts\/21610","targetHints":{"allow":["GET"]}}],"collection":[{"href":"https:\/\/wp.ufpel.edu.br\/empauta\/wp-json\/wp\/v2\/posts"}],"about":[{"href":"https:\/\/wp.ufpel.edu.br\/empauta\/wp-json\/wp\/v2\/types\/post"}],"author":[{"embeddable":true,"href":"https:\/\/wp.ufpel.edu.br\/empauta\/wp-json\/wp\/v2\/users\/587"}],"replies":[{"embeddable":true,"href":"https:\/\/wp.ufpel.edu.br\/empauta\/wp-json\/wp\/v2\/comments?post=21610"}],"version-history":[{"count":3,"href":"https:\/\/wp.ufpel.edu.br\/empauta\/wp-json\/wp\/v2\/posts\/21610\/revisions"}],"predecessor-version":[{"id":21616,"href":"https:\/\/wp.ufpel.edu.br\/empauta\/wp-json\/wp\/v2\/posts\/21610\/revisions\/21616"}],"wp:featuredmedia":[{"embeddable":true,"href":"https:\/\/wp.ufpel.edu.br\/empauta\/wp-json\/wp\/v2\/media\/21612"}],"wp:attachment":[{"href":"https:\/\/wp.ufpel.edu.br\/empauta\/wp-json\/wp\/v2\/media?parent=21610"}],"wp:term":[{"taxonomy":"category","embeddable":true,"href":"https:\/\/wp.ufpel.edu.br\/empauta\/wp-json\/wp\/v2\/categories?post=21610"},{"taxonomy":"post_tag","embeddable":true,"href":"https:\/\/wp.ufpel.edu.br\/empauta\/wp-json\/wp\/v2\/tags?post=21610"}],"curies":[{"name":"wp","href":"https:\/\/api.w.org\/{rel}","templated":true}]}}