{"id":21603,"date":"2026-04-27T18:25:56","date_gmt":"2026-04-27T21:25:56","guid":{"rendered":"https:\/\/wp.ufpel.edu.br\/empauta\/?p=21603"},"modified":"2026-04-27T18:26:05","modified_gmt":"2026-04-27T21:26:05","slug":"entrelinhas-uma-representacao-de-esperanca-forca-e-justica","status":"publish","type":"post","link":"https:\/\/wp.ufpel.edu.br\/empauta\/entrelinhas-uma-representacao-de-esperanca-forca-e-justica\/","title":{"rendered":"Entrelinhas: uma representa\u00e7\u00e3o de esperan\u00e7a, for\u00e7a e justi\u00e7a\u00a0"},"content":{"rendered":"<p><i>Livro da autora S. Ganeff \u00e9 uma leitura viciante que expressa o papel da mulher em uma sociedade injusta\u00a0<\/i><\/p>\n<p><em>Por Vanessa Ferro\/ Em Pauta\u00a0<\/em><\/p>\n<p>Certamente voc\u00ea j\u00e1 deve estar familiarizado no modo como os julgamentos funcionam, o r\u00e9u, o juiz, o promotor, os advogados e os jurados s\u00e3o os atores que fazem o ato funcionar. Agora, voc\u00ea j\u00e1 imaginou entrar em um tribunal e ver cento e onze meninas menores de idade sendo julgadas pelo assassinato brutal de um homem adulto? Bom, essa \u00e9 a premissa de \u201cEntrelinhas\u201d da autora S. Ganeff. O livro, publicado em outubro de 2025, traz uma hist\u00f3ria perturbadora, com uma escrita imposs\u00edvel de largar e, ao mesmo tempo, delicada como as folhas do papel.<\/p>\n<div id=\"attachment_21604\" style=\"width: 334px\" class=\"wp-caption alignright\"><a href=\"https:\/\/wp.ufpel.edu.br\/empauta\/files\/2026\/04\/Imagem-Ilustrativa_Foto_-Divulgacao.jpeg\"><img loading=\"lazy\" decoding=\"async\" aria-describedby=\"caption-attachment-21604\" class=\"wp-image-21604 size-medium\" src=\"https:\/\/wp.ufpel.edu.br\/empauta\/files\/2026\/04\/Imagem-Ilustrativa_Foto_-Divulgacao-324x318.jpeg\" alt=\"\" width=\"324\" height=\"318\" srcset=\"https:\/\/wp.ufpel.edu.br\/empauta\/files\/2026\/04\/Imagem-Ilustrativa_Foto_-Divulgacao-324x318.jpeg 324w, https:\/\/wp.ufpel.edu.br\/empauta\/files\/2026\/04\/Imagem-Ilustrativa_Foto_-Divulgacao-162x159.jpeg 162w, https:\/\/wp.ufpel.edu.br\/empauta\/files\/2026\/04\/Imagem-Ilustrativa_Foto_-Divulgacao-768x754.jpeg 768w, https:\/\/wp.ufpel.edu.br\/empauta\/files\/2026\/04\/Imagem-Ilustrativa_Foto_-Divulgacao-80x80.jpeg 80w, https:\/\/wp.ufpel.edu.br\/empauta\/files\/2026\/04\/Imagem-Ilustrativa_Foto_-Divulgacao.jpeg 1280w\" sizes=\"auto, (max-width: 324px) 100vw, 324px\" \/><\/a><p id=\"caption-attachment-21604\" class=\"wp-caption-text\">Livro da autora paulistana S. Ganeff foi lan\u00e7ado em outubro de 2025 pela Editora Labrador. Foto: Divulga\u00e7\u00e3o\/ Em Pauta<\/p><\/div>\n<p>Escrito literalmente nas entrelinhas, o livro traz, nas linhas amarelas, uma hist\u00f3ria sens\u00edvel, a amizade improv\u00e1vel de tr\u00eas jovens meninas com vidas completamente diferentes, vai se transformando em um movimento social e pol\u00edtico, mesmo que elas, por serem t\u00e3o novas, n\u00e3o saibam exatamente disso. Em pouco tempo, suas vidas mudar\u00e3o para sempre. J\u00e1, nas linhas pretas, acompanhamos um julgamento chocante, judicialmente imposs\u00edvel na vida real, que, em um dia qualquer, julgar\u00e1 o futuro de cento e onze meninas que nem sequer ter\u00e3o direito a defesa<\/p>\n<p>Entrelinhas \u00e9 um relato humano de amizade, cansa\u00e7o, tristeza e, mais do que tudo, para aquelas cento e onze garotas, esperan\u00e7a de que a vida das mulheres n\u00e3o nasce pr\u00e9 determinada e que elas t\u00eam o direito de escolher o pr\u00f3prio futuro. Por outro lado, a hist\u00f3ria tamb\u00e9m retrata o descaso da justi\u00e7a brasileira com a vida das mulheres. Essa jun\u00e7\u00e3o, promove uma experi\u00eancia de leitura espetacular, nos traz reflex\u00f5es e, mais importante do que isso, sensibilidade.<\/p>\n<p>Como leitora \u00e1vida, posso dizer que Entrelinhas \u00e9 um presente da literatura brasileira. O livro mostra a for\u00e7a da gera\u00e7\u00e3o mais nova de escritores. Sophia Ganeff \u00e9 estudante de Direito e escritora com tr\u00eas livros publicados, sendo Entrelinhas o \u00faltimo. Ela nos conta que a paix\u00e3o pela literatura e pela escrita surgiu na inf\u00e2ncia, na escola. \u201cEu tive muita sorte, porque meus pais, principalmente a minha m\u00e3e, sempre me colocaram em escolas que eram muito voltadas para a arte e que traziam um senso de humanidade. Tamb\u00e9m, a literatura sempre foi muito presente, eu n\u00e3o consigo imaginar um dia em que eu estivesse com a minha m\u00e3e ou com o meu pai e n\u00e3o tivesse um livro envolvido. Ent\u00e3o, eu fui moldada como pessoa, acabou sendo uma coisa natural\u201d, destaca Sophia.<\/p>\n<div id=\"attachment_21605\" style=\"width: 1076px\" class=\"wp-caption alignleft\"><a href=\"https:\/\/wp.ufpel.edu.br\/empauta\/files\/2026\/04\/Imagem_-Ilustrativa_Foto_-Camila-Rossi.jpeg\"><img loading=\"lazy\" decoding=\"async\" aria-describedby=\"caption-attachment-21605\" class=\"wp-image-21605 size-full\" src=\"https:\/\/wp.ufpel.edu.br\/empauta\/files\/2026\/04\/Imagem_-Ilustrativa_Foto_-Camila-Rossi.jpeg\" alt=\"\" width=\"1066\" height=\"1600\" srcset=\"https:\/\/wp.ufpel.edu.br\/empauta\/files\/2026\/04\/Imagem_-Ilustrativa_Foto_-Camila-Rossi.jpeg 1066w, https:\/\/wp.ufpel.edu.br\/empauta\/files\/2026\/04\/Imagem_-Ilustrativa_Foto_-Camila-Rossi-212x318.jpeg 212w, https:\/\/wp.ufpel.edu.br\/empauta\/files\/2026\/04\/Imagem_-Ilustrativa_Foto_-Camila-Rossi-106x159.jpeg 106w, https:\/\/wp.ufpel.edu.br\/empauta\/files\/2026\/04\/Imagem_-Ilustrativa_Foto_-Camila-Rossi-768x1153.jpeg 768w, https:\/\/wp.ufpel.edu.br\/empauta\/files\/2026\/04\/Imagem_-Ilustrativa_Foto_-Camila-Rossi-1023x1536.jpeg 1023w\" sizes=\"auto, (max-width: 1066px) 100vw, 1066px\" \/><\/a><p id=\"caption-attachment-21605\" class=\"wp-caption-text\">A autora, de 23 anos, relata o amor pela literatura. Foto: Camila Rossi\/especial Em Pauta<\/p><\/div>\n<p>Sobre Entrelinhas, a escritora ressalta que a inspira\u00e7\u00e3o para o livro surgiu da sala de aula do curso de direito. \u201cVoc\u00ea recebe aquela carga densa de teoria, principalmente de penal, e n\u00f3s vemos que na pr\u00e1tica as coisas n\u00e3o funcionam desse jeito. \u00c9 a\u00ed que vem a literatura como uma porta de entrada para falar, n\u00e3o s\u00f3 sobre esse assunto, mas trazer uma reflex\u00e3o para o leitor\u201d, real\u00e7a. Ela conta que Entrelinhas nasce, justamente, dessa provoca\u00e7\u00e3o das expectativas da teoria e do que realmente acontece na pr\u00e1tica. \u201cComo que a gente pode provocar o leitor, a sociedade para que isso mude? O que eu, Sophia, posso fazer para alterar essa situa\u00e7\u00e3o? Ent\u00e3o, o livro nasceu bastante disso, de enxergar na pr\u00e1tica tantas injusti\u00e7as.\u201d Ela tamb\u00e9m conta que o processo de escrita do livro foi algo quase ut\u00f3pico. \u201cO processo foi muito fluido, acho que ele veio muito de dentro, da alma mesmo. Ele veio mais como esse grito de socorro, de olhar para o que est\u00e1 acontecendo, colocar um foco nisso\u201d, destaca.<\/p>\n<p>Entrelinhas discute as viol\u00eancias que uma mulher sofre ao longo da vida e como o direito \u00e0 defesa, nos diversos entendimentos da palavra \u00e9, muitas vezes, negado a essa parcela da sociedade. Para Sophia, o livro se sobressai \u00e0 fic\u00e7\u00e3o. \u201cO Entrelinhas, por mais que seja uma hist\u00f3ria fict\u00edcia, n\u00e3o \u00e9 t\u00e3o irreal assim, at\u00e9 eu me assusto com a pot\u00eancia da obra, a forma como ele vai ganhando notoriedade, nunca imaginei que ele fosse ficar t\u00e3o grande quanto ficou. \u00c9 a\u00ed que voc\u00ea v\u00ea que n\u00e3o \u00e9 algo t\u00e3o ficcional assim, isso existe e muito\u201d, salienta.<\/p>\n<div id=\"attachment_21606\" style=\"width: 434px\" class=\"wp-caption alignleft\"><a href=\"https:\/\/wp.ufpel.edu.br\/empauta\/files\/2026\/04\/Imagem-Ilustrativa_Foto_-Camila-Rossi.jpeg\"><img loading=\"lazy\" decoding=\"async\" aria-describedby=\"caption-attachment-21606\" class=\"wp-image-21606 size-medium\" src=\"https:\/\/wp.ufpel.edu.br\/empauta\/files\/2026\/04\/Imagem-Ilustrativa_Foto_-Camila-Rossi-424x282.jpeg\" alt=\"\" width=\"424\" height=\"282\" srcset=\"https:\/\/wp.ufpel.edu.br\/empauta\/files\/2026\/04\/Imagem-Ilustrativa_Foto_-Camila-Rossi-424x282.jpeg 424w, https:\/\/wp.ufpel.edu.br\/empauta\/files\/2026\/04\/Imagem-Ilustrativa_Foto_-Camila-Rossi-212x141.jpeg 212w, https:\/\/wp.ufpel.edu.br\/empauta\/files\/2026\/04\/Imagem-Ilustrativa_Foto_-Camila-Rossi-768x512.jpeg 768w, https:\/\/wp.ufpel.edu.br\/empauta\/files\/2026\/04\/Imagem-Ilustrativa_Foto_-Camila-Rossi-1536x1023.jpeg 1536w, https:\/\/wp.ufpel.edu.br\/empauta\/files\/2026\/04\/Imagem-Ilustrativa_Foto_-Camila-Rossi.jpeg 1600w\" sizes=\"auto, (max-width: 424px) 100vw, 424px\" \/><\/a><p id=\"caption-attachment-21606\" class=\"wp-caption-text\">Foto: Lan\u00e7amento de Entrelinhas na Livraria da Travessa, em S\u00e3o Paulo. Foto: Camila Rossi.\/Especial Em Pauta<\/p><\/div>\n<p>Para ela, \u00e9 de extrema import\u00e2ncia falar mais sobre a viol\u00eancia contra a mulher e conscientiza\u00e7\u00e3o.\u201cEu acho que \u00e9 isso que vai come\u00e7ar a mudar o mundo, acho que estamos come\u00e7ando uma nova onda de mulheres terem a coragem de agir, j\u00e1 que antes isso era dif\u00edcil. Eu fico feliz em ver uma sociedade mais consciente, trazendo mais apoio para essas v\u00edtimas, isso \u00e9 muito gratificante, mas, com certeza, n\u00e3o est\u00e1 no ideal. Eu vejo o Entrelinhas como uma \u00f3tima forma de trazer esse assunto \u00e0 tona para conscientizar e para que a gente acabe com esse ciclo vicioso\u201d, comenta.<\/p>\n<p>Uma das maiores mensagens do livro \u00e9 a possibilidade de escolher o seu destino, de ter a autonomia de tra\u00e7ar o seu futuro. Sendo assim, Sophia deixa um recado \u00e0s jovens mulheres que pensam em seguir no rumo da literatura. \u201cAcredite em voc\u00ea mesma, n\u00e3o duvide de si, do seu cora\u00e7\u00e3o, da sua pot\u00eancia e do seu talento. Tenha for\u00e7a para conquistar os seus objetivos, n\u00e3o ceda aos barulhos que a sociedade faz\u201d, enfatiza.<\/p>\n<p>Por fim, saber que Entrelinhas est\u00e1 entre as prateleiras das livrarias \u00e9 um al\u00edvio. \u00c9 um consolo saber que existem pessoas tentando, e conseguindo, mudar a hist\u00f3ria e a estrutura de uma sociedade desigual. As cento e onze meninas retratadas no livro n\u00e3o s\u00e3o reais, por\u00e9m, elas representam uma popula\u00e7\u00e3o inteira de mulheres que est\u00e3o esgotadas e que est\u00e3o prontas para mudar o mundo.<\/p>\n","protected":false},"excerpt":{"rendered":"<p>Livro da autora S. Ganeff \u00e9 uma leitura viciante que expressa o papel da mulher em uma sociedade injusta\u00a0 Por Vanessa Ferro\/ Em Pauta\u00a0 Certamente voc\u00ea j\u00e1 deve estar familiarizado no modo como os&#46;&#46;&#46;<\/p>\n","protected":false},"author":587,"featured_media":21606,"comment_status":"closed","ping_status":"closed","sticky":false,"template":"","format":"standard","meta":{"jetpack_post_was_ever_published":false,"_jetpack_newsletter_access":"","_jetpack_dont_email_post_to_subs":false,"_jetpack_newsletter_tier_id":0,"_jetpack_memberships_contains_paywalled_content":false,"_jetpack_memberships_contains_paid_content":false,"footnotes":"","jetpack_publicize_message":"","jetpack_publicize_feature_enabled":true,"jetpack_social_post_already_shared":true,"jetpack_social_options":{"image_generator_settings":{"template":"highway","default_image_id":0,"font":"","enabled":false},"version":2}},"categories":[324,438,296],"tags":[],"class_list":["post-21603","post","type-post","status-publish","format-standard","has-post-thumbnail","hentry","category-criticaseresenhas","category-em-pauta-noticias","category-opiniao"],"jetpack_publicize_connections":[],"jetpack_featured_media_url":"https:\/\/wp.ufpel.edu.br\/empauta\/files\/2026\/04\/Imagem-Ilustrativa_Foto_-Camila-Rossi.jpeg","jetpack_sharing_enabled":true,"jetpack_shortlink":"https:\/\/wp.me\/p6Xvzq-5Cr","jetpack-related-posts":[{"id":14412,"url":"https:\/\/wp.ufpel.edu.br\/empauta\/a-intimidade-e-terapia-descrita-no-novo-livro-de-rupi-kaur\/","url_meta":{"origin":21603,"position":0},"title":"A intimidade e terapia descrita no novo livro de Rupi Kaur","author":"Em Pauta","date":"13\/09\/2021","format":false,"excerpt":"por Maria Clara Sousa \/ Em Pauta Meu corpo, minha casa, o \u00faltimo livro lan\u00e7ado pela poeta indiana de 24 anos Rupi Kaur reflete sobre temas como autoconhecimento, trauma, feminismo, abusos, depress\u00e3o e ansiedade. Quase como uma colet\u00e2nea de conversas entre amigas e sess\u00f5es de terapia num processo de cura,\u2026","rel":"","context":"Em &quot;Cultura e Entretenimento&quot;","block_context":{"text":"Cultura e Entretenimento","link":"https:\/\/wp.ufpel.edu.br\/empauta\/category\/todos\/culturaeentretenimento\/"},"img":{"alt_text":"","src":"https:\/\/i0.wp.com\/wp.ufpel.edu.br\/empauta\/files\/2021\/09\/rupi-kaur-home-body.jpg?resize=350%2C200&ssl=1","width":350,"height":200,"srcset":"https:\/\/i0.wp.com\/wp.ufpel.edu.br\/empauta\/files\/2021\/09\/rupi-kaur-home-body.jpg?resize=350%2C200&ssl=1 1x, https:\/\/i0.wp.com\/wp.ufpel.edu.br\/empauta\/files\/2021\/09\/rupi-kaur-home-body.jpg?resize=525%2C300&ssl=1 1.5x"},"classes":[]},{"id":14802,"url":"https:\/\/wp.ufpel.edu.br\/empauta\/estudante-da-upfel-lanca-seu-primeiro-livro-de-poemas\/","url_meta":{"origin":21603,"position":1},"title":"Estudante da UPFEL lan\u00e7a seu primeiro livro de poemas","author":"Em Pauta","date":"28\/10\/2021","format":false,"excerpt":"Floril\u00e9gio \u00e9 definido como uma cole\u00e7\u00e3o de flores escolhidas. Nas 76 p\u00e1ginas do livro de Giordanna Benkenstein Vallejos, a autora selecionou os poemas que floriram ao longo de sua vida, desde os 12 anos at\u00e9 os seus 23.\u00a0 Por: Carol Pinho \/ Em Pauta\u00a0 A colet\u00e2nea \u00e9 o primeiro livro\u2026","rel":"","context":"Em &quot;Cultura e Entretenimento&quot;","block_context":{"text":"Cultura e Entretenimento","link":"https:\/\/wp.ufpel.edu.br\/empauta\/category\/todos\/culturaeentretenimento\/"},"img":{"alt_text":"","src":"https:\/\/i0.wp.com\/wp.ufpel.edu.br\/empauta\/files\/2021\/10\/WhatsApp-Image-2021-10-25-at-18.39.57.jpeg?resize=350%2C200&ssl=1","width":350,"height":200,"srcset":"https:\/\/i0.wp.com\/wp.ufpel.edu.br\/empauta\/files\/2021\/10\/WhatsApp-Image-2021-10-25-at-18.39.57.jpeg?resize=350%2C200&ssl=1 1x, https:\/\/i0.wp.com\/wp.ufpel.edu.br\/empauta\/files\/2021\/10\/WhatsApp-Image-2021-10-25-at-18.39.57.jpeg?resize=525%2C300&ssl=1 1.5x, https:\/\/i0.wp.com\/wp.ufpel.edu.br\/empauta\/files\/2021\/10\/WhatsApp-Image-2021-10-25-at-18.39.57.jpeg?resize=700%2C400&ssl=1 2x, https:\/\/i0.wp.com\/wp.ufpel.edu.br\/empauta\/files\/2021\/10\/WhatsApp-Image-2021-10-25-at-18.39.57.jpeg?resize=1050%2C600&ssl=1 3x"},"classes":[]},{"id":19263,"url":"https:\/\/wp.ufpel.edu.br\/empauta\/uma-realidade-brasileira-escondida-por-tras-do-glamour-da-alta-sociedade\/","url_meta":{"origin":21603,"position":2},"title":"Uma realidade brasileira escondida por tr\u00e1s do glamour da alta sociedade","author":"Em Pauta","date":"15\/01\/2024","format":false,"excerpt":"O livro nacional \"Solit\u00e1ria\", de Eliane de Alves Cruz traz uma reflex\u00e3o sobre passado, presente e futuro do Brasil Por Samantha Beduhn \/ Em Pauta A escrita objetiva da autora e jornalista Eliane de Alves Cruz faz com que a leitura seja r\u00e1pida e inebriante. Apesar disso, o livro \u201cSolit\u00e1ria\u201d\u2026","rel":"","context":"Em &quot;Cr\u00edticas e Resenhas&quot;","block_context":{"text":"Cr\u00edticas e Resenhas","link":"https:\/\/wp.ufpel.edu.br\/empauta\/category\/todos\/criticaseresenhas\/"},"img":{"alt_text":"","src":"https:\/\/i0.wp.com\/wp.ufpel.edu.br\/empauta\/files\/2024\/01\/Creditos-Prateleira-de-Cima.jpg?resize=350%2C200&ssl=1","width":350,"height":200,"srcset":"https:\/\/i0.wp.com\/wp.ufpel.edu.br\/empauta\/files\/2024\/01\/Creditos-Prateleira-de-Cima.jpg?resize=350%2C200&ssl=1 1x, https:\/\/i0.wp.com\/wp.ufpel.edu.br\/empauta\/files\/2024\/01\/Creditos-Prateleira-de-Cima.jpg?resize=525%2C300&ssl=1 1.5x, https:\/\/i0.wp.com\/wp.ufpel.edu.br\/empauta\/files\/2024\/01\/Creditos-Prateleira-de-Cima.jpg?resize=700%2C400&ssl=1 2x"},"classes":[]},{"id":14746,"url":"https:\/\/wp.ufpel.edu.br\/empauta\/cafe-cortado-conheca-o-novo-livro-de-joice-lima\/","url_meta":{"origin":21603,"position":3},"title":"Caf\u00e9 Cortado: Conhe\u00e7a o novo livro de Joice Lima","author":"Em Pauta","date":"22\/10\/2021","format":false,"excerpt":"A sess\u00e3o de aut\u00f3grafos ocorrida no dia 11 de outubro oficializou o lan\u00e7amento do romance Amanda Kuhn\/Em Pauta Rela\u00e7\u00f5es pessoais, cr\u00edticas sociais e pol\u00edtica: essas s\u00e3o as palavras que definem o novo livro de Joice Lima, \u201cCaf\u00e9 Cortado\u201d. Lan\u00e7ado no dia 11 deste m\u00eas, em um evento com sess\u00e3o de\u2026","rel":"","context":"Em &quot;Cultura e Entretenimento&quot;","block_context":{"text":"Cultura e Entretenimento","link":"https:\/\/wp.ufpel.edu.br\/empauta\/category\/todos\/culturaeentretenimento\/"},"img":{"alt_text":"","src":"https:\/\/i0.wp.com\/wp.ufpel.edu.br\/empauta\/files\/2021\/10\/foto-2.jpeg?resize=350%2C200&ssl=1","width":350,"height":200,"srcset":"https:\/\/i0.wp.com\/wp.ufpel.edu.br\/empauta\/files\/2021\/10\/foto-2.jpeg?resize=350%2C200&ssl=1 1x, https:\/\/i0.wp.com\/wp.ufpel.edu.br\/empauta\/files\/2021\/10\/foto-2.jpeg?resize=525%2C300&ssl=1 1.5x, https:\/\/i0.wp.com\/wp.ufpel.edu.br\/empauta\/files\/2021\/10\/foto-2.jpeg?resize=700%2C400&ssl=1 2x"},"classes":[]},{"id":17846,"url":"https:\/\/wp.ufpel.edu.br\/empauta\/escritoras-rio-grandinas-lancam-livros-autorais\/","url_meta":{"origin":21603,"position":4},"title":"Escritoras rio-grandinas lan\u00e7am livros autorais","author":"Em Pauta","date":"26\/04\/2023","format":false,"excerpt":"Rita Germano e Annabel Laurino s\u00e3o duas mulheres rio-grandinas que encontraram na literatura a paix\u00e3o pela escrita Por Marianna Bertoldi \/ Em Pauta No dia 15 de abril, a escritora Annabel Laurino, natural do Rio Grande, lan\u00e7ou seu segundo livro de autoria pr\u00f3pria intitulado \u201cOs manac\u00e1s\u201d, publicado pela editora Libertinagem,\u2026","rel":"","context":"Em &quot;Cultura e Entretenimento&quot;","block_context":{"text":"Cultura e Entretenimento","link":"https:\/\/wp.ufpel.edu.br\/empauta\/category\/todos\/culturaeentretenimento\/"},"img":{"alt_text":"","src":"https:\/\/i0.wp.com\/wp.ufpel.edu.br\/empauta\/files\/2023\/04\/WhatsApp-Image-2023-04-26-at-14.03.07.jpeg?resize=350%2C200&ssl=1","width":350,"height":200,"srcset":"https:\/\/i0.wp.com\/wp.ufpel.edu.br\/empauta\/files\/2023\/04\/WhatsApp-Image-2023-04-26-at-14.03.07.jpeg?resize=350%2C200&ssl=1 1x, https:\/\/i0.wp.com\/wp.ufpel.edu.br\/empauta\/files\/2023\/04\/WhatsApp-Image-2023-04-26-at-14.03.07.jpeg?resize=525%2C300&ssl=1 1.5x, https:\/\/i0.wp.com\/wp.ufpel.edu.br\/empauta\/files\/2023\/04\/WhatsApp-Image-2023-04-26-at-14.03.07.jpeg?resize=700%2C400&ssl=1 2x"},"classes":[]},{"id":14569,"url":"https:\/\/wp.ufpel.edu.br\/empauta\/o-espelho-mais-profundo\/","url_meta":{"origin":21603,"position":5},"title":"O espelho mais profundo","author":"Em Pauta","date":"27\/09\/2021","format":false,"excerpt":"As li\u00e7\u00f5es de Isadora n\u00e3o entende nada em sua obra sobre como mergulhar em si Por Maria Clara Morais Sousa\/ Em Pauta Sobre a autora: Isadora n\u00e3o entende nada \u00e9 o nome art\u00edstico de uma escritora, tatuadora e ilustradora Isadora. Nascida em Bento Gon\u00e7alves, a ga\u00facha sempre amou pintura e\u2026","rel":"","context":"Em &quot;Cr\u00edticas e Resenhas&quot;","block_context":{"text":"Cr\u00edticas e Resenhas","link":"https:\/\/wp.ufpel.edu.br\/empauta\/category\/todos\/criticaseresenhas\/"},"img":{"alt_text":"","src":"https:\/\/i0.wp.com\/wp.ufpel.edu.br\/empauta\/files\/2021\/09\/livroisadoranaoentendenada.jpg?resize=350%2C200&ssl=1","width":350,"height":200},"classes":[]}],"_links":{"self":[{"href":"https:\/\/wp.ufpel.edu.br\/empauta\/wp-json\/wp\/v2\/posts\/21603","targetHints":{"allow":["GET"]}}],"collection":[{"href":"https:\/\/wp.ufpel.edu.br\/empauta\/wp-json\/wp\/v2\/posts"}],"about":[{"href":"https:\/\/wp.ufpel.edu.br\/empauta\/wp-json\/wp\/v2\/types\/post"}],"author":[{"embeddable":true,"href":"https:\/\/wp.ufpel.edu.br\/empauta\/wp-json\/wp\/v2\/users\/587"}],"replies":[{"embeddable":true,"href":"https:\/\/wp.ufpel.edu.br\/empauta\/wp-json\/wp\/v2\/comments?post=21603"}],"version-history":[{"count":2,"href":"https:\/\/wp.ufpel.edu.br\/empauta\/wp-json\/wp\/v2\/posts\/21603\/revisions"}],"predecessor-version":[{"id":21608,"href":"https:\/\/wp.ufpel.edu.br\/empauta\/wp-json\/wp\/v2\/posts\/21603\/revisions\/21608"}],"wp:featuredmedia":[{"embeddable":true,"href":"https:\/\/wp.ufpel.edu.br\/empauta\/wp-json\/wp\/v2\/media\/21606"}],"wp:attachment":[{"href":"https:\/\/wp.ufpel.edu.br\/empauta\/wp-json\/wp\/v2\/media?parent=21603"}],"wp:term":[{"taxonomy":"category","embeddable":true,"href":"https:\/\/wp.ufpel.edu.br\/empauta\/wp-json\/wp\/v2\/categories?post=21603"},{"taxonomy":"post_tag","embeddable":true,"href":"https:\/\/wp.ufpel.edu.br\/empauta\/wp-json\/wp\/v2\/tags?post=21603"}],"curies":[{"name":"wp","href":"https:\/\/api.w.org\/{rel}","templated":true}]}}