{"id":21595,"date":"2026-04-27T17:48:53","date_gmt":"2026-04-27T20:48:53","guid":{"rendered":"https:\/\/wp.ufpel.edu.br\/empauta\/?p=21595"},"modified":"2026-04-27T17:49:17","modified_gmt":"2026-04-27T20:49:17","slug":"cram-oferece-apoio-a-mulheres-em-situacao-de-violencia","status":"publish","type":"post","link":"https:\/\/wp.ufpel.edu.br\/empauta\/cram-oferece-apoio-a-mulheres-em-situacao-de-violencia\/","title":{"rendered":"CRAM oferece apoio \u00e0 mulheres em situa\u00e7\u00e3o de viol\u00eancia"},"content":{"rendered":"<h2 align=\"justify\"><span style=\"font-size: medium;\">O Centro de Refer\u00eancia de Atendimento \u00e0 Mulher (CRAM) integra a pol\u00edtica municipal de enfrentamento \u00e0 viol\u00eancia contra as mulheres <\/span><\/h2>\n<p align=\"justify\"><em><strong>P\u00e2mela da Silva \/Em Pauta<\/strong><\/em><\/p>\n<p align=\"justify\"><span style=\"font-size: medium;\">O Centro de Refer\u00eancia de Atendimento \u00e0 Mulher &#8211; Prof\u00aa. Cl\u00e1udia Pinho Hartleben (CRAM) \u00e9 um espa\u00e7o estrat\u00e9gico de cuidado, prote\u00e7\u00e3o e garantia de direitos das mulheres. Na cidade de Pelotas, foi criado em mar\u00e7o de 2014, a partir da luta do movimento de mulheres. Fica localizado na rua Dom Pedro II, n\u00famero 813, no centro de Pelotas. Os hor\u00e1rios de funcionamento s\u00e3o de segunda a sexta-feira, das 08h \u00e0s 17h.<\/span><\/p>\n<div id=\"attachment_21596\" style=\"width: 2570px\" class=\"wp-caption aligncenter\"><a href=\"https:\/\/wp.ufpel.edu.br\/empauta\/files\/2026\/04\/IMG_1014-scaled.jpeg\"><img loading=\"lazy\" decoding=\"async\" aria-describedby=\"caption-attachment-21596\" class=\"wp-image-21596 size-full\" src=\"https:\/\/wp.ufpel.edu.br\/empauta\/files\/2026\/04\/IMG_1014-scaled.jpeg\" alt=\"\" width=\"2560\" height=\"1920\" srcset=\"https:\/\/wp.ufpel.edu.br\/empauta\/files\/2026\/04\/IMG_1014-scaled.jpeg 2560w, https:\/\/wp.ufpel.edu.br\/empauta\/files\/2026\/04\/IMG_1014-424x318.jpeg 424w, https:\/\/wp.ufpel.edu.br\/empauta\/files\/2026\/04\/IMG_1014-212x159.jpeg 212w, https:\/\/wp.ufpel.edu.br\/empauta\/files\/2026\/04\/IMG_1014-768x576.jpeg 768w, https:\/\/wp.ufpel.edu.br\/empauta\/files\/2026\/04\/IMG_1014-1536x1152.jpeg 1536w, https:\/\/wp.ufpel.edu.br\/empauta\/files\/2026\/04\/IMG_1014-2048x1536.jpeg 2048w\" sizes=\"auto, (max-width: 2560px) 100vw, 2560px\" \/><\/a><p id=\"caption-attachment-21596\" class=\"wp-caption-text\"><em>Fachada do Centro de Refer\u00eancia de Atendimento \u00e0 Mulher, em Pelotas. Imagens: P\u00e2mela da Silva \/Em Pauta<\/em><\/p><\/div>\n<p align=\"justify\"><span style=\"font-size: medium;\">O Centro atende mulheres a partir de 18 anos que vivenciam ou vivenciaram situa\u00e7\u00f5es de viol\u00eancia dom\u00e9stica, familiar ou outras formas de viol\u00eancia de g\u00eanero, como f\u00edsica, psicol\u00f3gica, moral, sexual ou patrimonial. \u201cO CRAM est\u00e1 de portas abertas para aquela mulher que ainda est\u00e1 em d\u00favida sobre fazer a den\u00fancia. Ela vai receber esse acolhimento e esse atendimento qualificado.\u201d, afirma Myryam Viegas, coordenadora do CRAM. <\/span><\/p>\n<p align=\"justify\"><span style=\"font-size: medium;\">O CRAM \u00e9 composto por tr\u00eas assistentes sociais, tr\u00eas psic\u00f3logas, uma coordenadora, uma pedagoga e a equipe de apoio. No munic\u00edpio, o CRAM est\u00e1 vinculado financeiramente e administrativamente \u00e0 Secretaria Municipal de Pol\u00edtica para as Mulheres, atuando com as demais secretarias, fortalecendo respostas institucionais \u00e0s situa\u00e7\u00f5es de viol\u00eancia de g\u00eanero. O Centro oferece acolhimento com escuta qualificada, orienta\u00e7\u00f5es profissionais, acompanhamento psicossocial e encaminhamentos para a Rede de Prote\u00e7\u00e3o da Mulher (Sa\u00fade, Assist\u00eancia, Justi\u00e7a, Seguran\u00e7a). O protocolo come\u00e7a com o atendimento, o qual \u00e9 em torno de 16 sess\u00f5es com a psic\u00f3loga. Depois, \u00e9 oferecido um grupo, que s\u00e3o 12 encontros quinzenais. Os grupos t\u00eam car\u00e1ter terap\u00eautico e preventivo, favorecendo o fortalecimento emocional e os desenvolvimentos estrat\u00e9gicos para a supera\u00e7\u00e3o das situa\u00e7\u00f5es de viol\u00eancia. <\/span><\/p>\n<p align=\"justify\"><span style=\"font-size: medium;\">As mulheres chegam ao CRAM por iniciativa pessoal da usu\u00e1ria, que \u00e9 chamada de demanda espont\u00e2nea, por encaminhamento de algum \u00f3rg\u00e3o da rede de prote\u00e7\u00e3o, atrav\u00e9s de busca ativa, que \u00e9 realizada pela equipe t\u00e9cnica a partir dos boletins de ocorr\u00eancia registrados. Esses boletins s\u00e3o buscados todos os meses na Delegacia da Mulher, de acordo com Myryam. Tamb\u00e9m ocorre por notifica\u00e7\u00e3o compuls\u00f3ria, onde as mulheres chegam no CRAM atrav\u00e9s das equipes t\u00e9cnicas do Pronto Socorro, das UPAS e das UBS. O crit\u00e9rio b\u00e1sico de ingresso \u00e9 o relato de uma situa\u00e7\u00e3o de viol\u00eancia de g\u00eanero, independente do tipo. <\/span><\/p>\n<div id=\"attachment_21597\" style=\"width: 434px\" class=\"wp-caption alignleft\"><a href=\"https:\/\/wp.ufpel.edu.br\/empauta\/files\/2026\/04\/IMG_1007-scaled.jpeg\"><img loading=\"lazy\" decoding=\"async\" aria-describedby=\"caption-attachment-21597\" class=\"wp-image-21597 size-medium\" src=\"https:\/\/wp.ufpel.edu.br\/empauta\/files\/2026\/04\/IMG_1007-424x318.jpeg\" alt=\"\" width=\"424\" height=\"318\" srcset=\"https:\/\/wp.ufpel.edu.br\/empauta\/files\/2026\/04\/IMG_1007-424x318.jpeg 424w, https:\/\/wp.ufpel.edu.br\/empauta\/files\/2026\/04\/IMG_1007-212x159.jpeg 212w, https:\/\/wp.ufpel.edu.br\/empauta\/files\/2026\/04\/IMG_1007-768x576.jpeg 768w, https:\/\/wp.ufpel.edu.br\/empauta\/files\/2026\/04\/IMG_1007-1536x1152.jpeg 1536w, https:\/\/wp.ufpel.edu.br\/empauta\/files\/2026\/04\/IMG_1007-2048x1536.jpeg 2048w\" sizes=\"auto, (max-width: 424px) 100vw, 424px\" \/><\/a><p id=\"caption-attachment-21597\" class=\"wp-caption-text\"><em>Detalhe da decora\u00e7\u00e3o com mensagens para p\u00fablico feminino<\/em><\/p><\/div>\n<p align=\"justify\"><span style=\"font-size: medium;\">No acolhimento, os objetivos s\u00e3o construir um v\u00ednculo de confian\u00e7a m\u00fatua, entregar \u00e0s usu\u00e1rias informa\u00e7\u00f5es b\u00e1sicas sobre a rede e definir com a mulher se ela continuar\u00e1 sendo atendida. O principal objetivo \u00e9 atender as necessidades da mulher para amenizar o seu sofrimento, seja ele f\u00edsico, ps\u00edquico ou espiritual. Depois, no acompanhamento, a mulher vive um processo de conscientiza\u00e7\u00e3o, reestrutura\u00e7\u00e3o da autoestima e de tomar novas decis\u00f5es sobre a sua vida. Os objetivos s\u00e3o constru\u00eddos juntamente com a mulher, para que ela mesma os defina. \u00c9 o momento onde se executa o plano de atendimento individual.<\/span><\/p>\n<p align=\"justify\"><span style=\"font-size: medium;\">J\u00e1 o desligamento ocorre de forma planejada, respons\u00e1vel e respeitosa, sempre considerando a autonomia e seguran\u00e7a da mulher. Ocorre uma avalia\u00e7\u00e3o e debate tudo que a v\u00edtima j\u00e1 alcan\u00e7ou, se ela rompeu o ciclo da viol\u00eancia. \u201cEsse ciclo \u00e9 muito danoso, pois toda rela\u00e7\u00e3o come\u00e7a com conquista, o agressor se demonstra aquele homem cheio de boas qualidades. Mas com o decorrer vai aparecendo todos os defeitos, e assim a viol\u00eancia.\u201d diz a coordenadora e psic\u00f3loga Myryam. De acordo com a coordenadora, \u201cA viol\u00eancia ocorre em todas as classes sociais, em todas as idades, infelizmente. Ela abrange todas as mulheres, independente de classe, cor, ra\u00e7a e etnia.\u201d <\/span><\/p>\n<div id=\"attachment_21598\" style=\"width: 434px\" class=\"wp-caption alignright\"><a href=\"https:\/\/wp.ufpel.edu.br\/empauta\/files\/2026\/04\/IMG_1008-scaled.jpeg\"><img loading=\"lazy\" decoding=\"async\" aria-describedby=\"caption-attachment-21598\" class=\"wp-image-21598 size-medium\" src=\"https:\/\/wp.ufpel.edu.br\/empauta\/files\/2026\/04\/IMG_1008-424x318.jpeg\" alt=\"\" width=\"424\" height=\"318\" srcset=\"https:\/\/wp.ufpel.edu.br\/empauta\/files\/2026\/04\/IMG_1008-424x318.jpeg 424w, https:\/\/wp.ufpel.edu.br\/empauta\/files\/2026\/04\/IMG_1008-212x159.jpeg 212w, https:\/\/wp.ufpel.edu.br\/empauta\/files\/2026\/04\/IMG_1008-768x576.jpeg 768w, https:\/\/wp.ufpel.edu.br\/empauta\/files\/2026\/04\/IMG_1008-1536x1152.jpeg 1536w, https:\/\/wp.ufpel.edu.br\/empauta\/files\/2026\/04\/IMG_1008-2048x1536.jpeg 2048w\" sizes=\"auto, (max-width: 424px) 100vw, 424px\" \/><\/a><p id=\"caption-attachment-21598\" class=\"wp-caption-text\">CRAM conta com boa estrutura para atividades<\/p><\/div>\n<p align=\"justify\"><span style=\"font-size: medium;\">Com atua\u00e7\u00e3o essencial no combate \u00e0 viol\u00eancia de g\u00eanero, o CRAM se consolida como um espa\u00e7o de acolhimento e transforma\u00e7\u00e3o, oferecendo \u00e0s mulheres n\u00e3o apenas prote\u00e7\u00e3o imediata, mas tamb\u00e9m caminhos para reconstruir suas vidas com dignidade e autonomia.<\/span><\/p>\n<p align=\"justify\"><span style=\"font-size: medium;\">Local: Rua Dom Pedro II, n\u00ba 813, bairro Centro, Pelotas \/ RS<\/span><\/p>\n<p align=\"justify\"><span style=\"font-size: medium;\">Telefone: (53) 31990672<\/span><\/p>\n<p align=\"justify\"><span style=\"font-size: medium;\">WhatsApp: (53) 991860475<\/span><\/p>\n<p align=\"justify\"><span style=\"font-size: medium;\">Hor\u00e1rios: 8h \u00e0s 17h, de segunda a sexta-feira <\/span><\/p>\n<p align=\"justify\"><span style=\"font-size: medium;\">Email: <\/span><a href=\"mailto:centrodamulherpelotas@gmail.com\"><span style=\"font-size: medium;\"><u>centrodamulherpelotas@gmail.com<\/u><\/span><\/a><\/p>\n","protected":false},"excerpt":{"rendered":"<p>O Centro de Refer\u00eancia de Atendimento \u00e0 Mulher (CRAM) integra a pol\u00edtica municipal de enfrentamento \u00e0 viol\u00eancia contra as mulheres P\u00e2mela da Silva \/Em Pauta O Centro de Refer\u00eancia de Atendimento \u00e0 Mulher &#8211;&#46;&#46;&#46;<\/p>\n","protected":false},"author":587,"featured_media":21596,"comment_status":"closed","ping_status":"closed","sticky":false,"template":"","format":"standard","meta":{"jetpack_post_was_ever_published":false,"_jetpack_newsletter_access":"","_jetpack_dont_email_post_to_subs":false,"_jetpack_newsletter_tier_id":0,"_jetpack_memberships_contains_paywalled_content":false,"_jetpack_memberships_contains_paid_content":false,"footnotes":"","jetpack_publicize_message":"","jetpack_publicize_feature_enabled":true,"jetpack_social_post_already_shared":true,"jetpack_social_options":{"image_generator_settings":{"template":"highway","default_image_id":0,"font":"","enabled":false},"version":2}},"categories":[438,205,1442],"tags":[],"class_list":["post-21595","post","type-post","status-publish","format-standard","has-post-thumbnail","hentry","category-em-pauta-noticias","category-qualidadedevida","category-saude"],"jetpack_publicize_connections":[],"jetpack_featured_media_url":"https:\/\/wp.ufpel.edu.br\/empauta\/files\/2026\/04\/IMG_1014-scaled.jpeg","jetpack_sharing_enabled":true,"jetpack_shortlink":"https:\/\/wp.me\/p6Xvzq-5Cj","jetpack-related-posts":[{"id":18758,"url":"https:\/\/wp.ufpel.edu.br\/empauta\/centro-de-referencia-de-atendimento-a-mulher-conheca-o-espaco-de-acolhimento-para-mulheres-vitimas-de-violencia\/","url_meta":{"origin":21595,"position":0},"title":"Centro de Refer\u00eancia de Atendimento a Mulher: conhe\u00e7a o espa\u00e7o de acolhimento para mulheres v\u00edtimas de viol\u00eancia","author":"Em Pauta","date":"11\/09\/2023","format":false,"excerpt":"Agosto Lil\u00e1s traz discuss\u00e3o sobre altos \u00edndices de viol\u00eancia contra a mulher. Centro de Refer\u00eancia de Atendimento a Mulher de Pelotas se tornou refer\u00eancia no amparo e empoderamento das v\u00edtimas. Por Julia Barcelos e Jo\u00e3o Victor Rodrigues \/ Ag\u00eancia Em Pauta O m\u00eas de agosto \u00e9 dedicado \u00e0 conscientiza\u00e7\u00e3o pelo\u2026","rel":"","context":"Em &quot;Geral&quot;","block_context":{"text":"Geral","link":"https:\/\/wp.ufpel.edu.br\/empauta\/category\/todos\/geral\/"},"img":{"alt_text":"","src":"https:\/\/i0.wp.com\/wp.ufpel.edu.br\/empauta\/files\/2023\/09\/Foto-1-1-scaled.jpg?resize=350%2C200&ssl=1","width":350,"height":200,"srcset":"https:\/\/i0.wp.com\/wp.ufpel.edu.br\/empauta\/files\/2023\/09\/Foto-1-1-scaled.jpg?resize=350%2C200&ssl=1 1x, https:\/\/i0.wp.com\/wp.ufpel.edu.br\/empauta\/files\/2023\/09\/Foto-1-1-scaled.jpg?resize=525%2C300&ssl=1 1.5x, https:\/\/i0.wp.com\/wp.ufpel.edu.br\/empauta\/files\/2023\/09\/Foto-1-1-scaled.jpg?resize=700%2C400&ssl=1 2x, https:\/\/i0.wp.com\/wp.ufpel.edu.br\/empauta\/files\/2023\/09\/Foto-1-1-scaled.jpg?resize=1050%2C600&ssl=1 3x, https:\/\/i0.wp.com\/wp.ufpel.edu.br\/empauta\/files\/2023\/09\/Foto-1-1-scaled.jpg?resize=1400%2C800&ssl=1 4x"},"classes":[]},{"id":20741,"url":"https:\/\/wp.ufpel.edu.br\/empauta\/8m-marcha-nas-ruas-de-pelotas-no-dia-internacional-das-mulheres\/","url_meta":{"origin":21595,"position":1},"title":"8M marcha nas ruas de Pelotas no Dia Internacional das Mulheres","author":"Em Pauta","date":"11\/03\/2025","format":false,"excerpt":"No dia hist\u00f3rico de 8 de mar\u00e7o, marcado pela luta internacional das mulheres, as frentes feministas de Pelotas se reuniram para marchar pela cidade, reivindicando a defesa de direitos fundamentais e se manifestando contra a explora\u00e7\u00e3o de classe e todos os tipos de opress\u00f5es. Por Maria Eduarda Lopes e Larissa\u2026","rel":"","context":"Em &quot;Educa\u00e7\u00e3o&quot;","block_context":{"text":"Educa\u00e7\u00e3o","link":"https:\/\/wp.ufpel.edu.br\/empauta\/category\/todos\/educacao\/"},"img":{"alt_text":"","src":"https:\/\/i0.wp.com\/wp.ufpel.edu.br\/empauta\/files\/2025\/03\/Capa-scaled.jpg?resize=350%2C200&ssl=1","width":350,"height":200,"srcset":"https:\/\/i0.wp.com\/wp.ufpel.edu.br\/empauta\/files\/2025\/03\/Capa-scaled.jpg?resize=350%2C200&ssl=1 1x, https:\/\/i0.wp.com\/wp.ufpel.edu.br\/empauta\/files\/2025\/03\/Capa-scaled.jpg?resize=525%2C300&ssl=1 1.5x, https:\/\/i0.wp.com\/wp.ufpel.edu.br\/empauta\/files\/2025\/03\/Capa-scaled.jpg?resize=700%2C400&ssl=1 2x, https:\/\/i0.wp.com\/wp.ufpel.edu.br\/empauta\/files\/2025\/03\/Capa-scaled.jpg?resize=1050%2C600&ssl=1 3x, https:\/\/i0.wp.com\/wp.ufpel.edu.br\/empauta\/files\/2025\/03\/Capa-scaled.jpg?resize=1400%2C800&ssl=1 4x"},"classes":[]},{"id":17609,"url":"https:\/\/wp.ufpel.edu.br\/empauta\/marco-chega-ao-fim-e-indices-de-violencia-contra-a-mulher-continuam-crescendo-apos-o-mes-que-as-homenageia\/","url_meta":{"origin":21595,"position":2},"title":"Mar\u00e7o chega ao fim e \u00edndices de viol\u00eancia contra a mulher continuam crescendo ap\u00f3s o m\u00eas que as homenageia","author":"Em Pauta","date":"05\/04\/2023","format":false,"excerpt":"N\u00fameros trazem reflex\u00e3o acerca das pol\u00edticas p\u00fablicas que deveriam ser abordadas para a seguran\u00e7a dessa parcela da popula\u00e7\u00e3o Por Carol Quincozes \/ Em Pauta Quando se pensa no 8 de mar\u00e7o, Dia da Mulher, \u00e9 comum que as mulheres ganhem flores, chocolates e outros tipos de gratifica\u00e7\u00f5es. O m\u00eas de\u2026","rel":"","context":"Em &quot;Economia e Pol\u00edtica&quot;","block_context":{"text":"Economia e Pol\u00edtica","link":"https:\/\/wp.ufpel.edu.br\/empauta\/category\/todos\/economiaepolitica\/"},"img":{"alt_text":"","src":"https:\/\/i0.wp.com\/wp.ufpel.edu.br\/empauta\/files\/2023\/04\/foto-1-capa.jpeg?resize=350%2C200&ssl=1","width":350,"height":200},"classes":[]},{"id":5050,"url":"https:\/\/wp.ufpel.edu.br\/empauta\/vamos-juntas\/","url_meta":{"origin":21595,"position":3},"title":"Vamos juntas?","author":"Em Pauta","date":"20\/10\/2015","format":false,"excerpt":"Movimento ganha adeptas em Pelotas atrav\u00e9s das redes sociais.\u00a0 por Lauren Trindade \u00a0 O movimento \u201cVamos Juntas\u201d foi criado em Porto Alegre pela jornalista Babi Souza, 24 anos. A ideia surgiu a partir desse medo universal que \u00e9 a inseguran\u00e7a na vida das mulheres. Logo acabou instaurando-se em todo o\u2026","rel":"","context":"Em &quot;Geral&quot;","block_context":{"text":"Geral","link":"https:\/\/wp.ufpel.edu.br\/empauta\/category\/todos\/geral\/"},"img":{"alt_text":"","src":"https:\/\/i0.wp.com\/wp.ufpel.edu.br\/empauta\/files\/2015\/10\/vamosj1.jpg?resize=350%2C200&ssl=1","width":350,"height":200,"srcset":"https:\/\/i0.wp.com\/wp.ufpel.edu.br\/empauta\/files\/2015\/10\/vamosj1.jpg?resize=350%2C200&ssl=1 1x, https:\/\/i0.wp.com\/wp.ufpel.edu.br\/empauta\/files\/2015\/10\/vamosj1.jpg?resize=525%2C300&ssl=1 1.5x"},"classes":[]},{"id":16103,"url":"https:\/\/wp.ufpel.edu.br\/empauta\/mes-de-combate-a-violencia-contra-a-mulher\/","url_meta":{"origin":21595,"position":4},"title":"M\u00eas de combate \u00e0 viol\u00eancia contra a mulher","author":"Em Pauta","date":"31\/08\/2022","format":false,"excerpt":"Enfrentar e combater todas as formas de viol\u00eancia contra as mulheres. Informar e conscientizar atrav\u00e9s de pol\u00edticas p\u00fablicas, esses s\u00e3o os principais objetivos do \u201cAGOSTO LIL\u00c1S\u201d Por Esther Martin Lutar para proteger as mulheres \u00e9 um dever de todos. \u00c9 essencial o envolvimento de toda rede de atendimento \u00e0 mulher\u2026","rel":"","context":"Em &quot;Economia e Pol\u00edtica&quot;","block_context":{"text":"Economia e Pol\u00edtica","link":"https:\/\/wp.ufpel.edu.br\/empauta\/category\/todos\/economiaepolitica\/"},"img":{"alt_text":"","src":"https:\/\/i0.wp.com\/wp.ufpel.edu.br\/empauta\/files\/2022\/08\/Roda-de-Conversa-com-homens-via-coordenadoria-de-politicas-publicas-para-a-mulher.jpg?resize=350%2C200&ssl=1","width":350,"height":200,"srcset":"https:\/\/i0.wp.com\/wp.ufpel.edu.br\/empauta\/files\/2022\/08\/Roda-de-Conversa-com-homens-via-coordenadoria-de-politicas-publicas-para-a-mulher.jpg?resize=350%2C200&ssl=1 1x, https:\/\/i0.wp.com\/wp.ufpel.edu.br\/empauta\/files\/2022\/08\/Roda-de-Conversa-com-homens-via-coordenadoria-de-politicas-publicas-para-a-mulher.jpg?resize=525%2C300&ssl=1 1.5x, https:\/\/i0.wp.com\/wp.ufpel.edu.br\/empauta\/files\/2022\/08\/Roda-de-Conversa-com-homens-via-coordenadoria-de-politicas-publicas-para-a-mulher.jpg?resize=700%2C400&ssl=1 2x"},"classes":[]},{"id":14446,"url":"https:\/\/wp.ufpel.edu.br\/empauta\/eu-menstruo-campanha-incentiva-combate-a-pobreza-menstrual\/","url_meta":{"origin":21595,"position":5},"title":"&#8220;Eu Menstruo&#8221;: campanha incentiva combate \u00e0 pobreza menstrual","author":"Em Pauta","date":"14\/09\/2021","format":false,"excerpt":"\u00a0Iniciativa tem o intuito de garantir o acesso a absorventes a pessoas que menstruam por Amanda Kuhn \/ Em Pauta Voc\u00ea j\u00e1 ouviu falar em pobreza menstrual? Nos \u00faltimos meses, o assunto ganhou for\u00e7a na internet e gerou debates sobre o acesso (ou a falta dele) a um produto b\u00e1sico\u2026","rel":"","context":"Em &quot;Em Pauta Not\u00edcias&quot;","block_context":{"text":"Em Pauta Not\u00edcias","link":"https:\/\/wp.ufpel.edu.br\/empauta\/category\/em-pauta-noticias\/"},"img":{"alt_text":"","src":"https:\/\/i0.wp.com\/wp.ufpel.edu.br\/empauta\/files\/2021\/09\/foto3.jpg?resize=350%2C200&ssl=1","width":350,"height":200,"srcset":"https:\/\/i0.wp.com\/wp.ufpel.edu.br\/empauta\/files\/2021\/09\/foto3.jpg?resize=350%2C200&ssl=1 1x, https:\/\/i0.wp.com\/wp.ufpel.edu.br\/empauta\/files\/2021\/09\/foto3.jpg?resize=525%2C300&ssl=1 1.5x, https:\/\/i0.wp.com\/wp.ufpel.edu.br\/empauta\/files\/2021\/09\/foto3.jpg?resize=700%2C400&ssl=1 2x"},"classes":[]}],"_links":{"self":[{"href":"https:\/\/wp.ufpel.edu.br\/empauta\/wp-json\/wp\/v2\/posts\/21595","targetHints":{"allow":["GET"]}}],"collection":[{"href":"https:\/\/wp.ufpel.edu.br\/empauta\/wp-json\/wp\/v2\/posts"}],"about":[{"href":"https:\/\/wp.ufpel.edu.br\/empauta\/wp-json\/wp\/v2\/types\/post"}],"author":[{"embeddable":true,"href":"https:\/\/wp.ufpel.edu.br\/empauta\/wp-json\/wp\/v2\/users\/587"}],"replies":[{"embeddable":true,"href":"https:\/\/wp.ufpel.edu.br\/empauta\/wp-json\/wp\/v2\/comments?post=21595"}],"version-history":[{"count":2,"href":"https:\/\/wp.ufpel.edu.br\/empauta\/wp-json\/wp\/v2\/posts\/21595\/revisions"}],"predecessor-version":[{"id":21600,"href":"https:\/\/wp.ufpel.edu.br\/empauta\/wp-json\/wp\/v2\/posts\/21595\/revisions\/21600"}],"wp:featuredmedia":[{"embeddable":true,"href":"https:\/\/wp.ufpel.edu.br\/empauta\/wp-json\/wp\/v2\/media\/21596"}],"wp:attachment":[{"href":"https:\/\/wp.ufpel.edu.br\/empauta\/wp-json\/wp\/v2\/media?parent=21595"}],"wp:term":[{"taxonomy":"category","embeddable":true,"href":"https:\/\/wp.ufpel.edu.br\/empauta\/wp-json\/wp\/v2\/categories?post=21595"},{"taxonomy":"post_tag","embeddable":true,"href":"https:\/\/wp.ufpel.edu.br\/empauta\/wp-json\/wp\/v2\/tags?post=21595"}],"curies":[{"name":"wp","href":"https:\/\/api.w.org\/{rel}","templated":true}]}}