{"id":21489,"date":"2026-03-06T10:47:55","date_gmt":"2026-03-06T13:47:55","guid":{"rendered":"https:\/\/wp.ufpel.edu.br\/empauta\/?p=21489"},"modified":"2026-03-06T10:47:55","modified_gmt":"2026-03-06T13:47:55","slug":"hamnet-a-vida-antes-de-hamlet-celebra-a-arte-de-sentir-e-criar-a-partir-da-dor","status":"publish","type":"post","link":"https:\/\/wp.ufpel.edu.br\/empauta\/hamnet-a-vida-antes-de-hamlet-celebra-a-arte-de-sentir-e-criar-a-partir-da-dor\/","title":{"rendered":"\u201cHamnet: A Vida Antes de Hamlet\u201d celebra a arte de sentir e criar a partir da dor"},"content":{"rendered":"<p align=\"justify\"><span style=\"font-size: medium;\">O longa-metragem conta a hist\u00f3ria da fam\u00edlia de William Shakespeare, o famoso poeta e dramaturgo ingl\u00eas, com foco na sua esposa, Agnes, e seus tr\u00eas filhos, e como a m\u00e3e lida com a morte de seu \u00fanico filho, Hamnet.<\/span><\/p>\n<div id=\"attachment_21490\" style=\"width: 1930px\" class=\"wp-caption aligncenter\"><a href=\"https:\/\/wp.ufpel.edu.br\/empauta\/files\/2026\/03\/Hamnet-Imagem-1.jpg\"><img loading=\"lazy\" decoding=\"async\" aria-describedby=\"caption-attachment-21490\" class=\"wp-image-21490 size-full\" src=\"https:\/\/wp.ufpel.edu.br\/empauta\/files\/2026\/03\/Hamnet-Imagem-1.jpg\" alt=\"\" width=\"1920\" height=\"1080\" srcset=\"https:\/\/wp.ufpel.edu.br\/empauta\/files\/2026\/03\/Hamnet-Imagem-1.jpg 1920w, https:\/\/wp.ufpel.edu.br\/empauta\/files\/2026\/03\/Hamnet-Imagem-1-424x239.jpg 424w, https:\/\/wp.ufpel.edu.br\/empauta\/files\/2026\/03\/Hamnet-Imagem-1-212x119.jpg 212w, https:\/\/wp.ufpel.edu.br\/empauta\/files\/2026\/03\/Hamnet-Imagem-1-768x432.jpg 768w, https:\/\/wp.ufpel.edu.br\/empauta\/files\/2026\/03\/Hamnet-Imagem-1-1536x864.jpg 1536w\" sizes=\"auto, (max-width: 1920px) 100vw, 1920px\" \/><\/a><p id=\"caption-attachment-21490\" class=\"wp-caption-text\"><em>A estreia no Brasil aconteceu em alguns estados brasileiros no in\u00edcio de janeiro, e em outros na metade de fevereiro<\/em><\/p><\/div>\n<p style=\"text-align: left;\" align=\"right\"><strong><span style=\"font-size: medium;\">Por Amanda Leitzke\/ Em Pauta<\/span><\/strong><\/p>\n<p align=\"justify\"><span style=\"font-size: medium;\">Em um tempo em que filmes carregados de efeitos especiais dominam as telas, Hamnet surge como um lembrete poderoso de que o cinema tamb\u00e9m pode ser um espelho sens\u00edvel da experi\u00eancia humana. Dirigido pela vencedora do Oscar Chlo\u00e9 Zhao e adaptado do romance hom\u00f4nimo de Maggie O\u2019Farrell, o longa n\u00e3o \u00e9 apenas uma reconstru\u00e7\u00e3o hist\u00f3rica, \u00e9 uma jornada intimista pelo amor, pela perda e pela forma como a arte nasce das feridas mais profundas.<\/span><\/p>\n<p align=\"justify\"><span style=\"font-size: medium;\">A narrativa acompanha Agnes Shakespeare (interpretada por Jessie Buckley) e seu marido, William Shakespeare (Paul Mescal), enquanto enfrentam a devastadora morte de seu filho Hamnet, em meio \u00e0s pragas que assolavam o s\u00e9culo XVI. A partir dessa trag\u00e9dia, o filme imagina as emo\u00e7\u00f5es e o contexto que teriam inspirado o maior dramaturgo do ocidente a escrever Hamlet.<\/span><\/p>\n<p align=\"justify\"><span style=\"font-size: medium;\">O que diferencia Hamnet de muitas biografias cinematogr\u00e1ficas \u00e9 o seu foco sens\u00edvel nos la\u00e7os familiares e na subjetividade das personagens. Aqui, a dor n\u00e3o \u00e9 apenas um motivo narrativo, mas um terreno f\u00e9rtil para a cria\u00e7\u00e3o e reflex\u00e3o. Jessie Buckley entrega uma atua\u00e7\u00e3o comovente e visceral, que tem sido amplamente reconhecida pela cr\u00edtica e pelos pr\u00eamios da ind\u00fastria, incluindo o Globo de Ouro de Melhor Atriz em Filme de Drama, e o BAFTA de Melhor Atriz. Ao seu redor, o elenco sustenta essa mesma for\u00e7a nas atua\u00e7\u00f5es, criando uma din\u00e2mica familiar extremamente comovente.<\/span><\/p>\n<div id=\"attachment_21491\" style=\"width: 1210px\" class=\"wp-caption aligncenter\"><img loading=\"lazy\" decoding=\"async\" aria-describedby=\"caption-attachment-21491\" class=\"wp-image-21491 size-full\" src=\"https:\/\/wp.ufpel.edu.br\/empauta\/files\/2026\/03\/Hamnet-Imagem-2.jpg\" alt=\"\" width=\"1200\" height=\"900\" srcset=\"https:\/\/wp.ufpel.edu.br\/empauta\/files\/2026\/03\/Hamnet-Imagem-2.jpg 1200w, https:\/\/wp.ufpel.edu.br\/empauta\/files\/2026\/03\/Hamnet-Imagem-2-424x318.jpg 424w, https:\/\/wp.ufpel.edu.br\/empauta\/files\/2026\/03\/Hamnet-Imagem-2-212x159.jpg 212w, https:\/\/wp.ufpel.edu.br\/empauta\/files\/2026\/03\/Hamnet-Imagem-2-768x576.jpg 768w\" sizes=\"auto, (max-width: 1200px) 100vw, 1200px\" \/><p id=\"caption-attachment-21491\" class=\"wp-caption-text\"><em> Hamnet foi o vencedor do pr\u00eamio de Melhor Filme de Drama no Globo de Ouro 2026, sendo um forte candidato ao Oscar 2026 na categoria de Melhor Filme.<\/em><\/p><\/div>\n<p align=\"justify\"><span style=\"font-size: medium;\">A trilha sonora complementa essa atmosfera com sensibilidade. Em vez de conduzir a emo\u00e7\u00e3o de forma \u00f3bvia, ela surge de maneira sutil, ampliando os momentos mais dolorosos e tamb\u00e9m os mais contemplativos. M\u00fasica e imagem se entrela\u00e7am para construir uma experi\u00eancia que envolve o espectador de maneira profunda e quase devastadora.<\/span><\/p>\n<p align=\"justify\"><span style=\"font-size: medium;\">Mais do que um drama hist\u00f3rico, Hamnet \u00e9 um filme sobre como a dor pode se transformar em arte, e sobre como as perdas moldam quem somos. \u00c9 uma obra que encontra grandeza nos detalhes e que reafirma o poder do cinema de tocar, com delicadeza, as camadas mais \u00edntimas das nossas viv\u00eancias como seres humanos.<\/span><\/p>\n<p align=\"justify\"><strong><span style=\"font-size: medium;\">Ficha T\u00e9cnica:<\/span><\/strong><\/p>\n<p align=\"justify\"><span style=\"font-size: medium;\">Diretor: Chlo\u00e9 Zhao <\/span><\/p>\n<p align=\"justify\"><span style=\"font-size: medium;\">Roteiro: Chlo\u00e9 Zhao e Maggie O&#8217;Farrell (baseado no livro de O&#8217;Farrell) <\/span><\/p>\n<p align=\"justify\"><span style=\"font-size: medium;\">Elenco Principal: Jessie Buckley, Paul Mescal, Emily Watson, Joe Alwyn, Jacobi Jupe e Noah Jupe<\/span><\/p>\n<p align=\"justify\"><span style=\"font-size: medium;\">G\u00eanero: Drama, Biografia, Hist\u00f3ria<\/span><\/p>\n<p align=\"justify\"><span style=\"font-size: medium;\">Pa\u00edses de Origem: Reino Unido, Estados Unidos<\/span><\/p>\n<p align=\"justify\"><span style=\"font-size: medium;\">Ano de Produ\u00e7\u00e3o: 2025<\/span><\/p>\n<p align=\"justify\"><span style=\"font-size: medium;\">Dura\u00e7\u00e3o: 125 minutos<\/span><\/p>\n<p align=\"justify\"><span style=\"font-size: medium;\">Distribui\u00e7\u00e3o: Universal Pictures e Focus Features<\/span><\/p>\n<p align=\"right\">\n<p align=\"right\">\n<p align=\"right\">\n<p align=\"right\">\n","protected":false},"excerpt":{"rendered":"<p>O longa-metragem conta a hist\u00f3ria da fam\u00edlia de William Shakespeare, o famoso poeta e dramaturgo ingl\u00eas, com foco na sua esposa, Agnes, e seus tr\u00eas filhos, e como a m\u00e3e lida com a morte&#46;&#46;&#46;<\/p>\n","protected":false},"author":587,"featured_media":21490,"comment_status":"closed","ping_status":"closed","sticky":false,"template":"","format":"standard","meta":{"jetpack_post_was_ever_published":false,"_jetpack_newsletter_access":"","_jetpack_dont_email_post_to_subs":false,"_jetpack_newsletter_tier_id":0,"_jetpack_memberships_contains_paywalled_content":false,"_jetpack_memberships_contains_paid_content":false,"footnotes":"","jetpack_publicize_message":"","jetpack_publicize_feature_enabled":true,"jetpack_social_post_already_shared":true,"jetpack_social_options":{"image_generator_settings":{"template":"highway","default_image_id":0,"font":"","enabled":false},"version":2}},"categories":[324,204,219,438,1,205],"tags":[],"class_list":["post-21489","post","type-post","status-publish","format-standard","has-post-thumbnail","hentry","category-criticaseresenhas","category-culturaeentretenimento","category-educacao","category-em-pauta-noticias","category-noticias","category-qualidadedevida"],"jetpack_publicize_connections":[],"jetpack_featured_media_url":"https:\/\/wp.ufpel.edu.br\/empauta\/files\/2026\/03\/Hamnet-Imagem-1.jpg","jetpack_sharing_enabled":true,"jetpack_shortlink":"https:\/\/wp.me\/p6Xvzq-5AB","jetpack-related-posts":[{"id":20710,"url":"https:\/\/wp.ufpel.edu.br\/empauta\/homem-com-h-cinebiografia-de-ney-matogrosso-chega-aos-cinemas-em-2025\/","url_meta":{"origin":21489,"position":0},"title":"Homem com H: cinebiografia de Ney Matogrosso chega aos cinemas em 2025\u00a0","author":"Em Pauta","date":"16\/02\/2025","format":false,"excerpt":"A obra promete narrar a trajet\u00f3ria de um dos maiores nomes da m\u00fasica popular brasileira \u00a0 \u00a0 \u00a0 Martha Cristina Melo \/ Em Pauta A vida e carreira de Ney Matogrosso, um dos nomes mais aut\u00eanticos da ind\u00fastria musical brasileira, est\u00e3o prestes a ganhar as telas de cinema. Nesta segunda-feira\u2026","rel":"","context":"Em &quot;Cultura e Entretenimento&quot;","block_context":{"text":"Cultura e Entretenimento","link":"https:\/\/wp.ufpel.edu.br\/empauta\/category\/todos\/culturaeentretenimento\/"},"img":{"alt_text":"","src":"https:\/\/i0.wp.com\/wp.ufpel.edu.br\/empauta\/files\/2025\/02\/Ney-M-Imagem-1.jpg?resize=350%2C200&ssl=1","width":350,"height":200,"srcset":"https:\/\/i0.wp.com\/wp.ufpel.edu.br\/empauta\/files\/2025\/02\/Ney-M-Imagem-1.jpg?resize=350%2C200&ssl=1 1x, https:\/\/i0.wp.com\/wp.ufpel.edu.br\/empauta\/files\/2025\/02\/Ney-M-Imagem-1.jpg?resize=525%2C300&ssl=1 1.5x, https:\/\/i0.wp.com\/wp.ufpel.edu.br\/empauta\/files\/2025\/02\/Ney-M-Imagem-1.jpg?resize=700%2C400&ssl=1 2x"},"classes":[]},{"id":21501,"url":"https:\/\/wp.ufpel.edu.br\/empauta\/luto-enfrentamento-comum-que-atravessa-diferentes-realidades\/","url_meta":{"origin":21489,"position":1},"title":"Luto: enfrentamento comum que atravessa diferentes realidades","author":"Em Pauta","date":"06\/03\/2026","format":false,"excerpt":"Psic\u00f3loga explica como o luto \u00e9 vivenciado em diferentes etapas e destaca seus impactos emocionais \u00a0 B\u00e1rbara Carvalho \/ Em Pauta \u00a0 Ao longo da vida, cada ser humano vivencia sentimentos, constr\u00f3i convic\u00e7\u00f5es pr\u00f3prias e enfrenta d\u00favidas particulares. Apesar das diferen\u00e7as individuais, h\u00e1 uma experi\u00eancia comum que atravessa pessoas de\u2026","rel":"","context":"Em &quot;Educa\u00e7\u00e3o&quot;","block_context":{"text":"Educa\u00e7\u00e3o","link":"https:\/\/wp.ufpel.edu.br\/empauta\/category\/todos\/educacao\/"},"img":{"alt_text":"","src":"https:\/\/i0.wp.com\/wp.ufpel.edu.br\/empauta\/files\/2026\/03\/IMG_20260201_1920031-scaled.jpg?resize=350%2C200&ssl=1","width":350,"height":200,"srcset":"https:\/\/i0.wp.com\/wp.ufpel.edu.br\/empauta\/files\/2026\/03\/IMG_20260201_1920031-scaled.jpg?resize=350%2C200&ssl=1 1x, https:\/\/i0.wp.com\/wp.ufpel.edu.br\/empauta\/files\/2026\/03\/IMG_20260201_1920031-scaled.jpg?resize=525%2C300&ssl=1 1.5x, https:\/\/i0.wp.com\/wp.ufpel.edu.br\/empauta\/files\/2026\/03\/IMG_20260201_1920031-scaled.jpg?resize=700%2C400&ssl=1 2x, https:\/\/i0.wp.com\/wp.ufpel.edu.br\/empauta\/files\/2026\/03\/IMG_20260201_1920031-scaled.jpg?resize=1050%2C600&ssl=1 3x, https:\/\/i0.wp.com\/wp.ufpel.edu.br\/empauta\/files\/2026\/03\/IMG_20260201_1920031-scaled.jpg?resize=1400%2C800&ssl=1 4x"},"classes":[]},{"id":16127,"url":"https:\/\/wp.ufpel.edu.br\/empauta\/eleicoes-2022-assembleia-legislativa\/","url_meta":{"origin":21489,"position":2},"title":"Elei\u00e7\u00f5es 2022: Assembleia Legislativa","author":"Em Pauta","date":"31\/08\/2022","format":false,"excerpt":"Mais de metade das vagas foram ocupadas por novos parlamentares Por Douglas Rafael Duarte Nas elei\u00e7\u00f5es de 2018 a Assembleia Legislativa ga\u00facha renovou 28 das suas 55 cadeiras. Tenente-Coronel Zuco, do PSL, aproveitou a for\u00e7a de Bolsonaro no Estado e com isso alcan\u00e7ou a maior vota\u00e7\u00e3o entre todos os candidatos:\u2026","rel":"","context":"Em &quot;Economia e Pol\u00edtica&quot;","block_context":{"text":"Economia e Pol\u00edtica","link":"https:\/\/wp.ufpel.edu.br\/empauta\/category\/todos\/economiaepolitica\/"},"img":{"alt_text":"","src":"https:\/\/i0.wp.com\/wp.ufpel.edu.br\/empauta\/files\/2022\/08\/AL.jpg?resize=350%2C200&ssl=1","width":350,"height":200,"srcset":"https:\/\/i0.wp.com\/wp.ufpel.edu.br\/empauta\/files\/2022\/08\/AL.jpg?resize=350%2C200&ssl=1 1x, https:\/\/i0.wp.com\/wp.ufpel.edu.br\/empauta\/files\/2022\/08\/AL.jpg?resize=525%2C300&ssl=1 1.5x"},"classes":[]},{"id":21497,"url":"https:\/\/wp.ufpel.edu.br\/empauta\/exposicao-excessiva-a-telas-afeta-sono-cognicao-e-saude-mental\/","url_meta":{"origin":21489,"position":3},"title":"Exposi\u00e7\u00e3o excessiva a telas afeta sono, cogni\u00e7\u00e3o e sa\u00fade mental","author":"Em Pauta","date":"06\/03\/2026","format":false,"excerpt":"Especialista explica efeitos do consumo intenso de conte\u00fados digitais no comportamento e na rotina B\u00e1rbara Carvalho \/ Em Pauta O uso prolongado de telas tem sido associado a altera\u00e7\u00f5es no funcionamento do c\u00e9rebro e na rotina di\u00e1ria das pessoas. Pesquisas recentes indicam preju\u00edzos ao sono, \u00e0 aten\u00e7\u00e3o, \u00e0 mem\u00f3ria e\u2026","rel":"","context":"Em &quot;Ci\u00eancia e Tecnologia&quot;","block_context":{"text":"Ci\u00eancia e Tecnologia","link":"https:\/\/wp.ufpel.edu.br\/empauta\/category\/todos\/cienciaetecnologia\/"},"img":{"alt_text":"","src":"https:\/\/i0.wp.com\/wp.ufpel.edu.br\/empauta\/files\/2026\/03\/IMG-20250808-WA0010.jpg?resize=350%2C200&ssl=1","width":350,"height":200,"srcset":"https:\/\/i0.wp.com\/wp.ufpel.edu.br\/empauta\/files\/2026\/03\/IMG-20250808-WA0010.jpg?resize=350%2C200&ssl=1 1x, https:\/\/i0.wp.com\/wp.ufpel.edu.br\/empauta\/files\/2026\/03\/IMG-20250808-WA0010.jpg?resize=525%2C300&ssl=1 1.5x, https:\/\/i0.wp.com\/wp.ufpel.edu.br\/empauta\/files\/2026\/03\/IMG-20250808-WA0010.jpg?resize=700%2C400&ssl=1 2x, https:\/\/i0.wp.com\/wp.ufpel.edu.br\/empauta\/files\/2026\/03\/IMG-20250808-WA0010.jpg?resize=1050%2C600&ssl=1 3x, https:\/\/i0.wp.com\/wp.ufpel.edu.br\/empauta\/files\/2026\/03\/IMG-20250808-WA0010.jpg?resize=1400%2C800&ssl=1 4x"},"classes":[]},{"id":16083,"url":"https:\/\/wp.ufpel.edu.br\/empauta\/eleicoes-2022-camera-dos-deputados\/","url_meta":{"origin":21489,"position":4},"title":"Elei\u00e7\u00f5es 2022: C\u00e2mara dos deputados","author":"Em Pauta","date":"30\/08\/2022","format":false,"excerpt":"Por Douglas Rafael Duarte Bolsonaro impactou na composi\u00e7\u00e3o da bancada ga\u00facha Marcel Van Haten, do partido NOVO, foi o candidato a deputado federal mais votado no Rio Grande do Sul em 2018. Na esteira do antipetismo o ex-deputado estadual conquistou impressionantes 349.855 votos (5,99% dos votos v\u00e1lidos). Logo atr\u00e1s vieram\u2026","rel":"","context":"Em &quot;Economia e Pol\u00edtica&quot;","block_context":{"text":"Economia e Pol\u00edtica","link":"https:\/\/wp.ufpel.edu.br\/empauta\/category\/todos\/economiaepolitica\/"},"img":{"alt_text":"","src":"https:\/\/i0.wp.com\/wp.ufpel.edu.br\/empauta\/files\/2022\/08\/cdd.jpg?resize=350%2C200&ssl=1","width":350,"height":200,"srcset":"https:\/\/i0.wp.com\/wp.ufpel.edu.br\/empauta\/files\/2022\/08\/cdd.jpg?resize=350%2C200&ssl=1 1x, https:\/\/i0.wp.com\/wp.ufpel.edu.br\/empauta\/files\/2022\/08\/cdd.jpg?resize=525%2C300&ssl=1 1.5x"},"classes":[]},{"id":14494,"url":"https:\/\/wp.ufpel.edu.br\/empauta\/feliz-ano-novo-feliz-ano-velho\/","url_meta":{"origin":21489,"position":5},"title":"Feliz ano novo, feliz ano velho","author":"Em Pauta","date":"21\/09\/2021","format":false,"excerpt":"Por Carol Pinho \/ Em Pauta E se a sua vida mudasse completamente ap\u00f3s um mergulho mal dado? Marcelo estava em uma vigem com os seus amigos da faculdade quando, de brincadeira, resolveu fazer um mergulho estilo \u201cTio Patinhas\u201d, em um lago de profundidade desconhecida. Em quest\u00e3o de segundos ap\u00f3s\u2026","rel":"","context":"Em &quot;Cultura e Entretenimento&quot;","block_context":{"text":"Cultura e Entretenimento","link":"https:\/\/wp.ufpel.edu.br\/empauta\/category\/todos\/culturaeentretenimento\/"},"img":{"alt_text":"","src":"https:\/\/i0.wp.com\/wp.ufpel.edu.br\/empauta\/files\/2021\/09\/marceloglobo.jpg?resize=350%2C200&ssl=1","width":350,"height":200},"classes":[]}],"_links":{"self":[{"href":"https:\/\/wp.ufpel.edu.br\/empauta\/wp-json\/wp\/v2\/posts\/21489","targetHints":{"allow":["GET"]}}],"collection":[{"href":"https:\/\/wp.ufpel.edu.br\/empauta\/wp-json\/wp\/v2\/posts"}],"about":[{"href":"https:\/\/wp.ufpel.edu.br\/empauta\/wp-json\/wp\/v2\/types\/post"}],"author":[{"embeddable":true,"href":"https:\/\/wp.ufpel.edu.br\/empauta\/wp-json\/wp\/v2\/users\/587"}],"replies":[{"embeddable":true,"href":"https:\/\/wp.ufpel.edu.br\/empauta\/wp-json\/wp\/v2\/comments?post=21489"}],"version-history":[{"count":1,"href":"https:\/\/wp.ufpel.edu.br\/empauta\/wp-json\/wp\/v2\/posts\/21489\/revisions"}],"predecessor-version":[{"id":21492,"href":"https:\/\/wp.ufpel.edu.br\/empauta\/wp-json\/wp\/v2\/posts\/21489\/revisions\/21492"}],"wp:featuredmedia":[{"embeddable":true,"href":"https:\/\/wp.ufpel.edu.br\/empauta\/wp-json\/wp\/v2\/media\/21490"}],"wp:attachment":[{"href":"https:\/\/wp.ufpel.edu.br\/empauta\/wp-json\/wp\/v2\/media?parent=21489"}],"wp:term":[{"taxonomy":"category","embeddable":true,"href":"https:\/\/wp.ufpel.edu.br\/empauta\/wp-json\/wp\/v2\/categories?post=21489"},{"taxonomy":"post_tag","embeddable":true,"href":"https:\/\/wp.ufpel.edu.br\/empauta\/wp-json\/wp\/v2\/tags?post=21489"}],"curies":[{"name":"wp","href":"https:\/\/api.w.org\/{rel}","templated":true}]}}