{"id":21481,"date":"2026-03-02T16:40:25","date_gmt":"2026-03-02T19:40:25","guid":{"rendered":"https:\/\/wp.ufpel.edu.br\/empauta\/?p=21481"},"modified":"2026-03-02T17:52:10","modified_gmt":"2026-03-02T20:52:10","slug":"realidade-agridoce-como-doces-artesanais-sustentam-estudantes-da-ufpel","status":"publish","type":"post","link":"https:\/\/wp.ufpel.edu.br\/empauta\/realidade-agridoce-como-doces-artesanais-sustentam-estudantes-da-ufpel\/","title":{"rendered":"Realidade agridoce: como doces artesanais sustentam estudantes da UFPel"},"content":{"rendered":"<p style=\"text-align: left;\" align=\"center\">Conhe\u00e7a as hist\u00f3rias das microempresas universit\u00e1rias Bolos Forenses, Miiau Cookies e Patas de A\u00e7\u00facar<\/p>\n<p style=\"text-align: left;\" align=\"center\"><em><strong><span style=\"font-family: Arial, serif;\"><span style=\"font-size: small;\">Lu\u00eds Esteves Garcez\/Em Pauta<\/span><\/span><\/strong><\/em><\/p>\n<p align=\"justify\"><span style=\"font-size: medium;\"> Equilibrando uma vida universit\u00e1ria marcada por alegrias e dificuldades, tr\u00eas alunos da UFPel encontraram nas panelas uma forma criativa de complementar a renda, ao mesmo tempo que levam alegria para colegas e professores e cultivam a paix\u00e3o pela culin\u00e1ria. Anderson Crizel Pinheiro Holz (dono do &#8220;Bolos Forenses&#8221;), Natalya Dettman (criadora do &#8220;Miiau Cookies&#8221;) e Eduarda Dos Passos Pereira Gir\u00e3o (mente por tr\u00e1s do &#8220;Patas de A\u00e7\u00facar&#8221;) vendem doces artesanais pela Universidade Federal de Pelotas.<\/span><\/p>\n<p align=\"justify\"><span style=\"font-size: medium;\"> &#8220;Eu adoro cozinhar, adoro estar na cozinha. Fazer o bolo, a cobertura, os recheios, ter novas ideias s\u00e3o coisas que me d\u00e3o bastante alegria&#8221;, conta Anderson, mestrando em Qu\u00edmica de 30 anos, que viu seu bolo de laranja viralizar primeiro entre os amigos de Rio Grande, sua cidade natal. Logo em seguida, a fama do doce chegou na pr\u00f3pria cidade do doce, quando colegas e professores passaram a fazer encomendas.<\/span><\/p>\n<p align=\"justify\"><span style=\"font-size: medium;\"> Anderson come\u00e7ou a fazer os bolos aos 29 anos, no final de 2024. &#8220;Parte do motivo era juntar no valor da renda pra pagar o aluguel daqui de Pelotas&#8221;, revela. A fama cresceu organicamente: &#8220;O pessoal da UFPel, principalmente professores, come\u00e7aram a comentar que queriam provar&#8221;. Seus bolos autorais, nos formatos tradicional, vulc\u00e3o e torta, levam t\u00edtulos forenses, homenageando sua forma\u00e7\u00e3o em Qu\u00edmica Forense, \u00e1rea que apaixona o mestrando. Aprendeu culin\u00e1ria sozinho aos 20 anos e sente orgulho de dizer que cada uma de suas receitas tem seu toque especial; cada um dos sabores da Bolos Forenses \u00e9 \u00fanico e n\u00e3o pode ser encontrado em nenhum outro lugar, como uma digital.<\/span><\/p>\n<p align=\"justify\"><span style=\"font-size: medium;\"> Apesar do prazer em cozinhar e em gerir a marca, admite desafios: &#8220;Muitas vezes, pra dar conta das encomendas, eu j\u00e1 fui de virada pro campus, sem dormir, o que me dava um cansa\u00e7o f\u00edsico e mental que dificultava bastante. Realmente estava sendo um per\u00edodo bem complicado, at\u00e9 que chegou um ponto que eu percebi que precisava cuidar da minha sa\u00fade tamb\u00e9m, a\u00ed comecei a dar uma diminu\u00edda nas produ\u00e7\u00f5es.&#8221; Hoje, Anderson considera ter adquirido mais maturidade em rela\u00e7\u00e3o a esse aspecto e consegue equilibrar as vendas com os estudos. Uma realiza\u00e7\u00e3o importante, considerando que a defesa da disserta\u00e7\u00e3o do mestrando acontece ainda esta semana. Como consequ\u00eancia, a produ\u00e7\u00e3o de bolos est\u00e1 pausada h\u00e1 dois meses. Anderson planeja retomar ainda em mar\u00e7o, pois j\u00e1 tem em mente que enfrentar\u00e1 um per\u00edodo de at\u00e9 dois meses sem aux\u00edlio acad\u00eamico, enquanto espera a bolsa do doutorado sair.<\/span><\/p>\n<div id=\"attachment_21484\" style=\"width: 747px\" class=\"wp-caption aligncenter\"><a href=\"https:\/\/wp.ufpel.edu.br\/empauta\/files\/2026\/03\/forense.jpeg\"><img loading=\"lazy\" decoding=\"async\" aria-describedby=\"caption-attachment-21484\" class=\"wp-image-21484 size-full\" src=\"https:\/\/wp.ufpel.edu.br\/empauta\/files\/2026\/03\/forense.jpeg\" alt=\"\" width=\"737\" height=\"949\" srcset=\"https:\/\/wp.ufpel.edu.br\/empauta\/files\/2026\/03\/forense.jpeg 737w, https:\/\/wp.ufpel.edu.br\/empauta\/files\/2026\/03\/forense-247x318.jpeg 247w, https:\/\/wp.ufpel.edu.br\/empauta\/files\/2026\/03\/forense-123x159.jpeg 123w\" sizes=\"auto, (max-width: 737px) 100vw, 737px\" \/><\/a><p id=\"caption-attachment-21484\" class=\"wp-caption-text\">O famoso bolo de laranja, primeiro item do card\u00e1pio da Bolos Forense. Foto: Anderson Holz\/ especial Em Pauta<\/p><\/div>\n<p align=\"justify\"><span style=\"font-size: medium;\"> Natalya, com seus rec\u00e9m-feitos 23 anos, cursa o 3\u00ba semestre de Letras \u2013 Reda\u00e7\u00e3o e Revis\u00e3o de Textos e lan\u00e7ou a Miiau Cookies em 14 de julho de 2025. &#8220;O nome do Miiau Cookies veio porque na \u00e9poca meu gato ainda n\u00e3o era castrado e ele miava muito&#8221;, ri. Veio de Camaqu\u00e3 para Pelotas com o noivo; hoje, 100% da renda que ela traz para dentro de casa \u00e9 dos cookies. Testes intensos (de 3 a 4 meses) criaram receitas pr\u00f3prias; a doceira considera que acertar a massa com Nutella foi o &#8220;turning point&#8221; da marca.<\/span><\/p>\n<p align=\"justify\"><span style=\"font-size: medium;\"> Sua habilidade de doceira carrega um legado afetivo: &#8220;Acho que \u00e9 um carinho pela cozinha que vem de fam\u00edlia mesmo&#8230; quando eu era pequena demais para cozinhar, eu assistia minha v\u00f3 na cozinha e ficava fazendo v\u00e1rias perguntas. Minha fam\u00edlia sempre foi muito f\u00e3 de doces bem caseiros, ent\u00e3o faz\u00edamos desde a goiabada pro biscoito at\u00e9 o biscoito em si; minha m\u00e3e tamb\u00e9m fazia bolos e recheios pra n\u00f3s, ent\u00e3o acho que, por crescer no meio disso, eu acabei pegando um carinho por cozinhar.&#8221;<\/span><\/p>\n<p align=\"justify\"><span style=\"font-size: medium;\"> Hoje, morando sozinha, ela perpetua essa tradi\u00e7\u00e3o: &#8220;sigo as mesmas coisas, mas com toques pessoais&#8221;. Foi essa base que a levou aos cookies recheados, inspirada por uma trend de tortas de cookie de Nutella e catalisada por um v\u00eddeo viral de confeiteira; testou por meses at\u00e9 acertar a massa pela primeira vez. &#8220;Eu amo cozinhar, acho que \u00e9 uma das coisas que mais gosto de fazer&#8221;. Assim nasceu a Miiau Cookies, com quatro unidades de cookies sabor chocolate meio amargo, assados em uma air fryer.<\/span><\/p>\n<p align=\"justify\"><span style=\"font-size: medium;\"> No entanto, fevereiro de 2026 exp\u00f4s a fragilidade dessa empreitada. Natalya enfrenta um &#8220;limbo&#8221;: recesso acad\u00eamico, carnaval e um calend\u00e1rio letivo bagun\u00e7ado. &#8220;Hoje mesmo, cheguei no Anglo \u00e0s seis e meia e at\u00e9 agora vendi s\u00f3 uma unidade. T\u00e1 s\u00f3 eu e os cachorrinhos no corredor&#8221;, descreveu, frustrada, faltando dez minutos para as oito da noite. Seu p\u00fablico \u00e9 inteiramente universit\u00e1rio, ent\u00e3o recessos n\u00e3o s\u00f3 atrapalham, eles colocam uma chave de fenda metaf\u00f3rica nas engrenagens da Miiau Cookies. O final de semestre em um m\u00eas isolado j\u00e1 diminui muito a circula\u00e7\u00e3o dos estudantes (nesse per\u00edodo, quem pode faltar aula normalmente vai faltar aula), unido a isso, diversos professores de diferentes cursos decidiram por aulas remotas no m\u00eas, diminuindo ainda mais a quantidade de alunos no Anglo e afetando diretamente a renda de Natalya. &#8220;N\u00e3o achei que o ano fosse literalmente s\u00f3 come\u00e7ar ap\u00f3s o carnaval.&#8221;<\/span><\/p>\n<div id=\"attachment_21482\" style=\"width: 730px\" class=\"wp-caption aligncenter\"><a href=\"https:\/\/wp.ufpel.edu.br\/empauta\/files\/2026\/03\/miiau.jpeg\"><img loading=\"lazy\" decoding=\"async\" aria-describedby=\"caption-attachment-21482\" class=\"wp-image-21482 size-full\" src=\"https:\/\/wp.ufpel.edu.br\/empauta\/files\/2026\/03\/miiau.jpeg\" alt=\"\" width=\"720\" height=\"1280\" srcset=\"https:\/\/wp.ufpel.edu.br\/empauta\/files\/2026\/03\/miiau.jpeg 720w, https:\/\/wp.ufpel.edu.br\/empauta\/files\/2026\/03\/miiau-179x318.jpeg 179w, https:\/\/wp.ufpel.edu.br\/empauta\/files\/2026\/03\/miiau-89x159.jpeg 89w\" sizes=\"auto, (max-width: 720px) 100vw, 720px\" \/><\/a><p id=\"caption-attachment-21482\" class=\"wp-caption-text\">Uma das primeiras embalagens da Miiau Cookies. Foto: Natalya Dettman \/ especial Em Pauta<\/p><\/div>\n<p align=\"justify\"><span style=\"font-size: medium;\"> Eduarda Gir\u00e3o inicia o terceiro semestre de Jornalismo no final de mar\u00e7o e iniciou a marca Patas de A\u00e7\u00facar em outubro de 2025 (inspirada na Miiau Cookies, inclusive). A menina de 19 anos traz a hist\u00f3ria mais recente das tr\u00eas, mas nem por isso menos transformadora. O &#8220;Patas&#8221;, como ela chama carinhosamente, surgiu da necessidade pr\u00e1tica de renda extra para se manter est\u00e1vel, al\u00e9m de permitir para a menina um ou outro luxo de vez em quando, complementando com o que ela ganha no est\u00e1gio na Radiocom 104.5 FM. Eduarda diz que rapidamente come\u00e7ou a gostar genuinamente de cozinhar e o Patas parou de ser apenas uma fonte de renda. Sua rela\u00e7\u00e3o com a culin\u00e1ria \u00e9 nova, mas enraizada na inf\u00e2ncia: via minha m\u00e3e fazendo doces em casa desde crian\u00e7a e ajudava com coisas simples; at\u00e9 hoje liga para casa em busca de dicas maternas quando decide testar algo novo na cozinha. Essa ponte familiar suaviza o aprendizado e facilita a uni\u00e3o do empreendedorismo com o rec\u00e9m-descoberto hobby aut\u00eantico.<\/span><\/p>\n<p align=\"justify\"><span style=\"font-size: medium;\"> Durante os tr\u00eas \u00faltimos meses de 2025, seus biscoitos caseiros cativaram mais professores que alunos: &#8220;Tenho uma leve suspeita que os professores do Jornalismo s\u00e3o formigas disfar\u00e7adas&#8221;, brinca a doceira. Pausou a produ\u00e7\u00e3o p\u00f3s-recesso para priorizar provas e trabalhos finais, mas n\u00e3o foi o \u00fanico motivo. Eduarda presumiu que n\u00e3o teria movimento suficiente no Anglo durante fevereiro para que valesse a pena equilibrar a vida de estudante com a de vendedora e, analisando a situa\u00e7\u00e3o relatada por Natalya, sua inspira\u00e7\u00e3o, pode-se dizer que Eduarda estava certa.<\/span><\/p>\n<p align=\"justify\"><span style=\"font-size: medium;\"> Al\u00e9m do lucro, o Patas trouxe ganhos intang\u00edveis. &#8220;Vender minhas coisinhas para meus colegas e professores ajudou a ter uma conex\u00e3o com eles, tamb\u00e9m fiquei muito feliz de receber elogios e dicas nesse processo&#8221;, conta. Para Eduarda, que admite ter dificuldades em se expressar com quem n\u00e3o tem intimidade, as vendas foram terap\u00eauticas: &#8220;Acho que isso ajudou tamb\u00e9m a me abrir um pouquinho, melhorou minha autoconfian\u00e7a&#8221;. Gerenciar a marca n\u00e3o atrapalhou seus estudos, pelo contr\u00e1rio, deixou a rotina da faculdade mais leve para a futura jornalista, pois apesar de desafios log\u00edsticos, como transportar os biscoitos at\u00e9 o campus, os ganhos se mostram muito maiores do que os preju\u00edzos, indo muito al\u00e9m do significado financeiro de ambas as palavras.<\/span><\/p>\n<p align=\"justify\"><span style=\"font-size: medium;\"> Eduarda tamb\u00e9m relatou que o processo a fez perceber din\u00e2micas sociais n\u00e3o no campus em si, mas especificamente dentro de sua turma: competi\u00e7\u00e3o interna e favoritismo. Eduarda diz que prefere se manter de fora: &#8220;Sempre tento ter cuidado em n\u00e3o vender algo que outra pessoa j\u00e1 esteja vendendo, acho que se eu fosse de outro curso que n\u00e3o tivesse ningu\u00e9m vendendo, n\u00e3o ia ter essa competi\u00e7\u00e3o&#8221;. No entanto, rela\u00e7\u00f5es positivas prevalecem fora do c\u00edrculo imediato: &#8220;No Anglo eu tenho uma amizade boa com a Miiau (forma como Natalya Dettman passou a ser conhecida pelo campus)&#8221;. Seu recado \u00e9 de persist\u00eancia: &#8220;N\u00e3o \u00e9 pra desistir de tentar fazer algo que tu gosta s\u00f3 por causa disso, mas talvez procurar um p\u00fablico mais interessado no que tu vende seja uma ideia melhor. O que deu certo pra mim foi focar nos professores&#8221;. Para o pr\u00f3ximo semestre, a doceira planeja inova\u00e7\u00f5es, com o desejo de trazer algo novo que o campus Anglo ainda n\u00e3o viu.<\/span><\/p>\n<div id=\"attachment_21483\" style=\"width: 572px\" class=\"wp-caption aligncenter\"><a href=\"https:\/\/wp.ufpel.edu.br\/empauta\/files\/2026\/03\/patas.jpeg\"><img loading=\"lazy\" decoding=\"async\" aria-describedby=\"caption-attachment-21483\" class=\"wp-image-21483 size-full\" src=\"https:\/\/wp.ufpel.edu.br\/empauta\/files\/2026\/03\/patas.jpeg\" alt=\"\" width=\"562\" height=\"758\" srcset=\"https:\/\/wp.ufpel.edu.br\/empauta\/files\/2026\/03\/patas.jpeg 562w, https:\/\/wp.ufpel.edu.br\/empauta\/files\/2026\/03\/patas-236x318.jpeg 236w, https:\/\/wp.ufpel.edu.br\/empauta\/files\/2026\/03\/patas-118x159.jpeg 118w\" sizes=\"auto, (max-width: 562px) 100vw, 562px\" \/><\/a><p id=\"caption-attachment-21483\" class=\"wp-caption-text\">Primeira foto de divulga\u00e7\u00e3o da Patas de A\u00e7\u00facar. Foto: Anna Siles \/ Em Pauta<\/p><\/div>\n<p align=\"justify\"><span style=\"font-size: medium;\"> O prazer \u00e9 un\u00e2nime. Anderson fica extremamente satisfeito com o feedback positivo, seja na vida real ou no ciberespa\u00e7o. Natalya relata que o processo melhora seu humor e abre sua vis\u00e3o sobre quem est\u00e1 ao seu redor. Eduarda aprecia tanto o ato de testar coisas novas quanto as oportunidades de estabelecer novas conex\u00f5es com colegas e professores, al\u00e9m de todo o aprimoramento pessoal que vender trouxe \u00e0 menina.<\/span><\/p>\n<p align=\"justify\"><span style=\"font-size: medium;\"> Esses relatos pintam um quadro de prazer na cozinha e divers\u00e3o nas vendas, mas, nas entrelinhas, eles tamb\u00e9m exp\u00f5em as fragilidades do ensino superior p\u00fablico brasileiro. Com bolsas de mestrado e doutorado em transi\u00e7\u00e3o demorada, dificuldade de encontrar oportunidades no mercado de trabalho como estudante, moradia cara em Pelotas (uma cidade que se diz universit\u00e1ria), junto a todas as outras contas e despesas da vida adulta e somado ainda com um calend\u00e1rio letivo sequelado da pandemia de 2020, muitos alunos recorrem a microempreendedorismos informais. Durante nossa conversa, Eduarda, ap\u00f3s uma breve reflex\u00e3o, desabafou que o apoio fica, na maioria das vezes, perdido em &#8220;postagens de Instagram&#8221;, n\u00e3o na estrutura real. No Brasil, onde federais concentram 80% dos alunos de baixa renda, essa &#8220;vida dupla&#8221; \u00e9 normalizada, mas revela uma deprimente ironia sist\u00eamica: todo incentivo (ou talvez seja melhor utilizar a palavra &#8220;press\u00e3o&#8221;?) governamental para colocar o jovem dentro da universidade, mas uma falta de suporte efetivo que garanta a perman\u00eancia dele l\u00e1 dentro.<\/span><\/p>\n<p align=\"justify\"><span style=\"font-size: medium;\"> A preocupa\u00e7\u00e3o de Anderson com os meses que ficar\u00e1 sem o aux\u00edlio da bolsa, dependendo totalmente da renda da Bolos Forenses. Os momentos de fevereiro em que Natalya passou horas sentada nos corredores do Anglo, s\u00f3 para voltar para casa no final da noite levando de volta praticamente todos os cookies. A rivalidade presenciada por Eduarda, que \u00e9 plenamente plaus\u00edvel considerando que, mesmo com um coleguismo comunit\u00e1rio entre estudantes que entendem o qu\u00e3o dif\u00edcil \u00e9 se virar na universidade, uma venda feita por um deles pode muito bem custar a venda de outro. Todas essas situa\u00e7\u00f5es s\u00e3o rasgos em um papel de parede que, se arrancados, revelam uma parede em urgente necessidade de reformas.<\/span><\/p>\n<p align=\"justify\"><span style=\"font-size: medium;\"> A resili\u00eancia dos tr\u00eas guia, incentiva e inspira. Anderson retornar\u00e1 com toda garra ap\u00f3s sua defesa. Natalya exportou a sua marca dos corredores universit\u00e1rios para o iFood e feiras pela cidade; Eduarda batalhou contra sua timidez e venceu, mal terminou o semestre e j\u00e1 pensa nas novidades que trar\u00e1 para o pr\u00f3ximo, tendo certeza de que n\u00e3o vai desistir. No campus, os doces dos tr\u00eas, e todas as comidinhas (e diversos outros produtos) vendidas pelos in\u00fameros outros alunos com uma hist\u00f3ria que essa mat\u00e9ria n\u00e3o traz, tecem conex\u00f5es e aprimoram m\u00faltiplas habilidades: culin\u00e1ria, empreendedorismo, log\u00edstica, comunica\u00e7\u00e3o etc. Entretanto, a reflex\u00e3o sist\u00eamica n\u00e3o pode ser deixada de lado: federais deveriam ir al\u00e9m de vagas, as bolsas deveriam ser mais est\u00e1veis, os aux\u00edlios-moradia deveriam ser mais f\u00e1ceis de conseguir, deveria existir um apoio emocional concreto dentro de cada campus. V\u00e1rios &#8220;deveria&#8221; nessa \u00faltima frase, queria eu que a palavra apta para ser usada no lugar fosse &#8220;ir\u00e3o&#8221;. Enquanto isso n\u00e3o acontece, Bolos Forenses, Miiau Cookies e Patas de A\u00e7\u00facar ado\u00e7am n\u00e3o s\u00f3 o paladar de seus colegas e professores, mas a realidade de todos n\u00f3s. Os tr\u00eas provam que o estudante brasileiro \u00e9 forte e otimista, capaz de construir caminhos doces, mesmo em realidades amargas.<\/span><\/p>\n<p>&nbsp;<\/p>\n","protected":false},"excerpt":{"rendered":"<p>Conhe\u00e7a as hist\u00f3rias das microempresas universit\u00e1rias Bolos Forenses, Miiau Cookies e Patas de A\u00e7\u00facar Lu\u00eds Esteves Garcez\/Em Pauta Equilibrando uma vida universit\u00e1ria marcada por alegrias e dificuldades, tr\u00eas alunos da UFPel encontraram nas panelas&#46;&#46;&#46;<\/p>\n","protected":false},"author":587,"featured_media":21484,"comment_status":"closed","ping_status":"closed","sticky":false,"template":"","format":"standard","meta":{"jetpack_post_was_ever_published":false,"_jetpack_newsletter_access":"","_jetpack_dont_email_post_to_subs":false,"_jetpack_newsletter_tier_id":0,"_jetpack_memberships_contains_paywalled_content":false,"_jetpack_memberships_contains_paid_content":false,"footnotes":"","jetpack_publicize_message":"","jetpack_publicize_feature_enabled":true,"jetpack_social_post_already_shared":true,"jetpack_social_options":{"image_generator_settings":{"template":"highway","default_image_id":0,"font":"","enabled":false},"version":2}},"categories":[204,219,1,205],"tags":[],"class_list":["post-21481","post","type-post","status-publish","format-standard","has-post-thumbnail","hentry","category-culturaeentretenimento","category-educacao","category-noticias","category-qualidadedevida"],"jetpack_publicize_connections":[],"jetpack_featured_media_url":"https:\/\/wp.ufpel.edu.br\/empauta\/files\/2026\/03\/forense.jpeg","jetpack_sharing_enabled":true,"jetpack_shortlink":"https:\/\/wp.me\/p6Xvzq-5At","jetpack-related-posts":[{"id":4761,"url":"https:\/\/wp.ufpel.edu.br\/empauta\/evento-reune-gastronomia-cervejas-artesanais-e-musica-em-pelotas\/","url_meta":{"origin":21481,"position":0},"title":"Evento re\u00fane gastronomia, cervejas artesanais e m\u00fasica em Pelotas","author":"Em Pauta","date":"16\/09\/2015","format":false,"excerpt":"\u00a0 por Diego Kr\u00fcger Quem passou pela rua Lobo da Costa, em frente ao Theatro Guarany, no Centro de Pelotas a partir das 13h deste \u00faltimo domingo (13), pode, al\u00e9m de confraternizar com os amigos, matar a fome e a sede. O local recebeu a primeira edi\u00e7\u00e3o do evento \u201cBeer\u2026","rel":"","context":"Em &quot;Cultura e Entretenimento&quot;","block_context":{"text":"Cultura e Entretenimento","link":"https:\/\/wp.ufpel.edu.br\/empauta\/category\/todos\/culturaeentretenimento\/"},"img":{"alt_text":"","src":"https:\/\/i0.wp.com\/wp.ufpel.edu.br\/empauta\/files\/2015\/09\/IMG_1046-1024x701.jpg?resize=350%2C200&ssl=1","width":350,"height":200,"srcset":"https:\/\/i0.wp.com\/wp.ufpel.edu.br\/empauta\/files\/2015\/09\/IMG_1046-1024x701.jpg?resize=350%2C200&ssl=1 1x, https:\/\/i0.wp.com\/wp.ufpel.edu.br\/empauta\/files\/2015\/09\/IMG_1046-1024x701.jpg?resize=525%2C300&ssl=1 1.5x, https:\/\/i0.wp.com\/wp.ufpel.edu.br\/empauta\/files\/2015\/09\/IMG_1046-1024x701.jpg?resize=700%2C400&ssl=1 2x"},"classes":[]},{"id":21019,"url":"https:\/\/wp.ufpel.edu.br\/empauta\/feira-de-agricultura-familiar-da-31a-fenadoce-busca-a-valorizacao-dos-pequenos-agricultores\/","url_meta":{"origin":21481,"position":1},"title":"Feira de Agricultura Familiar da 31\u00aa Fenadoce busca a valoriza\u00e7\u00e3o dos pequenos agricultores","author":"Em Pauta","date":"19\/07\/2025","format":false,"excerpt":"Na 31\u00aa Fenadoce, no pavilh\u00e3o de agricultura familiar, est\u00e3o presentes 11 agroind\u00fastrias diferentes. Entre elas, est\u00e3o a Jo\u00e3o de Barro, e as produ\u00e7\u00f5es artesanais tradicionais da tribo ind\u00edgena Kaingang, de Pelotas. Por Andrine Teixeira Garcia Doce de leite feito com apenas dois ingredientes A agroind\u00fastria Jo\u00e3o de Barro \u00e9 uma\u2026","rel":"","context":"Em &quot;Cultura e Entretenimento&quot;","block_context":{"text":"Cultura e Entretenimento","link":"https:\/\/wp.ufpel.edu.br\/empauta\/category\/todos\/culturaeentretenimento\/"},"img":{"alt_text":"","src":"https:\/\/i0.wp.com\/wp.ufpel.edu.br\/empauta\/files\/2025\/07\/20250717_155744-scaled.jpg?resize=350%2C200&ssl=1","width":350,"height":200,"srcset":"https:\/\/i0.wp.com\/wp.ufpel.edu.br\/empauta\/files\/2025\/07\/20250717_155744-scaled.jpg?resize=350%2C200&ssl=1 1x, https:\/\/i0.wp.com\/wp.ufpel.edu.br\/empauta\/files\/2025\/07\/20250717_155744-scaled.jpg?resize=525%2C300&ssl=1 1.5x, https:\/\/i0.wp.com\/wp.ufpel.edu.br\/empauta\/files\/2025\/07\/20250717_155744-scaled.jpg?resize=700%2C400&ssl=1 2x, https:\/\/i0.wp.com\/wp.ufpel.edu.br\/empauta\/files\/2025\/07\/20250717_155744-scaled.jpg?resize=1050%2C600&ssl=1 3x, https:\/\/i0.wp.com\/wp.ufpel.edu.br\/empauta\/files\/2025\/07\/20250717_155744-scaled.jpg?resize=1400%2C800&ssl=1 4x"},"classes":[]},{"id":12568,"url":"https:\/\/wp.ufpel.edu.br\/empauta\/jovens-universitarios-e-seus-empreendimentos-na-faculdade\/","url_meta":{"origin":21481,"position":2},"title":"Jovens universit\u00e1rios e seus empreendimentos na faculdade","author":"Em Pauta","date":"06\/05\/2019","format":false,"excerpt":"Dificuldades financeiras, busca pela renda extra e pela independ\u00eancia monet\u00e1ria s\u00e3o fatores que influenciam o jovem estudante procurar comercializar seus servi\u00e7os. Na Universidade Federal de Pelotas (UFPel) os produtos oferecidos pelos estudantes s\u00e3o v\u00e1rios e v\u00e3o desde a categoria de doces at\u00e9 a fotografia. Com a cria\u00e7\u00e3o de um neg\u00f3cio\u2026","rel":"","context":"Em &quot;Geral&quot;","block_context":{"text":"Geral","link":"https:\/\/wp.ufpel.edu.br\/empauta\/category\/todos\/geral\/"},"img":{"alt_text":"","src":"https:\/\/i0.wp.com\/wp.ufpel.edu.br\/empauta\/files\/2019\/05\/Capturar-1.png?resize=350%2C200&ssl=1","width":350,"height":200,"srcset":"https:\/\/i0.wp.com\/wp.ufpel.edu.br\/empauta\/files\/2019\/05\/Capturar-1.png?resize=350%2C200&ssl=1 1x, https:\/\/i0.wp.com\/wp.ufpel.edu.br\/empauta\/files\/2019\/05\/Capturar-1.png?resize=525%2C300&ssl=1 1.5x"},"classes":[]},{"id":8749,"url":"https:\/\/wp.ufpel.edu.br\/empauta\/museu-do-doce-lanca-a-exposicao-entre-o-sal-e-o-acucar-o-doce-atraves-dos-sentidos\/","url_meta":{"origin":21481,"position":3},"title":"Museu do Doce lan\u00e7a a exposi\u00e7\u00e3o \u201cEntre o Sal e o A\u00e7\u00facar: O Doce Atrav\u00e9s dos Sentidos\u201d","author":"Em Pauta","date":"26\/09\/2016","format":false,"excerpt":"Por: Vanessa Kleber Os doces de Pelotas s\u00e3o conhecidos Brasil afora. E o Museu do Doce, localizado no casar\u00e3o 8 da Pra\u00e7a Coronel Pedro Os\u00f3rio, em Pelotas, possui como miss\u00e3o resgatar a mem\u00f3ria da tradi\u00e7\u00e3o doceira do munic\u00edpio, al\u00e9m de servir como laborat\u00f3rio para os estudantes da Universidade Federal de\u2026","rel":"","context":"Em &quot;Cultura e Entretenimento&quot;","block_context":{"text":"Cultura e Entretenimento","link":"https:\/\/wp.ufpel.edu.br\/empauta\/category\/todos\/culturaeentretenimento\/"},"img":{"alt_text":"P\u00fablico pode visitar a exposi\u00e7\u00e3o todos os dias das 14h \u00e0s 19h. Foto: Vanessa Kleber","src":"https:\/\/i0.wp.com\/wp.ufpel.edu.br\/empauta\/files\/2016\/09\/Sem-t%C3%ADtulo-43.png?resize=350%2C200&ssl=1","width":350,"height":200,"srcset":"https:\/\/i0.wp.com\/wp.ufpel.edu.br\/empauta\/files\/2016\/09\/Sem-t%C3%ADtulo-43.png?resize=350%2C200&ssl=1 1x, https:\/\/i0.wp.com\/wp.ufpel.edu.br\/empauta\/files\/2016\/09\/Sem-t%C3%ADtulo-43.png?resize=525%2C300&ssl=1 1.5x"},"classes":[]},{"id":1447,"url":"https:\/\/wp.ufpel.edu.br\/empauta\/tradicao-doceira-em-pelotas\/","url_meta":{"origin":21481,"position":4},"title":"Tradi\u00e7\u00e3o doceira em Pelotas","author":"Em Pauta","date":"23\/06\/2014","format":false,"excerpt":"Por Juliana Moura Neste m\u00eas de junho, a Fenadoce e os famosos doces de Pelotas foram assuntos muito comentados na cidade. A tradi\u00e7\u00e3o do doce em Pelotas \u00e9 portuguesa, \u00e9 de l\u00e1 a origem das receitas dos tradicionais doces feitos basicamente com ovos, a\u00e7\u00facar e am\u00eandoas. Para os a\u00e7orianos, a\u00e7\u00facar\u2026","rel":"","context":"Em &quot;Cultura e Entretenimento&quot;","block_context":{"text":"Cultura e Entretenimento","link":"https:\/\/wp.ufpel.edu.br\/empauta\/category\/todos\/culturaeentretenimento\/"},"img":{"alt_text":"Estande das doceiras de Aveiro na 22\u00aa Fenadoce. Foto: Di\u00e1rio da Manh\u00e3 (http:\/\/goo.gl\/ywE8kp)","src":"https:\/\/i0.wp.com\/wp.ufpel.edu.br\/empauta\/files\/2014\/06\/doces-t%C3%ADpicos-2.jpg?resize=350%2C200&ssl=1","width":350,"height":200,"srcset":"https:\/\/i0.wp.com\/wp.ufpel.edu.br\/empauta\/files\/2014\/06\/doces-t%C3%ADpicos-2.jpg?resize=350%2C200&ssl=1 1x, https:\/\/i0.wp.com\/wp.ufpel.edu.br\/empauta\/files\/2014\/06\/doces-t%C3%ADpicos-2.jpg?resize=525%2C300&ssl=1 1.5x"},"classes":[]},{"id":21192,"url":"https:\/\/wp.ufpel.edu.br\/empauta\/ufpel-no-controle-de-qualidade-dos-doces-na-31a-fenadoce\/","url_meta":{"origin":21481,"position":5},"title":"UFPel no controle de qualidade dos doces na 31\u00aa Fenadoce","author":"Em Pauta","date":"02\/08\/2025","format":false,"excerpt":"A Universidade Federal de Pelotas (UFPel) desempenha um papel importante, desde 2012, no controle de qualidade dos doces da Fenadoce, com projetos que visam orientar os produtores e garantir a qualidade dos produtos oferecidos aos visitantes. Os doces da Fenadoce de Pelotas s\u00e3o supervisionados diariamente durante a manh\u00e3, tarde e\u2026","rel":"","context":"Em &quot;Qualidade de Vida&quot;","block_context":{"text":"Qualidade de Vida","link":"https:\/\/wp.ufpel.edu.br\/empauta\/category\/todos\/qualidadedevida\/"},"img":{"alt_text":"","src":"https:\/\/i0.wp.com\/wp.ufpel.edu.br\/empauta\/files\/2025\/08\/1000225876.jpg?resize=350%2C200&ssl=1","width":350,"height":200,"srcset":"https:\/\/i0.wp.com\/wp.ufpel.edu.br\/empauta\/files\/2025\/08\/1000225876.jpg?resize=350%2C200&ssl=1 1x, https:\/\/i0.wp.com\/wp.ufpel.edu.br\/empauta\/files\/2025\/08\/1000225876.jpg?resize=525%2C300&ssl=1 1.5x, https:\/\/i0.wp.com\/wp.ufpel.edu.br\/empauta\/files\/2025\/08\/1000225876.jpg?resize=700%2C400&ssl=1 2x, https:\/\/i0.wp.com\/wp.ufpel.edu.br\/empauta\/files\/2025\/08\/1000225876.jpg?resize=1050%2C600&ssl=1 3x"},"classes":[]}],"_links":{"self":[{"href":"https:\/\/wp.ufpel.edu.br\/empauta\/wp-json\/wp\/v2\/posts\/21481","targetHints":{"allow":["GET"]}}],"collection":[{"href":"https:\/\/wp.ufpel.edu.br\/empauta\/wp-json\/wp\/v2\/posts"}],"about":[{"href":"https:\/\/wp.ufpel.edu.br\/empauta\/wp-json\/wp\/v2\/types\/post"}],"author":[{"embeddable":true,"href":"https:\/\/wp.ufpel.edu.br\/empauta\/wp-json\/wp\/v2\/users\/587"}],"replies":[{"embeddable":true,"href":"https:\/\/wp.ufpel.edu.br\/empauta\/wp-json\/wp\/v2\/comments?post=21481"}],"version-history":[{"count":3,"href":"https:\/\/wp.ufpel.edu.br\/empauta\/wp-json\/wp\/v2\/posts\/21481\/revisions"}],"predecessor-version":[{"id":21488,"href":"https:\/\/wp.ufpel.edu.br\/empauta\/wp-json\/wp\/v2\/posts\/21481\/revisions\/21488"}],"wp:featuredmedia":[{"embeddable":true,"href":"https:\/\/wp.ufpel.edu.br\/empauta\/wp-json\/wp\/v2\/media\/21484"}],"wp:attachment":[{"href":"https:\/\/wp.ufpel.edu.br\/empauta\/wp-json\/wp\/v2\/media?parent=21481"}],"wp:term":[{"taxonomy":"category","embeddable":true,"href":"https:\/\/wp.ufpel.edu.br\/empauta\/wp-json\/wp\/v2\/categories?post=21481"},{"taxonomy":"post_tag","embeddable":true,"href":"https:\/\/wp.ufpel.edu.br\/empauta\/wp-json\/wp\/v2\/tags?post=21481"}],"curies":[{"name":"wp","href":"https:\/\/api.w.org\/{rel}","templated":true}]}}