{"id":21323,"date":"2025-10-01T18:03:44","date_gmt":"2025-10-01T21:03:44","guid":{"rendered":"https:\/\/wp.ufpel.edu.br\/empauta\/?p=21323"},"modified":"2025-10-01T18:03:44","modified_gmt":"2025-10-01T21:03:44","slug":"projetos-voltados-a-juventude-serao-implementados-em-escolas-publicas","status":"publish","type":"post","link":"https:\/\/wp.ufpel.edu.br\/empauta\/projetos-voltados-a-juventude-serao-implementados-em-escolas-publicas\/","title":{"rendered":"Projetos voltados \u00e0 juventude ser\u00e3o implementados em escolas p\u00fablicas"},"content":{"rendered":"<p align=\"left\"><i>A a\u00e7\u00e3o \u00e9 realizada pela secretaria de Esporte, lazer e Juventude, buscando a inclus\u00e3o do Plano Nacional da Juventude no munic\u00edpio de Pelotas<\/i><\/p>\n<div id=\"attachment_21325\" style=\"width: 2570px\" class=\"wp-caption aligncenter\"><a href=\"https:\/\/wp.ufpel.edu.br\/empauta\/files\/2025\/10\/Feira-da-juventude--scaled.jpeg\"><img loading=\"lazy\" decoding=\"async\" aria-describedby=\"caption-attachment-21325\" class=\"wp-image-21325 size-full\" src=\"https:\/\/wp.ufpel.edu.br\/empauta\/files\/2025\/10\/Feira-da-juventude--scaled.jpeg\" alt=\"\" width=\"2560\" height=\"1709\" srcset=\"https:\/\/wp.ufpel.edu.br\/empauta\/files\/2025\/10\/Feira-da-juventude--scaled.jpeg 2560w, https:\/\/wp.ufpel.edu.br\/empauta\/files\/2025\/10\/Feira-da-juventude--424x283.jpeg 424w, https:\/\/wp.ufpel.edu.br\/empauta\/files\/2025\/10\/Feira-da-juventude--212x142.jpeg 212w, https:\/\/wp.ufpel.edu.br\/empauta\/files\/2025\/10\/Feira-da-juventude--768x513.jpeg 768w, https:\/\/wp.ufpel.edu.br\/empauta\/files\/2025\/10\/Feira-da-juventude--1536x1025.jpeg 1536w, https:\/\/wp.ufpel.edu.br\/empauta\/files\/2025\/10\/Feira-da-juventude--2048x1367.jpeg 2048w\" sizes=\"auto, (max-width: 2560px) 100vw, 2560px\" \/><\/a><p id=\"caption-attachment-21325\" class=\"wp-caption-text\"><em>Atividades para a juventude vem sendo implementadas em Pelotas. Foto &#8211; Andrine Teixeira Garcia\/Em Pauta<\/em><\/p><\/div>\n<p align=\"left\">\n<p align=\"left\"><strong><em>Andrine Teixeira Garcia\/Em Pauta<\/em><\/strong><\/p>\n<p align=\"left\">A Secretaria Municipal de Esporte, Lazer e Juventude (SELJ) fechou parcerias a fim da implementa\u00e7\u00e3o de quatro projetos a serem inclu\u00eddos nas escolas p\u00fablicas de Pelotas, tanto municipais quanto estaduais, em busca da reafirma\u00e7\u00e3o do Plano Nacional da Juventude. Os projetos que ser\u00e3o contemplados, trabalham com temas de antirracismo, sustentabilidade, preven\u00e7\u00e3o da viol\u00eancia contra a mulher e valoriza\u00e7\u00e3o do trabalho docente, sendo eles:<\/p>\n<p align=\"left\">1. Identidade \u2013 debates sobre rela\u00e7\u00f5es \u00e9tnico-raciais e combate ao racismo;<\/p>\n<p align=\"left\">2. Juventude com Sa\u00fade \u2013 cuidado integral e preven\u00e7\u00e3o, com foco na sa\u00fade da jovem mulher;<\/p>\n<p align=\"left\">3. Compostando Ideias, Cultivando o Futuro \u2013 pr\u00e1ticas de sustentabilidade, compostagem e hortas escolares;<\/p>\n<div id=\"attachment_21326\" style=\"width: 434px\" class=\"wp-caption alignright\"><a href=\"https:\/\/wp.ufpel.edu.br\/empauta\/files\/2025\/10\/Reuniao-com-a-5\u00b0CRE-scaled.jpeg\"><img loading=\"lazy\" decoding=\"async\" aria-describedby=\"caption-attachment-21326\" class=\"wp-image-21326 size-medium\" src=\"https:\/\/wp.ufpel.edu.br\/empauta\/files\/2025\/10\/Reuniao-com-a-5\u00b0CRE-424x318.jpeg\" alt=\"\" width=\"424\" height=\"318\" srcset=\"https:\/\/wp.ufpel.edu.br\/empauta\/files\/2025\/10\/Reuniao-com-a-5\u00b0CRE-424x318.jpeg 424w, https:\/\/wp.ufpel.edu.br\/empauta\/files\/2025\/10\/Reuniao-com-a-5\u00b0CRE-212x159.jpeg 212w, https:\/\/wp.ufpel.edu.br\/empauta\/files\/2025\/10\/Reuniao-com-a-5\u00b0CRE-768x576.jpeg 768w, https:\/\/wp.ufpel.edu.br\/empauta\/files\/2025\/10\/Reuniao-com-a-5\u00b0CRE-1536x1152.jpeg 1536w, https:\/\/wp.ufpel.edu.br\/empauta\/files\/2025\/10\/Reuniao-com-a-5\u00b0CRE-2048x1536.jpeg 2048w\" sizes=\"auto, (max-width: 424px) 100vw, 424px\" \/><\/a><p id=\"caption-attachment-21326\" class=\"wp-caption-text\"><em>Reuni\u00f5es com SME e a 5\u00b0 CRE foram realizadas ao longo da semana para alinhar a iniciativa. Imagens &#8211; Divulga\u00e7\u00e3o\/SELJ\/Em Pauta <\/em><\/p><\/div>\n<p align=\"left\">4. Jovens Docentes \u2013 forma\u00e7\u00e3o que articula saberes de docentes experientes e rec\u00e9m &#8211; ingressos, promovendo valoriza\u00e7\u00e3o da carreira e fortalecimento da pr\u00e1tica pedag\u00f3gica.<\/p>\n<p align=\"left\">A colabora\u00e7\u00e3o ser\u00e1 realizada com a Secretaria Municipal de Educa\u00e7\u00e3o (SME), a 5\u00aa Coordenadoria Regional de Educa\u00e7\u00e3o do Estado (CRE), o Instituto de A\u00e7\u00e3o Cultural Esperan\u00e7ar, a Uni\u00e3o Metropolitana de Estudantes Secundaristas de Porto Alegre (UMESPA) e o F\u00f3rum de Agricultura Urbana de Pelotas. Segundo a Prefeitura Municipal de Pelotas, haver\u00e1 um mapeamento visando atender as necessidades das escolas, e a sele\u00e7\u00e3o das escolas para participa\u00e7\u00e3o ser\u00e1 realizada em conjunto com a 5\u00b0CRE e a SME, assim como a cria\u00e7\u00e3o dos planos de a\u00e7\u00e3o, que ser\u00e3o divulgados posteriormente. Os cronogramas ser\u00e3o elaborados junto \u00e0s entidades participantes, ap\u00f3s os processos de ades\u00e3o.<\/p>\n<p align=\"left\"><a href=\"https:\/\/wp.ufpel.edu.br\/empauta\/files\/2025\/10\/Reuniao-com-SME-scaled.jpeg\"><img loading=\"lazy\" decoding=\"async\" class=\"alignleft size-medium wp-image-21324\" src=\"https:\/\/wp.ufpel.edu.br\/empauta\/files\/2025\/10\/Reuniao-com-SME-239x318.jpeg\" alt=\"\" width=\"239\" height=\"318\" srcset=\"https:\/\/wp.ufpel.edu.br\/empauta\/files\/2025\/10\/Reuniao-com-SME-239x318.jpeg 239w, https:\/\/wp.ufpel.edu.br\/empauta\/files\/2025\/10\/Reuniao-com-SME-119x159.jpeg 119w, https:\/\/wp.ufpel.edu.br\/empauta\/files\/2025\/10\/Reuniao-com-SME-768x1024.jpeg 768w, https:\/\/wp.ufpel.edu.br\/empauta\/files\/2025\/10\/Reuniao-com-SME-1152x1536.jpeg 1152w, https:\/\/wp.ufpel.edu.br\/empauta\/files\/2025\/10\/Reuniao-com-SME-1536x2048.jpeg 1536w, https:\/\/wp.ufpel.edu.br\/empauta\/files\/2025\/10\/Reuniao-com-SME-scaled.jpeg 1920w\" sizes=\"auto, (max-width: 239px) 100vw, 239px\" \/><\/a><\/p>\n<p align=\"left\">De acordo com o gerente do departamento de juventude da SELJ, Ian Mattos, a secretaria tem realizado movimenta\u00e7\u00f5es para reafirmar o compromisso do munic\u00edpio com as pol\u00edticas p\u00fablicas voltadas \u00e0 juventude. \u201c\u00c9 a Prefeitura assumindo o papel de garantir que a juventude esteja no centro das decis\u00f5es, valorizando a educa\u00e7\u00e3o, construindo um processo permanente de participa\u00e7\u00e3o e protagonismo juvenil no enfrentamento \u00e0s mais variadas viol\u00eancias\u201d, afirmou. Segundo a declara\u00e7\u00e3o do secret\u00e1rio Fabiano Ornel, &#8220;\u00e9 a uni\u00e3o entre estes setores que nos permite avan\u00e7ar. Somando for\u00e7as, conseguimos enfrentar diferentes formas de viol\u00eancia, valorizar as diferen\u00e7as, fortalecer a democracia e promover uma vida mais saud\u00e1vel para nossas juventudes\u201d.<\/p>\n<p align=\"left\">\n","protected":false},"excerpt":{"rendered":"<p>A a\u00e7\u00e3o \u00e9 realizada pela secretaria de Esporte, lazer e Juventude, buscando a inclus\u00e3o do Plano Nacional da Juventude no munic\u00edpio de Pelotas Andrine Teixeira Garcia\/Em Pauta A Secretaria Municipal de Esporte, Lazer e&#46;&#46;&#46;<\/p>\n","protected":false},"author":587,"featured_media":21325,"comment_status":"closed","ping_status":"closed","sticky":false,"template":"","format":"standard","meta":{"jetpack_post_was_ever_published":false,"_jetpack_newsletter_access":"","_jetpack_dont_email_post_to_subs":false,"_jetpack_newsletter_tier_id":0,"_jetpack_memberships_contains_paywalled_content":false,"_jetpack_memberships_contains_paid_content":false,"footnotes":"","jetpack_publicize_message":"","jetpack_publicize_feature_enabled":true,"jetpack_social_post_already_shared":true,"jetpack_social_options":{"image_generator_settings":{"template":"highway","default_image_id":0,"font":"","enabled":false},"version":2}},"categories":[204,219,438,1],"tags":[],"class_list":["post-21323","post","type-post","status-publish","format-standard","has-post-thumbnail","hentry","category-culturaeentretenimento","category-educacao","category-em-pauta-noticias","category-noticias"],"jetpack_publicize_connections":[],"jetpack_featured_media_url":"https:\/\/wp.ufpel.edu.br\/empauta\/files\/2025\/10\/Feira-da-juventude--scaled.jpeg","jetpack_sharing_enabled":true,"jetpack_shortlink":"https:\/\/wp.me\/p6Xvzq-5xV","jetpack-related-posts":[{"id":21265,"url":"https:\/\/wp.ufpel.edu.br\/empauta\/pelotas-recebe-150-vagas-no-programa-partiu-futuro-reconstrucao\/","url_meta":{"origin":21323,"position":0},"title":"Pelotas recebe 150 vagas no Programa Partiu Futuro Reconstru\u00e7\u00e3o","author":"Em Pauta","date":"12\/08\/2025","format":false,"excerpt":"A a\u00e7\u00e3o do governo do Estado busca fomentar vagas de jovem aprendiz a jovens atingidos pela enchente. Por Andrine Teixeira Garcia O munic\u00edpio de Pelotas ir\u00e1 participar da 2\u00aa edi\u00e7\u00e3o do Programa Partiu Futuro Reconstru\u00e7\u00e3o, promovido pela Secretaria Estadual de Desenvolvimento Social (SEDES), sendo encarregado de distribuir 150 vagas de\u2026","rel":"","context":"Em &quot;Economia e Pol\u00edtica&quot;","block_context":{"text":"Economia e Pol\u00edtica","link":"https:\/\/wp.ufpel.edu.br\/empauta\/category\/todos\/economiaepolitica\/"},"img":{"alt_text":"","src":"https:\/\/i0.wp.com\/wp.ufpel.edu.br\/empauta\/files\/2025\/08\/Imagem-de-freepik-scaled.jpg?resize=350%2C200&ssl=1","width":350,"height":200,"srcset":"https:\/\/i0.wp.com\/wp.ufpel.edu.br\/empauta\/files\/2025\/08\/Imagem-de-freepik-scaled.jpg?resize=350%2C200&ssl=1 1x, https:\/\/i0.wp.com\/wp.ufpel.edu.br\/empauta\/files\/2025\/08\/Imagem-de-freepik-scaled.jpg?resize=525%2C300&ssl=1 1.5x, https:\/\/i0.wp.com\/wp.ufpel.edu.br\/empauta\/files\/2025\/08\/Imagem-de-freepik-scaled.jpg?resize=700%2C400&ssl=1 2x, https:\/\/i0.wp.com\/wp.ufpel.edu.br\/empauta\/files\/2025\/08\/Imagem-de-freepik-scaled.jpg?resize=1050%2C600&ssl=1 3x, https:\/\/i0.wp.com\/wp.ufpel.edu.br\/empauta\/files\/2025\/08\/Imagem-de-freepik-scaled.jpg?resize=1400%2C800&ssl=1 4x"},"classes":[]},{"id":21148,"url":"https:\/\/wp.ufpel.edu.br\/empauta\/selj-leva-esporte-lazer-e-sustentabilidade-para-a-31a-fenadoce\/","url_meta":{"origin":21323,"position":1},"title":"SELJ leva esporte, lazer e sustentabilidade para a 31\u00aa Fenadoce","author":"Em Pauta","date":"25\/07\/2025","format":false,"excerpt":"As atividades incluem demonstra\u00e7\u00f5es de taekwondo, uma mini aula de ritmos e oficinas sobre hortas urbanas e compostagem dom\u00e9stica. Por Andrine Teixeira Garcia A Secretaria de Esporte, Lazer e Juventude (SELJ) marcar\u00e1 presen\u00e7a na 31\u00aa Fenadoce com uma programa\u00e7\u00e3o especial voltada ao bem-estar e \u00e0 participa\u00e7\u00e3o da comunidade. Entre sexta-feira\u2026","rel":"","context":"Em &quot;Cultura e Entretenimento&quot;","block_context":{"text":"Cultura e Entretenimento","link":"https:\/\/wp.ufpel.edu.br\/empauta\/category\/todos\/culturaeentretenimento\/"},"img":{"alt_text":"","src":"https:\/\/i0.wp.com\/wp.ufpel.edu.br\/empauta\/files\/2025\/07\/Manuela-Santos.jpg?resize=350%2C200&ssl=1","width":350,"height":200,"srcset":"https:\/\/i0.wp.com\/wp.ufpel.edu.br\/empauta\/files\/2025\/07\/Manuela-Santos.jpg?resize=350%2C200&ssl=1 1x, https:\/\/i0.wp.com\/wp.ufpel.edu.br\/empauta\/files\/2025\/07\/Manuela-Santos.jpg?resize=525%2C300&ssl=1 1.5x, https:\/\/i0.wp.com\/wp.ufpel.edu.br\/empauta\/files\/2025\/07\/Manuela-Santos.jpg?resize=700%2C400&ssl=1 2x, https:\/\/i0.wp.com\/wp.ufpel.edu.br\/empauta\/files\/2025\/07\/Manuela-Santos.jpg?resize=1050%2C600&ssl=1 3x, https:\/\/i0.wp.com\/wp.ufpel.edu.br\/empauta\/files\/2025\/07\/Manuela-Santos.jpg?resize=1400%2C800&ssl=1 4x"},"classes":[]},{"id":21355,"url":"https:\/\/wp.ufpel.edu.br\/empauta\/pelotas-se-consolida-como-referencia-no-taekwondo-gaucho\/","url_meta":{"origin":21323,"position":2},"title":"Pelotas se consolida como refer\u00eancia no taekwondo ga\u00facho","author":"Em Pauta","date":"03\/11\/2025","format":false,"excerpt":"Andrine Teixeira Garcia \/ Em Pauta Nos \u00faltimos anos, Pelotas tem se destacado no cen\u00e1rio estadual e nacional do taekwondo. O crescimento da modalidade no munic\u00edpio vem sendo impulsionado por atletas que come\u00e7aram a praticar o esporte em projetos sociais e hoje acumulam conquistas em competi\u00e7\u00f5es de alto n\u00edvel. A\u2026","rel":"","context":"Em &quot;Cultura e Entretenimento&quot;","block_context":{"text":"Cultura e Entretenimento","link":"https:\/\/wp.ufpel.edu.br\/empauta\/category\/todos\/culturaeentretenimento\/"},"img":{"alt_text":"","src":"https:\/\/i0.wp.com\/wp.ufpel.edu.br\/empauta\/files\/2025\/11\/QLNB-1.jpeg?resize=350%2C200&ssl=1","width":350,"height":200,"srcset":"https:\/\/i0.wp.com\/wp.ufpel.edu.br\/empauta\/files\/2025\/11\/QLNB-1.jpeg?resize=350%2C200&ssl=1 1x, https:\/\/i0.wp.com\/wp.ufpel.edu.br\/empauta\/files\/2025\/11\/QLNB-1.jpeg?resize=525%2C300&ssl=1 1.5x, https:\/\/i0.wp.com\/wp.ufpel.edu.br\/empauta\/files\/2025\/11\/QLNB-1.jpeg?resize=700%2C400&ssl=1 2x, https:\/\/i0.wp.com\/wp.ufpel.edu.br\/empauta\/files\/2025\/11\/QLNB-1.jpeg?resize=1050%2C600&ssl=1 3x, https:\/\/i0.wp.com\/wp.ufpel.edu.br\/empauta\/files\/2025\/11\/QLNB-1.jpeg?resize=1400%2C800&ssl=1 4x"},"classes":[]},{"id":20955,"url":"https:\/\/wp.ufpel.edu.br\/empauta\/numero-de-vacinados-em-pelotas-supera-os-percentuais-de-2024\/","url_meta":{"origin":21323,"position":3},"title":"N\u00famero de vacinados em Pelotas supera os percentuais de 2024","author":"Em Pauta","date":"24\/06\/2025","format":false,"excerpt":"A campanha de vacina\u00e7\u00e3o ainda est\u00e1 em andamento e dispon\u00edvel para toda a popula\u00e7\u00e3o. Por Andrine Teixeira Garcia Em Pelotas, a campanha de 2025 para vacina\u00e7\u00e3o contra o v\u00edrus influenza teve in\u00edcio em 7 de abril, com o imunizante sendo disponibilizado em todas Unidades B\u00e1sicas de Sa\u00fade (UBSs) e na\u2026","rel":"","context":"Em &quot;Sa\u00fade&quot;","block_context":{"text":"Sa\u00fade","link":"https:\/\/wp.ufpel.edu.br\/empauta\/category\/todos\/saude\/"},"img":{"alt_text":"","src":"https:\/\/i0.wp.com\/wp.ufpel.edu.br\/empauta\/files\/2025\/06\/vista-frontal-paciente-recebendo-sua-vacina-scaled.jpg?resize=350%2C200&ssl=1","width":350,"height":200,"srcset":"https:\/\/i0.wp.com\/wp.ufpel.edu.br\/empauta\/files\/2025\/06\/vista-frontal-paciente-recebendo-sua-vacina-scaled.jpg?resize=350%2C200&ssl=1 1x, https:\/\/i0.wp.com\/wp.ufpel.edu.br\/empauta\/files\/2025\/06\/vista-frontal-paciente-recebendo-sua-vacina-scaled.jpg?resize=525%2C300&ssl=1 1.5x, https:\/\/i0.wp.com\/wp.ufpel.edu.br\/empauta\/files\/2025\/06\/vista-frontal-paciente-recebendo-sua-vacina-scaled.jpg?resize=700%2C400&ssl=1 2x, https:\/\/i0.wp.com\/wp.ufpel.edu.br\/empauta\/files\/2025\/06\/vista-frontal-paciente-recebendo-sua-vacina-scaled.jpg?resize=1050%2C600&ssl=1 3x, https:\/\/i0.wp.com\/wp.ufpel.edu.br\/empauta\/files\/2025\/06\/vista-frontal-paciente-recebendo-sua-vacina-scaled.jpg?resize=1400%2C800&ssl=1 4x"},"classes":[]},{"id":21352,"url":"https:\/\/wp.ufpel.edu.br\/empauta\/pelotas-recebe-rustica-da-diversidade-inscricoes-abertas-ate-10-de-novembro\/","url_meta":{"origin":21323,"position":4},"title":"Pelotas recebe R\u00fastica da Diversidade: inscri\u00e7\u00f5es abertas at\u00e9 10 de novembro","author":"Em Pauta","date":"03\/11\/2025","format":false,"excerpt":"Corrida integra a programa\u00e7\u00e3o oficial da 24\u00aa Parada da Diversidade e une esporte, inclus\u00e3o e celebra\u00e7\u00e3o Andrine Teixeira \/ Em Pauta As inscri\u00e7\u00f5es para a R\u00fastica da Diversidade est\u00e3o abertas at\u00e9 o dia 10 de novembro. A corrida ocorre na manh\u00e3 de 23 de novembro e faz parte da programa\u00e7\u00e3o\u2026","rel":"","context":"Em &quot;Educa\u00e7\u00e3o&quot;","block_context":{"text":"Educa\u00e7\u00e3o","link":"https:\/\/wp.ufpel.edu.br\/empauta\/category\/todos\/educacao\/"},"img":{"alt_text":"","src":"https:\/\/i0.wp.com\/wp.ufpel.edu.br\/empauta\/files\/2025\/11\/Divulgacao.jpeg?resize=350%2C200&ssl=1","width":350,"height":200,"srcset":"https:\/\/i0.wp.com\/wp.ufpel.edu.br\/empauta\/files\/2025\/11\/Divulgacao.jpeg?resize=350%2C200&ssl=1 1x, https:\/\/i0.wp.com\/wp.ufpel.edu.br\/empauta\/files\/2025\/11\/Divulgacao.jpeg?resize=525%2C300&ssl=1 1.5x, https:\/\/i0.wp.com\/wp.ufpel.edu.br\/empauta\/files\/2025\/11\/Divulgacao.jpeg?resize=700%2C400&ssl=1 2x, https:\/\/i0.wp.com\/wp.ufpel.edu.br\/empauta\/files\/2025\/11\/Divulgacao.jpeg?resize=1050%2C600&ssl=1 3x"},"classes":[]},{"id":21359,"url":"https:\/\/wp.ufpel.edu.br\/empauta\/selecao-de-futsal-de-pelotas-avanca-as-quartas-de-final-da-ccdf\/","url_meta":{"origin":21323,"position":5},"title":"Sele\u00e7\u00e3o de futsal de Pelotas avan\u00e7a \u00e0s quartas de final da CCDF","author":"Em Pauta","date":"03\/11\/2025","format":false,"excerpt":"Equipe se prepara para manter bom desempenho e representar a cidade na competi\u00e7\u00e3o regional Andrine Teixeira Garcia \/ Em Pauta Andrine Teixeira Garcia \/ Em Pauta A sele\u00e7\u00e3o de futsal de Pelotas garantiu a classifica\u00e7\u00e3o para as quartas de final da Copa Costa Doce de Futsal \u2013 Sele\u00e7\u00f5es (CCDF) ap\u00f3s\u2026","rel":"","context":"Em &quot;Cultura e Entretenimento&quot;","block_context":{"text":"Cultura e Entretenimento","link":"https:\/\/wp.ufpel.edu.br\/empauta\/category\/todos\/culturaeentretenimento\/"},"img":{"alt_text":"","src":"https:\/\/i0.wp.com\/wp.ufpel.edu.br\/empauta\/files\/2025\/11\/Futsal-10.jpeg?resize=350%2C200&ssl=1","width":350,"height":200,"srcset":"https:\/\/i0.wp.com\/wp.ufpel.edu.br\/empauta\/files\/2025\/11\/Futsal-10.jpeg?resize=350%2C200&ssl=1 1x, https:\/\/i0.wp.com\/wp.ufpel.edu.br\/empauta\/files\/2025\/11\/Futsal-10.jpeg?resize=525%2C300&ssl=1 1.5x, https:\/\/i0.wp.com\/wp.ufpel.edu.br\/empauta\/files\/2025\/11\/Futsal-10.jpeg?resize=700%2C400&ssl=1 2x, https:\/\/i0.wp.com\/wp.ufpel.edu.br\/empauta\/files\/2025\/11\/Futsal-10.jpeg?resize=1050%2C600&ssl=1 3x, https:\/\/i0.wp.com\/wp.ufpel.edu.br\/empauta\/files\/2025\/11\/Futsal-10.jpeg?resize=1400%2C800&ssl=1 4x"},"classes":[]}],"_links":{"self":[{"href":"https:\/\/wp.ufpel.edu.br\/empauta\/wp-json\/wp\/v2\/posts\/21323","targetHints":{"allow":["GET"]}}],"collection":[{"href":"https:\/\/wp.ufpel.edu.br\/empauta\/wp-json\/wp\/v2\/posts"}],"about":[{"href":"https:\/\/wp.ufpel.edu.br\/empauta\/wp-json\/wp\/v2\/types\/post"}],"author":[{"embeddable":true,"href":"https:\/\/wp.ufpel.edu.br\/empauta\/wp-json\/wp\/v2\/users\/587"}],"replies":[{"embeddable":true,"href":"https:\/\/wp.ufpel.edu.br\/empauta\/wp-json\/wp\/v2\/comments?post=21323"}],"version-history":[{"count":1,"href":"https:\/\/wp.ufpel.edu.br\/empauta\/wp-json\/wp\/v2\/posts\/21323\/revisions"}],"predecessor-version":[{"id":21327,"href":"https:\/\/wp.ufpel.edu.br\/empauta\/wp-json\/wp\/v2\/posts\/21323\/revisions\/21327"}],"wp:featuredmedia":[{"embeddable":true,"href":"https:\/\/wp.ufpel.edu.br\/empauta\/wp-json\/wp\/v2\/media\/21325"}],"wp:attachment":[{"href":"https:\/\/wp.ufpel.edu.br\/empauta\/wp-json\/wp\/v2\/media?parent=21323"}],"wp:term":[{"taxonomy":"category","embeddable":true,"href":"https:\/\/wp.ufpel.edu.br\/empauta\/wp-json\/wp\/v2\/categories?post=21323"},{"taxonomy":"post_tag","embeddable":true,"href":"https:\/\/wp.ufpel.edu.br\/empauta\/wp-json\/wp\/v2\/tags?post=21323"}],"curies":[{"name":"wp","href":"https:\/\/api.w.org\/{rel}","templated":true}]}}