{"id":21274,"date":"2025-08-15T10:58:20","date_gmt":"2025-08-15T13:58:20","guid":{"rendered":"https:\/\/wp.ufpel.edu.br\/empauta\/?p=21274"},"modified":"2025-08-15T11:14:20","modified_gmt":"2025-08-15T14:14:20","slug":"tres-meses-fora-de-casa-a-jornada-de-dona-eva-apos-a-enchente","status":"publish","type":"post","link":"https:\/\/wp.ufpel.edu.br\/empauta\/tres-meses-fora-de-casa-a-jornada-de-dona-eva-apos-a-enchente\/","title":{"rendered":"Tr\u00eas meses fora de casa: a jornada de Dona Eva ap\u00f3s a enchente"},"content":{"rendered":"<h3><span style=\"font-weight: 400;\">Conhe\u00e7a a hist\u00f3ria de um casal de trabalhadores que, depois de deixar sua casa na mesma noite que a \u00e1gua subiu, reconstr\u00f3i o lar com carinho e dedica\u00e7\u00e3o<\/span><span style=\"font-weight: 400;\"><br \/>\n<\/span><\/h3>\n<p><em>Por Enzzo Lopes<\/em><\/p>\n<div id=\"attachment_21283\" style=\"width: 2058px\" class=\"wp-caption aligncenter\"><a href=\"https:\/\/wp.ufpel.edu.br\/empauta\/files\/2025\/08\/Eva_1.jpg\"><img loading=\"lazy\" decoding=\"async\" aria-describedby=\"caption-attachment-21283\" class=\"size-full wp-image-21283\" src=\"https:\/\/wp.ufpel.edu.br\/empauta\/files\/2025\/08\/Eva_1.jpg\" alt=\"Ilustra\u00e7\u00e3o de uma mulher de cabelos castanhos curtos, na altura das orelhas. Ela usa um \u00f3culos, de arma\u00e7\u00e3o marrom e est\u00e1 com uma express\u00e3o s\u00e9ria. Sua pele \u00e9 branca, ela usa um brinco de argolas. A ilustra\u00e7\u00e3o mostra seu rosto e busto. Ela veste uma blusa de l\u00e3 preta e um casaco cinza e preto. \" width=\"2048\" height=\"2048\" srcset=\"https:\/\/wp.ufpel.edu.br\/empauta\/files\/2025\/08\/Eva_1.jpg 2048w, https:\/\/wp.ufpel.edu.br\/empauta\/files\/2025\/08\/Eva_1-318x318.jpg 318w, https:\/\/wp.ufpel.edu.br\/empauta\/files\/2025\/08\/Eva_1-159x159.jpg 159w, https:\/\/wp.ufpel.edu.br\/empauta\/files\/2025\/08\/Eva_1-768x768.jpg 768w, https:\/\/wp.ufpel.edu.br\/empauta\/files\/2025\/08\/Eva_1-1536x1536.jpg 1536w, https:\/\/wp.ufpel.edu.br\/empauta\/files\/2025\/08\/Eva_1-80x80.jpg 80w, https:\/\/wp.ufpel.edu.br\/empauta\/files\/2025\/08\/Eva_1-320x320.jpg 320w\" sizes=\"auto, (max-width: 2048px) 100vw, 2048px\" \/><\/a><p id=\"caption-attachment-21283\" class=\"wp-caption-text\">Conhe\u00e7a a hist\u00f3ria de um casal de trabalhadores que, depois de deixar sua casa na mesma noite que a \u00e1gua subiu, reconstr\u00f3i o lar com carinho e dedica\u00e7\u00e3o<br \/>Ilustra\u00e7\u00e3o: Ana Alice Winter<\/p><\/div>\n<p><span style=\"font-weight: 400;\">Hospitalidade talvez seja a melhor palavra para descrever Eva. Foi essa a impress\u00e3o deixada no breve encontro de uma tarde fria de segunda-feira, em junho, quando a vimos chegar em casa. Ap\u00f3s horas percorrendo a cidade sem grandes expectativas, nossa equipe quase encerrava o dia sem uma hist\u00f3ria. Mas ali estava ela.<\/span><\/p>\n<p><span style=\"font-weight: 400;\">Pensar em uma s\u00e9rie de reportagens sobre pessoas atingidas pelas enchentes de maio de 2024 no Rio Grande do Sul e que contaram com o apoio da Universidade Federal de Pelotas na recupera\u00e7\u00e3o de alguns objetivos pode levar \u00e0 suposi\u00e7\u00e3o de que os relatos se repetem. Que s\u00e3o varia\u00e7\u00f5es do mesmo tema. No entanto, essa ideia se desfaz rapidamente quando se observa de perto a particularidade de cada viv\u00eancia.<\/span><\/p>\n<p><span style=\"font-weight: 400;\">Cada fam\u00edlia afetada enfrentou o desastre \u00e0 sua maneira, reagindo de acordo com suas experi\u00eancias, contextos e formas pr\u00f3prias de lidar com as perdas. Eva Regina Borges da Silveira foi um dos muitos exemplos dessa diversidade de situa\u00e7\u00f5es vividas ap\u00f3s as enchentes.<\/span><\/p>\n<p><span style=\"font-weight: 400;\">Diarista, Dona Eva mora com seu companheiro, seu Cl\u00e1udio Ant\u00f4nio Sampaio dos Santos, no bairro Laranjal h\u00e1 mais de dois anos. Pelotense, foi mais uma v\u00edtima do maior desastre clim\u00e1tico da hist\u00f3ria do estado e, surpresa, concordou em compartilhar conosco sua hist\u00f3ria, lembrando desde o pr\u00edncipio dos acontecimentos &#8211; dos alertas at\u00e9 a recupera\u00e7\u00e3o de tudo o que foi levado pelas \u00e1guas.\u00a0<\/span><\/p>\n<p class=\"jetpack-slideshow-noscript robots-nocontent\">Este slideshow necessita de JavaScript.<\/p><div id=\"gallery-21274-1-slideshow\" class=\"jetpack-slideshow-window jetpack-slideshow jetpack-slideshow-black\" data-trans=\"fade\" data-autostart=\"1\" data-gallery=\"[{&quot;src&quot;:&quot;https:\\\/\\\/wp.ufpel.edu.br\\\/empauta\\\/files\\\/2025\\\/08\\\/Eva_2-scaled.jpg&quot;,&quot;id&quot;:&quot;21282&quot;,&quot;title&quot;:&quot;Eva_2&quot;,&quot;alt&quot;:&quot;Foto de um homem encostado em uma parede, dentro de uma casa. Ele tem cabelos ralos, castanhos, barba e bigode. Est\\u00e1 com a cabe\\u00e7a baixa, olhando para o ch\\u00e3o. Ele usa um blus\\u00e3o verde e branco e uma jaqueta de couro preta.&quot;,&quot;caption&quot;:&quot;Seu Cl\\u00e1udio e Dona Eva, durante entrevista para o projeto Artefatos recuperados, mem\\u00f3rias recontadas.. Fotos: Ridley Madrid.&quot;,&quot;itemprop&quot;:&quot;image&quot;},{&quot;src&quot;:&quot;https:\\\/\\\/wp.ufpel.edu.br\\\/empauta\\\/files\\\/2025\\\/08\\\/Eva_3-scaled.jpg&quot;,&quot;id&quot;:&quot;21281&quot;,&quot;title&quot;:&quot;Eva_3&quot;,&quot;alt&quot;:&quot;Foto em primeiro plano de uma mulher de cabelos curtos castanhos. Ela usa \\u00f3culos marrom e tem a express\\u00e3o s\\u00e9rie. Atr\\u00e1s dela, aparecem v\\u00e1rias plantas. Ela est\\u00e1 usando um blus\\u00e3o preto e um casaco marrom.&quot;,&quot;caption&quot;:&quot;&quot;,&quot;itemprop&quot;:&quot;image&quot;}]\" itemscope itemtype=\"https:\/\/schema.org\/ImageGallery\"><\/div>\n<p><strong>Os alertas<\/strong><\/p>\n<p><span style=\"font-weight: 400;\">O marido de Dona Eva, Seu Cl\u00e1udio, mora na casa onde vivem no Laranjal h\u00e1 mais tempo do que ela.\u00a0 J\u00e1 passou por algumas enchentes e n\u00e3o se desesperou com a \u00e1gua que havia devastado as regi\u00f5es ao norte do estado e que desciam para a Lagoa dos Patos antes de seguir seu rumo para o mar. A mesma tranquilidade n\u00e3o foi sentida por Eva, que acompanhava constantemente as not\u00edcias e alertas compartilhados pela ent\u00e3o prefeita de Pelotas, Paula Mascarenhas.<\/span><span style=\"font-weight: 400;\"><br \/>\n<\/span><span style=\"font-weight: 400;\"><br \/>\n<\/span><span style=\"font-weight: 400;\">\u201cA gente vinha j\u00e1 acompanhando o notici\u00e1rio, n\u00e9? \u2018Olha, \u00e9 certo que a \u00e1gua vai chegar\u2019,\u00a0 mas a prefeita dizia, \u2018ainda tem um tempinho\u2019 e isso e aquilo, n\u00e9? Ent\u00e3o, a gente foi esperando. Meu esposo, que j\u00e1 mora aqui h\u00e1 muitos anos disse \u2018n\u00e3o, na outra vez a gente teve uma l\u00e2mina de \u00e1gua s\u00f3 dentro de casa\u2019. Ent\u00e3o, a gente imagina que n\u00e3o vai ser mais que isso. Eu ainda comentei com ele: \u2018Igual o pessoal t\u00e1 dizendo que a coisa vai ser muito feia\u2019. Eu j\u00e1 tava prevendo que seria algo bem diferente\u2019, relembra ela.\u00a0<\/span><\/p>\n<p><span style=\"font-weight: 400;\">Foi em uma ter\u00e7a-feira, enquanto trabalhava na casa de sua cunhada que a mesma a alertou. Era o momento de arrumar as suas coisas e sair de casa. A \u00e1gua estava muito perto. No mesmo instante<\/span><span style=\"font-weight: 400;\">,<\/span><span style=\"font-weight: 400;\"> ela ligou para o trabalho de seu esposo o avisando que iria para a casa preparar as coisas. Ele a acompanhou e durante a noite se prepararam para o pior.<\/span><span style=\"font-weight: 400;\"><br \/>\n<\/span><span style=\"font-weight: 400;\"><br \/>\n<\/span><span style=\"font-weight: 400;\">Os dois separaram vestimentas, colocaram coisas pequenas em caixas de pl\u00e1sticos e levaram as roupas que conseguiram. Os eletrodom\u00e9sticos ficaram, cada um em um ponto estrat\u00e9gico. Microondas e forno el\u00e9trico sobre a mesa da cozinha, a mesma em torno da qual tivemos nossa conversa. A geladeira acima de tijolos. Ap\u00f3s tudo pronto, seguiram para a casa de sua irm\u00e3. <\/span><span style=\"font-weight: 400;\"><br \/>\n<\/span><span style=\"font-weight: 400;\"><br \/>\n<\/span><span style=\"font-weight: 400;\">A \u00e1gua entrou em casa naquela madrugada.\u00a0<\/span><\/p>\n<p><b>O per\u00edodo fora de casa<\/b><\/p>\n<p><span style=\"font-weight: 400;\">Solidariedade \u00e9 uma palavra que voc\u00ea provavelmente ouviu bastante durante a \u00e9poca das enchentes. Dessa solidariedade, dona Eva tamb\u00e9m precisou. Foram tr\u00eas meses fora de casa, convivendo com a incerteza de como seriam as coisas a partir dali e o que seria preciso para reconstruir novamente o seu lar. Quem ofereceu sua m\u00e3o para ajudar foi sua irm\u00e3, que abrigou ela, seu marido e seus dois cachorros, por esse tempo.\u00a0<\/span><\/p>\n<p><span style=\"font-weight: 400;\">Dona Eva e Seu Cl\u00e1udio conseguiram manter suas rotinas da forma mais normal poss\u00edvel. Ela, diarista, e ele, que atua no setor da constru\u00e7\u00e3o civil, continuaram trabalhando normalmente.<\/span><\/p>\n<p><span style=\"font-weight: 400;\">Quando as coisas j\u00e1 n\u00e3o andavam boas, mais um contratempo. A parte de tr\u00e1s da casa tinha uma porta de vidro. Est\u00e1 foi totalmente destru\u00edda em meio \u00e0s inunda\u00e7\u00f5es. \u2018Um dia quebraram toda a porta dos fundos. Acho que pra entrar, pra ver se achavam alguma coisa para roubar [&#8230;]. N\u00e3o levaram nada, gra\u00e7as a Deus. Eles estragaram a porta, a chuva continuava.\u00a0 A\u00ed ficou a casa mais vulner\u00e1vel ainda, porque a gente tinha coisas aqui e a porta tava quebrada. At\u00e9 a gente conseguir vir e arrumar a porta\u2026 uma preocupa\u00e7\u00e3o!\u201d, explica Eva.\u00a0<\/span><\/p>\n<p><span style=\"font-weight: 400;\">Com mais essa ansiedade, a vigil\u00e2ncia a sua casa continuou. O casal explica que a casa aparecia com frequ\u00eancia nos notici\u00e1rios e que visitavam bastante seu lar. As autoridades tamb\u00e9m ficaram acampadas um pouco mais acima na regi\u00e3o e de l\u00e1 traziam os moradores para que acompanhassem o estado de suas casas. <\/span><span style=\"font-weight: 400;\"><br \/>\n<\/span><span style=\"font-weight: 400;\"><br \/>\n<\/span><span style=\"font-weight: 400;\">Mas os tr\u00eas meses em que estiveram longe de sua casa, abrigados pela irm\u00e3 da diarista, n\u00e3o se resumiram apenas aos dias em que a \u00e1gua esteve dentro do seu lar. Uma das partes mais trabalhosas de tudo \u00e9 a limpeza que precisa ser feita no retorno. Depois que a \u00e1gua baixou, boa parte de suas semanas foram resumidas em limpeza, que s\u00f3 podia ocorrer aos finais de semana, atrasando ainda mais o processo.\u00a0<\/span><span style=\"font-weight: 400;\"><br \/>\n<\/span><\/p>\n<p><strong>A volta para casa<\/strong><\/p>\n<p><span style=\"font-weight: 400;\">Qual deve ser o sentimento de voltar para casa? Pessoas que nunca passaram por isso talvez nunca ir\u00e3o entender totalmente. Essa \u00e9 uma parte da experimenta\u00e7\u00e3o humana que n\u00e3o h\u00e1 como definir. Por isso, mais uma vez, \u00e9 necess\u00e1rio o nosso olhar solid\u00e1rio para todas essas hist\u00f3rias.\u00a0<\/span><\/p>\n<p><span style=\"font-weight: 400;\">Para Dona Eva e Seu Cl\u00e1udio, voltar para casa foi, sobretudo, cansativo. Com muitas manuten\u00e7\u00f5es e limpezas a serem feitas, ambos s\u00f3 conseguiam tempo aos finais de semana. Quem j\u00e1 convive com a umidade t\u00edpica de Pelotas sabe as complica\u00e7\u00f5es de viver nessas condi\u00e7\u00f5es clim\u00e1ticas. Imagine quando sua casa fica &#8220;de molho&#8221; por dias. Foram mais de 12 semanas fora de casa.<\/span><\/p>\n<p><span style=\"font-weight: 400;\">\u201cO cheiro era horr\u00edvel. O cheiro era tudo das fossas de banheiro. O meu irm\u00e3o quando olhou para o banheiro e para a cozinha disse \u2018Nossa, ser\u00e1 que isso aqui vai ter salva\u00e7\u00e3o?\u2019. E eu falei: \u2018Vai, e a gente vai tirar tudo que n\u00e3o presta agora\u2019. Tava tudo ca\u00eddo, tudo desmontado, umas coisas por cima das outras, porque foi caindo umas coisas e outras foram caindo por cima\u201d, conta ela.\u00a0<\/span><\/p>\n<p class=\"jetpack-slideshow-noscript robots-nocontent\">Este slideshow necessita de JavaScript.<\/p><div id=\"gallery-21274-2-slideshow\" class=\"jetpack-slideshow-window jetpack-slideshow jetpack-slideshow-black\" data-trans=\"fade\" data-autostart=\"1\" data-gallery=\"[{&quot;src&quot;:&quot;https:\\\/\\\/wp.ufpel.edu.br\\\/empauta\\\/files\\\/2025\\\/08\\\/Eva_4.jpg&quot;,&quot;id&quot;:&quot;21280&quot;,&quot;title&quot;:&quot;Eva_4&quot;,&quot;alt&quot;:&quot;Foto do p\\u00e1tio de uma casa, danificado ap\\u00f3s a enchente. A foto mostra uma piscina com a \\u00e1gua at\\u00e9 a borda, toda marrom. Cadeiras brancas de pl\\u00e1stico viradas e o ch\\u00e3o com muita sujeira.&quot;,&quot;caption&quot;:&quot;A \\u00e1gua chegou na altura da mesa da cozinha. Foto: arquivo pessoal&quot;,&quot;itemprop&quot;:&quot;image&quot;},{&quot;src&quot;:&quot;https:\\\/\\\/wp.ufpel.edu.br\\\/empauta\\\/files\\\/2025\\\/08\\\/Eva_5.jpg&quot;,&quot;id&quot;:&quot;21279&quot;,&quot;title&quot;:&quot;Eva_5&quot;,&quot;alt&quot;:&quot;Foto interna de uma cozinha danificada ap\\u00f3s a enchente. A geladeira est\\u00e1 ca\\u00edda no ch\\u00e3o. O microondas e o forno el\\u00e9trico est\\u00e3o um em cima do outro sobre uma mesa. H\\u00e1 muitas coisas reviradas no ch\\u00e3o e o piso est\\u00e1 coberto de lama.&quot;,&quot;caption&quot;:&quot;A \\u00e1gua chegou na altura da mesa da cozinha. Foto: arquivo pessoal&quot;,&quot;itemprop&quot;:&quot;image&quot;},{&quot;src&quot;:&quot;https:\\\/\\\/wp.ufpel.edu.br\\\/empauta\\\/files\\\/2025\\\/08\\\/Eva_6.jpg&quot;,&quot;id&quot;:&quot;21278&quot;,&quot;title&quot;:&quot;Eva_6&quot;,&quot;alt&quot;:&quot;Foto de um banheiro ap\\u00f3s a enchente. Os m\\u00f3veis est\\u00e3o ca\\u00eddos no ch\\u00e3o. O piso est\\u00e1 cheio de lama. O vaso sanit\\u00e1rio, de cor branco, est\\u00e1 sujo de lodo.&quot;,&quot;caption&quot;:&quot;A \\u00e1gua chegou na altura da mesa da cozinha. Foto: arquivo pessoal&quot;,&quot;itemprop&quot;:&quot;image&quot;}]\" itemscope itemtype=\"https:\/\/schema.org\/ImageGallery\"><\/div>\n<p><span style=\"font-weight: 400;\">Um processo de limpeza demorado. Um dia inteiro apenas para tirar o entulho. Outro para lavar as paredes. Os rejuntes. Pinturas novas. Muro destru\u00eddo. Tudo isso fez parte da realidade que dona Eva e seu marido encontraram ao voltar para casa. E, al\u00e9m do dinheiro que s\u00f3 essas coisas j\u00e1 demandam, \u00e9 preciso tamb\u00e9m recuperar sua mob\u00edlia.\u00a0<\/span><\/p>\n<p><span style=\"font-weight: 400;\"><br \/>\n<\/span><span style=\"font-weight: 400;\">\u201cA gente est\u00e1 fazendo gastos que a gente n\u00e3o poderia fazer, n\u00e9? No momento, a gente paga uma coisa aqui, paga aquela ali, compra outra coisa&#8230; a gente t\u00e1 fazendo assim, n\u00e9? Porque veio o dinheiro da reconstru\u00e7\u00e3o, mas a gente teve que arrumar o muro que caiu. \u00c9 muito mais gasto de dinheiro do que n\u00f3s podemos bancar\u201d, conta ela. Mesmo o aux\u00edlio recebido do governo federal, de R$5.100,00, n\u00e3o foi o suficiente para reconstruir tudo. \u201cAjudou bastante, mas n\u00e3o pode se dizer que o dinheiro que veio a gente fez tudo porque \u00e9 muito al\u00e9m\u201d. <\/span><span style=\"font-weight: 400;\"><br \/>\n<\/span><span style=\"font-weight: 400;\"><br \/>\n<\/span><span style=\"font-weight: 400;\">Sobre isso, a dona Eva e Seu Claudio relatam que receberam apenas o aux\u00edlio de Bras\u00edlia, mas aquele destinado pelo governo estadual nunca foi visto. Ainda na esfera pol\u00edtica, o casal destaca sua insatisfa\u00e7\u00e3o com a falta de melhorias nos processos de manuten\u00e7\u00e3o do sistema de drenagem de Pelotas e conten\u00e7\u00e3o de cheias da atual administra\u00e7\u00e3o municipal.<\/span><\/p>\n<p><strong>Reconstruindo Lares<\/strong><\/p>\n<p><span style=\"font-weight: 400;\">A universidade est\u00e1 mais perto da comunidade do que as pessoas acreditam. Seja na \u00e1rea da sa\u00fade, da forma\u00e7\u00e3o de profissionais, no monitoramento das cheias e mais algumas v\u00e1rias outras \u00e1reas da vida cotidiana. A import\u00e2ncia da UFPEL no aux\u00edlio da popula\u00e7\u00e3o afetada pelas inunda\u00e7\u00f5es que assolaram a cidade de Pelotas em maio de 2024, se estendeu para al\u00e9m do tempo em que as casas estiveram debaixo d\u2019\u00e1gua. <\/span><\/p>\n<p>&nbsp;<\/p>\n<p><span style=\"font-weight: 400;\">Seu Cl\u00e1udio, marido de Dona Eva,\u00a0 n\u00e3o se recorda quem o contou do projeto \u201cReconstruindo Lares\u201d, realizado por diversos cursos do centro de engenharias da UFPEL. Lembra somente que havia uma \u201cturma l\u00e1 que estava consertando\u201d. Dona Eva decidiu arriscar e entrou em contato com o projeto. Eles aceitaram ajudar e arrumaram sua geladeira e m\u00e1quina de lavar.\u00a0<\/span><\/p>\n<p><span style=\"font-weight: 400;\">\u201cNa \u00e9poca que eu perguntei se dava pra arrumar eu disse pro rapaz \u2018Eu n\u00e3o tenho dinheiro ainda pra poder te levar a\u00ed\u2019 e ele disse \u2018N\u00e3o, eu vou dar um jeito ent\u00e3o, o pessoal vai buscar\u2019.\u00a0 Eles vieram buscar e depois eu disse [para o marido], \u2018Vamos agora dar um jeito da gente conseguir quando estiver pronto buscar, n\u00e9?\u2019\u201d, relembra ela.\u00a0<\/span><\/p>\n<p class=\"jetpack-slideshow-noscript robots-nocontent\">Este slideshow necessita de JavaScript.<\/p><div id=\"gallery-21274-3-slideshow\" class=\"jetpack-slideshow-window jetpack-slideshow jetpack-slideshow-black\" data-trans=\"fade\" data-autostart=\"1\" data-gallery=\"[{&quot;src&quot;:&quot;https:\\\/\\\/wp.ufpel.edu.br\\\/empauta\\\/files\\\/2025\\\/08\\\/Eva_7-scaled.jpg&quot;,&quot;id&quot;:&quot;21277&quot;,&quot;title&quot;:&quot;Eva_7&quot;,&quot;alt&quot;:&quot;Foto da cozinha de uma casa. Bem no centro da foto est\\u00e1 uma geladeira grande e branca, duplex, da marca Electrolux. Do lado esquerdo da geladeira h\\u00e1 um fog\\u00e3o cheio de panelas. Do lado direito, em segundo plano, um homem escorado na parede e uma mulher sentada.&quot;,&quot;caption&quot;:&quot;Dona Eva e Seu Cl\\u00e1udio foram mais uma das fam\\u00edlias que receberam ajuda do projeto das engenharias da UFPEL. Foto: Ridley Madrid&quot;,&quot;itemprop&quot;:&quot;image&quot;},{&quot;src&quot;:&quot;https:\\\/\\\/wp.ufpel.edu.br\\\/empauta\\\/files\\\/2025\\\/08\\\/Eva_8-scaled.jpg&quot;,&quot;id&quot;:&quot;21276&quot;,&quot;title&quot;:&quot;Eva_8&quot;,&quot;alt&quot;:&quot;Foto de uma m\\u00e1quina de lavar em uma \\u00e1rea de servi\\u00e7o. A m\\u00e1quina \\u00e9 branca e est\\u00e1 com a tampa aberta. Ao lado direito da m\\u00e1quina h\\u00e1 um fog\\u00e3o a lenha.&quot;,&quot;caption&quot;:&quot;Dona Eva e Seu Cl\\u00e1udio foram mais uma das fam\\u00edlias que receberam ajuda do projeto das engenharias da UFPEL. Foto: Ridley Madrid&quot;,&quot;itemprop&quot;:&quot;image&quot;}]\" itemscope itemtype=\"https:\/\/schema.org\/ImageGallery\"><\/div>\n<p><strong>E agora?<\/strong><\/p>\n<p><span style=\"font-weight: 400;\">A vida segue. Ficar parado \u00e9 uma op\u00e7\u00e3o apenas de quem n\u00e3o precisa trabalhar e correr atr\u00e1s de suas coisas. Talvez a parte mais dram\u00e1tica de uma trag\u00e9dia seja a vida seguindo ap\u00f3s sua vida tomar um rumo nunca imaginado. Voc\u00ea n\u00e3o senta e absorve o que aconteceu. N\u00e3o utiliza isso como uma li\u00e7\u00e3o de resili\u00eancia. S\u00f3 \u00e9 uma tristeza. <\/span><span style=\"font-weight: 400;\"><br \/>\n<\/span><span style=\"font-weight: 400;\"><br \/>\n<\/span><span style=\"font-weight: 400;\">Dona Eva e seu marido n\u00e3o voltaram para a sua casa logo ap\u00f3s as \u00e1guas baixarem. Eles foram trabalhar. Um dia, depois outro e mais outro. Na pr\u00f3xima manh\u00e3, era s\u00e1bado. Eles levantaram e foram para a sua casa tirar todo o entulho e lodo que as \u00e1guas trouxeram. No seguinte, a mesma coisa. No posterior, trabalho. Assim seguiram por semanas.<\/span><span style=\"font-weight: 400;\"><br \/>\n<\/span><span style=\"font-weight: 400;\"><br \/>\n<\/span><span style=\"font-weight: 400;\">Quando perguntados se t\u00eam medo de acontecer de novo outra trag\u00e9dia, seu Cl\u00e1udio respondeu que acredita que com certeza acontecer\u00e1 e n\u00e3o vai demorar. Dona Eva complementa que, no primeiro sinal, ir\u00e3o tirar tudo de casa. \u201cCom certeza. O plano \u00e9 esse agora. A gente n\u00e3o vai esperar nada. A gente n\u00e3o vai esperar nada\u201d. Talvez a\u00ed esteja uma li\u00e7\u00e3o, afinal.<\/span><\/p>\n<p><span style=\"font-weight: 400;\">Dona Eva e Seu Cl\u00e1udio seguem reconstruindo suas vidas. \u00c9 a \u00fanica op\u00e7\u00e3o. N\u00e3o querem abandonar sua casa. Adoram morar na praia. Seguem sua vida esperando o melhor e preparados para o pior.\u00a0<\/span><\/p>\n","protected":false},"excerpt":{"rendered":"<p>Conhe\u00e7a a hist\u00f3ria de um casal de trabalhadores que, depois de deixar sua casa na mesma noite que a \u00e1gua subiu, reconstr\u00f3i o lar com carinho e dedica\u00e7\u00e3o Por Enzzo Lopes Hospitalidade talvez seja&#46;&#46;&#46;<\/p>\n","protected":false},"author":587,"featured_media":21283,"comment_status":"closed","ping_status":"closed","sticky":false,"template":"","format":"standard","meta":{"jetpack_post_was_ever_published":false,"_jetpack_newsletter_access":"","_jetpack_dont_email_post_to_subs":false,"_jetpack_newsletter_tier_id":0,"_jetpack_memberships_contains_paywalled_content":false,"_jetpack_memberships_contains_paid_content":false,"footnotes":"","jetpack_publicize_message":"","jetpack_publicize_feature_enabled":true,"jetpack_social_post_already_shared":true,"jetpack_social_options":{"image_generator_settings":{"template":"highway","default_image_id":0,"font":"","enabled":false},"version":2}},"categories":[1],"tags":[],"class_list":["post-21274","post","type-post","status-publish","format-standard","has-post-thumbnail","hentry","category-noticias"],"jetpack_publicize_connections":[],"jetpack_featured_media_url":"https:\/\/wp.ufpel.edu.br\/empauta\/files\/2025\/08\/Eva_1.jpg","jetpack_sharing_enabled":true,"jetpack_shortlink":"https:\/\/wp.me\/p6Xvzq-5x8","jetpack-related-posts":[{"id":8932,"url":"https:\/\/wp.ufpel.edu.br\/empauta\/conheca-master-of-none-uma-comedia-mestre-na-simplicidade\/","url_meta":{"origin":21274,"position":0},"title":"Conhe\u00e7a Master of None, uma com\u00e9dia mestre na simplicidade","author":"Em Pauta","date":"17\/10\/2016","format":false,"excerpt":"Por:\u00a0Jess\u00e9 Kr\u00fcger Quando falamos em com\u00e9dias na televis\u00e3o, logo lembramos de Friends e How I Met Your Mother. Cl\u00e1ssicos consagrados, jovens adultos curtindo a noite nova iorquina com seu grupo insepar\u00e1vel de amigos, que nos leva a querer ter uma vida parecida com a mostrada na telinha. A s\u00e9rie original\u2026","rel":"","context":"Em &quot;Cultura e Entretenimento&quot;","block_context":{"text":"Cultura e Entretenimento","link":"https:\/\/wp.ufpel.edu.br\/empauta\/category\/todos\/culturaeentretenimento\/"},"img":{"alt_text":"Divulga\u00e7\u00e3o\/Netflix","src":"https:\/\/i0.wp.com\/wp.ufpel.edu.br\/empauta\/files\/2016\/10\/thumbnail_Master-of-None-Poster.jpg?resize=350%2C200&ssl=1","width":350,"height":200,"srcset":"https:\/\/i0.wp.com\/wp.ufpel.edu.br\/empauta\/files\/2016\/10\/thumbnail_Master-of-None-Poster.jpg?resize=350%2C200&ssl=1 1x, https:\/\/i0.wp.com\/wp.ufpel.edu.br\/empauta\/files\/2016\/10\/thumbnail_Master-of-None-Poster.jpg?resize=525%2C300&ssl=1 1.5x"},"classes":[]},{"id":21218,"url":"https:\/\/wp.ufpel.edu.br\/empauta\/ficar-e-um-ato-de-resistencia\/","url_meta":{"origin":21274,"position":1},"title":"Ficar \u00e9 um ato de Resist\u00eancia","author":"Em Pauta","date":"07\/08\/2025","format":false,"excerpt":"M\u00e1rcia Consuelo Kraemer n\u00e3o moraria em outro lugar que n\u00e3o na sua casa do Laranjal \u2013 mesmo depois das enchentes de 2024 Por Arthur Rezer A \u00e1gua\u00a0 Na primeira semana de maio de 2024, come\u00e7ava a maior enchente que j\u00e1 afetou o estado do Rio Grande do Sul. Com o\u2026","rel":"","context":"Em &quot;Not\u00edcias&quot;","block_context":{"text":"Not\u00edcias","link":"https:\/\/wp.ufpel.edu.br\/empauta\/category\/noticias\/"},"img":{"alt_text":"Ilustra\u00e7\u00e3o de mulher loira, com cabelos na altura dos ombros. Ela est\u00e1 com o rosto virado para o lado, olhando para cima, com o semblante s\u00e9rio. Usa uma blusa preta e est\u00e1 de bra\u00e7os cruzados. O fundo da ilustra\u00e7\u00e3o \u00e9 verde.","src":"https:\/\/i0.wp.com\/wp.ufpel.edu.br\/empauta\/files\/2025\/08\/marcia-consuelo-01.jpeg?resize=350%2C200&ssl=1","width":350,"height":200,"srcset":"https:\/\/i0.wp.com\/wp.ufpel.edu.br\/empauta\/files\/2025\/08\/marcia-consuelo-01.jpeg?resize=350%2C200&ssl=1 1x, https:\/\/i0.wp.com\/wp.ufpel.edu.br\/empauta\/files\/2025\/08\/marcia-consuelo-01.jpeg?resize=525%2C300&ssl=1 1.5x, https:\/\/i0.wp.com\/wp.ufpel.edu.br\/empauta\/files\/2025\/08\/marcia-consuelo-01.jpeg?resize=700%2C400&ssl=1 2x, https:\/\/i0.wp.com\/wp.ufpel.edu.br\/empauta\/files\/2025\/08\/marcia-consuelo-01.jpeg?resize=1050%2C600&ssl=1 3x, https:\/\/i0.wp.com\/wp.ufpel.edu.br\/empauta\/files\/2025\/08\/marcia-consuelo-01.jpeg?resize=1400%2C800&ssl=1 4x"},"classes":[]},{"id":20548,"url":"https:\/\/wp.ufpel.edu.br\/empauta\/viver-um-dia-apos-o-outro\/","url_meta":{"origin":21274,"position":2},"title":"Viver um dia ap\u00f3s o outro","author":"Em Pauta","date":"20\/10\/2024","format":false,"excerpt":"Conhe\u00e7a a hist\u00f3ria de Dona Veridiane Krause, uma mestre em jardinagem e cuidados com o lar, que luta para reconstruir o seu Por Rafaela Stark Foi em uma manh\u00e3 de segunda-feira, com o c\u00e9u cinza, carregado e uma chuva insistente, que dona Veridiane recebeu seu amado microondas de volta. Inscrita\u2026","rel":"","context":"Em &quot;Artefatos recuperados&quot;","block_context":{"text":"Artefatos recuperados","link":"https:\/\/wp.ufpel.edu.br\/empauta\/category\/artefatos-recuperados\/"},"img":{"alt_text":"","src":"https:\/\/i0.wp.com\/wp.ufpel.edu.br\/empauta\/files\/2024\/10\/IMG_0011.png?resize=350%2C200&ssl=1","width":350,"height":200,"srcset":"https:\/\/i0.wp.com\/wp.ufpel.edu.br\/empauta\/files\/2024\/10\/IMG_0011.png?resize=350%2C200&ssl=1 1x, https:\/\/i0.wp.com\/wp.ufpel.edu.br\/empauta\/files\/2024\/10\/IMG_0011.png?resize=525%2C300&ssl=1 1.5x, https:\/\/i0.wp.com\/wp.ufpel.edu.br\/empauta\/files\/2024\/10\/IMG_0011.png?resize=700%2C400&ssl=1 2x, https:\/\/i0.wp.com\/wp.ufpel.edu.br\/empauta\/files\/2024\/10\/IMG_0011.png?resize=1050%2C600&ssl=1 3x, https:\/\/i0.wp.com\/wp.ufpel.edu.br\/empauta\/files\/2024\/10\/IMG_0011.png?resize=1400%2C800&ssl=1 4x"},"classes":[]},{"id":4118,"url":"https:\/\/wp.ufpel.edu.br\/empauta\/lar-de-inverno-tendencias-em-decoracao-para-2015\/","url_meta":{"origin":21274,"position":3},"title":"Lar de inverno: tend\u00eancias em decora\u00e7\u00e3o para 2015","author":"Em Pauta","date":"01\/07\/2015","format":false,"excerpt":"As cores quentes e tons terrosos, acompanhados de muitas plantas, trazem um aconchego especial \u00e0 decora\u00e7\u00e3o da sua casa. por Fernanda Flores Com a mudan\u00e7a de esta\u00e7\u00e3o, n\u00f3s acabamos sentindo vontade de fazer tamb\u00e9m modifica\u00e7\u00f5es na nossa casa: deixar tudo mais quentinho para enfrentar as baixas temperaturas. Nessa onda de\u2026","rel":"","context":"Em &quot;Geral&quot;","block_context":{"text":"Geral","link":"https:\/\/wp.ufpel.edu.br\/empauta\/category\/todos\/geral\/"},"img":{"alt_text":"","src":"https:\/\/i0.wp.com\/wp.ufpel.edu.br\/empauta\/files\/2015\/07\/img5.jpg?resize=350%2C200&ssl=1","width":350,"height":200,"srcset":"https:\/\/i0.wp.com\/wp.ufpel.edu.br\/empauta\/files\/2015\/07\/img5.jpg?resize=350%2C200&ssl=1 1x, https:\/\/i0.wp.com\/wp.ufpel.edu.br\/empauta\/files\/2015\/07\/img5.jpg?resize=525%2C300&ssl=1 1.5x"},"classes":[]},{"id":18557,"url":"https:\/\/wp.ufpel.edu.br\/empauta\/johnny-grace-o-carinho-na-arte\/","url_meta":{"origin":21274,"position":4},"title":"Johnny Grace: o carinho na arte","author":"Em Pauta","date":"22\/08\/2023","format":false,"excerpt":"O imitador do cantor Elvis Presley se apresenta em Pelotas, e conquista o p\u00fablico com a sua fidelidade ao astro do rock e o cuidado em sua performance Por Bruna Meotti \/ Ag\u00eancia Em Pauta Na noite de quarta-feira, 16, o artista Johnny Grace, imitador oficial do falecido cantor estadunidense\u2026","rel":"","context":"Em &quot;Cultura e Entretenimento&quot;","block_context":{"text":"Cultura e Entretenimento","link":"https:\/\/wp.ufpel.edu.br\/empauta\/category\/todos\/culturaeentretenimento\/"},"img":{"alt_text":"","src":"https:\/\/i0.wp.com\/wp.ufpel.edu.br\/empauta\/files\/2023\/08\/IMG_2975-1-scaled.jpg?resize=350%2C200&ssl=1","width":350,"height":200,"srcset":"https:\/\/i0.wp.com\/wp.ufpel.edu.br\/empauta\/files\/2023\/08\/IMG_2975-1-scaled.jpg?resize=350%2C200&ssl=1 1x, https:\/\/i0.wp.com\/wp.ufpel.edu.br\/empauta\/files\/2023\/08\/IMG_2975-1-scaled.jpg?resize=525%2C300&ssl=1 1.5x, https:\/\/i0.wp.com\/wp.ufpel.edu.br\/empauta\/files\/2023\/08\/IMG_2975-1-scaled.jpg?resize=700%2C400&ssl=1 2x, https:\/\/i0.wp.com\/wp.ufpel.edu.br\/empauta\/files\/2023\/08\/IMG_2975-1-scaled.jpg?resize=1050%2C600&ssl=1 3x, https:\/\/i0.wp.com\/wp.ufpel.edu.br\/empauta\/files\/2023\/08\/IMG_2975-1-scaled.jpg?resize=1400%2C800&ssl=1 4x"},"classes":[]},{"id":3519,"url":"https:\/\/wp.ufpel.edu.br\/empauta\/animais-de-rua-a-historia-de-quem-ja-adotou-um\/","url_meta":{"origin":21274,"position":5},"title":"Animais de Rua: A hist\u00f3ria de quem j\u00e1 adotou um","author":"Em Pauta","date":"29\/03\/2015","format":false,"excerpt":"Por Manoela Nogueira Em Pelotas \u00e9 comum encontrar animais nas ruas, segundo dados da Prefeitura Municipal existem mais 80 mil cachorros sem lar e o n\u00famero de gatos ainda se \u00e9 desconhecido. Nesse cen\u00e1rio, a ado\u00e7\u00e3o surge como um pensamento de melhoria para a situa\u00e7\u00e3o. Mas \u00e9 preciso lembrar que\u2026","rel":"","context":"Em &quot;Geral&quot;","block_context":{"text":"Geral","link":"https:\/\/wp.ufpel.edu.br\/empauta\/category\/todos\/geral\/"},"img":{"alt_text":"","src":"https:\/\/i0.wp.com\/wp.ufpel.edu.br\/empauta\/files\/2015\/03\/FOTO-MANOELA.jpg?resize=350%2C200&ssl=1","width":350,"height":200,"srcset":"https:\/\/i0.wp.com\/wp.ufpel.edu.br\/empauta\/files\/2015\/03\/FOTO-MANOELA.jpg?resize=350%2C200&ssl=1 1x, https:\/\/i0.wp.com\/wp.ufpel.edu.br\/empauta\/files\/2015\/03\/FOTO-MANOELA.jpg?resize=525%2C300&ssl=1 1.5x, https:\/\/i0.wp.com\/wp.ufpel.edu.br\/empauta\/files\/2015\/03\/FOTO-MANOELA.jpg?resize=700%2C400&ssl=1 2x"},"classes":[]}],"_links":{"self":[{"href":"https:\/\/wp.ufpel.edu.br\/empauta\/wp-json\/wp\/v2\/posts\/21274","targetHints":{"allow":["GET"]}}],"collection":[{"href":"https:\/\/wp.ufpel.edu.br\/empauta\/wp-json\/wp\/v2\/posts"}],"about":[{"href":"https:\/\/wp.ufpel.edu.br\/empauta\/wp-json\/wp\/v2\/types\/post"}],"author":[{"embeddable":true,"href":"https:\/\/wp.ufpel.edu.br\/empauta\/wp-json\/wp\/v2\/users\/587"}],"replies":[{"embeddable":true,"href":"https:\/\/wp.ufpel.edu.br\/empauta\/wp-json\/wp\/v2\/comments?post=21274"}],"version-history":[{"count":4,"href":"https:\/\/wp.ufpel.edu.br\/empauta\/wp-json\/wp\/v2\/posts\/21274\/revisions"}],"predecessor-version":[{"id":21289,"href":"https:\/\/wp.ufpel.edu.br\/empauta\/wp-json\/wp\/v2\/posts\/21274\/revisions\/21289"}],"wp:featuredmedia":[{"embeddable":true,"href":"https:\/\/wp.ufpel.edu.br\/empauta\/wp-json\/wp\/v2\/media\/21283"}],"wp:attachment":[{"href":"https:\/\/wp.ufpel.edu.br\/empauta\/wp-json\/wp\/v2\/media?parent=21274"}],"wp:term":[{"taxonomy":"category","embeddable":true,"href":"https:\/\/wp.ufpel.edu.br\/empauta\/wp-json\/wp\/v2\/categories?post=21274"},{"taxonomy":"post_tag","embeddable":true,"href":"https:\/\/wp.ufpel.edu.br\/empauta\/wp-json\/wp\/v2\/tags?post=21274"}],"curies":[{"name":"wp","href":"https:\/\/api.w.org\/{rel}","templated":true}]}}