{"id":20790,"date":"2025-03-18T12:58:17","date_gmt":"2025-03-18T15:58:17","guid":{"rendered":"https:\/\/wp.ufpel.edu.br\/empauta\/?p=20790"},"modified":"2025-03-18T12:58:51","modified_gmt":"2025-03-18T15:58:51","slug":"desaparecimentos-em-pelotas-e-a-iniciativa-da-piracanjuba","status":"publish","type":"post","link":"https:\/\/wp.ufpel.edu.br\/empauta\/desaparecimentos-em-pelotas-e-a-iniciativa-da-piracanjuba\/","title":{"rendered":"Desaparecimentos em Pelotas e a iniciativa da Piracanjuba"},"content":{"rendered":"<h2 align=\"left\">Campanha que resgata hist\u00f3rias, d\u00e1 visibilidade e refor\u00e7a a import\u00e2ncia da busca por desaparecidos<\/h2>\n<p align=\"left\"><strong><em>B\u00e1rbara Vencato \/ Em Pauta<\/em><\/strong><\/p>\n<div id=\"attachment_20793\" style=\"width: 2570px\" class=\"wp-caption aligncenter\"><a href=\"https:\/\/wp.ufpel.edu.br\/empauta\/files\/2025\/03\/Piracanjuba-1-Foto_-Barbara-Vencato-scaled.jpg\"><img loading=\"lazy\" decoding=\"async\" aria-describedby=\"caption-attachment-20793\" class=\"wp-image-20793 size-full\" src=\"https:\/\/wp.ufpel.edu.br\/empauta\/files\/2025\/03\/Piracanjuba-1-Foto_-Barbara-Vencato-scaled.jpg\" alt=\"\" width=\"2560\" height=\"1920\" srcset=\"https:\/\/wp.ufpel.edu.br\/empauta\/files\/2025\/03\/Piracanjuba-1-Foto_-Barbara-Vencato-scaled.jpg 2560w, https:\/\/wp.ufpel.edu.br\/empauta\/files\/2025\/03\/Piracanjuba-1-Foto_-Barbara-Vencato-424x318.jpg 424w, https:\/\/wp.ufpel.edu.br\/empauta\/files\/2025\/03\/Piracanjuba-1-Foto_-Barbara-Vencato-212x159.jpg 212w, https:\/\/wp.ufpel.edu.br\/empauta\/files\/2025\/03\/Piracanjuba-1-Foto_-Barbara-Vencato-768x576.jpg 768w, https:\/\/wp.ufpel.edu.br\/empauta\/files\/2025\/03\/Piracanjuba-1-Foto_-Barbara-Vencato-1536x1152.jpg 1536w, https:\/\/wp.ufpel.edu.br\/empauta\/files\/2025\/03\/Piracanjuba-1-Foto_-Barbara-Vencato-2048x1536.jpg 2048w\" sizes=\"auto, (max-width: 2560px) 100vw, 2560px\" \/><\/a><p id=\"caption-attachment-20793\" class=\"wp-caption-text\">Desde outubro de 2024 a marca realiza a campanha em parceria com as M\u00e3es da S\u00e9. Foto: B\u00e1rbara Vencato \/ Em Pauta<\/p><\/div>\n<p align=\"left\">Todos os dias, 212 pessoas desaparecem no Brasil. Esse dado alarmante motivou a Piracanjuba, em parceria com o Movimento M\u00e3es da S\u00e9, a lan\u00e7ar a campanha Desaparecidos, que utiliza embalagens de leite como meio de divulga\u00e7\u00e3o para rostos de pessoas desaparecidas. O projeto tamb\u00e9m recorre \u00e0 intelig\u00eancia artificial para atualizar digitalmente as imagens, tornando-as mais realistas para facilitar o reconhecimento.<\/p>\n<p align=\"left\">A campanha resgata um modelo que j\u00e1 existiu nos anos 80 nos Estados Unidos e que, agora, ganha uma abordagem mais tecnol\u00f3gica e adaptada ao cen\u00e1rio brasileiro. No primeiro lote, 19 pessoas tiveram seus rostos estampados nas caixas, e, at\u00e9 o momento, oito delas j\u00e1 foram localizadas. A iniciativa tem gerado impacto nacional e levantado discuss\u00f5es sobre a import\u00e2ncia da visibilidade nos casos de desaparecimento.<\/p>\n<h4 align=\"left\"><b>A realidade de Pelotas<\/b><\/h4>\n<p align=\"left\">Na cidade de Pelotas, a Delegacia de Pol\u00edcia de Homic\u00eddios e Prote\u00e7\u00e3o \u00e0 Pessoa (DPHPP) registra anualmente entre 90 e 120 desaparecimentos. A taxa de localiza\u00e7\u00e3o gira em torno de 80%, mas os casos restantes muitas vezes esbarram em dificuldades como a falta de registro da localiza\u00e7\u00e3o pelas pr\u00f3prias fam\u00edlias.<\/p>\n<p align=\"left\">Segundo o delegado F\u00e9lix Fernando Rafanhim, os desaparecimentos na cidade geralmente envolvem usu\u00e1rios de drogas, pessoas com hist\u00f3rico de desaparecimento recorrente ou indiv\u00edduos com doen\u00e7as que comprometem o discernimento. Diferentemente do que mostram filmes e s\u00e9ries, a pol\u00edcia n\u00e3o precisa esperar 24 ou 48 horas para iniciar as investiga\u00e7\u00f5es e pode agir desde o primeiro momento.<\/p>\n<div id=\"attachment_20791\" style=\"width: 434px\" class=\"wp-caption alignright\"><a href=\"https:\/\/wp.ufpel.edu.br\/empauta\/files\/2025\/03\/Delegado-Felix-Foto_-Diario-da-Manha.jpeg\"><img loading=\"lazy\" decoding=\"async\" aria-describedby=\"caption-attachment-20791\" class=\"wp-image-20791 size-medium\" src=\"https:\/\/wp.ufpel.edu.br\/empauta\/files\/2025\/03\/Delegado-Felix-Foto_-Diario-da-Manha-424x280.jpeg\" alt=\"\" width=\"424\" height=\"280\" srcset=\"https:\/\/wp.ufpel.edu.br\/empauta\/files\/2025\/03\/Delegado-Felix-Foto_-Diario-da-Manha-424x280.jpeg 424w, https:\/\/wp.ufpel.edu.br\/empauta\/files\/2025\/03\/Delegado-Felix-Foto_-Diario-da-Manha-212x140.jpeg 212w, https:\/\/wp.ufpel.edu.br\/empauta\/files\/2025\/03\/Delegado-Felix-Foto_-Diario-da-Manha.jpeg 681w\" sizes=\"auto, (max-width: 424px) 100vw, 424px\" \/><\/a><p id=\"caption-attachment-20791\" class=\"wp-caption-text\">Delegado Felix Rafanhim afirma que campanha como esta podem auxiliar na conscientiza\u00e7\u00e3o da popula\u00e7\u00e3o. Foto: Di\u00e1rio da Manh\u00e3 \/ Em Pauta<\/p><\/div>\n<p align=\"left\">Outro desafio enfrentado pelas autoridades da cidade \u00e9 a falta de investimentos em c\u00e2meras de monitoramento e a localiza\u00e7\u00e3o inadequada das existentes, dificultando a reconstru\u00e7\u00e3o dos passos da pessoa desaparecida. Al\u00e9m disso, n\u00e3o h\u00e1 parcerias locais semelhantes \u00e0 campanha da Piracanjuba, o que poderia fortalecer os esfor\u00e7os na busca por desaparecidos.<\/p>\n<h4 align=\"left\"><b>O papel da sociedade e a import\u00e2ncia da conscientiza\u00e7\u00e3o<\/b><\/h4>\n<p align=\"left\">Para o delegado, a iniciativa da Piracanjuba \u00e9 interessante, mas tardia, considerando que outros pa\u00edses j\u00e1 adotam esse tipo de a\u00e7\u00e3o h\u00e1 anos. Ainda assim, a campanha pode desempenhar um papel crucial na conscientiza\u00e7\u00e3o da popula\u00e7\u00e3o sobre o tema.<\/p>\n<p align=\"left\">A colabora\u00e7\u00e3o da sociedade \u00e9 fundamental para lidar com os desaparecimentos. Informar as autoridades sobre situa\u00e7\u00f5es suspeitas, auxiliar em buscas e estar atento ao bem-estar de familiares e vizinhos s\u00e3o atitudes que fazem diferen\u00e7a. O delegado tamb\u00e9m destaca a necessidade de que as fam\u00edlias sejam mais abertas com a pol\u00edcia, evitando esconder informa\u00e7\u00f5es para preservar a imagem do desaparecido.<\/p>\n<p align=\"left\">\u201cA iniciativa da Piracanjuba pode ajudar n\u00e3o apenas na busca, mas na conscientiza\u00e7\u00e3o. Infelizmente, as pessoas s\u00f3 costumam se preocupar com o tema quando passam pela situa\u00e7\u00e3o\u201d, refor\u00e7a Rafanhim.<\/p>\n<div id=\"attachment_20792\" style=\"width: 2570px\" class=\"wp-caption aligncenter\"><a href=\"https:\/\/wp.ufpel.edu.br\/empauta\/files\/2025\/03\/Piracanjuba-2-Foto_-Barbara-Vencato-scaled.jpg\"><img loading=\"lazy\" decoding=\"async\" aria-describedby=\"caption-attachment-20792\" class=\"wp-image-20792 size-full\" src=\"https:\/\/wp.ufpel.edu.br\/empauta\/files\/2025\/03\/Piracanjuba-2-Foto_-Barbara-Vencato-scaled.jpg\" alt=\"\" width=\"2560\" height=\"1920\" srcset=\"https:\/\/wp.ufpel.edu.br\/empauta\/files\/2025\/03\/Piracanjuba-2-Foto_-Barbara-Vencato-scaled.jpg 2560w, https:\/\/wp.ufpel.edu.br\/empauta\/files\/2025\/03\/Piracanjuba-2-Foto_-Barbara-Vencato-424x318.jpg 424w, https:\/\/wp.ufpel.edu.br\/empauta\/files\/2025\/03\/Piracanjuba-2-Foto_-Barbara-Vencato-212x159.jpg 212w, https:\/\/wp.ufpel.edu.br\/empauta\/files\/2025\/03\/Piracanjuba-2-Foto_-Barbara-Vencato-768x576.jpg 768w, https:\/\/wp.ufpel.edu.br\/empauta\/files\/2025\/03\/Piracanjuba-2-Foto_-Barbara-Vencato-1536x1152.jpg 1536w, https:\/\/wp.ufpel.edu.br\/empauta\/files\/2025\/03\/Piracanjuba-2-Foto_-Barbara-Vencato-2048x1536.jpg 2048w\" sizes=\"auto, (max-width: 2560px) 100vw, 2560px\" \/><\/a><p id=\"caption-attachment-20792\" class=\"wp-caption-text\">As fotos s\u00e3o tratadas com Intelig\u00eancia Artificial para possivelmente aproximar a fisionomia da realidade atual do procurado (a). Foto: B\u00e1rbara Vencato \/ Em Pauta<\/p><\/div>\n","protected":false},"excerpt":{"rendered":"<p>Campanha que resgata hist\u00f3rias, d\u00e1 visibilidade e refor\u00e7a a import\u00e2ncia da busca por desaparecidos B\u00e1rbara Vencato \/ Em Pauta Todos os dias, 212 pessoas desaparecem no Brasil. Esse dado alarmante motivou a Piracanjuba, em&#46;&#46;&#46;<\/p>\n","protected":false},"author":587,"featured_media":20792,"comment_status":"closed","ping_status":"closed","sticky":false,"template":"","format":"standard","meta":{"jetpack_post_was_ever_published":false,"_jetpack_newsletter_access":"","_jetpack_dont_email_post_to_subs":false,"_jetpack_newsletter_tier_id":0,"_jetpack_memberships_contains_paywalled_content":false,"_jetpack_memberships_contains_paid_content":false,"footnotes":"","jetpack_publicize_message":"","jetpack_publicize_feature_enabled":true,"jetpack_social_post_already_shared":true,"jetpack_social_options":{"image_generator_settings":{"template":"highway","default_image_id":0,"font":"","enabled":false},"version":2}},"categories":[9,1],"tags":[],"class_list":["post-20790","post","type-post","status-publish","format-standard","has-post-thumbnail","hentry","category-geral","category-noticias"],"jetpack_publicize_connections":[],"jetpack_featured_media_url":"https:\/\/wp.ufpel.edu.br\/empauta\/files\/2025\/03\/Piracanjuba-2-Foto_-Barbara-Vencato-scaled.jpg","jetpack_sharing_enabled":true,"jetpack_shortlink":"https:\/\/wp.me\/p6Xvzq-5pk","jetpack-related-posts":[{"id":21639,"url":"https:\/\/wp.ufpel.edu.br\/empauta\/abril-azul-campanha-alerta-e-previne\/","url_meta":{"origin":20790,"position":0},"title":"Abril Azul, campanha alerta e previne","author":"Em Pauta","date":"29\/04\/2026","format":false,"excerpt":"Campanha do Abril Azul demonstra a import\u00e2ncia da conscientiza\u00e7\u00e3o acerca do Transtorno de Espectro Autista.\u00a0Data foi estabelecida pela ONU como uma forma de promover mais visibilidade e inclus\u00e3o na sociedade \u00a0 Por Vanessa Ferro\/ Em Pauta\u00a0 \u00a0 O Abril Azul \u00e9 o m\u00eas dedicado \u00e0 conscientiza\u00e7\u00e3o do Transtorno de Espectro\u2026","rel":"","context":"Em &quot;Em Pauta Not\u00edcias&quot;","block_context":{"text":"Em Pauta Not\u00edcias","link":"https:\/\/wp.ufpel.edu.br\/empauta\/category\/em-pauta-noticias\/"},"img":{"alt_text":"","src":"https:\/\/i0.wp.com\/wp.ufpel.edu.br\/empauta\/files\/2026\/04\/Ilustrativa_-Foto_-Governo-Federal_reproducao.jpeg?resize=350%2C200&ssl=1","width":350,"height":200,"srcset":"https:\/\/i0.wp.com\/wp.ufpel.edu.br\/empauta\/files\/2026\/04\/Ilustrativa_-Foto_-Governo-Federal_reproducao.jpeg?resize=350%2C200&ssl=1 1x, https:\/\/i0.wp.com\/wp.ufpel.edu.br\/empauta\/files\/2026\/04\/Ilustrativa_-Foto_-Governo-Federal_reproducao.jpeg?resize=525%2C300&ssl=1 1.5x, https:\/\/i0.wp.com\/wp.ufpel.edu.br\/empauta\/files\/2026\/04\/Ilustrativa_-Foto_-Governo-Federal_reproducao.jpeg?resize=700%2C400&ssl=1 2x"},"classes":[]},{"id":19364,"url":"https:\/\/wp.ufpel.edu.br\/empauta\/ong-pelotense-reune-doacoes-para-o-passo-dos-negros\/","url_meta":{"origin":20790,"position":1},"title":"ONG pelotense re\u00fane doa\u00e7\u00f5es para o Passo dos Negros","author":"Em Pauta","date":"05\/02\/2024","format":false,"excerpt":"A organiza\u00e7\u00e3o \"Cuidando de N\u00f3s\" est\u00e1 em campanha para doa\u00e7\u00e3o de materiais escolares para a volta \u00e0s aulas para crian\u00e7as da regi\u00e3o Por Ricardo Bandar \/ Em Pauta Localizada no Bairro Navegantes II, Travessa 2, n\u00b024, a ONG Cuidando de N\u00f3s est\u00e1 em campanha para doa\u00e7\u00e3o de materiais escolares para\u2026","rel":"","context":"Em &quot;Educa\u00e7\u00e3o&quot;","block_context":{"text":"Educa\u00e7\u00e3o","link":"https:\/\/wp.ufpel.edu.br\/empauta\/category\/todos\/educacao\/"},"img":{"alt_text":"","src":"https:\/\/i0.wp.com\/wp.ufpel.edu.br\/empauta\/files\/2024\/02\/IMG_20240119_092810032-2-scaled.jpg?resize=350%2C200&ssl=1","width":350,"height":200,"srcset":"https:\/\/i0.wp.com\/wp.ufpel.edu.br\/empauta\/files\/2024\/02\/IMG_20240119_092810032-2-scaled.jpg?resize=350%2C200&ssl=1 1x, https:\/\/i0.wp.com\/wp.ufpel.edu.br\/empauta\/files\/2024\/02\/IMG_20240119_092810032-2-scaled.jpg?resize=525%2C300&ssl=1 1.5x, https:\/\/i0.wp.com\/wp.ufpel.edu.br\/empauta\/files\/2024\/02\/IMG_20240119_092810032-2-scaled.jpg?resize=700%2C400&ssl=1 2x, https:\/\/i0.wp.com\/wp.ufpel.edu.br\/empauta\/files\/2024\/02\/IMG_20240119_092810032-2-scaled.jpg?resize=1050%2C600&ssl=1 3x, https:\/\/i0.wp.com\/wp.ufpel.edu.br\/empauta\/files\/2024\/02\/IMG_20240119_092810032-2-scaled.jpg?resize=1400%2C800&ssl=1 4x"},"classes":[]},{"id":14446,"url":"https:\/\/wp.ufpel.edu.br\/empauta\/eu-menstruo-campanha-incentiva-combate-a-pobreza-menstrual\/","url_meta":{"origin":20790,"position":2},"title":"&#8220;Eu Menstruo&#8221;: campanha incentiva combate \u00e0 pobreza menstrual","author":"Em Pauta","date":"14\/09\/2021","format":false,"excerpt":"\u00a0Iniciativa tem o intuito de garantir o acesso a absorventes a pessoas que menstruam por Amanda Kuhn \/ Em Pauta Voc\u00ea j\u00e1 ouviu falar em pobreza menstrual? Nos \u00faltimos meses, o assunto ganhou for\u00e7a na internet e gerou debates sobre o acesso (ou a falta dele) a um produto b\u00e1sico\u2026","rel":"","context":"Em &quot;Em Pauta Not\u00edcias&quot;","block_context":{"text":"Em Pauta Not\u00edcias","link":"https:\/\/wp.ufpel.edu.br\/empauta\/category\/em-pauta-noticias\/"},"img":{"alt_text":"","src":"https:\/\/i0.wp.com\/wp.ufpel.edu.br\/empauta\/files\/2021\/09\/foto3.jpg?resize=350%2C200&ssl=1","width":350,"height":200,"srcset":"https:\/\/i0.wp.com\/wp.ufpel.edu.br\/empauta\/files\/2021\/09\/foto3.jpg?resize=350%2C200&ssl=1 1x, https:\/\/i0.wp.com\/wp.ufpel.edu.br\/empauta\/files\/2021\/09\/foto3.jpg?resize=525%2C300&ssl=1 1.5x, https:\/\/i0.wp.com\/wp.ufpel.edu.br\/empauta\/files\/2021\/09\/foto3.jpg?resize=700%2C400&ssl=1 2x"},"classes":[]},{"id":16840,"url":"https:\/\/wp.ufpel.edu.br\/empauta\/outubro-rosa-e-marcado-por-parceria-entre-sesc-e-prefeitura-em-sao-jose-do-norte\/","url_meta":{"origin":20790,"position":3},"title":"Outubro Rosa \u00e9 marcado por parceria entre Sesc e Prefeitura em S\u00e3o Jos\u00e9 do Norte","author":"Em Pauta","date":"26\/10\/2022","format":false,"excerpt":"Mais de mil atendimentos est\u00e3o \u00e0 disposi\u00e7\u00e3o das mulheres da cidade de forma gratuita. Por Marianna Bertoldi Durante o m\u00eas de outubro, muitos munic\u00edpios desenvolvem a\u00e7\u00f5es alusivas \u00e0 campanha Outubro Rosa para o combate e preven\u00e7\u00e3o ao c\u00e2ncer de mama em mulheres. No munic\u00edpio de S\u00e3o Jos\u00e9 do Norte, a\u2026","rel":"","context":"Em &quot;Em Pauta Not\u00edcias&quot;","block_context":{"text":"Em Pauta Not\u00edcias","link":"https:\/\/wp.ufpel.edu.br\/empauta\/category\/em-pauta-noticias\/"},"img":{"alt_text":"","src":"https:\/\/i0.wp.com\/wp.ufpel.edu.br\/empauta\/files\/2022\/10\/6045f289-c753-4217-851d-2a55825935e8.jpg?resize=350%2C200&ssl=1","width":350,"height":200,"srcset":"https:\/\/i0.wp.com\/wp.ufpel.edu.br\/empauta\/files\/2022\/10\/6045f289-c753-4217-851d-2a55825935e8.jpg?resize=350%2C200&ssl=1 1x, https:\/\/i0.wp.com\/wp.ufpel.edu.br\/empauta\/files\/2022\/10\/6045f289-c753-4217-851d-2a55825935e8.jpg?resize=525%2C300&ssl=1 1.5x, https:\/\/i0.wp.com\/wp.ufpel.edu.br\/empauta\/files\/2022\/10\/6045f289-c753-4217-851d-2a55825935e8.jpg?resize=700%2C400&ssl=1 2x, https:\/\/i0.wp.com\/wp.ufpel.edu.br\/empauta\/files\/2022\/10\/6045f289-c753-4217-851d-2a55825935e8.jpg?resize=1050%2C600&ssl=1 3x, https:\/\/i0.wp.com\/wp.ufpel.edu.br\/empauta\/files\/2022\/10\/6045f289-c753-4217-851d-2a55825935e8.jpg?resize=1400%2C800&ssl=1 4x"},"classes":[]},{"id":14684,"url":"https:\/\/wp.ufpel.edu.br\/empauta\/campanha-todos-pela-vila-arrecada-alimentos-a-familias-pelotenses-em-vulnerabilidade-social\/","url_meta":{"origin":20790,"position":4},"title":"Campanha \u201cTodos pela Vila\u201d arrecada alimentos \u00e0 fam\u00edlias pelotenses em vulnerabilidade social","author":"Em Pauta","date":"13\/10\/2021","format":false,"excerpt":"Em outubro, foram arrecadados cerca de 182,86Kg de alimentos n\u00e3o perec\u00edveis Amanda Kuhn\/Em Pauta \u00a0 \u00a0 \u00a0A Campanha \u201cTodos pela Vila\u201d \u00e9 uma iniciativa criada para arrecadar alimentos para fam\u00edlias em situa\u00e7\u00e3o de vulnerabilidade social que moram nos arredores da Unidade B\u00e1sica de Sa\u00fade (UBS) Vila Municipal em Pelotas (RS).\u2026","rel":"","context":"Em &quot;Geral&quot;","block_context":{"text":"Geral","link":"https:\/\/wp.ufpel.edu.br\/empauta\/category\/todos\/geral\/"},"img":{"alt_text":"","src":"https:\/\/i0.wp.com\/wp.ufpel.edu.br\/empauta\/files\/2021\/10\/foto2.jpeg?resize=350%2C200&ssl=1","width":350,"height":200,"srcset":"https:\/\/i0.wp.com\/wp.ufpel.edu.br\/empauta\/files\/2021\/10\/foto2.jpeg?resize=350%2C200&ssl=1 1x, https:\/\/i0.wp.com\/wp.ufpel.edu.br\/empauta\/files\/2021\/10\/foto2.jpeg?resize=525%2C300&ssl=1 1.5x, https:\/\/i0.wp.com\/wp.ufpel.edu.br\/empauta\/files\/2021\/10\/foto2.jpeg?resize=700%2C400&ssl=1 2x, https:\/\/i0.wp.com\/wp.ufpel.edu.br\/empauta\/files\/2021\/10\/foto2.jpeg?resize=1050%2C600&ssl=1 3x, https:\/\/i0.wp.com\/wp.ufpel.edu.br\/empauta\/files\/2021\/10\/foto2.jpeg?resize=1400%2C800&ssl=1 4x"},"classes":[]},{"id":17396,"url":"https:\/\/wp.ufpel.edu.br\/empauta\/campanha-eu-menstruo-arrecada-absorventes\/","url_meta":{"origin":20790,"position":5},"title":"Campanha \u201cEu Menstruo\u201d arrecada absorventes","author":"Em Pauta","date":"16\/03\/2023","format":false,"excerpt":"O projeto de extens\u00e3o \u201cMais Juntas\u201d realiza campanha de arrecada\u00e7\u00e3o de absorventes pelo terceiro ano consecutivo e traz aten\u00e7\u00e3o para a pobreza menstrual Por Maria Eduarda Lopes \/ Em Pauta No dia 13 de mar\u00e7o, o programa de extens\u00e3o \u201cMais Juntas\u201d, do curso de Engenharia de Produ\u00e7\u00e3o da Universidade Federal\u2026","rel":"","context":"Em &quot;Geral&quot;","block_context":{"text":"Geral","link":"https:\/\/wp.ufpel.edu.br\/empauta\/category\/todos\/geral\/"},"img":{"alt_text":"","src":"https:\/\/i0.wp.com\/wp.ufpel.edu.br\/empauta\/files\/2023\/03\/Capa-1.jpg?resize=350%2C200&ssl=1","width":350,"height":200,"srcset":"https:\/\/i0.wp.com\/wp.ufpel.edu.br\/empauta\/files\/2023\/03\/Capa-1.jpg?resize=350%2C200&ssl=1 1x, https:\/\/i0.wp.com\/wp.ufpel.edu.br\/empauta\/files\/2023\/03\/Capa-1.jpg?resize=525%2C300&ssl=1 1.5x, https:\/\/i0.wp.com\/wp.ufpel.edu.br\/empauta\/files\/2023\/03\/Capa-1.jpg?resize=700%2C400&ssl=1 2x, https:\/\/i0.wp.com\/wp.ufpel.edu.br\/empauta\/files\/2023\/03\/Capa-1.jpg?resize=1050%2C600&ssl=1 3x"},"classes":[]}],"_links":{"self":[{"href":"https:\/\/wp.ufpel.edu.br\/empauta\/wp-json\/wp\/v2\/posts\/20790","targetHints":{"allow":["GET"]}}],"collection":[{"href":"https:\/\/wp.ufpel.edu.br\/empauta\/wp-json\/wp\/v2\/posts"}],"about":[{"href":"https:\/\/wp.ufpel.edu.br\/empauta\/wp-json\/wp\/v2\/types\/post"}],"author":[{"embeddable":true,"href":"https:\/\/wp.ufpel.edu.br\/empauta\/wp-json\/wp\/v2\/users\/587"}],"replies":[{"embeddable":true,"href":"https:\/\/wp.ufpel.edu.br\/empauta\/wp-json\/wp\/v2\/comments?post=20790"}],"version-history":[{"count":2,"href":"https:\/\/wp.ufpel.edu.br\/empauta\/wp-json\/wp\/v2\/posts\/20790\/revisions"}],"predecessor-version":[{"id":20795,"href":"https:\/\/wp.ufpel.edu.br\/empauta\/wp-json\/wp\/v2\/posts\/20790\/revisions\/20795"}],"wp:featuredmedia":[{"embeddable":true,"href":"https:\/\/wp.ufpel.edu.br\/empauta\/wp-json\/wp\/v2\/media\/20792"}],"wp:attachment":[{"href":"https:\/\/wp.ufpel.edu.br\/empauta\/wp-json\/wp\/v2\/media?parent=20790"}],"wp:term":[{"taxonomy":"category","embeddable":true,"href":"https:\/\/wp.ufpel.edu.br\/empauta\/wp-json\/wp\/v2\/categories?post=20790"},{"taxonomy":"post_tag","embeddable":true,"href":"https:\/\/wp.ufpel.edu.br\/empauta\/wp-json\/wp\/v2\/tags?post=20790"}],"curies":[{"name":"wp","href":"https:\/\/api.w.org\/{rel}","templated":true}]}}