{"id":20741,"date":"2025-03-11T14:52:18","date_gmt":"2025-03-11T17:52:18","guid":{"rendered":"https:\/\/wp.ufpel.edu.br\/empauta\/?p=20741"},"modified":"2025-03-11T14:52:58","modified_gmt":"2025-03-11T17:52:58","slug":"8m-marcha-nas-ruas-de-pelotas-no-dia-internacional-das-mulheres","status":"publish","type":"post","link":"https:\/\/wp.ufpel.edu.br\/empauta\/8m-marcha-nas-ruas-de-pelotas-no-dia-internacional-das-mulheres\/","title":{"rendered":"8M marcha nas ruas de Pelotas no Dia Internacional das Mulheres"},"content":{"rendered":"<p align=\"center\">No dia hist\u00f3rico de 8 de mar\u00e7o, marcado pela luta internacional das mulheres, as frentes feministas de Pelotas se reuniram para marchar pela cidade, reivindicando a defesa de direitos fundamentais e se manifestando contra a explora\u00e7\u00e3o de classe e todos os tipos de opress\u00f5es.<\/p>\n<p style=\"text-align: left;\" align=\"center\"><strong><span style=\"color: #000000;\"><span style=\"font-family: Arial, serif;\"><span style=\"font-size: large;\">Por Maria Eduarda Lopes e Larissa Rodrigues \/ Em Pauta<\/span><\/span><\/span><\/strong><\/p>\n<p align=\"justify\"><span style=\"color: #000000;\"><span style=\"font-family: Arial, serif;\"><span style=\"font-size: medium;\">No dia 8 de mar\u00e7o, Dia Internacional da Mulher, a Pra\u00e7a Coronel Pedro Os\u00f3rio, em Pelotas, foi palco da concentra\u00e7\u00e3o da marcha organizada pela Frente Feminista 8M, em parceria com o Grupo Aut\u00f4nomo de Mulheres de Pelotas (GAMP). Com sa\u00edda \u00e0s 16h30 da tarde, a chamada principal do ato foi \u201cMulheres Contra a Explora\u00e7\u00e3o de Classe e Contra Todas as Opress\u00f5es\u201d. Na concentra\u00e7\u00e3o, tamb\u00e9m foi celebrado o anivers\u00e1rio de 33 anos de exist\u00eancia do GAMP. Estavam presentes no ato diversos coletivos, partidos pol\u00edticos e pessoas aut\u00f4nomas, com destaque \u00e0 participa\u00e7\u00e3o da popula\u00e7\u00e3o trans e LGBTQIAPN+. O trajeto da marcha atravessou a cidade e chegou at\u00e9 o Quadrado, onde foram recebidas pelo coletivo feminista de percuss\u00e3o Batucantada.<\/span><\/span><\/span><\/p>\n<p class=\"jetpack-slideshow-noscript robots-nocontent\">Este slideshow necessita de JavaScript.<\/p><div id=\"gallery-20741-1-slideshow\" class=\"jetpack-slideshow-window jetpack-slideshow jetpack-slideshow-black\" data-trans=\"fade\" data-autostart=\"1\" data-gallery=\"[{&quot;src&quot;:&quot;https:\\\/\\\/wp.ufpel.edu.br\\\/empauta\\\/files\\\/2025\\\/03\\\/Capa-scaled.jpg&quot;,&quot;id&quot;:&quot;20744&quot;,&quot;title&quot;:&quot;Capa&quot;,&quot;alt&quot;:&quot;&quot;,&quot;caption&quot;:&quot;Marcha teve in\\u00edcio na Pra\\u00e7a Coronel Pedro Os\\u00f3rio.&quot;,&quot;itemprop&quot;:&quot;image&quot;},{&quot;src&quot;:&quot;https:\\\/\\\/wp.ufpel.edu.br\\\/empauta\\\/files\\\/2025\\\/03\\\/Foto-1-scaled.jpg&quot;,&quot;id&quot;:&quot;20745&quot;,&quot;title&quot;:&quot;Foto 1&quot;,&quot;alt&quot;:&quot;&quot;,&quot;caption&quot;:&quot;Manifestantes do 8M.&quot;,&quot;itemprop&quot;:&quot;image&quot;},{&quot;src&quot;:&quot;https:\\\/\\\/wp.ufpel.edu.br\\\/empauta\\\/files\\\/2025\\\/03\\\/Foto-4.jpg&quot;,&quot;id&quot;:&quot;20746&quot;,&quot;title&quot;:&quot;Foto 4&quot;,&quot;alt&quot;:&quot;&quot;,&quot;caption&quot;:&quot;Tradi\\u00e7\\u00e3o da costura de bandeiras das diferentes lutas sociais.&quot;,&quot;itemprop&quot;:&quot;image&quot;},{&quot;src&quot;:&quot;https:\\\/\\\/wp.ufpel.edu.br\\\/empauta\\\/files\\\/2025\\\/03\\\/Foto-2.jpg&quot;,&quot;id&quot;:&quot;20747&quot;,&quot;title&quot;:&quot;Foto 2&quot;,&quot;alt&quot;:&quot;&quot;,&quot;caption&quot;:&quot;GAMP realizou roda de conversa na concentra\\u00e7\\u00e3o.&quot;,&quot;itemprop&quot;:&quot;image&quot;},{&quot;src&quot;:&quot;https:\\\/\\\/wp.ufpel.edu.br\\\/empauta\\\/files\\\/2025\\\/03\\\/Foto-6-scaled.jpg&quot;,&quot;id&quot;:&quot;20742&quot;,&quot;title&quot;:&quot;Foto 6&quot;,&quot;alt&quot;:&quot;&quot;,&quot;caption&quot;:&quot;Um dos diversos banners levantados na marcha.&quot;,&quot;itemprop&quot;:&quot;image&quot;},{&quot;src&quot;:&quot;https:\\\/\\\/wp.ufpel.edu.br\\\/empauta\\\/files\\\/2025\\\/03\\\/Foto-5.jpg&quot;,&quot;id&quot;:&quot;20743&quot;,&quot;title&quot;:&quot;Foto 5&quot;,&quot;alt&quot;:&quot;&quot;,&quot;caption&quot;:&quot;Manifestante do 8M.&quot;,&quot;itemprop&quot;:&quot;image&quot;},{&quot;src&quot;:&quot;https:\\\/\\\/wp.ufpel.edu.br\\\/empauta\\\/files\\\/2025\\\/03\\\/Foto-3.jpg&quot;,&quot;id&quot;:&quot;20749&quot;,&quot;title&quot;:&quot;Foto 3&quot;,&quot;alt&quot;:&quot;&quot;,&quot;caption&quot;:&quot;Eva Santos, coordenadora do GAMP, faz discurso.&quot;,&quot;itemprop&quot;:&quot;image&quot;}]\" itemscope itemtype=\"https:\/\/schema.org\/ImageGallery\"><\/div>\n<p align=\"justify\"><span style=\"color: #000000;\"><span style=\"font-family: Arial, serif;\"><span style=\"font-size: medium;\">Mais do que uma data comemorativa, o dia 8 de mar\u00e7o reafirma a nossa necessidade de seguir lutando por todas n\u00f3s. A origem do dia est\u00e1 enraizada na luta hist\u00f3rica das mulheres por direitos fundamentais, melhores condi\u00e7\u00f5es de trabalho, participa\u00e7\u00e3o pol\u00edtica, cargos de poder e entre tantas outras lutas. A data tem registro de mobiliza\u00e7\u00f5es desde o in\u00edcio do s\u00e9culo XX, com destaque para as greves oper\u00e1rias lideradas por trabalhadoras t\u00eaxteis nos Estados Unidos e na Europa, que denunciavam jornadas de trabalho exaustivas, sal\u00e1rios inferiores aos dos homens e ambientes insalubres. Em 1911, ap\u00f3s um inc\u00eandio na f\u00e1brica Triangle Shirtwaist, em Nova York, que matou mais de 140 mulheres devido \u00e0 precariedade do ambiente de trabalho, a indigna\u00e7\u00e3o cresceu e impulsionou ainda mais o movimento feminista.<\/span><\/span><\/span><\/p>\n<p align=\"justify\"><span style=\"color: #000000;\"><span style=\"font-family: Arial, serif;\"><span style=\"font-size: medium;\">Foi a partir dessas lutas que, em 1917, na R\u00fassia, uma greve liderada por mulheres oper\u00e1rias marcou a Revolu\u00e7\u00e3o Russa e consolidou o 8 de mar\u00e7o como um s\u00edmbolo da luta feminina. O reconhecimento oficial da data veio em 1975, quando a Organiza\u00e7\u00e3o das Na\u00e7\u00f5es Unidas (ONU) declarou o Dia Internacional da Mulher.<\/span><\/span><\/span><\/p>\n<p align=\"justify\"><span style=\"color: #000000;\"><span style=\"font-family: Arial, serif;\"><span style=\"font-size: medium;\">Desde ent\u00e3o, as mulheres v\u00eam conquistando direitos fundamentais, como o direito ao voto, \u00e0 educa\u00e7\u00e3o e ao mercado de trabalho. No Brasil, a luta feminista garantiu avan\u00e7os como a Lei Maria da Penha (Lei n\u00b0 11.340), promulgada em 2006 como mecanismo de enfrentamento \u00e0 viol\u00eancia dom\u00e9stica, e a Lei do Feminic\u00eddio (Lei n\u00b0 13.104) que completa 10 anos, qualificando o assassinato de mulheres como feminic\u00eddio e o incluindo no rol de crimes hediondos.<\/span><\/span><\/span><\/p>\n<p align=\"justify\"><span style=\"color: #000000;\"><span style=\"font-family: Arial, serif;\"><span style=\"font-size: medium;\">Entretanto, a caminhada ainda \u00e9 longa e ainda \u00e9 necess\u00e1rio sair para as ruas nesta data. \u201cA gente ainda luta por direitos b\u00e1sicos no dia a dia&#8221;, destaca Niara de Oliveira, jornalista, delegada regional do Sindicato de Jornalistas Profissionais do Rio Grande do Sul em Pelotas e integrante da Frente Feminista 8M desde 2017. \u201cAinda precisamos vir para rua hoje, ainda somos tratadas como mercadorias com prazo de validade vencido. Ent\u00e3o, nesse momento, mais do que nunca, precisamos reafirmar nossa luta\u201d.<\/span><\/span><\/span><\/p>\n<p align=\"justify\"><span style=\"color: #000000;\"><span style=\"font-family: Arial, serif;\"><span style=\"font-size: medium;\">O machismo estrutural continua a limitar as mulheres em diferentes espa\u00e7os, desde o mercado de trabalho, onde a desigualdade salarial \u00e9 alarmante e nossa representatividade ainda \u00e9 reduzida. A viol\u00eancia de g\u00eanero, outro grande obst\u00e1culo, segue sendo uma realidade alarmante. <\/span><\/span><\/span><a href=\"https:\/\/www.onumulheres.org.br\/noticias\/uma-mulher-ou-menina-e-morta-a-cada-10-minutos-por-seu-parceiro-intimo-ou-outro-membro-da-familia\/\"><span style=\"color: #1155cc;\"><span style=\"font-family: Arial, serif;\"><span style=\"font-size: medium;\"><u>Dados<\/u><\/span><\/span><\/span><\/a><span style=\"color: #000000;\"><span style=\"font-family: Arial, serif;\"><span style=\"font-size: medium;\"> da ONU mostram que aproximadamente 85.000 mulheres e meninas foram mortas intencionalmente no ano de 2023. Al\u00e9m disso, a luta por direitos reprodutivos e pelo acesso ao aborto legal continua sendo um dos principais desafios para os movimentos feministas em muitos pa\u00edses.<\/span><\/span><\/span><\/p>\n<p align=\"justify\"><span style=\"color: #000000;\"><span style=\"font-family: Arial, serif;\"><span style=\"font-size: medium;\">Niara tamb\u00e9m ressaltou que o avan\u00e7o dos movimentos ultraconservadores no mundo tem colocado os direitos das mulheres em risco. \u201cComo disse Simone de Beauvoir, basta uma crise para que os direitos das mulheres sejam os primeiros a serem questionados, revogados e atacados. Estamos vivendo esse momento. \u00c9 um momento internacional da ascens\u00e3o do fascismo, em que as mulheres s\u00e3o o alvo principal. Por isso, n\u00e3o se trata apenas de lutar para avan\u00e7ar nos direitos, mas tamb\u00e9m de garantir a manuten\u00e7\u00e3o dos direitos que j\u00e1 temos. A gente est\u00e1 num momento de resist\u00eancia, de afirma\u00e7\u00e3o, de manter o que j\u00e1 conquistamos e, sempre que poss\u00edvel, buscar novas brechas para avan\u00e7ar\u201d.<\/span><\/span><\/span><\/p>\n<p align=\"justify\"><span style=\"color: #000000;\"><span style=\"font-family: Arial, serif;\"><span style=\"font-size: large;\"><b>Atua\u00e7\u00e3o feminista do 8M e do GAMP<\/b><\/span><\/span><\/span><\/p>\n<p align=\"justify\"><span style=\"color: #000000;\"><span style=\"font-family: Arial, serif;\"><span style=\"font-size: medium;\">O 8M \u00e9 uma frente feminista que teve seu in\u00edcio no ano de 2016, sendo assim a mais longeva da cidade de Pelotas. Composta por diversas entidades, coletivos, sindicatos, partidos pol\u00edticos e pessoas aut\u00f4nomas, a frente surgiu, a princ\u00edpio, para a organiza\u00e7\u00e3o do ato 8 de Mar\u00e7o, e depois estabeleceu-se como uma \u201cfrente ampla do movimento feminista de Pelotas organizada durante o ano todo\u201d, conforme o seu manifesto. Com organiza\u00e7\u00e3o democr\u00e1tica e horizontal, ou seja, que se organiza sem coordena\u00e7\u00e3o, a frente tem como \u00fanica inst\u00e2ncia deliberativa as plen\u00e1rias mensais presenciais onde se decidem eixos, estrat\u00e9gias e a\u00e7\u00f5es. <\/span><\/span><\/span><\/p>\n<p align=\"justify\"><span style=\"color: #000000;\"><span style=\"font-family: Arial, serif;\"><span style=\"font-size: medium;\">Defendendo diversas pautas sociais, o 8M se coloca como uma frente feminista de esquerda contra o capitalismo, o racismo, o capacitismo e a LGBTQIA+fobia (o preconceito e a viol\u00eancia contra pessoas LGBTQIAPN+). Al\u00e9m disso, comp\u00f5em a luta no cen\u00e1rio pol\u00edtico local de Pelotas pela garantia e avan\u00e7o de direitos, se posicionando contra qualquer tipo de viol\u00eancia e opress\u00f5es de g\u00eanero e ra\u00e7a, assim como a explora\u00e7\u00e3o de classe.<\/span><\/span><\/span><\/p>\n<p align=\"justify\"><span style=\"color: #000000;\"><span style=\"font-family: Arial, serif;\"><span style=\"font-size: medium;\"> Dentro do 8M, o Grupo Aut\u00f4nomo de Mulheres de Pelotas (GAMP) tamb\u00e9m marcou presen\u00e7a na concentra\u00e7\u00e3o da marcha realizada na Pra\u00e7a Coronel Pedro Os\u00f3rio. Comemorando o anivers\u00e1rio dos 33 anos de exist\u00eancia, a organiza\u00e7\u00e3o que surgiu no dia hist\u00f3rico do 8 de mar\u00e7o, em 1992, possui envolvimento em diversas pol\u00edticas p\u00fablicas para mulheres que foram criadas na cidade, como a Casa de Acolhida Luciety, o Conselho da Mulher e o Centro de Refer\u00eancia da Mulher (Cram).<\/span><\/span><\/span><\/p>\n<p align=\"justify\"><span style=\"color: #000000;\"><span style=\"font-family: Arial, serif;\"><span style=\"font-size: medium;\"> Integrante do GAMP, Maria Helo\u00edsa Martins, mais conhecida pelo apelido de Hel\u00f4, relata as diversas conquistas do grupo: \u201cToda essa rede que existe tem origem na luta e no engajamento do GAMP. J\u00e1 chegamos a ser refer\u00eancia no estado por conta dessa rede, que \u00e9 complexa. \u00c9 uma luta muito grande, n\u00e3o s\u00f3 do GAMP, mas de todos os movimentos de mulheres\u201d.<\/span><\/span><\/span><\/p>\n<p align=\"justify\"><span style=\"color: #000000;\"><span style=\"font-family: Arial, serif;\"><span style=\"font-size: medium;\"> Apesar das frentes feministas terem conquistado muitos direitos em Pelotas, ainda h\u00e1 um longo caminho a ser percorrido para a sua manuten\u00e7\u00e3o e garantia. \u201cO que a gente mais anseia \u00e9 o que a gente mais reivindica. Temos uma Delegacia da Mulher, mas que tem um hor\u00e1rio de funcionamento muito restrito. A viol\u00eancia mais acontece geralmente nos finais de semana, em hor\u00e1rio n\u00e3o comercial. Ent\u00e3o a mulher precisa se submeter a uma delegacia comum, de atendimento geral\u201d, comenta Hel\u00f4 sobre as reivindica\u00e7\u00f5es da organiza\u00e7\u00e3o, como o funcionamento 24 horas da Delegacia da Mulher de Pelotas.<\/span><\/span><\/span><\/p>\n<p align=\"justify\"><span style=\"color: #000000;\"><span style=\"font-family: Arial, serif;\"><span style=\"font-size: medium;\"> Considerando o cen\u00e1rio pol\u00edtico atual, onde presenciamos diariamente ataques diretos a exist\u00eancia das mulheres e o retrocesso de direitos com in\u00fameras revoga\u00e7\u00f5es, a coordenadora do Centro de Refer\u00eancia da Mulher (Cram), Miriam Vegas, comenta: \u201cA gente avan\u00e7a, d\u00e1 uns passos na frente, mas sempre tem um atr\u00e1s. E isso \u00e9 hist\u00f3rico, n\u00e3o \u00e9 uma coisa desse momento. Tem ganhos, sim. N\u00e3o t\u00ednhamos a rede que hoje est\u00e1 constitu\u00edda em Pelotas, e ela foi constru\u00edda atrav\u00e9s do movimento das mulheres. Esse movimento de mulheres em Pelotas \u00e9 muito forte, tanto que o setor p\u00fablico fica pressionado a construir espa\u00e7os como o Cram, que realmente foi o resultado dessa luta\u201d.<\/span><\/span><\/span><\/p>\n<p align=\"justify\"><span style=\"color: #000000;\"><span style=\"font-family: Arial, serif;\"><span style=\"font-size: medium;\">Miriam j\u00e1 atuou como presidente do Conselho Municipal dos Direitos da Mulher de Pelotas (COMDIM) e tamb\u00e9m como coordenadora da Coordenadoria de Pol\u00edticas para Mulheres, onde realizou o plano municipal de pol\u00edticas para as mulheres. \u201cEnt\u00e3o tudo que se ganha \u00e9 muito dif\u00edcil, \u00e9 muito suado. Isso eu posso dizer pela minha trajet\u00f3ria de muitos anos nessa caminhada. \u00c9 alguns passos na frente e um atr\u00e1s, e vamos indo assim, hora ganhando e hora perdendo. Mas tem que haver sempre a esperan\u00e7a, a motiva\u00e7\u00e3o para seguir a luta\u201d.<\/span><\/span><\/span><\/p>\n<p align=\"justify\"><span style=\"color: #000000;\"><span style=\"font-family: Arial, serif;\"><span style=\"font-size: large;\"><b>O cen\u00e1rio para mulheres em Pelotas<\/b><\/span><\/span><\/span><\/p>\n<p align=\"justify\"><span style=\"color: #000000;\"><span style=\"font-family: Arial, serif;\"><span style=\"font-size: medium;\"> Pelotas atualmente conta com uma Rede de Enfrentamento \u00e0 Viol\u00eancia Contra a Mulher, com espa\u00e7os como o Cram e a Delegacia de Atendimento \u00e0 Mulher, conquistadas atrav\u00e9s da luta feminista das frentes organizadas. Entretanto, no primeiro semestre de 2024, a cidade liderava o ranking de viol\u00eancia entre outras da regi\u00e3o, conforme <\/span><\/span><\/span><a href=\"https:\/\/nosotras.ucpel.edu.br\/boletim-tecnico\/\"><span style=\"color: #1155cc;\"><span style=\"font-family: Arial, serif;\"><span style=\"font-size: medium;\"><u>levantamento<\/u><\/span><\/span><\/span><\/a><span style=\"color: #000000;\"><span style=\"font-family: Arial, serif;\"><span style=\"font-size: medium;\"> do Observat\u00f3rio Nosotras. No mesmo per\u00edodo, foram registrados 25 estupros e 326 casos de les\u00e3o corporal, al\u00e9m de 4 feminic\u00eddios tentados. A cidade ainda tem muito a melhorar nas suas pol\u00edticas de enfrentamento e no atendimento e acolhimento dessas mulheres v\u00edtimas de viol\u00eancia.<\/span><\/span><\/span><\/p>\n<p align=\"justify\"><span style=\"color: #000000;\"><span style=\"font-family: Arial, serif;\"><span style=\"font-size: medium;\"> A quantidade de ocupa\u00e7\u00e3o de cargos pol\u00edticos por mulheres em Pelotas tamb\u00e9m deixa a desejar. Na C\u00e2mara de Vereadores, apenas 3 mulheres foram eleitas para compor a C\u00e2mara. Uma delas \u00e9 a vereadora Fernanda Miranda (PSOL), reeleita para um segundo mandato como a candidata mais votada da cidade. Presente na marcha 8M, Fernanda \u00e9 uma importante representa\u00e7\u00e3o na luta contra a viol\u00eancia de g\u00eanero, al\u00e9m de defender pautas da educa\u00e7\u00e3o e da sa\u00fade p\u00fablica. Atualmente \u00e9 uma das principais representantes pol\u00edticas femininas do cen\u00e1rio pelotense, atuando em diversas frentes, com destaque na frente feminista.<\/span><\/span><\/span><\/p>\n<div id=\"attachment_20748\" style=\"width: 2492px\" class=\"wp-caption aligncenter\"><a href=\"https:\/\/wp.ufpel.edu.br\/empauta\/files\/2025\/03\/Fernanda-Miranda.jpg\"><img loading=\"lazy\" decoding=\"async\" aria-describedby=\"caption-attachment-20748\" class=\"wp-image-20748 size-full\" src=\"https:\/\/wp.ufpel.edu.br\/empauta\/files\/2025\/03\/Fernanda-Miranda.jpg\" alt=\"\" width=\"2482\" height=\"1655\" srcset=\"https:\/\/wp.ufpel.edu.br\/empauta\/files\/2025\/03\/Fernanda-Miranda.jpg 2482w, https:\/\/wp.ufpel.edu.br\/empauta\/files\/2025\/03\/Fernanda-Miranda-424x283.jpg 424w, https:\/\/wp.ufpel.edu.br\/empauta\/files\/2025\/03\/Fernanda-Miranda-212x141.jpg 212w, https:\/\/wp.ufpel.edu.br\/empauta\/files\/2025\/03\/Fernanda-Miranda-768x512.jpg 768w, https:\/\/wp.ufpel.edu.br\/empauta\/files\/2025\/03\/Fernanda-Miranda-1536x1024.jpg 1536w, https:\/\/wp.ufpel.edu.br\/empauta\/files\/2025\/03\/Fernanda-Miranda-2048x1366.jpg 2048w\" sizes=\"auto, (max-width: 2482px) 100vw, 2482px\" \/><\/a><p id=\"caption-attachment-20748\" class=\"wp-caption-text\">A vereadora Fernanda Miranda esteve presente no ato 8M. foto: Larissa Rodrigues\/Em Pauta<\/p><\/div>\n<p align=\"justify\"><span style=\"color: #000000;\"><span style=\"font-family: Arial, serif;\"><span style=\"font-size: medium;\">Sobre ocupar um espa\u00e7o t\u00e3o significativo na pol\u00edtica local em um cen\u00e1rio historicamente dominado por homens, a vereadora do PSOL afirma: \u201c\u00c9 uma responsabilidade muito grande, mas \u00e9 um entendimento de que aquele espa\u00e7o \u00e9 uma conquista nossa, n\u00e3o \u00e9 uma conquista individual, \u00e9 algo coletivo. Ent\u00e3o \u00e9 uma conquista coletiva. O nosso mandato teve sempre uma caracter\u00edstica de ampliar as nossas lutas, de conversar com v\u00e1rios setores, de estar levando para aquele espa\u00e7o as nossas reivindica\u00e7\u00f5es. \u00c9 um espa\u00e7o da nossa milit\u00e2ncia, \u00e9 mais uma ferramenta das nossas lutas. Sabemos que l\u00e1 dentro ningu\u00e9m vai fazer a revolu\u00e7\u00e3o, que n\u00e3o vai se mudar essa sociedade dentro de um espa\u00e7o totalmente engessado, totalmente masculino e totalmente frio. Dizem que \u00e9 a casa do povo, mas a gente chega ali e muito pouco o povo se identifica com aquele lugar\u201d.<\/span><\/span><\/span><\/p>\n<p align=\"justify\"><span style=\"color: #000000;\"><span style=\"font-family: Arial, serif;\"><span style=\"font-size: medium;\">Apesar dos desafios, a resili\u00eancia das mulheres segue sendo a for\u00e7a que impulsiona a transforma\u00e7\u00e3o social. Elas resistem, reivindicam, ocupam espa\u00e7os e reescrevem a hist\u00f3ria todos os dias. Est\u00e3o na linha de frente da ci\u00eancia, da pol\u00edtica, da arte, do jornalismo, da educa\u00e7\u00e3o e de tantas outras \u00e1reas, provando que lugar de mulher \u00e9 onde ela quiser. O 8 de mar\u00e7o n\u00e3o \u00e9 apenas um dia para lembrar das batalhas do passado, mas um chamado \u00e0 a\u00e7\u00e3o. A luta feminista n\u00e3o tem um final, pois enquanto houver desigualdade, viol\u00eancia e silenciamento, as mulheres continuar\u00e3o nas ruas, nos espa\u00e7os de decis\u00e3o e na resist\u00eancia di\u00e1ria.<\/span><\/span><\/span><\/p>\n","protected":false},"excerpt":{"rendered":"<p>No dia hist\u00f3rico de 8 de mar\u00e7o, marcado pela luta internacional das mulheres, as frentes feministas de Pelotas se reuniram para marchar pela cidade, reivindicando a defesa de direitos fundamentais e se manifestando contra&#46;&#46;&#46;<\/p>\n","protected":false},"author":587,"featured_media":20744,"comment_status":"closed","ping_status":"closed","sticky":false,"template":"","format":"standard","meta":{"jetpack_post_was_ever_published":false,"_jetpack_newsletter_access":"","_jetpack_dont_email_post_to_subs":false,"_jetpack_newsletter_tier_id":0,"_jetpack_memberships_contains_paywalled_content":false,"_jetpack_memberships_contains_paid_content":false,"footnotes":"","jetpack_publicize_message":"","jetpack_publicize_feature_enabled":true,"jetpack_social_post_already_shared":true,"jetpack_social_options":{"image_generator_settings":{"template":"highway","default_image_id":0,"font":"","enabled":false},"version":2}},"categories":[219,438,205],"tags":[],"class_list":["post-20741","post","type-post","status-publish","format-standard","has-post-thumbnail","hentry","category-educacao","category-em-pauta-noticias","category-qualidadedevida"],"jetpack_publicize_connections":[],"jetpack_featured_media_url":"https:\/\/wp.ufpel.edu.br\/empauta\/files\/2025\/03\/Capa-scaled.jpg","jetpack_sharing_enabled":true,"jetpack_shortlink":"https:\/\/wp.me\/p6Xvzq-5ox","jetpack-related-posts":[{"id":17324,"url":"https:\/\/wp.ufpel.edu.br\/empauta\/8m-vai-as-ruas-no-dia-internacional-da-mulher\/","url_meta":{"origin":20741,"position":0},"title":"8M vai \u00e0s ruas no Dia Internacional da Mulher","author":"Em Pauta","date":"13\/03\/2023","format":false,"excerpt":"A \u00faltima quarta-feira foi um dia de luta e conscientiza\u00e7\u00e3o para as pelotenses. O ato organizado tomou palco no Cal\u00e7ad\u00e3o e reivindicou direitos \u00e0s mulheres e o fim da viol\u00eancia Por Maria Eduarda Lopes \/ Em Pauta\u00a0 Em 8 de mar\u00e7o, data em que se celebra internacionalmente o Dia da\u2026","rel":"","context":"Em &quot;Economia e Pol\u00edtica&quot;","block_context":{"text":"Economia e Pol\u00edtica","link":"https:\/\/wp.ufpel.edu.br\/empauta\/category\/todos\/economiaepolitica\/"},"img":{"alt_text":"","src":"https:\/\/i0.wp.com\/wp.ufpel.edu.br\/empauta\/files\/2023\/03\/capa-scaled.jpg?resize=350%2C200&ssl=1","width":350,"height":200,"srcset":"https:\/\/i0.wp.com\/wp.ufpel.edu.br\/empauta\/files\/2023\/03\/capa-scaled.jpg?resize=350%2C200&ssl=1 1x, https:\/\/i0.wp.com\/wp.ufpel.edu.br\/empauta\/files\/2023\/03\/capa-scaled.jpg?resize=525%2C300&ssl=1 1.5x, https:\/\/i0.wp.com\/wp.ufpel.edu.br\/empauta\/files\/2023\/03\/capa-scaled.jpg?resize=700%2C400&ssl=1 2x, https:\/\/i0.wp.com\/wp.ufpel.edu.br\/empauta\/files\/2023\/03\/capa-scaled.jpg?resize=1050%2C600&ssl=1 3x, https:\/\/i0.wp.com\/wp.ufpel.edu.br\/empauta\/files\/2023\/03\/capa-scaled.jpg?resize=1400%2C800&ssl=1 4x"},"classes":[]},{"id":19280,"url":"https:\/\/wp.ufpel.edu.br\/empauta\/8m-realiza-ato-em-repudio-aos-crimes-violentos-contra-a-mulher\/","url_meta":{"origin":20741,"position":1},"title":"8M realiza ato em rep\u00fadio aos crimes violentos contra a mulher","author":"Em Pauta","date":"18\/01\/2024","format":false,"excerpt":"A frente feminista 8M Pelotas organizou um ato publico no Chafariz do Cal\u00e7ad\u00e3o contra o feminic\u00eddio, lesboc\u00eddio e transfeminic\u00eddio. Por Ricardo Bandar\/Em Pauta.\u00a0 Na sexta-feira (12) a frente feminista 8M Pelotas realizou um ato p\u00fablico no Chafariz do Cal\u00e7ad\u00e3o denunciando crimes de feminic\u00eddio, lesboc\u00eddio e transfeminic\u00eddio que ocorrem no pa\u00eds.\u2026","rel":"","context":"Em &quot;Geral&quot;","block_context":{"text":"Geral","link":"https:\/\/wp.ufpel.edu.br\/empauta\/category\/todos\/geral\/"},"img":{"alt_text":"","src":"https:\/\/i0.wp.com\/wp.ufpel.edu.br\/empauta\/files\/2024\/01\/IMG_20240112_183358240_HDR-scaled.jpg?resize=350%2C200&ssl=1","width":350,"height":200,"srcset":"https:\/\/i0.wp.com\/wp.ufpel.edu.br\/empauta\/files\/2024\/01\/IMG_20240112_183358240_HDR-scaled.jpg?resize=350%2C200&ssl=1 1x, https:\/\/i0.wp.com\/wp.ufpel.edu.br\/empauta\/files\/2024\/01\/IMG_20240112_183358240_HDR-scaled.jpg?resize=525%2C300&ssl=1 1.5x, https:\/\/i0.wp.com\/wp.ufpel.edu.br\/empauta\/files\/2024\/01\/IMG_20240112_183358240_HDR-scaled.jpg?resize=700%2C400&ssl=1 2x, https:\/\/i0.wp.com\/wp.ufpel.edu.br\/empauta\/files\/2024\/01\/IMG_20240112_183358240_HDR-scaled.jpg?resize=1050%2C600&ssl=1 3x, https:\/\/i0.wp.com\/wp.ufpel.edu.br\/empauta\/files\/2024\/01\/IMG_20240112_183358240_HDR-scaled.jpg?resize=1400%2C800&ssl=1 4x"},"classes":[]},{"id":8772,"url":"https:\/\/wp.ufpel.edu.br\/empauta\/ato-contra-michel-temer-reune-500-pessoas-no-centro-de-pelotas\/","url_meta":{"origin":20741,"position":2},"title":"Ato contra Michel Temer re\u00fane 500 pessoas no centro de Pelotas","author":"Em Pauta","date":"28\/09\/2016","format":false,"excerpt":"Por: Estevan Garcia \u201cN\u00e3o tem mulher. S\u00f3 tem patr\u00e3o. Esse governo \u00e9 inimigo do pov\u00e3o!\u201d Essa era uma das palavras de ordem entoadas pelas cerca de 500 vozes (conforme dados da organiza\u00e7\u00e3o) presentes no protesto contra o governo de Michel Temer, ocorrido na \u00faltima quinta-feira, 22, na cidade de Pelotas.\u2026","rel":"","context":"Em &quot;Economia e Pol\u00edtica&quot;","block_context":{"text":"Economia e Pol\u00edtica","link":"https:\/\/wp.ufpel.edu.br\/empauta\/category\/todos\/economiaepolitica\/"},"img":{"alt_text":"Protesto contra presidente Michel Temer re\u00fane 500 em Pelotas. Foto: Estevan Garcia\/Em Pauta","src":"https:\/\/i0.wp.com\/wp.ufpel.edu.br\/empauta\/files\/2016\/09\/Sem-t%C3%ADtulo-47.png?resize=350%2C200&ssl=1","width":350,"height":200,"srcset":"https:\/\/i0.wp.com\/wp.ufpel.edu.br\/empauta\/files\/2016\/09\/Sem-t%C3%ADtulo-47.png?resize=350%2C200&ssl=1 1x, https:\/\/i0.wp.com\/wp.ufpel.edu.br\/empauta\/files\/2016\/09\/Sem-t%C3%ADtulo-47.png?resize=525%2C300&ssl=1 1.5x"},"classes":[]},{"id":9890,"url":"https:\/\/wp.ufpel.edu.br\/empauta\/na-pauta-as-batalhas-que-as-mulheres-negras-travam-contra-o-preconceito-e-a-discriminacao\/","url_meta":{"origin":20741,"position":3},"title":"Na pauta, as batalhas que as mulheres negras travam contra o preconceito e a discrimina\u00e7\u00e3o","author":"Em Pauta","date":"01\/09\/2017","format":false,"excerpt":"Quando o \u201cpr\u00e9-conceito\u201d ainda dita a capacidade e consequentemente, o valor do trabalho feminino. Por Micael Machado* Mesmo no s\u00e9culo 21, as batalhas das mulheres contra o preconceito ainda persistem. Junto a isso, ainda \u00e9 poss\u00edvel evidenciar que a luta e a resist\u00eancia contra a opress\u00e3o de g\u00eanero s\u00e3o maiores\u2026","rel":"","context":"Em &quot;Not\u00edcias&quot;","block_context":{"text":"Not\u00edcias","link":"https:\/\/wp.ufpel.edu.br\/empauta\/category\/noticias\/"},"img":{"alt_text":"","src":"https:\/\/i0.wp.com\/wp.ufpel.edu.br\/empauta\/files\/2017\/09\/Fotos-DEMP-22-de-julho-de-2017.jpg?resize=350%2C200&ssl=1","width":350,"height":200,"srcset":"https:\/\/i0.wp.com\/wp.ufpel.edu.br\/empauta\/files\/2017\/09\/Fotos-DEMP-22-de-julho-de-2017.jpg?resize=350%2C200&ssl=1 1x, https:\/\/i0.wp.com\/wp.ufpel.edu.br\/empauta\/files\/2017\/09\/Fotos-DEMP-22-de-julho-de-2017.jpg?resize=525%2C300&ssl=1 1.5x, https:\/\/i0.wp.com\/wp.ufpel.edu.br\/empauta\/files\/2017\/09\/Fotos-DEMP-22-de-julho-de-2017.jpg?resize=700%2C400&ssl=1 2x"},"classes":[]},{"id":5050,"url":"https:\/\/wp.ufpel.edu.br\/empauta\/vamos-juntas\/","url_meta":{"origin":20741,"position":4},"title":"Vamos juntas?","author":"Em Pauta","date":"20\/10\/2015","format":false,"excerpt":"Movimento ganha adeptas em Pelotas atrav\u00e9s das redes sociais.\u00a0 por Lauren Trindade \u00a0 O movimento \u201cVamos Juntas\u201d foi criado em Porto Alegre pela jornalista Babi Souza, 24 anos. A ideia surgiu a partir desse medo universal que \u00e9 a inseguran\u00e7a na vida das mulheres. Logo acabou instaurando-se em todo o\u2026","rel":"","context":"Em &quot;Geral&quot;","block_context":{"text":"Geral","link":"https:\/\/wp.ufpel.edu.br\/empauta\/category\/todos\/geral\/"},"img":{"alt_text":"","src":"https:\/\/i0.wp.com\/wp.ufpel.edu.br\/empauta\/files\/2015\/10\/vamosj1.jpg?resize=350%2C200&ssl=1","width":350,"height":200,"srcset":"https:\/\/i0.wp.com\/wp.ufpel.edu.br\/empauta\/files\/2015\/10\/vamosj1.jpg?resize=350%2C200&ssl=1 1x, https:\/\/i0.wp.com\/wp.ufpel.edu.br\/empauta\/files\/2015\/10\/vamosj1.jpg?resize=525%2C300&ssl=1 1.5x"},"classes":[]},{"id":9168,"url":"https:\/\/wp.ufpel.edu.br\/empauta\/ni-una-menos\/","url_meta":{"origin":20741,"position":5},"title":"\u2018Ni una menos\u2019","author":"Em Pauta","date":"16\/02\/2017","format":false,"excerpt":"Por: Maiara Marinho A origem do dia internacional da mulher \u00e9 contada atrav\u00e9s de diferentes acontecimentos. Para algumas pessoas, esse dia \u00e9 marcado por um inc\u00eandio numa f\u00e1brica nos EUA. Para outras, foi a revolu\u00e7\u00e3o russa, cuja teve como estopim a luta das mulheres. Independente da precis\u00e3o \u2013 ainda que\u2026","rel":"","context":"Em &quot;Not\u00edcias&quot;","block_context":{"text":"Not\u00edcias","link":"https:\/\/wp.ufpel.edu.br\/empauta\/category\/noticias\/"},"img":{"alt_text":"Foto: Blog da Boitempo","src":"https:\/\/i0.wp.com\/wp.ufpel.edu.br\/empauta\/files\/2017\/02\/Sem-t%C3%ADtulo-3.png?resize=350%2C200&ssl=1","width":350,"height":200,"srcset":"https:\/\/i0.wp.com\/wp.ufpel.edu.br\/empauta\/files\/2017\/02\/Sem-t%C3%ADtulo-3.png?resize=350%2C200&ssl=1 1x, https:\/\/i0.wp.com\/wp.ufpel.edu.br\/empauta\/files\/2017\/02\/Sem-t%C3%ADtulo-3.png?resize=525%2C300&ssl=1 1.5x"},"classes":[]}],"_links":{"self":[{"href":"https:\/\/wp.ufpel.edu.br\/empauta\/wp-json\/wp\/v2\/posts\/20741","targetHints":{"allow":["GET"]}}],"collection":[{"href":"https:\/\/wp.ufpel.edu.br\/empauta\/wp-json\/wp\/v2\/posts"}],"about":[{"href":"https:\/\/wp.ufpel.edu.br\/empauta\/wp-json\/wp\/v2\/types\/post"}],"author":[{"embeddable":true,"href":"https:\/\/wp.ufpel.edu.br\/empauta\/wp-json\/wp\/v2\/users\/587"}],"replies":[{"embeddable":true,"href":"https:\/\/wp.ufpel.edu.br\/empauta\/wp-json\/wp\/v2\/comments?post=20741"}],"version-history":[{"count":3,"href":"https:\/\/wp.ufpel.edu.br\/empauta\/wp-json\/wp\/v2\/posts\/20741\/revisions"}],"predecessor-version":[{"id":20780,"href":"https:\/\/wp.ufpel.edu.br\/empauta\/wp-json\/wp\/v2\/posts\/20741\/revisions\/20780"}],"wp:featuredmedia":[{"embeddable":true,"href":"https:\/\/wp.ufpel.edu.br\/empauta\/wp-json\/wp\/v2\/media\/20744"}],"wp:attachment":[{"href":"https:\/\/wp.ufpel.edu.br\/empauta\/wp-json\/wp\/v2\/media?parent=20741"}],"wp:term":[{"taxonomy":"category","embeddable":true,"href":"https:\/\/wp.ufpel.edu.br\/empauta\/wp-json\/wp\/v2\/categories?post=20741"},{"taxonomy":"post_tag","embeddable":true,"href":"https:\/\/wp.ufpel.edu.br\/empauta\/wp-json\/wp\/v2\/tags?post=20741"}],"curies":[{"name":"wp","href":"https:\/\/api.w.org\/{rel}","templated":true}]}}