{"id":20398,"date":"2024-09-20T18:24:00","date_gmt":"2024-09-20T21:24:00","guid":{"rendered":"https:\/\/wp.ufpel.edu.br\/empauta\/?p=20398"},"modified":"2024-09-20T18:24:00","modified_gmt":"2024-09-20T21:24:00","slug":"municipio-divulga-programacao-da-6a-festa-do-morango","status":"publish","type":"post","link":"https:\/\/wp.ufpel.edu.br\/empauta\/municipio-divulga-programacao-da-6a-festa-do-morango\/","title":{"rendered":"Munic\u00edpio divulga programa\u00e7\u00e3o da 6\u00aa Festa do Morango"},"content":{"rendered":"<h3><span style=\"font-weight: 400;\">Evento est\u00e1 confirmado para os dias 9 e 10 de novembro no Parque Morada do Sol\u00a0<\/span><\/h3>\n<p><em>Por Pedro Oliveira<\/em><\/p>\n<div id=\"attachment_20399\" style=\"width: 1290px\" class=\"wp-caption aligncenter\"><a href=\"https:\/\/wp.ufpel.edu.br\/empauta\/files\/2024\/09\/WhatsApp-Image-2024-09-18-at-17.19.54.jpeg\"><img loading=\"lazy\" decoding=\"async\" aria-describedby=\"caption-attachment-20399\" class=\"wp-image-20399 size-full\" src=\"https:\/\/wp.ufpel.edu.br\/empauta\/files\/2024\/09\/WhatsApp-Image-2024-09-18-at-17.19.54.jpeg\" alt=\"\" width=\"1280\" height=\"852\" srcset=\"https:\/\/wp.ufpel.edu.br\/empauta\/files\/2024\/09\/WhatsApp-Image-2024-09-18-at-17.19.54.jpeg 1280w, https:\/\/wp.ufpel.edu.br\/empauta\/files\/2024\/09\/WhatsApp-Image-2024-09-18-at-17.19.54-424x282.jpeg 424w, https:\/\/wp.ufpel.edu.br\/empauta\/files\/2024\/09\/WhatsApp-Image-2024-09-18-at-17.19.54-212x141.jpeg 212w, https:\/\/wp.ufpel.edu.br\/empauta\/files\/2024\/09\/WhatsApp-Image-2024-09-18-at-17.19.54-768x511.jpeg 768w\" sizes=\"auto, (max-width: 1280px) 100vw, 1280px\" \/><\/a><p id=\"caption-attachment-20399\" class=\"wp-caption-text\">Morangos &#8211; Foto: Michel Corvello<\/p><\/div>\n<p><span style=\"font-weight: 400;\">A 6\u00aa Festa Municipal do Morango est\u00e1 confirmada para os dias 9 e 10 de novembro, no Parque Morada do Sol, com programa\u00e7\u00e3o idealizada para atender todos os p\u00fablicos. A Prefeitura, organizadora do evento, informa que, entre os destaques, a edi\u00e7\u00e3o deste ano ter\u00e1 o maior pavilh\u00e3o de agricultura familiar da zona sul, com 800 metros quadrados, sendo 400 destinados exclusivamente para produtores de morango, oportunizando a comercializa\u00e7\u00e3o direta para os consumidores, tanto da fruta in natura como produtos com receitas que a contenham como ingrediente.\u00a0<\/span><\/p>\n<p><span style=\"font-weight: 400;\">Al\u00e9m do espa\u00e7o reservado a agroind\u00fastrias de Pelotas e regi\u00e3o, mais de cem estandes est\u00e3o em fase de comercializa\u00e7\u00e3o. Haver\u00e1 feir\u00e3o de m\u00e1quinas, implementos agr\u00edcolas e ve\u00edculos e, entre os expositores, est\u00e3o previstos os ramos de imobili\u00e1ria, agropecu\u00e1ria, irriga\u00e7\u00e3o, floricultura, bem como a presen\u00e7a do Sanep e C\u00e2mara de Vereadores com atendimento ao p\u00fablico. Para as crian\u00e7as, estar\u00e3o \u00e0 disposi\u00e7\u00e3o brinquedos infl\u00e1veis.\u00a0<\/span><\/p>\n<p><span style=\"font-weight: 400;\">Os visitantes em geral poder\u00e3o contar com pra\u00e7a de alimenta\u00e7\u00e3o completa. Toda a infraestrutura do Parque de Eventos estar\u00e1 preparada para a inclus\u00e3o. Acessibilidade ser\u00e1 garantida, inclusive, com vagas no estacionamento para pessoas com defici\u00eancia.\u00a0<\/span><\/p>\n<p><span style=\"font-weight: 400;\">Toda a programa\u00e7\u00e3o ser\u00e1 acompanhada pela corte da 6\u00aa Festa Municipal do Morango, com a rainha Adriele Inganci Jandt e a princesa Jennifer Nornberg Stocker.\u00a0<\/span><\/p>\n<p><span style=\"font-weight: 400;\">Os port\u00f5es do Parque Morada do Sol estar\u00e3o abertos \u00e0s 10h nos dois dias. No s\u00e1bado (9), o ingresso ser\u00e1 gratuito das 10 \u00e0s 18h e, no domingo (10), das 10 \u00e0s 14h. O valor do estacionamento, independentemente do n\u00famero de ocupantes do ve\u00edculo, ser\u00e1 R$ 20,00.\u00a0<\/span><\/p>\n<div id=\"attachment_20400\" style=\"width: 650px\" class=\"wp-caption aligncenter\"><a href=\"https:\/\/wp.ufpel.edu.br\/empauta\/files\/2024\/09\/WhatsApp-Image-2024-09-18-at-17.21.04.jpeg\"><img loading=\"lazy\" decoding=\"async\" aria-describedby=\"caption-attachment-20400\" class=\"size-full wp-image-20400\" src=\"https:\/\/wp.ufpel.edu.br\/empauta\/files\/2024\/09\/WhatsApp-Image-2024-09-18-at-17.21.04.jpeg\" alt=\"\" width=\"640\" height=\"480\" srcset=\"https:\/\/wp.ufpel.edu.br\/empauta\/files\/2024\/09\/WhatsApp-Image-2024-09-18-at-17.21.04.jpeg 640w, https:\/\/wp.ufpel.edu.br\/empauta\/files\/2024\/09\/WhatsApp-Image-2024-09-18-at-17.21.04-424x318.jpeg 424w, https:\/\/wp.ufpel.edu.br\/empauta\/files\/2024\/09\/WhatsApp-Image-2024-09-18-at-17.21.04-212x159.jpeg 212w\" sizes=\"auto, (max-width: 640px) 100vw, 640px\" \/><\/a><p id=\"caption-attachment-20400\" class=\"wp-caption-text\">Corte da \u00faltima edi\u00e7\u00e3o da Festa do Morango. Foto: Divulga\u00e7\u00e3o\/SDR<\/p><\/div>\n<h4><span style=\"font-weight: 400;\">Confira a programa\u00e7\u00e3o:<\/span><\/h4>\n<p><strong>S\u00e1bado (9)\u00a0<\/strong><\/p>\n<p>10h \u2014 Abertura dos port\u00f5es<\/p>\n<p>Das 10 \u00e0s 22h \u2014 Abertos os pavilh\u00f5es dos Produtores de Morango e da Agricultura Familiar<\/p>\n<p>Das 11 \u00e0s 14h \u2014 Almo\u00e7o t\u00edpico<\/p>\n<p>Das 14 \u00e0s 18h \u2014 Caf\u00e9 colonial<\/p>\n<p>14h \u2014 Expresso da Vanera<\/p>\n<p>15h \u2014 Mateada e escolha da Corte da Festa Municipal do Morango 2024\/2025<\/p>\n<p>18h \u2014 Abertura Oficial da Festa Municipal do Morango e apresenta\u00e7\u00e3o do cantor Rodrigo Dias<\/p>\n<p>21h \u2014 Juninho e MauMau<\/p>\n<p>23h \u2014 Grupo Quer\u00eancia<\/p>\n<p>01h \u2014 Sandro Coelho<\/p>\n<p>03h \u2014 Henry com Guga e Renan<\/p>\n<p><strong>Domingo (10)\u00a0<\/strong><\/p>\n<p>10h \u2014 Abertura dos port\u00f5es<\/p>\n<p>Das 10 \u00e0s 22h \u2014 Abertos os pavilh\u00f5es dos Produtores de Morango e da Agricultura Familiar<\/p>\n<p>Das 11 \u00e0s 14h \u2014 Almo\u00e7o t\u00edpico<\/p>\n<p>Das 14 \u00e0s 18h \u2014 Caf\u00e9 colonial<\/p>\n<p>14h \u2014 Banda SulBrass<\/p>\n<p>15h \u2014 Mateada<\/p>\n<p>17h30 \u2014 Os Atuais<\/p>\n<p>21h \u2014 Banda Hawai<\/p>\n<p>23h \u2014 VBS<\/p>\n<p>00h \u2014 Encerramento<\/p>\n","protected":false},"excerpt":{"rendered":"<p>Evento est\u00e1 confirmado para os dias 9 e 10 de novembro no Parque Morada do Sol\u00a0 Por Pedro Oliveira A 6\u00aa Festa Municipal do Morango est\u00e1 confirmada para os dias 9 e 10 de&#46;&#46;&#46;<\/p>\n","protected":false},"author":587,"featured_media":20399,"comment_status":"closed","ping_status":"closed","sticky":false,"template":"","format":"standard","meta":{"jetpack_post_was_ever_published":false,"_jetpack_newsletter_access":"","_jetpack_dont_email_post_to_subs":false,"_jetpack_newsletter_tier_id":0,"_jetpack_memberships_contains_paywalled_content":false,"_jetpack_memberships_contains_paid_content":false,"footnotes":"","jetpack_publicize_message":"","jetpack_publicize_feature_enabled":true,"jetpack_social_post_already_shared":true,"jetpack_social_options":{"image_generator_settings":{"template":"highway","default_image_id":0,"font":"","enabled":false},"version":2}},"categories":[204,438,1],"tags":[1422,1423],"class_list":["post-20398","post","type-post","status-publish","format-standard","has-post-thumbnail","hentry","category-culturaeentretenimento","category-em-pauta-noticias","category-noticias","tag-festa-do-morango","tag-morada-do-sol"],"jetpack_publicize_connections":[],"jetpack_featured_media_url":"https:\/\/wp.ufpel.edu.br\/empauta\/files\/2024\/09\/WhatsApp-Image-2024-09-18-at-17.19.54.jpeg","jetpack_sharing_enabled":true,"jetpack_shortlink":"https:\/\/wp.me\/p6Xvzq-5j0","jetpack-related-posts":[{"id":14586,"url":"https:\/\/wp.ufpel.edu.br\/empauta\/feira-municipal-do-morango-comeca-nesta-sexta-feira\/","url_meta":{"origin":20398,"position":0},"title":"Feira Municipal do Morango come\u00e7a nesta sexta-feira","author":"Em Pauta","date":"29\/09\/2021","format":false,"excerpt":"5\u00aa edi\u00e7\u00e3o \u00e9 uma realiza\u00e7\u00e3o da Prefeitura e ter\u00e1 abertura oficial no Largo do Mercado Central Por Victoria Meggiato\/ Em Pauta A 5\u00aa Feira Municipal do Morango come\u00e7a no dia 1\u00ba de outubro e permanece durante todo o m\u00eas, at\u00e9 o dia 30. O evento acontece todos os dias, das\u2026","rel":"","context":"Em &quot;Cultura e Entretenimento&quot;","block_context":{"text":"Cultura e Entretenimento","link":"https:\/\/wp.ufpel.edu.br\/empauta\/category\/todos\/culturaeentretenimento\/"},"img":{"alt_text":"","src":"https:\/\/i0.wp.com\/wp.ufpel.edu.br\/empauta\/files\/2021\/09\/IMG_9165.jpg?resize=350%2C200&ssl=1","width":350,"height":200,"srcset":"https:\/\/i0.wp.com\/wp.ufpel.edu.br\/empauta\/files\/2021\/09\/IMG_9165.jpg?resize=350%2C200&ssl=1 1x, https:\/\/i0.wp.com\/wp.ufpel.edu.br\/empauta\/files\/2021\/09\/IMG_9165.jpg?resize=525%2C300&ssl=1 1.5x, https:\/\/i0.wp.com\/wp.ufpel.edu.br\/empauta\/files\/2021\/09\/IMG_9165.jpg?resize=700%2C400&ssl=1 2x"},"classes":[]},{"id":19,"url":"https:\/\/wp.ufpel.edu.br\/empauta\/plantio-de-morango-traz-novidade-na-safra-de-2013-o-cultivo-fora-do-solo\/","url_meta":{"origin":20398,"position":1},"title":"Plantio de morango traz novidade na safra de 2013: o cultivo fora do solo","author":"Em Pauta","date":"19\/12\/2013","format":false,"excerpt":"Por\u00a0Raphaela Suzin O munic\u00edpio de Turu\u00e7u \u00e9 conhecido como a Capital da Pimenta Vermelha. Mas, aos poucos, vem diversificando sua produ\u00e7\u00e3o. O cultivo de morango cresce a cada ano. Em 2013, foram plantados 446 mil p\u00e9s de morango, o que totaliza onze hectares de produ\u00e7\u00e3o do fruto. A grande novidade\u2026","rel":"","context":"Em &quot;Not\u00edcias&quot;","block_context":{"text":"Not\u00edcias","link":"https:\/\/wp.ufpel.edu.br\/empauta\/category\/noticias\/"},"img":{"alt_text":"morangos","src":"https:\/\/i0.wp.com\/wp.ufpel.edu.br\/empauta\/files\/2013\/12\/morangos-300x225.jpg?resize=350%2C200&ssl=1","width":350,"height":200},"classes":[]},{"id":20001,"url":"https:\/\/wp.ufpel.edu.br\/empauta\/curso-de-gastronomia-da-ufpel-promove-oficinas-no-espaco-gastronomico-da-fenadoce\/","url_meta":{"origin":20398,"position":2},"title":"Curso de Gastronomia da UFPel promove oficinas no espa\u00e7o gastron\u00f4mico da Fenadoce","author":"Em Pauta","date":"22\/07\/2024","format":false,"excerpt":"30\u00aa edi\u00e7\u00e3o da Fenadoce recebe oficinas ministradas pelo curso de Gastronomia da UFPel entre os dias 20 de julho e 4 de agosto Por Carolina Farias Tapia e Sara Lopes da Silva \/ Em Pauta A presen\u00e7a dos cursos da UFPel no maior evento da cidade, a Fenadoce, \u00e9 sempre\u2026","rel":"","context":"Em &quot;Cultura e Entretenimento&quot;","block_context":{"text":"Cultura e Entretenimento","link":"https:\/\/wp.ufpel.edu.br\/empauta\/category\/todos\/culturaeentretenimento\/"},"img":{"alt_text":"","src":"https:\/\/i0.wp.com\/wp.ufpel.edu.br\/empauta\/files\/2024\/07\/IMG_0262-scaled.jpg?resize=350%2C200&ssl=1","width":350,"height":200,"srcset":"https:\/\/i0.wp.com\/wp.ufpel.edu.br\/empauta\/files\/2024\/07\/IMG_0262-scaled.jpg?resize=350%2C200&ssl=1 1x, https:\/\/i0.wp.com\/wp.ufpel.edu.br\/empauta\/files\/2024\/07\/IMG_0262-scaled.jpg?resize=525%2C300&ssl=1 1.5x, https:\/\/i0.wp.com\/wp.ufpel.edu.br\/empauta\/files\/2024\/07\/IMG_0262-scaled.jpg?resize=700%2C400&ssl=1 2x, https:\/\/i0.wp.com\/wp.ufpel.edu.br\/empauta\/files\/2024\/07\/IMG_0262-scaled.jpg?resize=1050%2C600&ssl=1 3x, https:\/\/i0.wp.com\/wp.ufpel.edu.br\/empauta\/files\/2024\/07\/IMG_0262-scaled.jpg?resize=1400%2C800&ssl=1 4x"},"classes":[]},{"id":17407,"url":"https:\/\/wp.ufpel.edu.br\/empauta\/residencia-assistida-morada-das-flores-conta-com-espaco-proprio-para-venda-de-artigos-usados\/","url_meta":{"origin":20398,"position":3},"title":"Doa\u00e7\u00e3o solid\u00e1ria","author":"Em Pauta","date":"20\/03\/2023","format":false,"excerpt":"Resid\u00eancia Assistida Morada das Flores conta com espa\u00e7o pr\u00f3prio para venda de artigos usados. Valor arrecadado \u00e9 utilizado nos gastos di\u00e1rios da institui\u00e7\u00e3o Por Brenda Pacheco \/ Em Pauta A Resid\u00eancia Assistida Morada das Flores (Asylo de Pobres), localizada na cidade de Rio Grande, mant\u00e9m um brech\u00f3 e um brique\u2026","rel":"","context":"Em &quot;Geral&quot;","block_context":{"text":"Geral","link":"https:\/\/wp.ufpel.edu.br\/empauta\/category\/todos\/geral\/"},"img":{"alt_text":"","src":"https:\/\/i0.wp.com\/wp.ufpel.edu.br\/empauta\/files\/2023\/03\/cartaz-brecho-do-asylo.jpg?resize=350%2C200&ssl=1","width":350,"height":200,"srcset":"https:\/\/i0.wp.com\/wp.ufpel.edu.br\/empauta\/files\/2023\/03\/cartaz-brecho-do-asylo.jpg?resize=350%2C200&ssl=1 1x, https:\/\/i0.wp.com\/wp.ufpel.edu.br\/empauta\/files\/2023\/03\/cartaz-brecho-do-asylo.jpg?resize=525%2C300&ssl=1 1.5x, https:\/\/i0.wp.com\/wp.ufpel.edu.br\/empauta\/files\/2023\/03\/cartaz-brecho-do-asylo.jpg?resize=700%2C400&ssl=1 2x, https:\/\/i0.wp.com\/wp.ufpel.edu.br\/empauta\/files\/2023\/03\/cartaz-brecho-do-asylo.jpg?resize=1050%2C600&ssl=1 3x"},"classes":[]},{"id":15266,"url":"https:\/\/wp.ufpel.edu.br\/empauta\/volta-da-fenadoce-alimenta-expectativas-de-comerciantes-de-pelotas\/","url_meta":{"origin":20398,"position":4},"title":"Volta da Fenadoce alimenta expectativas de comerciantes de Pelotas","author":"Em Pauta","date":"01\/05\/2022","format":false,"excerpt":"O evento, que foi adiado por dois anos por conta da pandemia da Covid-19, estar\u00e1 de volta \u00e0 cidade entre os dias 03 e 19 de junho Por Caroline G. Quincozes Desde a descoberta do coronav\u00edrus, muitas festas e compromissos foram adiados para diminui\u00e7\u00e3o da transmiss\u00e3o e controle do estado\u2026","rel":"","context":"Em &quot;Cultura e Entretenimento&quot;","block_context":{"text":"Cultura e Entretenimento","link":"https:\/\/wp.ufpel.edu.br\/empauta\/category\/todos\/culturaeentretenimento\/"},"img":{"alt_text":"","src":"https:\/\/i0.wp.com\/wp.ufpel.edu.br\/empauta\/files\/2022\/05\/Doces-da-Fenadoce.jpeg?resize=350%2C200&ssl=1","width":350,"height":200,"srcset":"https:\/\/i0.wp.com\/wp.ufpel.edu.br\/empauta\/files\/2022\/05\/Doces-da-Fenadoce.jpeg?resize=350%2C200&ssl=1 1x, https:\/\/i0.wp.com\/wp.ufpel.edu.br\/empauta\/files\/2022\/05\/Doces-da-Fenadoce.jpeg?resize=525%2C300&ssl=1 1.5x, https:\/\/i0.wp.com\/wp.ufpel.edu.br\/empauta\/files\/2022\/05\/Doces-da-Fenadoce.jpeg?resize=700%2C400&ssl=1 2x, https:\/\/i0.wp.com\/wp.ufpel.edu.br\/empauta\/files\/2022\/05\/Doces-da-Fenadoce.jpeg?resize=1050%2C600&ssl=1 3x, https:\/\/i0.wp.com\/wp.ufpel.edu.br\/empauta\/files\/2022\/05\/Doces-da-Fenadoce.jpeg?resize=1400%2C800&ssl=1 4x"},"classes":[]},{"id":18003,"url":"https:\/\/wp.ufpel.edu.br\/empauta\/cerrito-tem-nova-corte-da-festa-municipal-do-leite-jersey\/","url_meta":{"origin":20398,"position":5},"title":"Cerrito tem nova corte para a 17\u00aa Festa Municipal do Leite Jersey","author":"Em Pauta","date":"27\/06\/2023","format":false,"excerpt":"Soberanas ir\u00e3o representar o munic\u00edpio em eventos regionais e na divulga\u00e7\u00e3o da festa deste ano Por: Andrei Vilela \/ Ag\u00eancia Em Pauta \u00a0 Na noite do \u00faltimo s\u00e1bado (24), uma nova corte para a Festa Municipal do Leite Jersey foi escolhida e apresentada em Cerrito. A 17a edi\u00e7\u00e3o do evento\u2026","rel":"","context":"Em &quot;Geral&quot;","block_context":{"text":"Geral","link":"https:\/\/wp.ufpel.edu.br\/empauta\/category\/todos\/geral\/"},"img":{"alt_text":"","src":"https:\/\/i0.wp.com\/wp.ufpel.edu.br\/empauta\/files\/2023\/06\/Foto-Legenda-no-arquivo.jpg?resize=350%2C200&ssl=1","width":350,"height":200,"srcset":"https:\/\/i0.wp.com\/wp.ufpel.edu.br\/empauta\/files\/2023\/06\/Foto-Legenda-no-arquivo.jpg?resize=350%2C200&ssl=1 1x, https:\/\/i0.wp.com\/wp.ufpel.edu.br\/empauta\/files\/2023\/06\/Foto-Legenda-no-arquivo.jpg?resize=525%2C300&ssl=1 1.5x, https:\/\/i0.wp.com\/wp.ufpel.edu.br\/empauta\/files\/2023\/06\/Foto-Legenda-no-arquivo.jpg?resize=700%2C400&ssl=1 2x"},"classes":[]}],"_links":{"self":[{"href":"https:\/\/wp.ufpel.edu.br\/empauta\/wp-json\/wp\/v2\/posts\/20398","targetHints":{"allow":["GET"]}}],"collection":[{"href":"https:\/\/wp.ufpel.edu.br\/empauta\/wp-json\/wp\/v2\/posts"}],"about":[{"href":"https:\/\/wp.ufpel.edu.br\/empauta\/wp-json\/wp\/v2\/types\/post"}],"author":[{"embeddable":true,"href":"https:\/\/wp.ufpel.edu.br\/empauta\/wp-json\/wp\/v2\/users\/587"}],"replies":[{"embeddable":true,"href":"https:\/\/wp.ufpel.edu.br\/empauta\/wp-json\/wp\/v2\/comments?post=20398"}],"version-history":[{"count":1,"href":"https:\/\/wp.ufpel.edu.br\/empauta\/wp-json\/wp\/v2\/posts\/20398\/revisions"}],"predecessor-version":[{"id":20401,"href":"https:\/\/wp.ufpel.edu.br\/empauta\/wp-json\/wp\/v2\/posts\/20398\/revisions\/20401"}],"wp:featuredmedia":[{"embeddable":true,"href":"https:\/\/wp.ufpel.edu.br\/empauta\/wp-json\/wp\/v2\/media\/20399"}],"wp:attachment":[{"href":"https:\/\/wp.ufpel.edu.br\/empauta\/wp-json\/wp\/v2\/media?parent=20398"}],"wp:term":[{"taxonomy":"category","embeddable":true,"href":"https:\/\/wp.ufpel.edu.br\/empauta\/wp-json\/wp\/v2\/categories?post=20398"},{"taxonomy":"post_tag","embeddable":true,"href":"https:\/\/wp.ufpel.edu.br\/empauta\/wp-json\/wp\/v2\/tags?post=20398"}],"curies":[{"name":"wp","href":"https:\/\/api.w.org\/{rel}","templated":true}]}}