{"id":20169,"date":"2024-08-20T14:41:20","date_gmt":"2024-08-20T17:41:20","guid":{"rendered":"https:\/\/wp.ufpel.edu.br\/empauta\/?p=20169"},"modified":"2024-08-20T14:49:00","modified_gmt":"2024-08-20T17:49:00","slug":"clc-40-anos-entrevista-com-carla-machado","status":"publish","type":"post","link":"https:\/\/wp.ufpel.edu.br\/empauta\/clc-40-anos-entrevista-com-carla-machado\/","title":{"rendered":"CLC 40 anos: entrevista com Carla Machado"},"content":{"rendered":"<h3>Dedica\u00e7\u00e3o e compromisso: tr\u00eas d\u00e9cadas do trabalho de Carla Machado no Centro de Letras e Comunica\u00e7\u00e3o (CLC). Uma jornada sobre tempo, desafios e o legado na constru\u00e7\u00e3o do presente e futuro da UFPel.<\/h3>\n<p><em>Por Gabrielle Brites \/ Em Pauta<\/em><\/p>\n<div id=\"attachment_20170\" style=\"width: 249px\" class=\"wp-caption alignleft\"><a href=\"https:\/\/wp.ufpel.edu.br\/empauta\/files\/2024\/08\/bc112f8d-b533-4e52-b2ee-9c18b65718ac.jpg\"><img loading=\"lazy\" decoding=\"async\" aria-describedby=\"caption-attachment-20170\" class=\"size-medium wp-image-20170\" src=\"https:\/\/wp.ufpel.edu.br\/empauta\/files\/2024\/08\/bc112f8d-b533-4e52-b2ee-9c18b65718ac-239x318.jpg\" alt=\"\" width=\"239\" height=\"318\" srcset=\"https:\/\/wp.ufpel.edu.br\/empauta\/files\/2024\/08\/bc112f8d-b533-4e52-b2ee-9c18b65718ac-239x318.jpg 239w, https:\/\/wp.ufpel.edu.br\/empauta\/files\/2024\/08\/bc112f8d-b533-4e52-b2ee-9c18b65718ac-119x159.jpg 119w, https:\/\/wp.ufpel.edu.br\/empauta\/files\/2024\/08\/bc112f8d-b533-4e52-b2ee-9c18b65718ac-768x1024.jpg 768w, https:\/\/wp.ufpel.edu.br\/empauta\/files\/2024\/08\/bc112f8d-b533-4e52-b2ee-9c18b65718ac-1152x1536.jpg 1152w, https:\/\/wp.ufpel.edu.br\/empauta\/files\/2024\/08\/bc112f8d-b533-4e52-b2ee-9c18b65718ac.jpg 1200w\" sizes=\"auto, (max-width: 239px) 100vw, 239px\" \/><\/a><p id=\"caption-attachment-20170\" class=\"wp-caption-text\">Carla trabalha no CLC h\u00e1 sete anos. (Foto: Gabrielle Brittes)<\/p><\/div>\n<p><strong>Carla Carret Machado<\/strong> \u00e9 natural de Pelotas, licenciada em Matem\u00e1tica pela Universidade Federal de Pelotas (UFPel), Especialista em Matem\u00e1tica e Linguagem pelo Programa de P\u00f3s-Gradua\u00e7\u00e3o da UFPel e Mestre em Ci\u00eancias &#8211; \u00c1rea Educa\u00e7\u00e3o F\u00edsica, Ci\u00eancias sociais e Humanas. A servidora t\u00e9cnico-admistrativa possui 30 anos de carreira no exerc\u00edcio de fun\u00e7\u00f5es administrativas. Atualmente, Carla comp\u00f5e o Centro de Letras e Comunica\u00e7\u00e3o (CLC), ocupando o cargo de Assistente em Administra\u00e7\u00e3o, em uma trajet\u00f3ria que completa sete anos.<\/p>\n<p>&nbsp;<\/p>\n<p><span style=\"text-decoration: underline;\"><strong>Confira a entrevista completa:<\/strong><\/span><\/p>\n<p><strong>Em que ano iniciou a carreira na UFPel?<\/strong><\/p>\n<p>Trabalho na Comunica\u00e7\u00e3o do CLC h\u00e1 sete anos.<\/p>\n<p><strong>Como foi sua trajet\u00f3ria compondo em conjunto com o CLC?<\/strong><\/p>\n<p>Quando ingressei no CLC achei interessante essa parte das leituras, das poesias, do jornalismo e da comunica\u00e7\u00e3o. Como t\u00e9cnica, eu exer\u00e7o um trabalho administrativo, fico mais envolvida com a burocracia. No entanto, eu observo e acho muito interessante e enriquecedor, esse conhecimento todo que \u00e9 trabalhado aqui. Tanto na parte do Jornalismo, como na parte das Letras, com as diversas l\u00ednguas, ensinadas, faladas. Com a inser\u00e7\u00e3o do Curso de Libras, que \u00e9 mais um Curso novo que o Centro tem. Desde que eu ingressei aqui, foi muito enriquecedor para mim essa experi\u00eancia foi muito enriquecedora.<\/p>\n<p><strong>Em sua trajet\u00f3ria profissional, quais foram os aspectos positivos e negativos de trabalhar em uma universidade p\u00fablica?<\/strong><\/p>\n<p>Tenho muito mais aspectos positivos do que negativos. Eu me sinto uma pessoa extremamente comprometida com o trabalho, pensando no p\u00fablico que a gente atende e oferecendo essa contribui\u00e7\u00e3o para as pessoas, de um modo geral, para toda a comunidade, com os servi\u00e7os de forma\u00e7\u00e3o que a ente oferece, com o trabalho de forma\u00e7\u00e3o que a gente tamb\u00e9m exerce enquanto t\u00e9cnico em conjunto com os professores, formando e tamb\u00e9m oferecendo outros servi\u00e7os para a comunidade.<\/p>\n<p><strong>O que torna a atua\u00e7\u00e3o enriquecedora para voc\u00ea?<\/strong><\/p>\n<p>Eu participo das formaturas aqui no Centro de Letras, em conjunto com a dire\u00e7\u00e3o, e \u00e9 muito lindo formar pessoas e essa riqueza, essa diversidade de alunos em todas as classes sociais, em todas as cores e g\u00eaneros. E o CLC tamb\u00e9m tem isso, o que \u00e9 muito enriquecedor, pois j\u00e1 trabalhei em outras unidades acad\u00eamicas e administrativas em que n\u00e3o conviv\u00edamos com toda essa pluralidade. Eu me sinto extremamente feliz em poder estar aqui.<\/p>\n<p><strong>Em sua opini\u00e3o, qual a import\u00e2ncia do CLC para a comunidade como um todo?<\/strong><\/p>\n<p>Penso que o Centro de Letras e Comunica\u00e7\u00e3o \u00e9 muito importante para a comunidade. Porque as pessoas que saem daqui, elas v\u00e3o levar esse conhecimento para a comunidade. Eu conhe\u00e7o egressos nossos que s\u00e3o professores, jornalistas tamb\u00e9m que est\u00e3o projetados, que exercem o trabalho em diversas \u00e1reas do Jornalismo, professores que lecionam em escolas p\u00fablicas ou particulares.<\/p>\n<p><strong>Quais foram os desafios de trabalhar no ramo da comunica\u00e7\u00e3o?<\/strong><\/p>\n<p>Para mim, o desafio&#8230; Porque embora eu trabalhe na \u00e1rea da administra\u00e7\u00e3o como t\u00e9cnica administrativa, eu sou licenciada em Matem\u00e1tica com p\u00f3s-gradua\u00e7\u00e3o em Matem\u00e1tica. Ent\u00e3o, eu sou das Ci\u00eancias Exatas, das ci\u00eancias &#8220;duras&#8221;&#8230; Ent\u00e3o, o lugar que eu me formei, embora seja tamb\u00e9m na UFPel, \u00e9 de uma outra \u00e1rea, \u00e9 muito mais fechado, as pessoas s\u00e3o mais fechadas e aqui eu vejo que n\u00e3o.<\/p>\n<p><strong>A comunica\u00e7\u00e3o, ent\u00e3o, foi um pequeno desafio no come\u00e7o?<\/strong><\/p>\n<p>Para mim foi um desafio estabelecer essa comunica\u00e7\u00e3o. Porque mesmo sendo uma professora de Matem\u00e1tica, eu n\u00e3o gosto de falar em p\u00fablico e aqui estou at\u00e9 desenvolvendo mais esse lado. Mas, foi um desafio para vencer essa barreira de me comunicar dentro da \u00e1rea da comunica\u00e7\u00e3o.<\/p>\n<p><strong>Em sua opini\u00e3o, quais s\u00e3o as caracter\u00edsticas do grupo que comp\u00f5e o CLC da UFPel, assim como seus discentes?<\/strong><\/p>\n<p>N\u00f3s temos aqui um rico corpo docente, no sentido de pessoas humanas e com forma\u00e7\u00e3o excelente, os t\u00e9cnicos tamb\u00e9m possuem uma forma\u00e7\u00e3o excelente para desenvolver os trabalhos al\u00e9m dos alunos que s\u00e3o qualificados. Ent\u00e3o o corpo docente, discente e t\u00e9cnico \u00e9 excelente.<\/p>\n<p><strong>Atualmente, em sua opini\u00e3o, quais os desafios enfrentados pelo Centro de Letras e Comunica\u00e7\u00e3o?<\/strong><\/p>\n<p>Trabalhando aqui dentro do CLC acredito que o maior desafio do Centro \u00e9 n\u00e3o ter o espa\u00e7o f\u00edsico. Muitas vezes n\u00e3o temos salas para realizar uma reuni\u00e3o. Realizamos a festa dos 40 anos do CLC no p\u00e1tio para conseguir abarcar mais pessoas por que n\u00e3o temos espa\u00e7o f\u00edsico. A nossa instala\u00e7\u00e3o \u00e9 o corredor, que em termos de manuten\u00e7\u00e3o nos exige bastante devido \u00e0 extensa passagem de pessoas, o que \u00e9 normal, por ser um grande corredor.<\/p>\n<p><strong>Quais s\u00e3o suas expectativas para os cursos de comunica\u00e7\u00e3o?<\/strong><\/p>\n<p>Olha, eu gostaria que as gest\u00f5es olhassem para o CLC . Eu, enquanto t\u00e9cnica, gostaria que a gest\u00e3o da Universidade tivesse um olhar especial para n\u00f3s, para termos melhorias em nossos espa\u00e7os, com mais locais.<\/p>\n<div id=\"attachment_20171\" style=\"width: 249px\" class=\"wp-caption alignright\"><a href=\"https:\/\/wp.ufpel.edu.br\/empauta\/files\/2024\/08\/7d47dca1-668f-4e45-a830-bbe9b26c44b0.jpg\"><img loading=\"lazy\" decoding=\"async\" aria-describedby=\"caption-attachment-20171\" class=\"wp-image-20171 size-medium\" src=\"https:\/\/wp.ufpel.edu.br\/empauta\/files\/2024\/08\/7d47dca1-668f-4e45-a830-bbe9b26c44b0-239x318.jpg\" alt=\"\" width=\"239\" height=\"318\" srcset=\"https:\/\/wp.ufpel.edu.br\/empauta\/files\/2024\/08\/7d47dca1-668f-4e45-a830-bbe9b26c44b0-239x318.jpg 239w, https:\/\/wp.ufpel.edu.br\/empauta\/files\/2024\/08\/7d47dca1-668f-4e45-a830-bbe9b26c44b0-119x159.jpg 119w, https:\/\/wp.ufpel.edu.br\/empauta\/files\/2024\/08\/7d47dca1-668f-4e45-a830-bbe9b26c44b0-768x1024.jpg 768w, https:\/\/wp.ufpel.edu.br\/empauta\/files\/2024\/08\/7d47dca1-668f-4e45-a830-bbe9b26c44b0-1152x1536.jpg 1152w, https:\/\/wp.ufpel.edu.br\/empauta\/files\/2024\/08\/7d47dca1-668f-4e45-a830-bbe9b26c44b0.jpg 1200w\" sizes=\"auto, (max-width: 239px) 100vw, 239px\" \/><\/a><p id=\"caption-attachment-20171\" class=\"wp-caption-text\">Carla \u00e9 formada na \u00e1rea de Matem\u00e1tica e trabalha na \u00e1rea administrativa do CLC. (Foto: Gabrielle Brittes)<\/p><\/div>\n<p><strong>Os projetos de extens\u00e3o, s\u00e3o fundamentais para o desenvolvimento e aprendizado dos alunos. Qual seria a import\u00e2ncia deles para a sociedade e como poderia haver melhorias para as pr\u00e1ticas aplicadas?<\/strong><\/p>\n<p>O CLC tem muita extens\u00e3o que chega para a comunidade, com os esfor\u00e7os dos professores, dos t\u00e9cnicos e dos pr\u00f3prios alunos que trabalham nos Projetos de Extens\u00e3o , por exemplo. Mas, uma forma de chegar seria a pr\u00f3pria Universidade a Pr\u00f3-Reitoria de Extens\u00e3o fomentar mais visibilidade e mais abertura para a comunidade.<\/p>\n<p><strong>Em sua opini\u00e3o, o Centro de Letras e Comunica\u00e7\u00e3o exerce tamb\u00e9m a inclus\u00e3o social? Por qu\u00ea?<\/strong><\/p>\n<p>Representa sim. Porque os alunos de todas as classes est\u00e3o aqui dentro, abarcando esse conhecimento todo. Esse papel social do Centro de Letras e Comunica\u00e7\u00e3o, atrav\u00e9s de todas as a\u00e7\u00f5es de ensino, pesquisa e extens\u00e3o. Al\u00e9m do pr\u00f3prio curso de Libras, temos alunos PCDs no qual auxiliamos para essa forma\u00e7\u00e3o em busca do profissionalismo.<\/p>\n<p><strong>Qual sua opini\u00e3o sobre os novos meios de comunica\u00e7\u00e3o?<\/strong><\/p>\n<p>As redes sociais se usadas de forma id\u00f4nea, contribuiu muito pois com a internet a informa\u00e7\u00e3o chega a mais pessoas. Ent\u00e3o essa contribui\u00e7\u00e3o auxiliou para que o Centro conseguisse levar a informa\u00e7\u00e3o atrav\u00e9s desses meios de comunica\u00e7\u00e3o e dessas novas tecnologias.<\/p>\n<p><strong>O que voc\u00ea almeja compondo o quadro do CLC?<\/strong><\/p>\n<p>Eu almejo que o CLC conseguisse, com suas instala\u00e7\u00f5es, abarcar cada vez mais pessoas e que possam cada vez mais fazer parte do CLC tendo uma estrutura melhor para formar e acolher mais pessoas, para que os alunos possam permanecer e n\u00e3o evadir.<\/p>\n","protected":false},"excerpt":{"rendered":"<p>Dedica\u00e7\u00e3o e compromisso: tr\u00eas d\u00e9cadas do trabalho de Carla Machado no Centro de Letras e Comunica\u00e7\u00e3o (CLC). Uma jornada sobre tempo, desafios e o legado na constru\u00e7\u00e3o do presente e futuro da UFPel. Por&#46;&#46;&#46;<\/p>\n","protected":false},"author":587,"featured_media":20170,"comment_status":"closed","ping_status":"closed","sticky":false,"template":"","format":"standard","meta":{"jetpack_post_was_ever_published":false,"_jetpack_newsletter_access":"","_jetpack_dont_email_post_to_subs":false,"_jetpack_newsletter_tier_id":0,"_jetpack_memberships_contains_paywalled_content":false,"_jetpack_memberships_contains_paid_content":false,"footnotes":"","jetpack_publicize_message":"","jetpack_publicize_feature_enabled":true,"jetpack_social_post_already_shared":true,"jetpack_social_options":{"image_generator_settings":{"template":"highway","default_image_id":0,"font":"","enabled":false},"version":2}},"categories":[1395],"tags":[1392,1397,1396,186],"class_list":["post-20169","post","type-post","status-publish","format-standard","has-post-thumbnail","hentry","category-entrevista","tag-clc","tag-clc-40-anos","tag-entrevista","tag-ufpel"],"jetpack_publicize_connections":[],"jetpack_featured_media_url":"https:\/\/wp.ufpel.edu.br\/empauta\/files\/2024\/08\/bc112f8d-b533-4e52-b2ee-9c18b65718ac.jpg","jetpack_sharing_enabled":true,"jetpack_shortlink":"https:\/\/wp.me\/p6Xvzq-5fj","jetpack-related-posts":[{"id":20158,"url":"https:\/\/wp.ufpel.edu.br\/empauta\/clc-40-anos-entrevista-com-gilmar-adolfo-hermes\/","url_meta":{"origin":20169,"position":0},"title":"CLC 40 anos: entrevista com Gilmar Hermes","author":"Em Pauta","date":"19\/08\/2024","format":false,"excerpt":"Entrevista com o professor aconteceu na \u00faltima ter\u00e7a-feira (13), em evento de comemora\u00e7\u00e3o do anivers\u00e1rio de 40 anos do CLC (Centro de Letras e Comunica\u00e7\u00e3o), da UFPel. Por Antonio Berndt \/ Em Pauta O Em Pauta inicia uma s\u00e9rie de entrevistas com servidores do Centro de Letras e Comunica\u00e7\u00e3o (CLC),\u2026","rel":"","context":"Em &quot;Entrevista&quot;","block_context":{"text":"Entrevista","link":"https:\/\/wp.ufpel.edu.br\/empauta\/category\/todos\/entrevista\/"},"img":{"alt_text":"","src":"https:\/\/i0.wp.com\/wp.ufpel.edu.br\/empauta\/files\/2024\/08\/20240813_191348.jpeg?resize=350%2C200&ssl=1","width":350,"height":200,"srcset":"https:\/\/i0.wp.com\/wp.ufpel.edu.br\/empauta\/files\/2024\/08\/20240813_191348.jpeg?resize=350%2C200&ssl=1 1x, https:\/\/i0.wp.com\/wp.ufpel.edu.br\/empauta\/files\/2024\/08\/20240813_191348.jpeg?resize=525%2C300&ssl=1 1.5x, https:\/\/i0.wp.com\/wp.ufpel.edu.br\/empauta\/files\/2024\/08\/20240813_191348.jpeg?resize=700%2C400&ssl=1 2x, https:\/\/i0.wp.com\/wp.ufpel.edu.br\/empauta\/files\/2024\/08\/20240813_191348.jpeg?resize=1050%2C600&ssl=1 3x"},"classes":[]},{"id":20198,"url":"https:\/\/wp.ufpel.edu.br\/empauta\/clc-40-anos-entrevista-com-bruno-anana\/","url_meta":{"origin":20169,"position":1},"title":"CLC 40 anos: Entrevista com Bruno Anana","author":"Em Pauta","date":"22\/08\/2024","format":false,"excerpt":"Tobias Bernardo \/ Em Pauta O curso de Jornalismo da UFPel, um dos 9 cursos o Centro de Letras e Comunica\u00e7\u00e3o (CLC), opera com professores, alunos e t\u00e9cnicos na produ\u00e7\u00e3o dos mais diversos conte\u00fados informativos. Seja no formato televisivo, de r\u00e1dio ou para a Web, o Jornalismo precisa estar em\u2026","rel":"","context":"Em &quot;Educa\u00e7\u00e3o&quot;","block_context":{"text":"Educa\u00e7\u00e3o","link":"https:\/\/wp.ufpel.edu.br\/empauta\/category\/todos\/educacao\/"},"img":{"alt_text":"","src":"https:\/\/i0.wp.com\/wp.ufpel.edu.br\/empauta\/files\/2024\/08\/WhatsApp-Image-2024-08-20-at-23.49.47.jpeg?resize=350%2C200&ssl=1","width":350,"height":200,"srcset":"https:\/\/i0.wp.com\/wp.ufpel.edu.br\/empauta\/files\/2024\/08\/WhatsApp-Image-2024-08-20-at-23.49.47.jpeg?resize=350%2C200&ssl=1 1x, https:\/\/i0.wp.com\/wp.ufpel.edu.br\/empauta\/files\/2024\/08\/WhatsApp-Image-2024-08-20-at-23.49.47.jpeg?resize=525%2C300&ssl=1 1.5x, https:\/\/i0.wp.com\/wp.ufpel.edu.br\/empauta\/files\/2024\/08\/WhatsApp-Image-2024-08-20-at-23.49.47.jpeg?resize=700%2C400&ssl=1 2x, https:\/\/i0.wp.com\/wp.ufpel.edu.br\/empauta\/files\/2024\/08\/WhatsApp-Image-2024-08-20-at-23.49.47.jpeg?resize=1050%2C600&ssl=1 3x, https:\/\/i0.wp.com\/wp.ufpel.edu.br\/empauta\/files\/2024\/08\/WhatsApp-Image-2024-08-20-at-23.49.47.jpeg?resize=1400%2C800&ssl=1 4x"},"classes":[]},{"id":20163,"url":"https:\/\/wp.ufpel.edu.br\/empauta\/clc-40-anos-entrevista-com-michele-negrini\/","url_meta":{"origin":20169,"position":2},"title":"CLC 40 anos: entrevista com Michele Negrini","author":"Em Pauta","date":"19\/08\/2024","format":false,"excerpt":"A professora faz parte do quadro de 106 servidores p\u00fablicos do Centro de Letras e Comunica\u00e7\u00e3o (CLC) da Universidade Federal de Pelotas (UFPel). Por Daniel Costa \/ Em Pauta O Centro de Letras e Comunica\u00e7\u00e3o (CLC), da Universidade Federal de Pelotas (UFPel), \u00e9 a \u201csegunda casa\u201d de centenas de estudantes,\u2026","rel":"","context":"Em &quot;Educa\u00e7\u00e3o&quot;","block_context":{"text":"Educa\u00e7\u00e3o","link":"https:\/\/wp.ufpel.edu.br\/empauta\/category\/todos\/educacao\/"},"img":{"alt_text":"","src":"https:\/\/i0.wp.com\/wp.ufpel.edu.br\/empauta\/files\/2024\/08\/WhatsApp-Image-2024-08-22-at-11.32.42.jpeg?resize=350%2C200&ssl=1","width":350,"height":200,"srcset":"https:\/\/i0.wp.com\/wp.ufpel.edu.br\/empauta\/files\/2024\/08\/WhatsApp-Image-2024-08-22-at-11.32.42.jpeg?resize=350%2C200&ssl=1 1x, https:\/\/i0.wp.com\/wp.ufpel.edu.br\/empauta\/files\/2024\/08\/WhatsApp-Image-2024-08-22-at-11.32.42.jpeg?resize=525%2C300&ssl=1 1.5x, https:\/\/i0.wp.com\/wp.ufpel.edu.br\/empauta\/files\/2024\/08\/WhatsApp-Image-2024-08-22-at-11.32.42.jpeg?resize=700%2C400&ssl=1 2x"},"classes":[]},{"id":20177,"url":"https:\/\/wp.ufpel.edu.br\/empauta\/clc-40-anos-entrevista-com-daniel-coelho-da-silva\/","url_meta":{"origin":20169,"position":3},"title":"CLC 40 anos: entrevista com Daniel Coelho da Silva","author":"Em Pauta","date":"21\/08\/2024","format":false,"excerpt":"O secret\u00e1rio do CLC, Daniel Coelho da Silva, ocupa essa fun\u00e7\u00e3o h\u00e1 11 anos e gosta de auxiliar os alunos com suas d\u00favidas. Por Carolina Soares \/ Em Pauta No dia 13 de agosto, o Centro de Letras e Comunica\u00e7\u00e3o da Universidade Federal de Pelotas celebrou os 40 anos dos\u2026","rel":"","context":"Em &quot;Entrevista&quot;","block_context":{"text":"Entrevista","link":"https:\/\/wp.ufpel.edu.br\/empauta\/category\/todos\/entrevista\/"},"img":{"alt_text":"","src":"https:\/\/i0.wp.com\/wp.ufpel.edu.br\/empauta\/files\/2024\/08\/daniel-scaled.jpeg?resize=350%2C200&ssl=1","width":350,"height":200,"srcset":"https:\/\/i0.wp.com\/wp.ufpel.edu.br\/empauta\/files\/2024\/08\/daniel-scaled.jpeg?resize=350%2C200&ssl=1 1x, https:\/\/i0.wp.com\/wp.ufpel.edu.br\/empauta\/files\/2024\/08\/daniel-scaled.jpeg?resize=525%2C300&ssl=1 1.5x, https:\/\/i0.wp.com\/wp.ufpel.edu.br\/empauta\/files\/2024\/08\/daniel-scaled.jpeg?resize=700%2C400&ssl=1 2x, https:\/\/i0.wp.com\/wp.ufpel.edu.br\/empauta\/files\/2024\/08\/daniel-scaled.jpeg?resize=1050%2C600&ssl=1 3x, https:\/\/i0.wp.com\/wp.ufpel.edu.br\/empauta\/files\/2024\/08\/daniel-scaled.jpeg?resize=1400%2C800&ssl=1 4x"},"classes":[]},{"id":9446,"url":"https:\/\/wp.ufpel.edu.br\/empauta\/clc-inaugura-galeria-de-ex-diretores-e-ex-servidores\/","url_meta":{"origin":20169,"position":4},"title":"CLC inaugura Galeria de ex-diretores e ex-servidores","author":"Em Pauta","date":"30\/05\/2017","format":false,"excerpt":"Por Thaison Villar Os corredores do Centro de Letras e Comunica\u00e7\u00e3o da UFPel foram agraciados com a Galeria, como forma de reconhecimento e lembran\u00e7a ao trabalho de muitos servidores da unidade. Na manh\u00e3 de sexta feira (26), aconteceu no Centro de Letras e Comunica\u00e7\u00e3o da Universidade Federal de Pelotas, a\u2026","rel":"","context":"Em &quot;Educa\u00e7\u00e3o&quot;","block_context":{"text":"Educa\u00e7\u00e3o","link":"https:\/\/wp.ufpel.edu.br\/empauta\/category\/todos\/educacao\/"},"img":{"alt_text":"","src":"https:\/\/i0.wp.com\/wp.ufpel.edu.br\/empauta\/files\/2017\/05\/sssssssssssssss.jpg?resize=350%2C200&ssl=1","width":350,"height":200,"srcset":"https:\/\/i0.wp.com\/wp.ufpel.edu.br\/empauta\/files\/2017\/05\/sssssssssssssss.jpg?resize=350%2C200&ssl=1 1x, https:\/\/i0.wp.com\/wp.ufpel.edu.br\/empauta\/files\/2017\/05\/sssssssssssssss.jpg?resize=525%2C300&ssl=1 1.5x, https:\/\/i0.wp.com\/wp.ufpel.edu.br\/empauta\/files\/2017\/05\/sssssssssssssss.jpg?resize=700%2C400&ssl=1 2x"},"classes":[]},{"id":12715,"url":"https:\/\/wp.ufpel.edu.br\/empauta\/aula-inaugural-acontece-no-campus-do-direito-da-ufpel\/","url_meta":{"origin":20169,"position":5},"title":"Aula inaugural acontece no campus do direito da UFPel","author":"Em Pauta","date":"15\/05\/2019","format":false,"excerpt":"Na segunda-feira (13), \u00e0s 19 horas, aconteceu a aula inaugural do Centro de Letras e Comunica\u00e7\u00e3o (CLC) da Universidade Federal de Pelotas (UFPel). O artista pelotense Vitor Ramil conduziu diferentes assuntos no audit\u00f3rio do curso de Direito da UFPel.","rel":"","context":"Em &quot;Geral&quot;","block_context":{"text":"Geral","link":"https:\/\/wp.ufpel.edu.br\/empauta\/category\/todos\/geral\/"},"img":{"alt_text":"","src":"https:\/\/i0.wp.com\/wp.ufpel.edu.br\/empauta\/files\/2019\/05\/WhatsApp-Image-2019-05-14-at-17.15.13.jpeg?resize=350%2C200&ssl=1","width":350,"height":200,"srcset":"https:\/\/i0.wp.com\/wp.ufpel.edu.br\/empauta\/files\/2019\/05\/WhatsApp-Image-2019-05-14-at-17.15.13.jpeg?resize=350%2C200&ssl=1 1x, https:\/\/i0.wp.com\/wp.ufpel.edu.br\/empauta\/files\/2019\/05\/WhatsApp-Image-2019-05-14-at-17.15.13.jpeg?resize=525%2C300&ssl=1 1.5x, https:\/\/i0.wp.com\/wp.ufpel.edu.br\/empauta\/files\/2019\/05\/WhatsApp-Image-2019-05-14-at-17.15.13.jpeg?resize=700%2C400&ssl=1 2x, https:\/\/i0.wp.com\/wp.ufpel.edu.br\/empauta\/files\/2019\/05\/WhatsApp-Image-2019-05-14-at-17.15.13.jpeg?resize=1050%2C600&ssl=1 3x"},"classes":[]}],"_links":{"self":[{"href":"https:\/\/wp.ufpel.edu.br\/empauta\/wp-json\/wp\/v2\/posts\/20169","targetHints":{"allow":["GET"]}}],"collection":[{"href":"https:\/\/wp.ufpel.edu.br\/empauta\/wp-json\/wp\/v2\/posts"}],"about":[{"href":"https:\/\/wp.ufpel.edu.br\/empauta\/wp-json\/wp\/v2\/types\/post"}],"author":[{"embeddable":true,"href":"https:\/\/wp.ufpel.edu.br\/empauta\/wp-json\/wp\/v2\/users\/587"}],"replies":[{"embeddable":true,"href":"https:\/\/wp.ufpel.edu.br\/empauta\/wp-json\/wp\/v2\/comments?post=20169"}],"version-history":[{"count":5,"href":"https:\/\/wp.ufpel.edu.br\/empauta\/wp-json\/wp\/v2\/posts\/20169\/revisions"}],"predecessor-version":[{"id":20176,"href":"https:\/\/wp.ufpel.edu.br\/empauta\/wp-json\/wp\/v2\/posts\/20169\/revisions\/20176"}],"wp:featuredmedia":[{"embeddable":true,"href":"https:\/\/wp.ufpel.edu.br\/empauta\/wp-json\/wp\/v2\/media\/20170"}],"wp:attachment":[{"href":"https:\/\/wp.ufpel.edu.br\/empauta\/wp-json\/wp\/v2\/media?parent=20169"}],"wp:term":[{"taxonomy":"category","embeddable":true,"href":"https:\/\/wp.ufpel.edu.br\/empauta\/wp-json\/wp\/v2\/categories?post=20169"},{"taxonomy":"post_tag","embeddable":true,"href":"https:\/\/wp.ufpel.edu.br\/empauta\/wp-json\/wp\/v2\/tags?post=20169"}],"curies":[{"name":"wp","href":"https:\/\/api.w.org\/{rel}","templated":true}]}}