{"id":20147,"date":"2024-08-14T14:53:09","date_gmt":"2024-08-14T17:53:09","guid":{"rendered":"https:\/\/wp.ufpel.edu.br\/empauta\/?p=20147"},"modified":"2024-08-14T14:54:48","modified_gmt":"2024-08-14T17:54:48","slug":"os-resultados-do-brasil-em-paris-2024","status":"publish","type":"post","link":"https:\/\/wp.ufpel.edu.br\/empauta\/os-resultados-do-brasil-em-paris-2024\/","title":{"rendered":"Os resultados do Brasil em Paris 2024"},"content":{"rendered":"<h3>Com o segundo melhor desempenho da hist\u00f3ria, o Comit\u00ea Ol\u00edmpico Brasileiro sai de Paris com mulheres levando a maioria das medalhas do quadro geral.<\/h3>\n<p><em>Por Tobias Bernardo \/ Em Pauta<\/em><\/p>\n<p>No domingo (11) os jogos Ol\u00edmpicos de Paris 2024 chegaram ao fim e o time Brasil levou para casa uma medalha a menos que na \u00faltima disputa. S\u00e3o, ao todo, 20 medalhas conquistadas pela equipe brasileira no territ\u00f3rio franc\u00eas. O nome \u201cOlimp\u00edada das mulheres\u201d j\u00e1 circula nas redes sociais e d\u00e1 destaque para as medalhas de ouro do comit\u00ea brasileiro, todas conquistadas por mulheres.<\/p>\n<div id=\"attachment_20148\" style=\"width: 860px\" class=\"wp-caption aligncenter\"><a href=\"https:\/\/wp.ufpel.edu.br\/empauta\/files\/2024\/08\/mulheres-olimpiadas.png\"><img loading=\"lazy\" decoding=\"async\" aria-describedby=\"caption-attachment-20148\" class=\"size-full wp-image-20148\" src=\"https:\/\/wp.ufpel.edu.br\/empauta\/files\/2024\/08\/mulheres-olimpiadas.png\" alt=\"\" width=\"850\" height=\"408\" srcset=\"https:\/\/wp.ufpel.edu.br\/empauta\/files\/2024\/08\/mulheres-olimpiadas.png 850w, https:\/\/wp.ufpel.edu.br\/empauta\/files\/2024\/08\/mulheres-olimpiadas-424x204.png 424w, https:\/\/wp.ufpel.edu.br\/empauta\/files\/2024\/08\/mulheres-olimpiadas-212x102.png 212w, https:\/\/wp.ufpel.edu.br\/empauta\/files\/2024\/08\/mulheres-olimpiadas-768x369.png 768w\" sizes=\"auto, (max-width: 850px) 100vw, 850px\" \/><\/a><p id=\"caption-attachment-20148\" class=\"wp-caption-text\">Campe\u00e3s ol\u00edmpicas em destaque, o ouro \u00e9 das mulheres! (Fotos: Alexandre Loureiro e Luiza Moraes\/COB)<\/p><\/div>\n<p>Apesar da somat\u00f3ria das medalhas quase se equiparar \u00e0s 21 dos jogos de 2020 em T\u00f3quio, o Brasil teve pior desempenho no quadro de medalhas. Isso se deve ao n\u00famero reduzido de ouros nesta edi\u00e7\u00e3o, foram 3 medalhas de ouro em 2024 contra os 7 nos jogos de 2020. Contudo, esse resultado se torna o segundo melhor da hist\u00f3ria do Comit\u00ea Ol\u00edmpico do Brasil, superando o de 2016.<\/p>\n<p>Pela primeira vez na hist\u00f3ria, a delega\u00e7\u00e3o brasileira foi composta por maioria feminina e foram elas que trouxeram a maioria das medalhas para casa, e claro, das 20, as tr\u00eas \u00fanicas douradas. Rebeca Andrade, Beatriz Souza e a dupla do v\u00f4lei de praia Ana Patr\u00edcia e Duda foram as atletas respons\u00e1veis por levantar a bandeira brasileira no topo do p\u00f3dio. Al\u00e9m dessas medalhas, o comit\u00ea conquistou 7 de prata e 10 de bronze.<\/p>\n<div id=\"attachment_20085\" style=\"width: 784px\" class=\"wp-caption aligncenter\"><a href=\"https:\/\/wp.ufpel.edu.br\/empauta\/files\/2024\/08\/405236915-artistic-gymnastics-olympic-games-paris-2024-day-10-2-1-610x400-1.png\"><img loading=\"lazy\" decoding=\"async\" aria-describedby=\"caption-attachment-20085\" class=\"size-full wp-image-20085\" src=\"https:\/\/wp.ufpel.edu.br\/empauta\/files\/2024\/08\/405236915-artistic-gymnastics-olympic-games-paris-2024-day-10-2-1-610x400-1.png\" alt=\"\" width=\"774\" height=\"508\" srcset=\"https:\/\/wp.ufpel.edu.br\/empauta\/files\/2024\/08\/405236915-artistic-gymnastics-olympic-games-paris-2024-day-10-2-1-610x400-1.png 774w, https:\/\/wp.ufpel.edu.br\/empauta\/files\/2024\/08\/405236915-artistic-gymnastics-olympic-games-paris-2024-day-10-2-1-610x400-1-424x278.png 424w, https:\/\/wp.ufpel.edu.br\/empauta\/files\/2024\/08\/405236915-artistic-gymnastics-olympic-games-paris-2024-day-10-2-1-610x400-1-212x139.png 212w, https:\/\/wp.ufpel.edu.br\/empauta\/files\/2024\/08\/405236915-artistic-gymnastics-olympic-games-paris-2024-day-10-2-1-610x400-1-768x504.png 768w\" sizes=\"auto, (max-width: 774px) 100vw, 774px\" \/><\/a><p id=\"caption-attachment-20085\" class=\"wp-caption-text\">Atletas estadunidenses reverenciam a maior campe\u00e3 ol\u00edmpica do Brasil, Rebeca Andrade. (Foto: Elsa\/Getty Images)<\/p><\/div>\n<p>Confira as medalhas do Brasil:<\/p>\n<h4><strong>Ouro<\/strong><\/h4>\n<ul>\n<li>Gin\u00e1stica art\u00edstica feminina, solo individual &#8211; <strong>Rebeca Andrade<\/strong><\/li>\n<li>Jud\u00f4 feminino, at\u00e9 78 kg &#8211; <strong>Beatriz Souza<\/strong><\/li>\n<li>V\u00f4lei de praia feminino &#8211; Dupla: <strong>Ana Patr\u00edcia e Duda<\/strong><\/li>\n<\/ul>\n<h4><strong>Prata<\/strong><\/h4>\n<ul>\n<li style=\"font-weight: 400;\" aria-level=\"1\"><strong><a href=\"https:\/\/wp.ufpel.edu.br\/empauta\/brasil-fica-com-a-medalha-de-prata-no-futebol-feminino\/\">Futebol feminino<\/a><\/strong><\/li>\n<li style=\"font-weight: 400;\" aria-level=\"1\"><span style=\"font-weight: 400;\">Marcha atl\u00e9tica masculina &#8211; <strong>Caio Bonfim<\/strong>;<\/span><\/li>\n<li style=\"font-weight: 400;\" aria-level=\"1\"><span style=\"font-weight: 400;\">Canoagem C1, 1000m &#8211; <strong>Isaias Queiroz<\/strong>;<\/span><\/li>\n<li style=\"font-weight: 400;\" aria-level=\"1\"><span style=\"font-weight: 400;\">Surfe feminino &#8211; <strong>Tatiana Weston-Webb<\/strong><\/span><\/li>\n<li style=\"font-weight: 400;\" aria-level=\"1\"><span style=\"font-weight: 400;\">Gin\u00e1stica art\u00edstica feminina, geral individual &#8211; <strong>Rebeca Andrade<\/strong><\/span><\/li>\n<li style=\"font-weight: 400;\" aria-level=\"1\"><span style=\"font-weight: 400;\">Gin\u00e1stica art\u00edstica feminina, salto &#8211; <strong>Rebeca Andrade<\/strong><\/span><\/li>\n<li style=\"font-weight: 400;\" aria-level=\"1\"><span style=\"font-weight: 400;\">Jud\u00f4 masculino, at\u00e9 66 kg &#8211; <strong>William Lima<\/strong><\/span><\/li>\n<\/ul>\n<h4><strong>Bronze<\/strong><\/h4>\n<ul>\n<li style=\"font-weight: 400;\" aria-level=\"1\"><span style=\"font-weight: 400;\">Skate street feminino &#8211; <strong>Rayssa Leal<\/strong><\/span><\/li>\n<li style=\"font-weight: 400;\" aria-level=\"1\"><strong>V\u00f4lei feminino<\/strong><\/li>\n<li style=\"font-weight: 400;\" aria-level=\"1\"><strong><a href=\"https:\/\/wp.ufpel.edu.br\/empauta\/brasil-ganha-medalha-historica-na-ginastica-artistica\/\">Gin\u00e1stica art\u00edstica feminina, geral por equipes<\/a><\/strong><\/li>\n<li style=\"font-weight: 400;\" aria-level=\"1\"><strong>Jud\u00f4 por equipes<\/strong><\/li>\n<li style=\"font-weight: 400;\" aria-level=\"1\"><span style=\"font-weight: 400;\">Skate park masculino &#8211; <strong>Augusto Akio<\/strong><\/span><\/li>\n<li style=\"font-weight: 400;\" aria-level=\"1\"><span style=\"font-weight: 400;\">Surfe masculino &#8211; <strong>Gabriel Medina<\/strong><\/span><\/li>\n<li style=\"font-weight: 400;\" aria-level=\"1\"><span style=\"font-weight: 400;\">Boxe feminino &#8211; <strong>Bia Ferreira<\/strong><\/span><\/li>\n<li style=\"font-weight: 400;\" aria-level=\"1\"><span style=\"font-weight: 400;\">400m com barreiras masculino &#8211; <strong>Alisson dos Santos<\/strong><\/span><\/li>\n<li style=\"font-weight: 400;\" aria-level=\"1\"><span style=\"font-weight: 400;\">Taekwondo masculino, at\u00e9 68 kg &#8211; <strong>Edival Pontes<\/strong><\/span><\/li>\n<li style=\"font-weight: 400;\" aria-level=\"1\"><span style=\"font-weight: 400;\">Jud\u00f4 feminino, at\u00e9 52 kg &#8211; <strong>Larissa Pimenta<\/strong><\/span><\/li>\n<\/ul>\n<p>E com o fim da 33\u00aa edi\u00e7\u00e3o das Olimp\u00edadas da Era Moderna, diversos nomes brasileiros entram para a hist\u00f3ria dos jogos. A exemplo de Rebeca Andrade, que se consagra como a maior medalhista ol\u00edmpica brasileira.<\/p>\n<h4><strong>Encerramento<\/strong><\/h4>\n<p>A cerim\u00f4nia de encerramento contou com a participa\u00e7\u00e3o de Tom Cruise e os shows de Snoop Dogg, Billie Eilish, Red Hot Chili Peppers e Dr. Dre, que representou a passada de tocha para Los Angeles, local sede dos pr\u00f3ximos jogos de ver\u00e3o.<\/p>\n<h4><strong>A disputa continua<\/strong><\/h4>\n<p>Os Jogos Paral\u00edmpicos de Paris 2024 come\u00e7am dia 8 de setembro. A delega\u00e7\u00e3o brasileira conta com 279 atletas, a maior a disputar no exterior, sendo 254 competidores com defici\u00eancia, 19 atletas-guia, 3 calheiros da bocha, 2 goleiros do futebol de cegos e um timoneiro no remo. O time Brasil participa de 20 das 22 modalidades disputadas.<\/p>\n","protected":false},"excerpt":{"rendered":"<p>Com o segundo melhor desempenho da hist\u00f3ria, o Comit\u00ea Ol\u00edmpico Brasileiro sai de Paris com mulheres levando a maioria das medalhas do quadro geral. Por Tobias Bernardo \/ Em Pauta No domingo (11) os&#46;&#46;&#46;<\/p>\n","protected":false},"author":587,"featured_media":20148,"comment_status":"closed","ping_status":"closed","sticky":false,"template":"","format":"standard","meta":{"jetpack_post_was_ever_published":false,"_jetpack_newsletter_access":"","_jetpack_dont_email_post_to_subs":false,"_jetpack_newsletter_tier_id":0,"_jetpack_memberships_contains_paywalled_content":false,"_jetpack_memberships_contains_paid_content":false,"footnotes":"","jetpack_publicize_message":"","jetpack_publicize_feature_enabled":true,"jetpack_social_post_already_shared":true,"jetpack_social_options":{"image_generator_settings":{"template":"highway","default_image_id":0,"font":"","enabled":false},"version":2}},"categories":[8,1],"tags":[1391,1375,475,1371,1135,1373,1372,1366],"class_list":["post-20147","post","type-post","status-publish","format-standard","has-post-thumbnail","hentry","category-esportes","category-noticias","tag-ana-patricia-e-duda","tag-beatriz-souza","tag-brasil","tag-jogos-olimpicos","tag-olimpiadas","tag-olimpiadas-2024","tag-paris-2024","tag-rebeca-andrade"],"jetpack_publicize_connections":[],"jetpack_featured_media_url":"https:\/\/wp.ufpel.edu.br\/empauta\/files\/2024\/08\/mulheres-olimpiadas.png","jetpack_sharing_enabled":true,"jetpack_shortlink":"https:\/\/wp.me\/p6Xvzq-5eX","jetpack-related-posts":[{"id":8489,"url":"https:\/\/wp.ufpel.edu.br\/empauta\/brasil-tem-seu-melhor-desempenho-em-olimpiadas-mas-expectativa-do-cob-nao-e-atingida\/","url_meta":{"origin":20147,"position":0},"title":"Brasil tem seu melhor desempenho em Olimp\u00edadas, mas expectativa do COB n\u00e3o \u00e9 atingida","author":"Em Pauta","date":"29\/08\/2016","format":false,"excerpt":"Por: Rafael Mirapalheta Os Jogos Ol\u00edmpicos do Rio de Janeiro se encerraram no \u00faltimo domingo, 21 de agosto, com grande festa do p\u00fablico brasileiro. E n\u00e3o poderia ser diferente. A competi\u00e7\u00e3o, de modo geral, agradou a todos; p\u00fablico, m\u00eddia e at\u00e9 mesmo \u00e0queles que n\u00e3o acreditavam em \u00eaxito no que\u2026","rel":"","context":"Em &quot;Esportes&quot;","block_context":{"text":"Esportes","link":"https:\/\/wp.ufpel.edu.br\/empauta\/category\/todos\/esportes\/"},"img":{"alt_text":"","src":"https:\/\/i0.wp.com\/wp.ufpel.edu.br\/empauta\/files\/2016\/08\/Sem-t%C3%ADtulo-1.png?resize=350%2C200&ssl=1","width":350,"height":200,"srcset":"https:\/\/i0.wp.com\/wp.ufpel.edu.br\/empauta\/files\/2016\/08\/Sem-t%C3%ADtulo-1.png?resize=350%2C200&ssl=1 1x, https:\/\/i0.wp.com\/wp.ufpel.edu.br\/empauta\/files\/2016\/08\/Sem-t%C3%ADtulo-1.png?resize=525%2C300&ssl=1 1.5x"},"classes":[]},{"id":20083,"url":"https:\/\/wp.ufpel.edu.br\/empauta\/rebeca-andrade-conquista-medalha-de-ouro-e-se-torna-a-maior-campea-olimpica-do-brasil\/","url_meta":{"origin":20147,"position":1},"title":"Rebeca Andrade conquista medalha de ouro e se torna a maior campe\u00e3 ol\u00edmpica do Brasil","author":"Em Pauta","date":"06\/08\/2024","format":false,"excerpt":"A ginasta Rebeca Andrade representou o Brasil na prova de solo realizada nesta segunda-feira (5), na Bercy Arena, em Paris. Por Carolina Soares \/ Em Pauta Com quatro medalhas ol\u00edmpicas no total \u2013 uma de bronze, duas de prata e a medalha de ouro conquistada nesta \u00faltima prova \u2013 Rebeca\u2026","rel":"","context":"Em &quot;Not\u00edcias&quot;","block_context":{"text":"Not\u00edcias","link":"https:\/\/wp.ufpel.edu.br\/empauta\/category\/noticias\/"},"img":{"alt_text":"","src":"https:\/\/i0.wp.com\/wp.ufpel.edu.br\/empauta\/files\/2024\/08\/5012324_d2251179eb0009b.jpg?resize=350%2C200&ssl=1","width":350,"height":200},"classes":[]},{"id":19008,"url":"https:\/\/wp.ufpel.edu.br\/empauta\/brasil-no-podio-um-desempenho-historico-nos-jogos-pan-americanos\/","url_meta":{"origin":20147,"position":2},"title":"Brasil no p\u00f3dio: desempenho hist\u00f3rico nos Jogos Pan-Americanos","author":"Em Pauta","date":"20\/11\/2023","format":false,"excerpt":"Em uma competi\u00e7\u00e3o repleta de emo\u00e7\u00e3o, o Brasil realizou uma trajet\u00f3ria para ficar na mem\u00f3ria, garantindo o seu melhor desempenho em medalhas na hist\u00f3ria dos Jogos Pan-Americanos Por Felipe Boettge \/ Em Pauta \u00a0 Uma das principais competi\u00e7\u00f5es e eventos esportivos que marcam a trajet\u00f3ria ol\u00edmpica dos nossos atletas e\u2026","rel":"","context":"Em &quot;Esportes&quot;","block_context":{"text":"Esportes","link":"https:\/\/wp.ufpel.edu.br\/empauta\/category\/todos\/esportes\/"},"img":{"alt_text":"","src":"https:\/\/i0.wp.com\/wp.ufpel.edu.br\/empauta\/files\/2023\/11\/Foto-3.jpeg?resize=350%2C200&ssl=1","width":350,"height":200,"srcset":"https:\/\/i0.wp.com\/wp.ufpel.edu.br\/empauta\/files\/2023\/11\/Foto-3.jpeg?resize=350%2C200&ssl=1 1x, https:\/\/i0.wp.com\/wp.ufpel.edu.br\/empauta\/files\/2023\/11\/Foto-3.jpeg?resize=525%2C300&ssl=1 1.5x, https:\/\/i0.wp.com\/wp.ufpel.edu.br\/empauta\/files\/2023\/11\/Foto-3.jpeg?resize=700%2C400&ssl=1 2x, https:\/\/i0.wp.com\/wp.ufpel.edu.br\/empauta\/files\/2023\/11\/Foto-3.jpeg?resize=1050%2C600&ssl=1 3x"},"classes":[]},{"id":20045,"url":"https:\/\/wp.ufpel.edu.br\/empauta\/brasil-segue-ritmo-recorde-de-medalhas-olimpicas\/","url_meta":{"origin":20147,"position":3},"title":"Brasil segue ritmo recorde de medalhas ol\u00edmpicas","author":"Em Pauta","date":"03\/08\/2024","format":false,"excerpt":"Mesmo com trope\u00e7os, o Brasil desempenha em Paris t\u00e3o bem quanto em T\u00f3quio na primeira semana da competi\u00e7\u00e3o. Por Tobias Bernardo \/ Em Pauta Nesta sexta-feira (2) os jogos ol\u00edmpicos de Paris 2024 completaram uma semana desde o evento de abertura e o time do Brasil igualou o n\u00famero de\u2026","rel":"","context":"Em &quot;Esportes&quot;","block_context":{"text":"Esportes","link":"https:\/\/wp.ufpel.edu.br\/empauta\/category\/todos\/esportes\/"},"img":{"alt_text":"","src":"https:\/\/i0.wp.com\/wp.ufpel.edu.br\/empauta\/files\/2024\/08\/RebecaAndrade.png?resize=350%2C200&ssl=1","width":350,"height":200,"srcset":"https:\/\/i0.wp.com\/wp.ufpel.edu.br\/empauta\/files\/2024\/08\/RebecaAndrade.png?resize=350%2C200&ssl=1 1x, https:\/\/i0.wp.com\/wp.ufpel.edu.br\/empauta\/files\/2024\/08\/RebecaAndrade.png?resize=525%2C300&ssl=1 1.5x, https:\/\/i0.wp.com\/wp.ufpel.edu.br\/empauta\/files\/2024\/08\/RebecaAndrade.png?resize=700%2C400&ssl=1 2x"},"classes":[]},{"id":8532,"url":"https:\/\/wp.ufpel.edu.br\/empauta\/saiba-quem-sao-os-medalhistas-olimpicos-brasileiros\/","url_meta":{"origin":20147,"position":4},"title":"Saiba quem s\u00e3o os medalhistas ol\u00edmpicos brasileiros","author":"Em Pauta","date":"04\/09\/2016","format":false,"excerpt":"Por: Yago Moreira A Olimp\u00edada Rio 2016 surpreendeu at\u00e9 o mais otimista dos torcedores. Ap\u00f3s a abertura dos jogos, no Maracan\u00e3, o evento estampou a capa de alguns dos maiores jornais do mundo. As cr\u00edticas, em grande parte, foram positivas e o Brasil virou exemplo de que \u00e9 poss\u00edvel realizar\u2026","rel":"","context":"Em &quot;Esportes&quot;","block_context":{"text":"Esportes","link":"https:\/\/wp.ufpel.edu.br\/empauta\/category\/todos\/esportes\/"},"img":{"alt_text":"Isaquias Queiroz \u00e9 prata na canoagem. Foto: Ivan Pacheco\/Veja.com","src":"https:\/\/i0.wp.com\/wp.ufpel.edu.br\/empauta\/files\/2016\/09\/Isaquias-Queiroz-%C3%A9-prata-na-canoagem..png?resize=350%2C200&ssl=1","width":350,"height":200,"srcset":"https:\/\/i0.wp.com\/wp.ufpel.edu.br\/empauta\/files\/2016\/09\/Isaquias-Queiroz-%C3%A9-prata-na-canoagem..png?resize=350%2C200&ssl=1 1x, https:\/\/i0.wp.com\/wp.ufpel.edu.br\/empauta\/files\/2016\/09\/Isaquias-Queiroz-%C3%A9-prata-na-canoagem..png?resize=525%2C300&ssl=1 1.5x"},"classes":[]},{"id":13330,"url":"https:\/\/wp.ufpel.edu.br\/empauta\/pan-2019-brasil-faz-sua-melhor-campanha-da-historia-em-pan-americanos\/","url_meta":{"origin":20147,"position":5},"title":"Pan-2019: Brasil faz sua melhor campanha da hist\u00f3ria em Pan-Americanos","author":"Em Pauta","date":"13\/08\/2019","format":false,"excerpt":"Na noite do \u00faltimo domingo (11), chegou ao fim a 18\u00aa edi\u00e7\u00e3o dos Jogos Pan-Americanos, realizada em Lima, capital do Peru. Com um total de 171 medalhas ganhas, ap\u00f3s 56 anos, o Brasil voltou a terminar na vice-lideran\u00e7a no quadro geral.","rel":"","context":"Em &quot;Not\u00edcias&quot;","block_context":{"text":"Not\u00edcias","link":"https:\/\/wp.ufpel.edu.br\/empauta\/category\/noticias\/"},"img":{"alt_text":"","src":"https:\/\/i0.wp.com\/wp.ufpel.edu.br\/empauta\/files\/2019\/08\/Alexandre-Loureiro-COB.jpg?resize=350%2C200&ssl=1","width":350,"height":200,"srcset":"https:\/\/i0.wp.com\/wp.ufpel.edu.br\/empauta\/files\/2019\/08\/Alexandre-Loureiro-COB.jpg?resize=350%2C200&ssl=1 1x, https:\/\/i0.wp.com\/wp.ufpel.edu.br\/empauta\/files\/2019\/08\/Alexandre-Loureiro-COB.jpg?resize=525%2C300&ssl=1 1.5x, https:\/\/i0.wp.com\/wp.ufpel.edu.br\/empauta\/files\/2019\/08\/Alexandre-Loureiro-COB.jpg?resize=700%2C400&ssl=1 2x, https:\/\/i0.wp.com\/wp.ufpel.edu.br\/empauta\/files\/2019\/08\/Alexandre-Loureiro-COB.jpg?resize=1050%2C600&ssl=1 3x"},"classes":[]}],"_links":{"self":[{"href":"https:\/\/wp.ufpel.edu.br\/empauta\/wp-json\/wp\/v2\/posts\/20147","targetHints":{"allow":["GET"]}}],"collection":[{"href":"https:\/\/wp.ufpel.edu.br\/empauta\/wp-json\/wp\/v2\/posts"}],"about":[{"href":"https:\/\/wp.ufpel.edu.br\/empauta\/wp-json\/wp\/v2\/types\/post"}],"author":[{"embeddable":true,"href":"https:\/\/wp.ufpel.edu.br\/empauta\/wp-json\/wp\/v2\/users\/587"}],"replies":[{"embeddable":true,"href":"https:\/\/wp.ufpel.edu.br\/empauta\/wp-json\/wp\/v2\/comments?post=20147"}],"version-history":[{"count":1,"href":"https:\/\/wp.ufpel.edu.br\/empauta\/wp-json\/wp\/v2\/posts\/20147\/revisions"}],"predecessor-version":[{"id":20149,"href":"https:\/\/wp.ufpel.edu.br\/empauta\/wp-json\/wp\/v2\/posts\/20147\/revisions\/20149"}],"wp:featuredmedia":[{"embeddable":true,"href":"https:\/\/wp.ufpel.edu.br\/empauta\/wp-json\/wp\/v2\/media\/20148"}],"wp:attachment":[{"href":"https:\/\/wp.ufpel.edu.br\/empauta\/wp-json\/wp\/v2\/media?parent=20147"}],"wp:term":[{"taxonomy":"category","embeddable":true,"href":"https:\/\/wp.ufpel.edu.br\/empauta\/wp-json\/wp\/v2\/categories?post=20147"},{"taxonomy":"post_tag","embeddable":true,"href":"https:\/\/wp.ufpel.edu.br\/empauta\/wp-json\/wp\/v2\/tags?post=20147"}],"curies":[{"name":"wp","href":"https:\/\/api.w.org\/{rel}","templated":true}]}}