{"id":19870,"date":"2024-05-16T08:36:31","date_gmt":"2024-05-16T11:36:31","guid":{"rendered":"https:\/\/wp.ufpel.edu.br\/empauta\/?p=19870"},"modified":"2024-05-16T08:36:31","modified_gmt":"2024-05-16T11:36:31","slug":"emergencia-climatica-cenario-de-destruicao-em-pelotas","status":"publish","type":"post","link":"https:\/\/wp.ufpel.edu.br\/empauta\/emergencia-climatica-cenario-de-destruicao-em-pelotas\/","title":{"rendered":"Emerg\u00eancia clim\u00e1tica: cen\u00e1rio de destrui\u00e7\u00e3o em Pelotas"},"content":{"rendered":"<p align=\"justify\"><span style=\"font-family: Georgia, serif;\"><b>\u00a0<\/b><\/span><span style=\"font-family: Georgia, serif;\">Na segunda-feira (13), o trapiche do Laranjal caiu e seus peda\u00e7os foram encontrados no dique de conten\u00e7\u00e3o. Rep\u00f3rter fotogr\u00e1fica do Em Pauta acompanhou equipe da prefeitura e Corpo de Bombeiros<br \/>\n<\/span><\/p>\n<p align=\"justify\"><strong><em><span style=\"font-family: Georgia, serif;\">Maria Eduarda Lopes \/ Em Pauta<a href=\"https:\/\/wp.ufpel.edu.br\/empauta\/files\/2024\/05\/IMG_0614-scaled.jpg\"><img loading=\"lazy\" decoding=\"async\" class=\"aligncenter size-full wp-image-19879\" src=\"https:\/\/wp.ufpel.edu.br\/empauta\/files\/2024\/05\/IMG_0614-scaled.jpg\" alt=\"\" width=\"2560\" height=\"1707\" srcset=\"https:\/\/wp.ufpel.edu.br\/empauta\/files\/2024\/05\/IMG_0614-scaled.jpg 2560w, https:\/\/wp.ufpel.edu.br\/empauta\/files\/2024\/05\/IMG_0614-424x283.jpg 424w, https:\/\/wp.ufpel.edu.br\/empauta\/files\/2024\/05\/IMG_0614-212x141.jpg 212w, https:\/\/wp.ufpel.edu.br\/empauta\/files\/2024\/05\/IMG_0614-768x512.jpg 768w, https:\/\/wp.ufpel.edu.br\/empauta\/files\/2024\/05\/IMG_0614-1536x1024.jpg 1536w, https:\/\/wp.ufpel.edu.br\/empauta\/files\/2024\/05\/IMG_0614-2048x1365.jpg 2048w\" sizes=\"auto, (max-width: 2560px) 100vw, 2560px\" \/><\/a><br \/>\n<\/span><\/em><\/strong><\/p>\n<p align=\"justify\"><span style=\"font-family: Georgia, serif;\"> Na segunda-feira (13), as \u00e1guas da Lagoa dos Patos e do canal S\u00e3o Gon\u00e7alo recuaram devido ao clima um pouco mais favor\u00e1vel aqui na regi\u00e3o sul do estado. Em uma das zonas mais afetadas pelas enchentes, no Laranjal, o trapiche, que \u00e9 um dos \u00edcones tur\u00edsticos da cidade e que havia sido reformado apenas h\u00e1 alguns meses, cedeu \u00e0 press\u00e3o das \u00e1guas que engolem a estrutura h\u00e1 dias. Os peda\u00e7os foram carregados at\u00e9 o dique de conten\u00e7\u00e3o de areias, feito com o intuito de desacelerar o avan\u00e7o.<\/span><\/p>\n<p class=\"jetpack-slideshow-noscript robots-nocontent\">Este slideshow necessita de JavaScript.<\/p><div id=\"gallery-19870-1-slideshow\" class=\"jetpack-slideshow-window jetpack-slideshow jetpack-slideshow-black\" data-trans=\"fade\" data-autostart=\"1\" data-gallery=\"[{&quot;src&quot;:&quot;https:\\\/\\\/wp.ufpel.edu.br\\\/empauta\\\/files\\\/2024\\\/05\\\/IMG_0735-scaled.jpg&quot;,&quot;id&quot;:&quot;19888&quot;,&quot;title&quot;:&quot;IMG_0735&quot;,&quot;alt&quot;:&quot;&quot;,&quot;caption&quot;:&quot;&quot;,&quot;itemprop&quot;:&quot;image&quot;},{&quot;src&quot;:&quot;https:\\\/\\\/wp.ufpel.edu.br\\\/empauta\\\/files\\\/2024\\\/05\\\/IMG_0655-scaled.jpg&quot;,&quot;id&quot;:&quot;19887&quot;,&quot;title&quot;:&quot;IMG_0655&quot;,&quot;alt&quot;:&quot;&quot;,&quot;caption&quot;:&quot;&quot;,&quot;itemprop&quot;:&quot;image&quot;},{&quot;src&quot;:&quot;https:\\\/\\\/wp.ufpel.edu.br\\\/empauta\\\/files\\\/2024\\\/05\\\/IMG_0650-scaled.jpg&quot;,&quot;id&quot;:&quot;19886&quot;,&quot;title&quot;:&quot;IMG_0650&quot;,&quot;alt&quot;:&quot;&quot;,&quot;caption&quot;:&quot;&quot;,&quot;itemprop&quot;:&quot;image&quot;},{&quot;src&quot;:&quot;https:\\\/\\\/wp.ufpel.edu.br\\\/empauta\\\/files\\\/2024\\\/05\\\/IMG_0645-scaled.jpg&quot;,&quot;id&quot;:&quot;19885&quot;,&quot;title&quot;:&quot;IMG_0645&quot;,&quot;alt&quot;:&quot;&quot;,&quot;caption&quot;:&quot;&quot;,&quot;itemprop&quot;:&quot;image&quot;},{&quot;src&quot;:&quot;https:\\\/\\\/wp.ufpel.edu.br\\\/empauta\\\/files\\\/2024\\\/05\\\/IMG_0642-scaled.jpg&quot;,&quot;id&quot;:&quot;19884&quot;,&quot;title&quot;:&quot;IMG_0642&quot;,&quot;alt&quot;:&quot;&quot;,&quot;caption&quot;:&quot;&quot;,&quot;itemprop&quot;:&quot;image&quot;},{&quot;src&quot;:&quot;https:\\\/\\\/wp.ufpel.edu.br\\\/empauta\\\/files\\\/2024\\\/05\\\/IMG_0636-scaled.jpg&quot;,&quot;id&quot;:&quot;19883&quot;,&quot;title&quot;:&quot;IMG_0636&quot;,&quot;alt&quot;:&quot;&quot;,&quot;caption&quot;:&quot;&quot;,&quot;itemprop&quot;:&quot;image&quot;},{&quot;src&quot;:&quot;https:\\\/\\\/wp.ufpel.edu.br\\\/empauta\\\/files\\\/2024\\\/05\\\/IMG_0624-scaled.jpg&quot;,&quot;id&quot;:&quot;19882&quot;,&quot;title&quot;:&quot;IMG_0624&quot;,&quot;alt&quot;:&quot;&quot;,&quot;caption&quot;:&quot;&quot;,&quot;itemprop&quot;:&quot;image&quot;},{&quot;src&quot;:&quot;https:\\\/\\\/wp.ufpel.edu.br\\\/empauta\\\/files\\\/2024\\\/05\\\/IMG_0620-scaled.jpg&quot;,&quot;id&quot;:&quot;19881&quot;,&quot;title&quot;:&quot;IMG_0620&quot;,&quot;alt&quot;:&quot;&quot;,&quot;caption&quot;:&quot;&quot;,&quot;itemprop&quot;:&quot;image&quot;},{&quot;src&quot;:&quot;https:\\\/\\\/wp.ufpel.edu.br\\\/empauta\\\/files\\\/2024\\\/05\\\/IMG_0617-scaled.jpg&quot;,&quot;id&quot;:&quot;19880&quot;,&quot;title&quot;:&quot;IMG_0617&quot;,&quot;alt&quot;:&quot;&quot;,&quot;caption&quot;:&quot;&quot;,&quot;itemprop&quot;:&quot;image&quot;},{&quot;src&quot;:&quot;https:\\\/\\\/wp.ufpel.edu.br\\\/empauta\\\/files\\\/2024\\\/05\\\/IMG_0614-scaled.jpg&quot;,&quot;id&quot;:&quot;19879&quot;,&quot;title&quot;:&quot;IMG_0614&quot;,&quot;alt&quot;:&quot;&quot;,&quot;caption&quot;:&quot;&quot;,&quot;itemprop&quot;:&quot;image&quot;},{&quot;src&quot;:&quot;https:\\\/\\\/wp.ufpel.edu.br\\\/empauta\\\/files\\\/2024\\\/05\\\/IMG_0593-scaled.jpg&quot;,&quot;id&quot;:&quot;19878&quot;,&quot;title&quot;:&quot;IMG_0593&quot;,&quot;alt&quot;:&quot;&quot;,&quot;caption&quot;:&quot;&quot;,&quot;itemprop&quot;:&quot;image&quot;},{&quot;src&quot;:&quot;https:\\\/\\\/wp.ufpel.edu.br\\\/empauta\\\/files\\\/2024\\\/05\\\/IMG_0579-scaled.jpg&quot;,&quot;id&quot;:&quot;19876&quot;,&quot;title&quot;:&quot;IMG_0579&quot;,&quot;alt&quot;:&quot;&quot;,&quot;caption&quot;:&quot;&quot;,&quot;itemprop&quot;:&quot;image&quot;},{&quot;src&quot;:&quot;https:\\\/\\\/wp.ufpel.edu.br\\\/empauta\\\/files\\\/2024\\\/05\\\/IMG_0584-scaled.jpg&quot;,&quot;id&quot;:&quot;19877&quot;,&quot;title&quot;:&quot;IMG_0584&quot;,&quot;alt&quot;:&quot;&quot;,&quot;caption&quot;:&quot;&quot;,&quot;itemprop&quot;:&quot;image&quot;},{&quot;src&quot;:&quot;https:\\\/\\\/wp.ufpel.edu.br\\\/empauta\\\/files\\\/2024\\\/05\\\/IMG_0554-scaled.jpg&quot;,&quot;id&quot;:&quot;19874&quot;,&quot;title&quot;:&quot;IMG_0554&quot;,&quot;alt&quot;:&quot;&quot;,&quot;caption&quot;:&quot;&quot;,&quot;itemprop&quot;:&quot;image&quot;},{&quot;src&quot;:&quot;https:\\\/\\\/wp.ufpel.edu.br\\\/empauta\\\/files\\\/2024\\\/05\\\/IMG_0565-scaled.jpg&quot;,&quot;id&quot;:&quot;19875&quot;,&quot;title&quot;:&quot;IMG_0565&quot;,&quot;alt&quot;:&quot;&quot;,&quot;caption&quot;:&quot;&quot;,&quot;itemprop&quot;:&quot;image&quot;},{&quot;src&quot;:&quot;https:\\\/\\\/wp.ufpel.edu.br\\\/empauta\\\/files\\\/2024\\\/05\\\/IMG_0541-scaled.jpg&quot;,&quot;id&quot;:&quot;19873&quot;,&quot;title&quot;:&quot;IMG_0541&quot;,&quot;alt&quot;:&quot;&quot;,&quot;caption&quot;:&quot;&quot;,&quot;itemprop&quot;:&quot;image&quot;},{&quot;src&quot;:&quot;https:\\\/\\\/wp.ufpel.edu.br\\\/empauta\\\/files\\\/2024\\\/05\\\/IMG_0533-scaled.jpg&quot;,&quot;id&quot;:&quot;19872&quot;,&quot;title&quot;:&quot;IMG_0533&quot;,&quot;alt&quot;:&quot;&quot;,&quot;caption&quot;:&quot;&quot;,&quot;itemprop&quot;:&quot;image&quot;},{&quot;src&quot;:&quot;https:\\\/\\\/wp.ufpel.edu.br\\\/empauta\\\/files\\\/2024\\\/05\\\/IMG_0518-scaled.jpg&quot;,&quot;id&quot;:&quot;19871&quot;,&quot;title&quot;:&quot;IMG_0518&quot;,&quot;alt&quot;:&quot;&quot;,&quot;caption&quot;:&quot;&quot;,&quot;itemprop&quot;:&quot;image&quot;}]\" itemscope itemtype=\"https:\/\/schema.org\/ImageGallery\"><\/div>\n<p align=\"justify\"><span style=\"font-family: Georgia, serif;\"> No Laranjal, a Lagoa recuou o suficiente para que as ruas da orla ficassem vis\u00edveis novamente. As ruas residenciais continuam alagadas. Mesmo assim, os moradores aproveitaram para retornar \u00e0s suas casas e verificar os estragos e refor\u00e7ar as prote\u00e7\u00f5es, mas alguns habitantes da zona vermelha confundiram o recuo com uma falsa impress\u00e3o de seguran\u00e7a. \u00c9 v\u00e1lido relembrar que o fen\u00f4meno da falsa diminui\u00e7\u00e3o tamb\u00e9m ocorreu na manh\u00e3 da semana passada, na quinta-feira (9), e \u00e0 noite a laguna avan\u00e7ou com for\u00e7a e velocidade para os bairros. A prefeitura continua com dificuldades para medir o n\u00edvel da Lagoa, e a divulga\u00e7\u00e3o para o p\u00fablico continua suspensa.<\/span><\/p>\n<p align=\"justify\"><span style=\"font-family: Georgia, serif;\"> Em outras regi\u00f5es, como nas Doquinhas e no Quadrado, o S\u00e3o Gon\u00e7alo invadiu as casas localizadas nas beiras, e apesar da diminui\u00e7\u00e3o e estabilidade do n\u00edvel, a velocidade com que o canal retornava era r\u00e1pida o bastante para causar correntezas.<br \/>\n<\/span><\/p>\n<p align=\"justify\">No dia 16 de maio o n\u00edvel do Canal S\u00e3o Gon\u00e7alo bateu o recorde hist\u00f3rico da enchente de 1941 e chegou a marca de 2,92 metros.<\/p>\n<p align=\"justify\"><a href=\"https:\/\/wp.ufpel.edu.br\/empauta\/files\/2024\/05\/IMG_0760-scaled.jpg\"><img loading=\"lazy\" decoding=\"async\" class=\"aligncenter size-full wp-image-19889\" src=\"https:\/\/wp.ufpel.edu.br\/empauta\/files\/2024\/05\/IMG_0760-scaled.jpg\" alt=\"\" width=\"2560\" height=\"1707\" srcset=\"https:\/\/wp.ufpel.edu.br\/empauta\/files\/2024\/05\/IMG_0760-scaled.jpg 2560w, https:\/\/wp.ufpel.edu.br\/empauta\/files\/2024\/05\/IMG_0760-424x283.jpg 424w, https:\/\/wp.ufpel.edu.br\/empauta\/files\/2024\/05\/IMG_0760-212x141.jpg 212w, https:\/\/wp.ufpel.edu.br\/empauta\/files\/2024\/05\/IMG_0760-768x512.jpg 768w, https:\/\/wp.ufpel.edu.br\/empauta\/files\/2024\/05\/IMG_0760-1536x1024.jpg 1536w, https:\/\/wp.ufpel.edu.br\/empauta\/files\/2024\/05\/IMG_0760-2048x1365.jpg 2048w\" sizes=\"auto, (max-width: 2560px) 100vw, 2560px\" \/><\/a><\/p>\n<p align=\"justify\">\n<p align=\"justify\">\n<p align=\"justify\">\n","protected":false},"excerpt":{"rendered":"<p>\u00a0Na segunda-feira (13), o trapiche do Laranjal caiu e seus peda\u00e7os foram encontrados no dique de conten\u00e7\u00e3o. Rep\u00f3rter fotogr\u00e1fica do Em Pauta acompanhou equipe da prefeitura e Corpo de Bombeiros Maria Eduarda Lopes \/&#46;&#46;&#46;<\/p>\n","protected":false},"author":587,"featured_media":19876,"comment_status":"closed","ping_status":"closed","sticky":false,"template":"","format":"standard","meta":{"_jetpack_newsletter_access":"","_jetpack_dont_email_post_to_subs":false,"_jetpack_newsletter_tier_id":0,"_jetpack_memberships_contains_paywalled_content":false,"_jetpack_feature_clip_id":0,"_jetpack_memberships_contains_paid_content":false,"footnotes":"","jetpack_publicize_message":"","jetpack_publicize_feature_enabled":true,"jetpack_social_post_already_shared":true,"jetpack_social_options":{"image_generator_settings":{"template":"highway","default_image_id":0,"font":"","enabled":false},"version":2},"jetpack_post_was_ever_published":false},"categories":[807,438,9,425],"tags":[],"class_list":["post-19870","post","type-post","status-publish","format-standard","has-post-thumbnail","hentry","category-catastrofe-ambiental","category-em-pauta-noticias","category-geral","category-meio-ambiente"],"jetpack_publicize_connections":[],"jetpack_featured_media_url":"https:\/\/wp.ufpel.edu.br\/empauta\/files\/2024\/05\/IMG_0579-scaled.jpg","jetpack_sharing_enabled":true,"jetpack_shortlink":"https:\/\/wp.me\/p6Xvzq-5au","jetpack-related-posts":[{"id":3509,"url":"https:\/\/wp.ufpel.edu.br\/empauta\/o-laranjal-como-refugio\/","url_meta":{"origin":19870,"position":0},"title":"O Laranjal como ref\u00fagio","author":"Em Pauta","date":"27\/03\/2015","format":false,"excerpt":"Por\u00a0Yasmin Vierheller Benedetti e Matheus Picinatti H\u00e1 cerca de vinte minutos do centro da cidade, os pelotenses podem comtemplar a praia do Laranjal, ponto de encontro dos finais de semana. O Laranjal \u00e9 um ambiente harmonioso para quem procura divers\u00e3o. Formado por tr\u00eas balne\u00e1rios, Santo Ant\u00f4nio, Barro Duro e Valverde,\u2026","rel":"","context":"Em &quot;Geral&quot;","block_context":{"text":"Geral","link":"https:\/\/wp.ufpel.edu.br\/empauta\/category\/todos\/geral\/"},"img":{"alt_text":"","src":"","width":0,"height":0},"classes":[]},{"id":14586,"url":"https:\/\/wp.ufpel.edu.br\/empauta\/feira-municipal-do-morango-comeca-nesta-sexta-feira\/","url_meta":{"origin":19870,"position":1},"title":"Feira Municipal do Morango come\u00e7a nesta sexta-feira","author":"Em Pauta","date":"29\/09\/2021","format":false,"excerpt":"5\u00aa edi\u00e7\u00e3o \u00e9 uma realiza\u00e7\u00e3o da Prefeitura e ter\u00e1 abertura oficial no Largo do Mercado Central Por Victoria Meggiato\/ Em Pauta A 5\u00aa Feira Municipal do Morango come\u00e7a no dia 1\u00ba de outubro e permanece durante todo o m\u00eas, at\u00e9 o dia 30. O evento acontece todos os dias, das\u2026","rel":"","context":"Em &quot;Cultura e Entretenimento&quot;","block_context":{"text":"Cultura e Entretenimento","link":"https:\/\/wp.ufpel.edu.br\/empauta\/category\/todos\/culturaeentretenimento\/"},"img":{"alt_text":"","src":"https:\/\/i0.wp.com\/wp.ufpel.edu.br\/empauta\/files\/2021\/09\/IMG_9165.jpg?resize=350%2C200&ssl=1","width":350,"height":200,"srcset":"https:\/\/i0.wp.com\/wp.ufpel.edu.br\/empauta\/files\/2021\/09\/IMG_9165.jpg?resize=350%2C200&ssl=1 1x, https:\/\/i0.wp.com\/wp.ufpel.edu.br\/empauta\/files\/2021\/09\/IMG_9165.jpg?resize=525%2C300&ssl=1 1.5x, https:\/\/i0.wp.com\/wp.ufpel.edu.br\/empauta\/files\/2021\/09\/IMG_9165.jpg?resize=700%2C400&ssl=1 2x"},"classes":[]},{"id":359,"url":"https:\/\/wp.ufpel.edu.br\/empauta\/a-pratica-do-kitesurf-na-praia-do-laranjal\/","url_meta":{"origin":19870,"position":2},"title":"A pr\u00e1tica do Kitesurf na praia do Laranjal","author":"Em Pauta","date":"26\/02\/2014","format":false,"excerpt":"Por J\u00e9ssica Barz Saiba mais sobre o Kitesurf.\u00a0 A modalidade que chama a aten\u00e7\u00e3o dos pelotenses na praia do Laranjal: \u00a0 Foto: divulga\u00e7\u00e3o (http:\/\/www.popa.com.br\/_2008\/cronicas\/mpf_kitesurf.htm)","rel":"","context":"Em &quot;Esportes&quot;","block_context":{"text":"Esportes","link":"https:\/\/wp.ufpel.edu.br\/empauta\/category\/todos\/esportes\/"},"img":{"alt_text":"","src":"","width":0,"height":0},"classes":[]},{"id":19474,"url":"https:\/\/wp.ufpel.edu.br\/empauta\/as-cores-da-diversidade-e-do-orgulho\/","url_meta":{"origin":19870,"position":3},"title":"As cores da diversidade e do orgulho","author":"Em Pauta","date":"23\/02\/2024","format":false,"excerpt":"Laranjal recebe 22\u00aa Parada da Diversidade neste domingo. Evento acontece a partir das 15h ao longo de 2km da orla da praia. \u00a0 Stefane Costa \/ Em Pauta No domingo (25), a Praia do Laranjal em Pelotas ganha as cores da diversidade e do orgulho. A partir das 15h, apresenta\u00e7\u00f5es\u2026","rel":"","context":"Em &quot;Cultura e Entretenimento&quot;","block_context":{"text":"Cultura e Entretenimento","link":"https:\/\/wp.ufpel.edu.br\/empauta\/category\/todos\/culturaeentretenimento\/"},"img":{"alt_text":"","src":"https:\/\/i0.wp.com\/wp.ufpel.edu.br\/empauta\/files\/2024\/02\/foto-1.jpg?resize=350%2C200&ssl=1","width":350,"height":200,"srcset":"https:\/\/i0.wp.com\/wp.ufpel.edu.br\/empauta\/files\/2024\/02\/foto-1.jpg?resize=350%2C200&ssl=1 1x, https:\/\/i0.wp.com\/wp.ufpel.edu.br\/empauta\/files\/2024\/02\/foto-1.jpg?resize=525%2C300&ssl=1 1.5x, https:\/\/i0.wp.com\/wp.ufpel.edu.br\/empauta\/files\/2024\/02\/foto-1.jpg?resize=700%2C400&ssl=1 2x, https:\/\/i0.wp.com\/wp.ufpel.edu.br\/empauta\/files\/2024\/02\/foto-1.jpg?resize=1050%2C600&ssl=1 3x, https:\/\/i0.wp.com\/wp.ufpel.edu.br\/empauta\/files\/2024\/02\/foto-1.jpg?resize=1400%2C800&ssl=1 4x"},"classes":[]},{"id":3084,"url":"https:\/\/wp.ufpel.edu.br\/empauta\/prefeitura-comeca-o-processo-de-instalacao-de-100-abrigos-de-onibus\/","url_meta":{"origin":19870,"position":4},"title":"Prefeitura come\u00e7a o processo de instala\u00e7\u00e3o de 100 abrigos de \u00f4nibus","author":"Em Pauta","date":"14\/11\/2014","format":false,"excerpt":"Por Jean Carlo dos Santos Moradores do bairro laranjal que utilizam o transporte p\u00fablico j\u00e1 podem usufruir dos novos abrigos cobertor adquiridos pela Prefeitura de Pelotas. Atrav\u00e9s de uma licita\u00e7\u00e3o, as vias internas dos bairros ser\u00e3o beneficiados pelo projeto, que \u00e9 contemplado pelo PAC Mobilidade. A cidade, com o Abrigo\u2026","rel":"","context":"Em &quot;Geral&quot;","block_context":{"text":"Geral","link":"https:\/\/wp.ufpel.edu.br\/empauta\/category\/todos\/geral\/"},"img":{"alt_text":"","src":"https:\/\/i0.wp.com\/wp.ufpel.edu.br\/empauta\/files\/2014\/11\/1c086fe2c3070b72f39bfc6ab54cf56e.jpg?resize=350%2C200&ssl=1","width":350,"height":200,"srcset":"https:\/\/i0.wp.com\/wp.ufpel.edu.br\/empauta\/files\/2014\/11\/1c086fe2c3070b72f39bfc6ab54cf56e.jpg?resize=350%2C200&ssl=1 1x, https:\/\/i0.wp.com\/wp.ufpel.edu.br\/empauta\/files\/2014\/11\/1c086fe2c3070b72f39bfc6ab54cf56e.jpg?resize=525%2C300&ssl=1 1.5x, https:\/\/i0.wp.com\/wp.ufpel.edu.br\/empauta\/files\/2014\/11\/1c086fe2c3070b72f39bfc6ab54cf56e.jpg?resize=700%2C400&ssl=1 2x"},"classes":[]},{"id":18172,"url":"https:\/\/wp.ufpel.edu.br\/empauta\/ciclone-devasta-litoral-sul\/","url_meta":{"origin":19870,"position":5},"title":"Ciclone devasta litoral Sul","author":"Em Pauta","date":"13\/07\/2023","format":false,"excerpt":"Ventos de mais de 140 km por hora no litoral de Rio Grande. Estragos foram em toda a regi\u00e3o, com falta de luz, queda de \u00e1rvores e interrup\u00e7\u00e3o de estradas. Aulas foram suspensas e atividades reduzidas Equipe\/Em Pauta A noite foi de vento. Muito vento. O ciclone que estava no\u2026","rel":"","context":"Em &quot;cat\u00e1strofe ambiental&quot;","block_context":{"text":"cat\u00e1strofe ambiental","link":"https:\/\/wp.ufpel.edu.br\/empauta\/category\/catastrofe-ambiental\/"},"img":{"alt_text":"","src":"https:\/\/i0.wp.com\/wp.ufpel.edu.br\/empauta\/files\/2023\/07\/cassino.jpeg?resize=350%2C200&ssl=1","width":350,"height":200,"srcset":"https:\/\/i0.wp.com\/wp.ufpel.edu.br\/empauta\/files\/2023\/07\/cassino.jpeg?resize=350%2C200&ssl=1 1x, https:\/\/i0.wp.com\/wp.ufpel.edu.br\/empauta\/files\/2023\/07\/cassino.jpeg?resize=525%2C300&ssl=1 1.5x, https:\/\/i0.wp.com\/wp.ufpel.edu.br\/empauta\/files\/2023\/07\/cassino.jpeg?resize=700%2C400&ssl=1 2x, https:\/\/i0.wp.com\/wp.ufpel.edu.br\/empauta\/files\/2023\/07\/cassino.jpeg?resize=1050%2C600&ssl=1 3x, https:\/\/i0.wp.com\/wp.ufpel.edu.br\/empauta\/files\/2023\/07\/cassino.jpeg?resize=1400%2C800&ssl=1 4x"},"classes":[]}],"_links":{"self":[{"href":"https:\/\/wp.ufpel.edu.br\/empauta\/wp-json\/wp\/v2\/posts\/19870","targetHints":{"allow":["GET"]}}],"collection":[{"href":"https:\/\/wp.ufpel.edu.br\/empauta\/wp-json\/wp\/v2\/posts"}],"about":[{"href":"https:\/\/wp.ufpel.edu.br\/empauta\/wp-json\/wp\/v2\/types\/post"}],"author":[{"embeddable":true,"href":"https:\/\/wp.ufpel.edu.br\/empauta\/wp-json\/wp\/v2\/users\/587"}],"replies":[{"embeddable":true,"href":"https:\/\/wp.ufpel.edu.br\/empauta\/wp-json\/wp\/v2\/comments?post=19870"}],"version-history":[{"count":1,"href":"https:\/\/wp.ufpel.edu.br\/empauta\/wp-json\/wp\/v2\/posts\/19870\/revisions"}],"predecessor-version":[{"id":19890,"href":"https:\/\/wp.ufpel.edu.br\/empauta\/wp-json\/wp\/v2\/posts\/19870\/revisions\/19890"}],"wp:featuredmedia":[{"embeddable":true,"href":"https:\/\/wp.ufpel.edu.br\/empauta\/wp-json\/wp\/v2\/media\/19876"}],"wp:attachment":[{"href":"https:\/\/wp.ufpel.edu.br\/empauta\/wp-json\/wp\/v2\/media?parent=19870"}],"wp:term":[{"taxonomy":"category","embeddable":true,"href":"https:\/\/wp.ufpel.edu.br\/empauta\/wp-json\/wp\/v2\/categories?post=19870"},{"taxonomy":"post_tag","embeddable":true,"href":"https:\/\/wp.ufpel.edu.br\/empauta\/wp-json\/wp\/v2\/tags?post=19870"}],"curies":[{"name":"wp","href":"https:\/\/api.w.org\/{rel}","templated":true}]}}