{"id":19528,"date":"2024-03-14T11:19:17","date_gmt":"2024-03-14T14:19:17","guid":{"rendered":"https:\/\/wp.ufpel.edu.br\/empauta\/?p=19528"},"modified":"2024-03-14T11:19:17","modified_gmt":"2024-03-14T14:19:17","slug":"the-curse-e-o-horror-em-tudo-que-e-comum","status":"publish","type":"post","link":"https:\/\/wp.ufpel.edu.br\/empauta\/the-curse-e-o-horror-em-tudo-que-e-comum\/","title":{"rendered":"The Curse e o horror em tudo que \u00e9 comum"},"content":{"rendered":"<h3><span style=\"font-weight: 400;\">Ningu\u00e9m precisa de horrores al\u00e9m da compreens\u00e3o quando o terr\u00edvel cotidiano bate \u00e0 sua porta.<\/span><\/h3>\n<p><em>Por Tobias Bernardo \/ Em Pauta.<\/em><\/p>\n<p>&nbsp;<\/p>\n<p style=\"text-align: justify;\"><span style=\"font-weight: 400;\">The Curse \u00e9 uma s\u00e9rie bizarra, fascinantemente bizarra. <\/span><span style=\"font-weight: 400;\">Durante 10 epis\u00f3dios ficamos imersos no microcosmo cruelmente real do casal Asher (Nathan Fielder) e Whitney Siegel (Emma Stone). Em um estado de harmonia perfeitamente inc\u00f4moda, acompanhamos o dia a dia deles \u00e0 medida que tentam produzir um reality show ao estilo \u201cIrm\u00e3os a Obra\u201d sobre o projeto de casas sustent\u00e1veis \u201cinvis\u00edveis\u201d que o casal est\u00e1 tentando empreender. Quando ambas as coisas come\u00e7am a falhar simultaneamente, os resultados s\u00e3o aterrorizantes, mas n\u00e3o de forma sobrenatural, e \u00e9 justamente por isso que \u201cThe Curse\u201d \u00e9 t\u00e3o impressionante e horr\u00edvel (no melhor dos sentidos).<\/span><\/p>\n<p style=\"text-align: justify;\"><span style=\"font-weight: 400;\">Quando pensamos em terror ou suspense os temas que podem surgir na nossa mente s\u00e3o coisas como: monstros, cat\u00e1strofes de propor\u00e7\u00f5es b\u00edblicas, horrores inimagin\u00e1veis e lovecraftianos ou o incompreens\u00edvel na sua forma mais abstrata, e com essas defini\u00e7\u00f5es acredito que acabamos esquecendo (eu muitas vezes esque\u00e7o) que experienciamos todos os dias da nossa vida pequenos casos de terror. O medo que mora nas pequenas intera\u00e7\u00f5es humanas, de ser ignorado, de ser mal interpretado, de escutar o ensurdecedor sil\u00eancio que fica na sala depois de um coment\u00e1rio que voc\u00ea fez, todo pequeno desconforto causado pelos deslizes que damos ao tentar seguir as normas sociais que nos cercam \u00e9 angustiante, e \u201cThe Curse\u201d sabe disso.<\/span><\/p>\n<div id=\"attachment_19529\" style=\"width: 333px\" class=\"wp-caption aligncenter\"><a href=\"https:\/\/wp.ufpel.edu.br\/empauta\/files\/2024\/03\/Imagem-1-1-scaled.jpg\"><img loading=\"lazy\" decoding=\"async\" aria-describedby=\"caption-attachment-19529\" class=\"wp-image-19529\" src=\"https:\/\/wp.ufpel.edu.br\/empauta\/files\/2024\/03\/Imagem-1-1-212x318.jpg\" alt=\"\" width=\"323\" height=\"484\" srcset=\"https:\/\/wp.ufpel.edu.br\/empauta\/files\/2024\/03\/Imagem-1-1-212x318.jpg 212w, https:\/\/wp.ufpel.edu.br\/empauta\/files\/2024\/03\/Imagem-1-1-106x159.jpg 106w, https:\/\/wp.ufpel.edu.br\/empauta\/files\/2024\/03\/Imagem-1-1-768x1152.jpg 768w, https:\/\/wp.ufpel.edu.br\/empauta\/files\/2024\/03\/Imagem-1-1-1024x1536.jpg 1024w, https:\/\/wp.ufpel.edu.br\/empauta\/files\/2024\/03\/Imagem-1-1-1365x2048.jpg 1365w, https:\/\/wp.ufpel.edu.br\/empauta\/files\/2024\/03\/Imagem-1-1-scaled.jpg 1707w\" sizes=\"auto, (max-width: 323px) 100vw, 323px\" \/><\/a><p id=\"caption-attachment-19529\" class=\"wp-caption-text\"><center>Poster The Curse \/ Divulga\u00e7\u00e3o: Paramount<\/center><\/p><\/div>\n<p style=\"text-align: justify;\"><span style=\"font-weight: 400;\">O produtor, roteirista e ator principal da s\u00e9rie, Nathan Fielder, conta no seu curr\u00edculo com obras que gostam de descosturar a fina camada social que tecemos no nosso dia a dia. Em \u201cNathan For You\u201d (2013), por exemplo, ele faz o c\u00f4mico brotar do absurdismo da vida real. Meio document\u00e1rio e meio reality show, essa s\u00e9rie, protagonizada por Nathan como personagem dele mesmo, exemplifica bem a maneira como nos guiamos por apar\u00eancias sens\u00edveis, principalmente diante das c\u00e2meras. Ao passo que vemos o protagonista dar pitchings absurdos para neg\u00f3cios que desejam melhorar seu rendimento, tamb\u00e9m come\u00e7amos a entender como n\u00f3s assumimos pap\u00e9is o tempo todo. Por mais insana e imoral que a ideia seja, os donos dos neg\u00f3cios ainda relutam em dizer n\u00e3o, e acabam, quase todas as vezes, tendo as suas vontades de lucrar mais e desejo de aparecer na TV sendo explorados por Nathan e expostos ao rid\u00edculo.<\/span><\/p>\n<p style=\"text-align: justify;\"><span style=\"font-weight: 400;\">Os resultados da empreitada sempre me deixaram pensando \u201ccomo e por que essas pessoas permitiram que chegasse nesse ponto?\u201d e a resposta surge das implica\u00e7\u00f5es de uma outra pergunta: \u201ceu tamb\u00e9m deixaria se estivesse no lugar deles?\u201d. Prov\u00e1vel que a minha ansiedade social me impedisse de dizer n\u00e3o para algu\u00e9m em frente \u00e0s c\u00e2meras, prov\u00e1vel tamb\u00e9m que, mesmo profundamente constrangido, eu n\u00e3o criticaria o absurdismo da situa\u00e7\u00e3o para n\u00e3o \u201cestragar\u201d o fluxo de um show que, se eu estivesse nesse cen\u00e1rio hipot\u00e9tico, eu n\u00e3o entenderia. Essa ansiedade, que se resume muito em medo de gerar desconforto, \u00e9 a marca registrada do protagonista e co-roteirista de \u201cThe Curse\u201d, e obviamente n\u00e3o fica de fora aqui.<\/span><\/p>\n<p>&nbsp;<\/p>\n<div id=\"attachment_19532\" style=\"width: 1722px\" class=\"wp-caption aligncenter\"><a href=\"https:\/\/wp.ufpel.edu.br\/empauta\/files\/2024\/03\/imagem-2.jpg\"><img loading=\"lazy\" decoding=\"async\" aria-describedby=\"caption-attachment-19532\" class=\"wp-image-19532 size-full\" src=\"https:\/\/wp.ufpel.edu.br\/empauta\/files\/2024\/03\/imagem-2.jpg\" alt=\"\" width=\"1712\" height=\"964\" srcset=\"https:\/\/wp.ufpel.edu.br\/empauta\/files\/2024\/03\/imagem-2.jpg 1712w, https:\/\/wp.ufpel.edu.br\/empauta\/files\/2024\/03\/imagem-2-424x239.jpg 424w, https:\/\/wp.ufpel.edu.br\/empauta\/files\/2024\/03\/imagem-2-212x119.jpg 212w, https:\/\/wp.ufpel.edu.br\/empauta\/files\/2024\/03\/imagem-2-768x432.jpg 768w, https:\/\/wp.ufpel.edu.br\/empauta\/files\/2024\/03\/imagem-2-1536x865.jpg 1536w\" sizes=\"auto, (max-width: 1712px) 100vw, 1712px\" \/><\/a><p id=\"caption-attachment-19532\" class=\"wp-caption-text\"><center>Nathan For You\/ Divulga\u00e7\u00e3o: Comedy Central<\/center><\/p><\/div>\n<p>&nbsp;<\/p>\n<p style=\"text-align: justify;\"><span style=\"font-weight: 400;\">Na s\u00e9rie de 2023, ao contr\u00e1rio de Nathan For You, as cenas s\u00e3o totalmente scriptadas. Isso n\u00e3o impede que elas sejam muito desconfort\u00e1veis de se ver. As atitudes dos personagens criam momentos nauseantes, misturando o discurso hip\u00f3crita de pessoas que querem estar moralmente corretas, com as reais inten\u00e7\u00f5es representativas da classe dominante. Os protagonistas Asher e Whitney s\u00e3o pessoas desesperadas por aprova\u00e7\u00e3o, e o caminho de desejo pelo controle do que o outro pensa sobre eles os tortura com intera\u00e7\u00f5es desagrad\u00e1veis ao passo que nos sufoca de agonia.<\/span><\/p>\n<p style=\"text-align: justify;\"><span style=\"font-weight: 400;\">Whitney \u00e9 obcecada em performar um moralismo ideal contanto que isso n\u00e3o afete seus privil\u00e9gios e objetivos. Filha de um casal inescrupuloso do ramo imobili\u00e1rio, ela tenta seguir o caminho \u201ccorreto\u201d na constru\u00e7\u00e3o de casas que n\u00e3o agridem o meio ambiente, tampouco crie problemas para a comunidade carente que vive ali antes mesmo do empreendimento. Entretanto, tudo desmorona quando ela se depara com o abismo entre as suas expectativas e a dura realidade. Whitney acredita ser uma artista mesmo n\u00e3o entendendo de arte, acredita ser uma empres\u00e1ria mesmo com um projeto fracassado e acredita ser uma salvadora mesmo sendo a co-autora de todos os problemas da comunidade e do seu relacionamento frustrado.<\/span><\/p>\n<p style=\"text-align: justify;\"><span style=\"font-weight: 400;\">Por outro lado, Asher vive em fun\u00e7\u00e3o de seu relacionamento. Outro obcecado, que\u00a0 tenta performar quem ele acha que deve ser. O marido quer ser aceito por Whitney como um bom parceiro, contudo seus medos e supersti\u00e7\u00f5es interferem nas suas decis\u00f5es que, por sua vez, o distanciam do ideal que a esposa deseja. Asher \u00e9 covarde e submisso, caracter\u00edsticas que Whitney enxerga nele, despreza e mesmo assim reproduz em suas escolhas. Mesmo ambos estando equivalentes no \u00e2mbito comportamental, n\u00e3o conseguem se conectar um com o outro, seja por ego\u00edsmo ou pelo medo.<\/span><\/p>\n<div id=\"attachment_19533\" style=\"width: 357px\" class=\"wp-caption aligncenter\"><a href=\"https:\/\/wp.ufpel.edu.br\/empauta\/files\/2024\/03\/imagem-3-scaled.jpg\"><img loading=\"lazy\" decoding=\"async\" aria-describedby=\"caption-attachment-19533\" class=\"wp-image-19533\" src=\"https:\/\/wp.ufpel.edu.br\/empauta\/files\/2024\/03\/imagem-3-240x318.jpg\" alt=\"\" width=\"347\" height=\"460\" srcset=\"https:\/\/wp.ufpel.edu.br\/empauta\/files\/2024\/03\/imagem-3-240x318.jpg 240w, https:\/\/wp.ufpel.edu.br\/empauta\/files\/2024\/03\/imagem-3-120x159.jpg 120w, https:\/\/wp.ufpel.edu.br\/empauta\/files\/2024\/03\/imagem-3-768x1017.jpg 768w, https:\/\/wp.ufpel.edu.br\/empauta\/files\/2024\/03\/imagem-3-1160x1536.jpg 1160w, https:\/\/wp.ufpel.edu.br\/empauta\/files\/2024\/03\/imagem-3-1547x2048.jpg 1547w, https:\/\/wp.ufpel.edu.br\/empauta\/files\/2024\/03\/imagem-3-scaled.jpg 1934w\" sizes=\"auto, (max-width: 347px) 100vw, 347px\" \/><\/a><p id=\"caption-attachment-19533\" class=\"wp-caption-text\"><center>Asher e Whitney\/ Divulga\u00e7\u00e3o: Paramount<\/center><\/p><\/div>\n<p style=\"text-align: justify;\"><span style=\"font-weight: 400;\">\u201cThe curse\u201d nos apresenta uma verdade crua que n\u00e3o costuma habitar o campo ficcional das s\u00e9ries e filmes. Somos expostos aos inconvenientes di\u00e1rios, verdades do cotidiano atrav\u00e9s de cenas longu\u00edssimas nas quais nada \u201cespecial\u201d ou \u201crelevante\u201d acontece, e \u00e9 do v\u00e1cuo deixado pela aus\u00eancia de excepcionalidade que n\u00f3s entendemos duas coisas.\u00a0<\/span><\/p>\n<p style=\"text-align: justify;\"><span style=\"font-weight: 400;\">A primeira \u00e9 a pot\u00eancia que a transposi\u00e7\u00e3o da realidade para as telas t\u00eam. Essa edi\u00e7\u00e3o recorta o essencial ao entretenimento, supera a factualidade e a transforma em algo extraordin\u00e1rio. Por exemplo, quando Dougie (Ben Safdie), o produtor do reality show dentro da s\u00e9rie, entrega o resultado final do trabalho aos moldes e desejos de Whitney, ela compreende que exibir somente o que lhe \u00e9 conveniente n\u00e3o engrandece o produto, sem conflito n\u00e3o h\u00e1 sequer um produto. E a segunda, intrinsecamente an\u00e1loga \u00e0 primeira, \u00e9 que emulando o cotidiano a s\u00e9rie devolve seu pr\u00f3prio argumento \u00e0 medida que a exposi\u00e7\u00e3o do absurdismo de uma produ\u00e7\u00e3o de TV cresce. N\u00e3o existe controle pleno sobre o mundo que nos cerca, a m\u00eddia pode interpretar muito bem a idealiza\u00e7\u00e3o disso, contudo falha quando tentamos excluir todas as partes inconvenientes, as consideradas descart\u00e1veis, se tornando entediante.\u00a0<\/span><\/p>\n<p style=\"text-align: justify;\"><span style=\"font-weight: 400;\">Extrapolando essas ideias, \u201cThe Curse\u201d opera em um n\u00edvel estranhamente familiar e abre espa\u00e7o para o desinteressante se reconstruir na nossa mente. \u00a0Ficamos ansiosos assistindo o banal, presos \u00e0 contempla\u00e7\u00e3o excessivamente naturalista de uma situa\u00e7\u00e3o amaldi\u00e7oada com o eterno comum. Uma \u00f3tima experi\u00eancia para quem quer se sentir desconfort\u00e1vel.<\/span><\/p>\n","protected":false},"excerpt":{"rendered":"<p>Ningu\u00e9m precisa de horrores al\u00e9m da compreens\u00e3o quando o terr\u00edvel cotidiano bate \u00e0 sua porta. Por Tobias Bernardo \/ Em Pauta. &nbsp; The Curse \u00e9 uma s\u00e9rie bizarra, fascinantemente bizarra. Durante 10 epis\u00f3dios ficamos&#46;&#46;&#46;<\/p>\n","protected":false},"author":587,"featured_media":19529,"comment_status":"closed","ping_status":"closed","sticky":false,"template":"","format":"standard","meta":{"jetpack_post_was_ever_published":false,"_jetpack_newsletter_access":"","_jetpack_dont_email_post_to_subs":false,"_jetpack_newsletter_tier_id":0,"_jetpack_memberships_contains_paywalled_content":false,"_jetpack_memberships_contains_paid_content":false,"footnotes":"","jetpack_publicize_message":"","jetpack_publicize_feature_enabled":true,"jetpack_social_post_already_shared":true,"jetpack_social_options":{"image_generator_settings":{"template":"highway","default_image_id":0,"font":"","enabled":false},"version":2}},"categories":[324,1],"tags":[379,449,1349],"class_list":["post-19528","post","type-post","status-publish","format-standard","has-post-thumbnail","hentry","category-criticaseresenhas","category-noticias","tag-criticas-e-resenhas","tag-serie","tag-the-curse"],"jetpack_publicize_connections":[],"jetpack_featured_media_url":"https:\/\/wp.ufpel.edu.br\/empauta\/files\/2024\/03\/Imagem-1-1-scaled.jpg","jetpack_sharing_enabled":true,"jetpack_shortlink":"https:\/\/wp.me\/p6Xvzq-54Y","jetpack-related-posts":[{"id":13188,"url":"https:\/\/wp.ufpel.edu.br\/empauta\/resenha-casal-improvavel\/","url_meta":{"origin":19528,"position":0},"title":"Resenha: Casal Improv\u00e1vel","author":"Em Pauta","date":"03\/07\/2019","format":false,"excerpt":"O jornalista Fred Flarsky (Seth Rogen) se demite ap\u00f3s receber a not\u00edcia de que a empresa em que trabalha foi vendida para um grande conglomerado de m\u00eddia, liderado por Parker Wembley (Andy Serkis).","rel":"","context":"Em &quot;Cr\u00edticas e Resenhas&quot;","block_context":{"text":"Cr\u00edticas e Resenhas","link":"https:\/\/wp.ufpel.edu.br\/empauta\/category\/todos\/criticaseresenhas\/"},"img":{"alt_text":"","src":"https:\/\/i0.wp.com\/wp.ufpel.edu.br\/empauta\/files\/2019\/07\/casalimprovavel.ret_.png?resize=350%2C200&ssl=1","width":350,"height":200,"srcset":"https:\/\/i0.wp.com\/wp.ufpel.edu.br\/empauta\/files\/2019\/07\/casalimprovavel.ret_.png?resize=350%2C200&ssl=1 1x, https:\/\/i0.wp.com\/wp.ufpel.edu.br\/empauta\/files\/2019\/07\/casalimprovavel.ret_.png?resize=525%2C300&ssl=1 1.5x"},"classes":[]},{"id":9920,"url":"https:\/\/wp.ufpel.edu.br\/empauta\/divorcio\/","url_meta":{"origin":19528,"position":1},"title":"DIV\u00d3RCIO","author":"Em Pauta","date":"06\/10\/2017","format":false,"excerpt":"\u00a0 Por Gra\u00e7a Vignolo de Siqueira \u201cNoeli (Camila Morgado) \u00e9 roubada do altar por J\u00falio (Murilo Ben\u00edcio). O casal enriquece quando o molho de tomate Juno, criado por eles, torna-se um sucesso. Mas a rotina distancia o casal e eles se separam. Para defender o patrim\u00f4nio, cada um tenta achar\u2026","rel":"","context":"Em &quot;Cr\u00edticas e Resenhas&quot;","block_context":{"text":"Cr\u00edticas e Resenhas","link":"https:\/\/wp.ufpel.edu.br\/empauta\/category\/todos\/criticaseresenhas\/"},"img":{"alt_text":"","src":"https:\/\/i0.wp.com\/wp.ufpel.edu.br\/empauta\/files\/2017\/10\/DivorcioCartaz.jpg?resize=350%2C200&ssl=1","width":350,"height":200,"srcset":"https:\/\/i0.wp.com\/wp.ufpel.edu.br\/empauta\/files\/2017\/10\/DivorcioCartaz.jpg?resize=350%2C200&ssl=1 1x, https:\/\/i0.wp.com\/wp.ufpel.edu.br\/empauta\/files\/2017\/10\/DivorcioCartaz.jpg?resize=525%2C300&ssl=1 1.5x"},"classes":[]},{"id":17477,"url":"https:\/\/wp.ufpel.edu.br\/empauta\/existe-diversao-no-deserto\/","url_meta":{"origin":19528,"position":2},"title":"Existe divers\u00e3o no deserto","author":"Em Pauta","date":"23\/03\/2023","format":false,"excerpt":"Carolina Feltrim traz uma hist\u00f3ria de origem em sua nova trilogia de fantasia com\u00a0 \u201cO Andarilho: Conto I\u201d \u00a0 Por Maria Clara Morais Sousa \/ Em Pauta As Cinco Terras de Lacrimosa s\u00e3o regidas autoritariamente pelo Primeiro Ministro, o deserto \u00e9 lugar de sede e mis\u00e9ria. Nesse primeiro conto, Damir\u2026","rel":"","context":"Em &quot;Cr\u00edticas e Resenhas&quot;","block_context":{"text":"Cr\u00edticas e Resenhas","link":"https:\/\/wp.ufpel.edu.br\/empauta\/category\/todos\/criticaseresenhas\/"},"img":{"alt_text":"","src":"https:\/\/i0.wp.com\/wp.ufpel.edu.br\/empauta\/files\/2023\/03\/o-andarilho-fonte-amazon.jpg?resize=350%2C200&ssl=1","width":350,"height":200},"classes":[]},{"id":18223,"url":"https:\/\/wp.ufpel.edu.br\/empauta\/ja-vivemos-em-black-mirror\/","url_meta":{"origin":19528,"position":3},"title":"J\u00e1 vivemos em Black Mirror","author":"Em Pauta","date":"17\/07\/2023","format":false,"excerpt":"Na sexta temporada da s\u00e9rie, o epis\u00f3dio Loch Henry se afasta da premissa dist\u00f3pica e mostra como a sociedade \u00e9 prejudicada pelas tecnologias do presente. Por Isabela Spieker \/ Ag\u00eancia Em Pauta O m\u00eas de junho foi muito aguardado pelos \u201cseriadores\u201d de plant\u00e3o. Ap\u00f3s quatro anos de espera, Black Mirror\u2026","rel":"","context":"Em &quot;Cr\u00edticas e Resenhas&quot;","block_context":{"text":"Cr\u00edticas e Resenhas","link":"https:\/\/wp.ufpel.edu.br\/empauta\/category\/todos\/criticaseresenhas\/"},"img":{"alt_text":"","src":"https:\/\/i0.wp.com\/wp.ufpel.edu.br\/empauta\/files\/2023\/07\/Foto-1-poster.jpg?resize=350%2C200&ssl=1","width":350,"height":200,"srcset":"https:\/\/i0.wp.com\/wp.ufpel.edu.br\/empauta\/files\/2023\/07\/Foto-1-poster.jpg?resize=350%2C200&ssl=1 1x, https:\/\/i0.wp.com\/wp.ufpel.edu.br\/empauta\/files\/2023\/07\/Foto-1-poster.jpg?resize=525%2C300&ssl=1 1.5x, https:\/\/i0.wp.com\/wp.ufpel.edu.br\/empauta\/files\/2023\/07\/Foto-1-poster.jpg?resize=700%2C400&ssl=1 2x"},"classes":[]},{"id":4539,"url":"https:\/\/wp.ufpel.edu.br\/empauta\/resenha-que-mal-eu-fiz-a-deus\/","url_meta":{"origin":19528,"position":4},"title":"Que mal eu fiz a Deus?","author":"Em Pauta","date":"16\/08\/2015","format":false,"excerpt":"\u00a0 \u00a0 \u00a0 \u00a0 \u00a0 \u00a0 \u00a0 \u00a0 \u00a0 \u00a0 \u00a0 \u00a0 \u00a0 \u00a0 \u00a0 \u00a0 \u00a0 \u00a0 \u00a0 \u00a0 \u00a0 \u00a0 \u00a0 \u00a0 \u00a0 \u00a0 \u00a0 \u00a0 \u00a0 \u00a0 \u00a0 \u00a0 \u00a0 \u00a0 \u00a0 \u00a0 \u00a0 \u00a0 \u00a0 \u00a0 \u00a0 \u00a0 \u00a0por Gra\u00e7a Vignolo de Siqueira Sinopse: \u201cO casal\u2026","rel":"","context":"Em &quot;Cr\u00edticas e Resenhas&quot;","block_context":{"text":"Cr\u00edticas e Resenhas","link":"https:\/\/wp.ufpel.edu.br\/empauta\/category\/todos\/criticaseresenhas\/"},"img":{"alt_text":"Imagem: Divulga\u00e7\u00e3o","src":"https:\/\/i0.wp.com\/wp.ufpel.edu.br\/empauta\/files\/2015\/08\/que-mal-eu-fiz.jpg?resize=350%2C200&ssl=1","width":350,"height":200,"srcset":"https:\/\/i0.wp.com\/wp.ufpel.edu.br\/empauta\/files\/2015\/08\/que-mal-eu-fiz.jpg?resize=350%2C200&ssl=1 1x, https:\/\/i0.wp.com\/wp.ufpel.edu.br\/empauta\/files\/2015\/08\/que-mal-eu-fiz.jpg?resize=525%2C300&ssl=1 1.5x"},"classes":[]},{"id":19670,"url":"https:\/\/wp.ufpel.edu.br\/empauta\/a-serie-turca-yargi-venceu-a-maior-premiacao-da-televisao-e-levou-o-emmy-internacional-para-casa-no-dia-20-de-novembro-de-2023\/","url_meta":{"origin":19528,"position":5},"title":"Olhar que vem da Turquia","author":"Em Pauta","date":"11\/03\/2024","format":false,"excerpt":"Yargi: Segredos de Fam\u00edlia \u00e9 mais uma das s\u00e9ries produzidas na Turquia que cresceram efetivamente como produto no Brasil e no mundo. A prova disso \u00e9 que no final de 2023, a s\u00e9rie Yargi desbancou as produ\u00e7\u00f5es brasileiras e a de Portugal, levando o Emmy Internacional para casa Escrito por\u2026","rel":"","context":"Em &quot;Cr\u00edticas e Resenhas&quot;","block_context":{"text":"Cr\u00edticas e Resenhas","link":"https:\/\/wp.ufpel.edu.br\/empauta\/category\/todos\/criticaseresenhas\/"},"img":{"alt_text":"","src":"https:\/\/i0.wp.com\/wp.ufpel.edu.br\/empauta\/files\/2024\/03\/imagem-1-1-1-scaled.jpg?resize=350%2C200&ssl=1","width":350,"height":200,"srcset":"https:\/\/i0.wp.com\/wp.ufpel.edu.br\/empauta\/files\/2024\/03\/imagem-1-1-1-scaled.jpg?resize=350%2C200&ssl=1 1x, https:\/\/i0.wp.com\/wp.ufpel.edu.br\/empauta\/files\/2024\/03\/imagem-1-1-1-scaled.jpg?resize=525%2C300&ssl=1 1.5x, https:\/\/i0.wp.com\/wp.ufpel.edu.br\/empauta\/files\/2024\/03\/imagem-1-1-1-scaled.jpg?resize=700%2C400&ssl=1 2x, https:\/\/i0.wp.com\/wp.ufpel.edu.br\/empauta\/files\/2024\/03\/imagem-1-1-1-scaled.jpg?resize=1050%2C600&ssl=1 3x, https:\/\/i0.wp.com\/wp.ufpel.edu.br\/empauta\/files\/2024\/03\/imagem-1-1-1-scaled.jpg?resize=1400%2C800&ssl=1 4x"},"classes":[]}],"_links":{"self":[{"href":"https:\/\/wp.ufpel.edu.br\/empauta\/wp-json\/wp\/v2\/posts\/19528","targetHints":{"allow":["GET"]}}],"collection":[{"href":"https:\/\/wp.ufpel.edu.br\/empauta\/wp-json\/wp\/v2\/posts"}],"about":[{"href":"https:\/\/wp.ufpel.edu.br\/empauta\/wp-json\/wp\/v2\/types\/post"}],"author":[{"embeddable":true,"href":"https:\/\/wp.ufpel.edu.br\/empauta\/wp-json\/wp\/v2\/users\/587"}],"replies":[{"embeddable":true,"href":"https:\/\/wp.ufpel.edu.br\/empauta\/wp-json\/wp\/v2\/comments?post=19528"}],"version-history":[{"count":5,"href":"https:\/\/wp.ufpel.edu.br\/empauta\/wp-json\/wp\/v2\/posts\/19528\/revisions"}],"predecessor-version":[{"id":19719,"href":"https:\/\/wp.ufpel.edu.br\/empauta\/wp-json\/wp\/v2\/posts\/19528\/revisions\/19719"}],"wp:featuredmedia":[{"embeddable":true,"href":"https:\/\/wp.ufpel.edu.br\/empauta\/wp-json\/wp\/v2\/media\/19529"}],"wp:attachment":[{"href":"https:\/\/wp.ufpel.edu.br\/empauta\/wp-json\/wp\/v2\/media?parent=19528"}],"wp:term":[{"taxonomy":"category","embeddable":true,"href":"https:\/\/wp.ufpel.edu.br\/empauta\/wp-json\/wp\/v2\/categories?post=19528"},{"taxonomy":"post_tag","embeddable":true,"href":"https:\/\/wp.ufpel.edu.br\/empauta\/wp-json\/wp\/v2\/tags?post=19528"}],"curies":[{"name":"wp","href":"https:\/\/api.w.org\/{rel}","templated":true}]}}