{"id":19255,"date":"2024-01-15T13:36:32","date_gmt":"2024-01-15T16:36:32","guid":{"rendered":"https:\/\/wp.ufpel.edu.br\/empauta\/?p=19255"},"modified":"2024-01-15T13:36:32","modified_gmt":"2024-01-15T16:36:32","slug":"grandes-obras-nao-surgem-da-quantidade-uma-critica-de-rebel-moon","status":"publish","type":"post","link":"https:\/\/wp.ufpel.edu.br\/empauta\/grandes-obras-nao-surgem-da-quantidade-uma-critica-de-rebel-moon\/","title":{"rendered":"Grandes obras n\u00e3o surgem da quantidade, uma cr\u00edtica de Rebel Moon"},"content":{"rendered":"<h3><span style=\"font-weight: 400;\">Com muitas inspira\u00e7\u00f5es, a primeira parte de Rebel Moon chegou na Netflix no dia 22 de dezembro cheio de promessas e expectativas. Ser\u00e1 que elas se sustentam nessa primeira parte da trama?<\/span><\/h3>\n<p><em>Por Tobias Bernardo \/ Em Pauta<\/em><\/p>\n<p><span style=\"font-weight: 400;\">Muitos criadores de universos passam anos focados em pesquisas quase intermin\u00e1veis sobre os mais diversos aspectos que ajudem a gerar um mundo criativo, profundo e curioso. E esses mundos, quando bem apresentados, nos fascinam pelas suas hist\u00f3rias memor\u00e1veis com personagens inesquec\u00edveis. Dos planetas sublimes localizados em uma gal\u00e1xia muito, muito distante de Star Wars de George Lucas, aos pequenos Hobbits do Senhor dos An\u00e9is de J.R.R Tolkien, somos levados pelas hist\u00f3rias das personagens que vivem ali, s\u00e3o elas que alimentam esses mundos e nos cativam a reconhecer os anos de vida que os autores colocaram nesse universo. Mas o que isso tem a ver com Rebel Moon &#8211; Parte 1: A Menina do Fogo (2023)?\u00a0<\/span><\/p>\n<div id=\"attachment_19256\" style=\"width: 226px\" class=\"wp-caption alignleft\"><a href=\"https:\/\/wp.ufpel.edu.br\/empauta\/files\/2024\/01\/imagem-1.jpg\"><img loading=\"lazy\" decoding=\"async\" aria-describedby=\"caption-attachment-19256\" class=\"size-medium wp-image-19256\" src=\"https:\/\/wp.ufpel.edu.br\/empauta\/files\/2024\/01\/imagem-1-216x318.jpg\" alt=\"\" width=\"216\" height=\"318\" srcset=\"https:\/\/wp.ufpel.edu.br\/empauta\/files\/2024\/01\/imagem-1-216x318.jpg 216w, https:\/\/wp.ufpel.edu.br\/empauta\/files\/2024\/01\/imagem-1-108x159.jpg 108w, https:\/\/wp.ufpel.edu.br\/empauta\/files\/2024\/01\/imagem-1-768x1133.jpg 768w, https:\/\/wp.ufpel.edu.br\/empauta\/files\/2024\/01\/imagem-1-1041x1536.jpg 1041w, https:\/\/wp.ufpel.edu.br\/empauta\/files\/2024\/01\/imagem-1.jpg 1388w\" sizes=\"auto, (max-width: 216px) 100vw, 216px\" \/><\/a><p id=\"caption-attachment-19256\" class=\"wp-caption-text\">P\u00f4ster de divulga\u00e7\u00e3o de Rebel Moon. Foto: Reprodu\u00e7\u00e3o\/Netflix<\/p><\/div>\n<p><span style=\"font-weight: 400;\">Em diversas entrevistas com o diretor e corroteirista, Zack Snyder, s\u00e3o mencionados os 30 anos de envolvimento dele com a cria\u00e7\u00e3o dos planetas, lugares e hist\u00f3ria geral de um universo que, originalmente, deveria ser uma continua\u00e7\u00e3o de Star Wars. E isso pode nos levar \u00e0 err\u00f4nea ideia de que com tanto tempo para maturar uma ideia, o, <\/span><i><span style=\"font-weight: 400;\">supostamente aclamado, <\/span><\/i><span style=\"font-weight: 400;\">diretor <\/span><span style=\"font-weight: 400;\">seria impec\u00e1vel na execu\u00e7\u00e3o de algo que ele conhece t\u00e3o bem. Infelizmente, nem o tempo e nem o dinheiro levantado para a produ\u00e7\u00e3o deste e da sua sequ\u00eancia (166 milh\u00f5es de d\u00f3lares de or\u00e7amento) deram conta de elevar a obra a qualquer patamar que n\u00e3o fosse o da pura incompet\u00eancia.<\/span><\/p>\n<p><span style=\"font-weight: 400;\">Rebel Moon conta a hist\u00f3ria de Kora (Sofia Boutella), que ao ter sua col\u00f4nia de fazendeiros amea\u00e7ada pelo imp\u00e9rio da Terra M\u00e3e, lideradas pelo tirano Balisarius (Fra Fee), se v\u00ea obrigada a pegar em armas mais uma vez e reunir um time de renegados para proteger os inocentes deste terr\u00edvel governo ditatorial.\u00a0<\/span><\/p>\n<p><span style=\"font-weight: 400;\">Fica aparente que o roteiro foi inspirado por cl\u00e1ssicos como Seven Samurai (1941) de Akira Kurosawa &#8211; no qual samurais devem se juntar na tentativa de proteger um povo, at\u00e9 ent\u00e3o, indefeso &#8211; e Star Wars (1977) &#8211; onde uma batalha contra um imp\u00e9rio autorit\u00e1rio que domina grande parte da gal\u00e1xia motiva grande parte da trama. Contudo, se no cl\u00e1ssico japon\u00eas temos debates sobre honra, gl\u00f3ria e viol\u00eancia, e no \u00e9pico sci-fi norte-americano uma trama pol\u00edtica interessante que levanta quest\u00f5es sobre autoritarismo e movimentos revolucion\u00e1rios, aqui n\u00f3s vemos um aceno (long\u00ednquo e desfocado) a qualquer um desses temas. Rebel Moon bebe de diversas fontes, mas n\u00e3o sabe o que faz delas grandes obras, n\u00e3o entende (ou cinicamente ignora) quais s\u00e3o as motiva\u00e7\u00f5es por tr\u00e1s dos seus debates, e acaba os resumindo a lutas clich\u00eas em cen\u00e1rios pouco convincentes.<\/span><\/p>\n<p><span style=\"font-weight: 400;\">Al\u00e9m de gen\u00e9rico em sua ess\u00eancia, o roteiro peca em n\u00e3o conseguir apresentar de maneira interessante um personagem sequer, deixando tudo \u201clargado\u201d com di\u00e1logos t\u00e3o expositivos que arrepiam de vergonha alheia. O time de her\u00f3is do longa \u00e9 t\u00e3o profundamente desinteressante quanto \u00e0s suas respectivas (e vagas) motiva\u00e7\u00f5es. A cada novo personagem introduzido somos for\u00e7ados a questionar o porqu\u00ea do s\u00fabito interesse dele\/a com a trama, como eles se relacionam entre si e &#8211; para mim a pergunta mais importante &#8211; por que devemos nos importar com tudo isso? As duas linhas mal escritas de di\u00e1logo que chamamos nesse filme de personagens n\u00e3o s\u00e3o melhores que prot\u00f3tipos de fichas que algum pr\u00e9-adolescente escreveu para uma mesa, de primeira viagem, de algum RPG de mesa interpretativo.<\/span><\/p>\n<div id=\"attachment_19257\" style=\"width: 434px\" class=\"wp-caption aligncenter\"><a href=\"https:\/\/wp.ufpel.edu.br\/empauta\/files\/2024\/01\/imagem-2.jpeg\"><img loading=\"lazy\" decoding=\"async\" aria-describedby=\"caption-attachment-19257\" class=\"size-medium wp-image-19257\" src=\"https:\/\/wp.ufpel.edu.br\/empauta\/files\/2024\/01\/imagem-2-424x239.jpeg\" alt=\"\" width=\"424\" height=\"239\" srcset=\"https:\/\/wp.ufpel.edu.br\/empauta\/files\/2024\/01\/imagem-2-424x239.jpeg 424w, https:\/\/wp.ufpel.edu.br\/empauta\/files\/2024\/01\/imagem-2-212x119.jpeg 212w, https:\/\/wp.ufpel.edu.br\/empauta\/files\/2024\/01\/imagem-2.jpeg 640w\" sizes=\"auto, (max-width: 424px) 100vw, 424px\" \/><\/a><p id=\"caption-attachment-19257\" class=\"wp-caption-text\">Grupo de her\u00f3is de Rebel Moon. Foto: Reprodu\u00e7\u00e3o\/Netflix<\/p><\/div>\n<p><span style=\"font-weight: 400;\">E, como se n\u00e3o bastasse, a est\u00e9tica visual do Snyder custa para colaborar com a pel\u00edcula. A t\u00e3o falada obsess\u00e3o do diretor com o efeito de <\/span><i><span style=\"font-weight: 400;\">slow motion <\/span><\/i><span style=\"font-weight: 400;\">aparece repetidas vezes no longa, carente de qualquer motiva\u00e7\u00e3o l\u00f3gica. O efeito na lente, usada em praticamente todos os 134 minutos, possui um desfoque radial que irrita o olhar e distorce os planos de maneira irregular. A ilumina\u00e7\u00e3o de est\u00fadio favorece a artificialidade dos cen\u00e1rios, o que n\u00e3o seria um problema se qualquer outro pilar do filme desse algum prop\u00f3sito para a sua exist\u00eancia.\u00a0<\/span><\/p>\n<p><span style=\"font-weight: 400;\">O esvaziamento narrativo em troca de uma est\u00e9tica nos mostra outra tend\u00eancia marcante do diretor-corroteirista, uma percep\u00e7\u00e3o visual que se esfor\u00e7a o tempo todo para ser descolada, mas acaba refor\u00e7ando uma gama de pontos negativos. Seja o que falta na idealiza\u00e7\u00e3o dos planos e sequ\u00eancias, falta na edi\u00e7\u00e3o de cor, falta at\u00e9 na escolha das m\u00fasicas, tudo acaba ficando pelo caminho em prol de uma grandiosidade que tenta se sustentar no nome de uma estrela que j\u00e1 n\u00e3o brilha a mais de dez anos.<\/span><\/p>\n<p><span style=\"font-weight: 400;\">Como filme que marca a apresenta\u00e7\u00e3o de um universo que se prop\u00f5e a ser uma das novas caras da Netflix, fica muito a desejar. Podemos colocar 30 anos, 3 l\u00ednguas, dezenas de esp\u00e9cies e povos em um mundo, mas sem uma obra cativante, todos esses gigabytes de informa\u00e7\u00e3o carregados por centenas de horas de trabalho colaborativo viram poeira estelar no infinito, e em constante expans\u00e3o, universo que chamamos de s\u00e9tima arte. S\u00e3o duas horas e quinze de d\u00e9cadas investidas em\u2026 nada\u2026<\/span><\/p>\n<p><span style=\"font-weight: 400;\">E de tudo isso me resta perguntar: se voc\u00ea pudesse ser um diretor, Snyder, qual voc\u00ea seria?<\/span><\/p>\n","protected":false},"excerpt":{"rendered":"<p>Com muitas inspira\u00e7\u00f5es, a primeira parte de Rebel Moon chegou na Netflix no dia 22 de dezembro cheio de promessas e expectativas. Ser\u00e1 que elas se sustentam nessa primeira parte da trama? Por Tobias&#46;&#46;&#46;<\/p>\n","protected":false},"author":587,"featured_media":19257,"comment_status":"closed","ping_status":"closed","sticky":false,"template":"","format":"standard","meta":{"jetpack_post_was_ever_published":false,"_jetpack_newsletter_access":"","_jetpack_dont_email_post_to_subs":false,"_jetpack_newsletter_tier_id":0,"_jetpack_memberships_contains_paywalled_content":false,"_jetpack_memberships_contains_paid_content":false,"footnotes":"","jetpack_publicize_message":"","jetpack_publicize_feature_enabled":true,"jetpack_social_post_already_shared":true,"jetpack_social_options":{"image_generator_settings":{"template":"highway","default_image_id":0,"font":"","enabled":false},"version":2}},"categories":[324],"tags":[379,530,1237,449,1239,1238],"class_list":["post-19255","post","type-post","status-publish","format-standard","has-post-thumbnail","hentry","category-criticaseresenhas","tag-criticas-e-resenhas","tag-netflix","tag-rebel-moon","tag-serie","tag-star-wars","tag-zack-snyder"],"jetpack_publicize_connections":[],"jetpack_featured_media_url":"https:\/\/wp.ufpel.edu.br\/empauta\/files\/2024\/01\/imagem-2.jpeg","jetpack_sharing_enabled":true,"jetpack_shortlink":"https:\/\/wp.me\/p6Xvzq-50z","jetpack-related-posts":[{"id":15309,"url":"https:\/\/wp.ufpel.edu.br\/empauta\/pretendente-surpresa-o-cliche-que-amamos\/","url_meta":{"origin":19255,"position":0},"title":"Pretendente Surpresa: o clich\u00ea que amamos","author":"Em Pauta","date":"06\/05\/2022","format":false,"excerpt":"A s\u00e9rie da Netflix \u00e9 mais uma produ\u00e7\u00e3o sul coreana que conquista o Brasil, ficando no Top 10 dos mais assistidos na plataforma Por Rafaela Stark A com\u00e9dia rom\u00e2ntica \u201cPretendente Surpresa\" chegou ao Brasil em abril, dispon\u00edvel na plataforma de streaming da Netflix, ela j\u00e1 \u00e9 um absoluto sucesso. O\u2026","rel":"","context":"Em &quot;Cr\u00edticas e Resenhas&quot;","block_context":{"text":"Cr\u00edticas e Resenhas","link":"https:\/\/wp.ufpel.edu.br\/empauta\/category\/todos\/criticaseresenhas\/"},"img":{"alt_text":"","src":"https:\/\/i0.wp.com\/wp.ufpel.edu.br\/empauta\/files\/2022\/05\/Pretendente-Surpresa.jpeg?resize=350%2C200&ssl=1","width":350,"height":200,"srcset":"https:\/\/i0.wp.com\/wp.ufpel.edu.br\/empauta\/files\/2022\/05\/Pretendente-Surpresa.jpeg?resize=350%2C200&ssl=1 1x, https:\/\/i0.wp.com\/wp.ufpel.edu.br\/empauta\/files\/2022\/05\/Pretendente-Surpresa.jpeg?resize=525%2C300&ssl=1 1.5x, https:\/\/i0.wp.com\/wp.ufpel.edu.br\/empauta\/files\/2022\/05\/Pretendente-Surpresa.jpeg?resize=700%2C400&ssl=1 2x"},"classes":[]},{"id":15928,"url":"https:\/\/wp.ufpel.edu.br\/empauta\/os-sonhos-podem-se-tornar-realidade\/","url_meta":{"origin":19255,"position":1},"title":"Os sonhos podem se tornar realidade","author":"Em Pauta","date":"17\/08\/2022","format":false,"excerpt":"Em uma adapta\u00e7\u00e3o quase perfeita, Sandman traz o melhor de seu material original e descobre novas formas de introduzir e encantar com os seus brilhantes personagens e hist\u00f3rias Por Felipe Boettge \/Em Pauta Ap\u00f3s um ritual que buscava prender a Morte para alcan\u00e7ar a imortalidade, o Sonho, uma entidade que\u2026","rel":"","context":"Em &quot;Cr\u00edticas e Resenhas&quot;","block_context":{"text":"Cr\u00edticas e Resenhas","link":"https:\/\/wp.ufpel.edu.br\/empauta\/category\/todos\/criticaseresenhas\/"},"img":{"alt_text":"","src":"https:\/\/i0.wp.com\/wp.ufpel.edu.br\/empauta\/files\/2022\/08\/Imagem-3-Sandman-scaled.jpeg?resize=350%2C200&ssl=1","width":350,"height":200,"srcset":"https:\/\/i0.wp.com\/wp.ufpel.edu.br\/empauta\/files\/2022\/08\/Imagem-3-Sandman-scaled.jpeg?resize=350%2C200&ssl=1 1x, https:\/\/i0.wp.com\/wp.ufpel.edu.br\/empauta\/files\/2022\/08\/Imagem-3-Sandman-scaled.jpeg?resize=525%2C300&ssl=1 1.5x, https:\/\/i0.wp.com\/wp.ufpel.edu.br\/empauta\/files\/2022\/08\/Imagem-3-Sandman-scaled.jpeg?resize=700%2C400&ssl=1 2x, https:\/\/i0.wp.com\/wp.ufpel.edu.br\/empauta\/files\/2022\/08\/Imagem-3-Sandman-scaled.jpeg?resize=1050%2C600&ssl=1 3x, https:\/\/i0.wp.com\/wp.ufpel.edu.br\/empauta\/files\/2022\/08\/Imagem-3-Sandman-scaled.jpeg?resize=1400%2C800&ssl=1 4x"},"classes":[]},{"id":7537,"url":"https:\/\/wp.ufpel.edu.br\/empauta\/star-wars-o-despertar-da-forca\/","url_meta":{"origin":19255,"position":2},"title":"STAR WARS : O despertar da for\u00e7a","author":"Em Pauta","date":"17\/12\/2015","format":false,"excerpt":"por Gra\u00e7a Vignolo de Siqueira Sinopse: \u201cMuito tempo ap\u00f3s os fatos de \"O Retorno de Jedi\" a Primeira Ordem se instalou. \u00c9 uma organiza\u00e7\u00e3o sombria iniciada ap\u00f3s a queda de Darth Vader e do Imp\u00e9rio. O grupo est\u00e1 em busca do poderoso e \u00faltimo \u00a0Jedi, Luke Skywalker, mas ter\u00e1 que\u2026","rel":"","context":"Em &quot;Cr\u00edticas e Resenhas&quot;","block_context":{"text":"Cr\u00edticas e Resenhas","link":"https:\/\/wp.ufpel.edu.br\/empauta\/category\/todos\/criticaseresenhas\/"},"img":{"alt_text":"","src":"","width":0,"height":0},"classes":[]},{"id":16808,"url":"https:\/\/wp.ufpel.edu.br\/empauta\/se-o-twitter-fosse-um-filme\/","url_meta":{"origin":19255,"position":3},"title":"Se o Twitter fosse um filme","author":"Em Pauta","date":"20\/10\/2022","format":false,"excerpt":"Filme \u201cMorte Morte Morte\u201d, lan\u00e7ado no Brasil h\u00e1 menos de duas semanas, traz uma narrativa controversa e personagens egoc\u00eantricos. Por Jaime Lucas Mattos \u201cMorte Morte Morte\u201d (no original, \u201cBodies Bodies Bodies\u201d) \u00e9 classificado como um filme dos g\u00eaneros terror slasher e com\u00e9dia. Sua estrutura, de fato, flerta com os dois\u2026","rel":"","context":"Em &quot;Cr\u00edticas e Resenhas&quot;","block_context":{"text":"Cr\u00edticas e Resenhas","link":"https:\/\/wp.ufpel.edu.br\/empauta\/category\/todos\/criticaseresenhas\/"},"img":{"alt_text":"","src":"https:\/\/i0.wp.com\/wp.ufpel.edu.br\/empauta\/files\/2022\/10\/Imagem-4-1.jpeg?resize=350%2C200&ssl=1","width":350,"height":200,"srcset":"https:\/\/i0.wp.com\/wp.ufpel.edu.br\/empauta\/files\/2022\/10\/Imagem-4-1.jpeg?resize=350%2C200&ssl=1 1x, https:\/\/i0.wp.com\/wp.ufpel.edu.br\/empauta\/files\/2022\/10\/Imagem-4-1.jpeg?resize=525%2C300&ssl=1 1.5x, https:\/\/i0.wp.com\/wp.ufpel.edu.br\/empauta\/files\/2022\/10\/Imagem-4-1.jpeg?resize=700%2C400&ssl=1 2x, https:\/\/i0.wp.com\/wp.ufpel.edu.br\/empauta\/files\/2022\/10\/Imagem-4-1.jpeg?resize=1050%2C600&ssl=1 3x, https:\/\/i0.wp.com\/wp.ufpel.edu.br\/empauta\/files\/2022\/10\/Imagem-4-1.jpeg?resize=1400%2C800&ssl=1 4x"},"classes":[]},{"id":16433,"url":"https:\/\/wp.ufpel.edu.br\/empauta\/fazendo-justica-pelos-filmes-adolescentes\/","url_meta":{"origin":19255,"position":4},"title":"Fazendo justi\u00e7a pelos filmes adolescentes","author":"Em Pauta","date":"28\/09\/2022","format":false,"excerpt":"\u201cJusticeiras\u201d, recente filme da Netflix, aposta em grandes estrelas para chamar a aten\u00e7\u00e3o do p\u00fablico adolescente. Por Jaime Lucas Mattos \u201cJusticeiras\u201d (\u201cDo Revenge\u201d, no original) conta a hist\u00f3ria de Drea (Camila Mendes), aluna da escola Rosehill Academy, em Miami, onde ela tem uma alta popularidade. No entanto, sua vida vira\u2026","rel":"","context":"Em &quot;Cr\u00edticas e Resenhas&quot;","block_context":{"text":"Cr\u00edticas e Resenhas","link":"https:\/\/wp.ufpel.edu.br\/empauta\/category\/todos\/criticaseresenhas\/"},"img":{"alt_text":"","src":"https:\/\/i0.wp.com\/wp.ufpel.edu.br\/empauta\/files\/2022\/09\/drj2-scaled.jpeg?resize=350%2C200&ssl=1","width":350,"height":200,"srcset":"https:\/\/i0.wp.com\/wp.ufpel.edu.br\/empauta\/files\/2022\/09\/drj2-scaled.jpeg?resize=350%2C200&ssl=1 1x, https:\/\/i0.wp.com\/wp.ufpel.edu.br\/empauta\/files\/2022\/09\/drj2-scaled.jpeg?resize=525%2C300&ssl=1 1.5x, https:\/\/i0.wp.com\/wp.ufpel.edu.br\/empauta\/files\/2022\/09\/drj2-scaled.jpeg?resize=700%2C400&ssl=1 2x, https:\/\/i0.wp.com\/wp.ufpel.edu.br\/empauta\/files\/2022\/09\/drj2-scaled.jpeg?resize=1050%2C600&ssl=1 3x, https:\/\/i0.wp.com\/wp.ufpel.edu.br\/empauta\/files\/2022\/09\/drj2-scaled.jpeg?resize=1400%2C800&ssl=1 4x"},"classes":[]},{"id":17477,"url":"https:\/\/wp.ufpel.edu.br\/empauta\/existe-diversao-no-deserto\/","url_meta":{"origin":19255,"position":5},"title":"Existe divers\u00e3o no deserto","author":"Em Pauta","date":"23\/03\/2023","format":false,"excerpt":"Carolina Feltrim traz uma hist\u00f3ria de origem em sua nova trilogia de fantasia com\u00a0 \u201cO Andarilho: Conto I\u201d \u00a0 Por Maria Clara Morais Sousa \/ Em Pauta As Cinco Terras de Lacrimosa s\u00e3o regidas autoritariamente pelo Primeiro Ministro, o deserto \u00e9 lugar de sede e mis\u00e9ria. Nesse primeiro conto, Damir\u2026","rel":"","context":"Em &quot;Cr\u00edticas e Resenhas&quot;","block_context":{"text":"Cr\u00edticas e Resenhas","link":"https:\/\/wp.ufpel.edu.br\/empauta\/category\/todos\/criticaseresenhas\/"},"img":{"alt_text":"","src":"https:\/\/i0.wp.com\/wp.ufpel.edu.br\/empauta\/files\/2023\/03\/o-andarilho-fonte-amazon.jpg?resize=350%2C200&ssl=1","width":350,"height":200},"classes":[]}],"_links":{"self":[{"href":"https:\/\/wp.ufpel.edu.br\/empauta\/wp-json\/wp\/v2\/posts\/19255","targetHints":{"allow":["GET"]}}],"collection":[{"href":"https:\/\/wp.ufpel.edu.br\/empauta\/wp-json\/wp\/v2\/posts"}],"about":[{"href":"https:\/\/wp.ufpel.edu.br\/empauta\/wp-json\/wp\/v2\/types\/post"}],"author":[{"embeddable":true,"href":"https:\/\/wp.ufpel.edu.br\/empauta\/wp-json\/wp\/v2\/users\/587"}],"replies":[{"embeddable":true,"href":"https:\/\/wp.ufpel.edu.br\/empauta\/wp-json\/wp\/v2\/comments?post=19255"}],"version-history":[{"count":1,"href":"https:\/\/wp.ufpel.edu.br\/empauta\/wp-json\/wp\/v2\/posts\/19255\/revisions"}],"predecessor-version":[{"id":19258,"href":"https:\/\/wp.ufpel.edu.br\/empauta\/wp-json\/wp\/v2\/posts\/19255\/revisions\/19258"}],"wp:featuredmedia":[{"embeddable":true,"href":"https:\/\/wp.ufpel.edu.br\/empauta\/wp-json\/wp\/v2\/media\/19257"}],"wp:attachment":[{"href":"https:\/\/wp.ufpel.edu.br\/empauta\/wp-json\/wp\/v2\/media?parent=19255"}],"wp:term":[{"taxonomy":"category","embeddable":true,"href":"https:\/\/wp.ufpel.edu.br\/empauta\/wp-json\/wp\/v2\/categories?post=19255"},{"taxonomy":"post_tag","embeddable":true,"href":"https:\/\/wp.ufpel.edu.br\/empauta\/wp-json\/wp\/v2\/tags?post=19255"}],"curies":[{"name":"wp","href":"https:\/\/api.w.org\/{rel}","templated":true}]}}