{"id":18893,"date":"2023-11-01T18:20:06","date_gmt":"2023-11-01T21:20:06","guid":{"rendered":"https:\/\/wp.ufpel.edu.br\/empauta\/?p=18893"},"modified":"2023-11-07T17:32:17","modified_gmt":"2023-11-07T20:32:17","slug":"plataforma-de-combate-ao-assedio-sexual-no-transporte-publico-e-lancada-em-rio-grande","status":"publish","type":"post","link":"https:\/\/wp.ufpel.edu.br\/empauta\/plataforma-de-combate-ao-assedio-sexual-no-transporte-publico-e-lancada-em-rio-grande\/","title":{"rendered":"Plataforma de combate ao ass\u00e9dio sexual no transporte p\u00fablico \u00e9 lan\u00e7ada em Rio Grande"},"content":{"rendered":"<h3>Essa ser\u00e1 a primeira ferramenta do Rio Grande do Sul para den\u00fancias de ass\u00e9dio no transporte coletivo<\/h3>\n<p style=\"text-align: left;\"><em>Por Laura Cosme\/ Em Pauta<\/em><\/p>\n<div id=\"attachment_18894\" style=\"width: 434px\" class=\"wp-caption aligncenter\"><a href=\"https:\/\/wp.ufpel.edu.br\/empauta\/files\/2023\/11\/WhatsApp-Image-2023-10-30-at-11.10.18-2.jpeg\"><img loading=\"lazy\" decoding=\"async\" aria-describedby=\"caption-attachment-18894\" class=\"size-medium wp-image-18894\" src=\"https:\/\/wp.ufpel.edu.br\/empauta\/files\/2023\/11\/WhatsApp-Image-2023-10-30-at-11.10.18-2-424x239.jpeg\" alt=\"\" width=\"424\" height=\"239\" srcset=\"https:\/\/wp.ufpel.edu.br\/empauta\/files\/2023\/11\/WhatsApp-Image-2023-10-30-at-11.10.18-2-424x239.jpeg 424w, https:\/\/wp.ufpel.edu.br\/empauta\/files\/2023\/11\/WhatsApp-Image-2023-10-30-at-11.10.18-2-212x119.jpeg 212w, https:\/\/wp.ufpel.edu.br\/empauta\/files\/2023\/11\/WhatsApp-Image-2023-10-30-at-11.10.18-2-768x432.jpeg 768w, https:\/\/wp.ufpel.edu.br\/empauta\/files\/2023\/11\/WhatsApp-Image-2023-10-30-at-11.10.18-2-1536x864.jpeg 1536w, https:\/\/wp.ufpel.edu.br\/empauta\/files\/2023\/11\/WhatsApp-Image-2023-10-30-at-11.10.18-2.jpeg 1600w\" sizes=\"auto, (max-width: 424px) 100vw, 424px\" \/><\/a><p id=\"caption-attachment-18894\" class=\"wp-caption-text\">Cerim\u00f4nia de lan\u00e7amento da plataforma JU.L.I.A. Foto: Laura Cosme<\/p><\/div>\n<p>A partir desta segunda-feira, 30\/10, o munic\u00edpio do Rio Grande ir\u00e1 contar com uma nova plataforma de combate ao ass\u00e9dio sexual no transporte p\u00fablico. O aplicativo denominado <strong>&#8220;JU.L.I.A\u201d <\/strong>permitir\u00e1 emitir alertas para a Guarda Municipal mediante situa\u00e7\u00f5es de ass\u00e9dio. A implementa\u00e7\u00e3o do aplicativo faz parte das iniciativas do programa Virada da Paz.<\/p>\n<p>O lan\u00e7amento da ferramenta ocorreu no sal\u00e3o nobre da Prefeitura de Rio Grande. O desenvolvimento da plataforma no munic\u00edpio \u00e9 uma iniciativa do Executivo Municipal, em parceria com a Secret\u00e1ria de Mobilidade, Acessibilidade e Seguran\u00e7a, e foi inspirada em uma iniciativa da prefeitura de Campina Grande, Para\u00edba. Essa ser\u00e1 a primeira ferramenta do Rio Grande do Sul para den\u00fancias de ass\u00e9dio no transporte coletivo.<\/p>\n<p>A cerim\u00f4nia iniciou com o ato de assinatura realizado pelo prefeito F\u00e1bio Branco do Projeto de Lei n\u00famero 107\/2023, que disp\u00f5e sobre medidas de preven\u00e7\u00e3o e combate ao ass\u00e9dio sexual de mulheres nos meios de transportes coletivos.<\/p>\n<p>Durante sua fala, o chefe do executivo ressaltou a relev\u00e2ncia desta iniciativa para o combate ao ass\u00e9dio no munic\u00edpio: <em>\u201cCom a Virada da Paz n\u00f3s vimos que ter um trabalho social integrado podemos identificar programas que s\u00e3o importantes para a vida das pessoas. \u00c9 cuidando das pessoas que teremos uma cidade mais inclusiva, participativa e segura.\u201d<\/em><\/p>\n<p><em>\u201cEstamos conscientes de que n\u00e3o iremos resolver tudo, mas iremos melhorar esse processo, principalmente, a partir da identifica\u00e7\u00e3o das mulheres que precisam ser atendidas. Estaremos aptos com a guarda municipal, em parceria com a Brigada Militar, para atuar, agir e inibir aqueles que importunam \u00e0s mulheres no transporte coletivo\u201d,<\/em> comenta o prefeito F\u00e1bio Branco.<\/p>\n<div id=\"attachment_18895\" style=\"width: 434px\" class=\"wp-caption aligncenter\"><a href=\"https:\/\/wp.ufpel.edu.br\/empauta\/files\/2023\/11\/imagem_525.jpeg\"><img loading=\"lazy\" decoding=\"async\" aria-describedby=\"caption-attachment-18895\" class=\"size-medium wp-image-18895\" src=\"https:\/\/wp.ufpel.edu.br\/empauta\/files\/2023\/11\/imagem_525-424x239.jpeg\" alt=\"\" width=\"424\" height=\"239\" srcset=\"https:\/\/wp.ufpel.edu.br\/empauta\/files\/2023\/11\/imagem_525-424x239.jpeg 424w, https:\/\/wp.ufpel.edu.br\/empauta\/files\/2023\/11\/imagem_525-212x119.jpeg 212w, https:\/\/wp.ufpel.edu.br\/empauta\/files\/2023\/11\/imagem_525.jpeg 700w\" sizes=\"auto, (max-width: 424px) 100vw, 424px\" \/><\/a><p id=\"caption-attachment-18895\" class=\"wp-caption-text\">Ato de assinatura do Projeto de Lei n\u00famero 107\/2023. Foto: Laura Cosme<\/p><\/div>\n<p>O ato de lan\u00e7amento tamb\u00e9m contou com a presen\u00e7a de autoridades civis e militares, participantes de projetos sociais e institui\u00e7\u00f5es sociais do munic\u00edpio.<\/p>\n<p><strong>Casos de ass\u00e9dio no munic\u00edpio de Rio Grande<\/strong><\/p>\n<p>De acordo com o estudo realizado pela Secret\u00e1ria de Mobilidade, Acessibilidade e Seguran\u00e7a, durante a elabora\u00e7\u00e3o do programa Virada da Paz, 20% das mulheres que diziam ter sido importunas, afirmavam que os atos ocorreram no transporte p\u00fablico.<\/p>\n<p><strong>Plataforma JU.L.I.A<\/strong><\/p>\n<p>JU.L.I.A, que significa \u201cJuntas livres do ass\u00e9dio\u201d \u00e9 um aplicativo de den\u00fancia que visa mitigar os casos de ass\u00e9dio no transporte p\u00fablico. Atrav\u00e9s de um sistema integrado, os usu\u00e1rios podem emitir alertas em tempo real para uma equipe especializada da guarda municipal, a qual contar\u00e1 com uma patrulha composta por quatro guardas e uma viatura identificada com o slogan do aplicativo.<\/p>\n<div id=\"attachment_18896\" style=\"width: 176px\" class=\"wp-caption aligncenter\"><a href=\"https:\/\/wp.ufpel.edu.br\/empauta\/files\/2023\/11\/WhatsApp-Image-2023-10-30-at-11.10.19.jpeg\"><img loading=\"lazy\" decoding=\"async\" aria-describedby=\"caption-attachment-18896\" class=\"size-medium wp-image-18896\" src=\"https:\/\/wp.ufpel.edu.br\/empauta\/files\/2023\/11\/WhatsApp-Image-2023-10-30-at-11.10.19-166x318.jpeg\" alt=\"\" width=\"166\" height=\"318\" srcset=\"https:\/\/wp.ufpel.edu.br\/empauta\/files\/2023\/11\/WhatsApp-Image-2023-10-30-at-11.10.19-166x318.jpeg 166w, https:\/\/wp.ufpel.edu.br\/empauta\/files\/2023\/11\/WhatsApp-Image-2023-10-30-at-11.10.19-83x159.jpeg 83w, https:\/\/wp.ufpel.edu.br\/empauta\/files\/2023\/11\/WhatsApp-Image-2023-10-30-at-11.10.19-768x1467.jpeg 768w, https:\/\/wp.ufpel.edu.br\/empauta\/files\/2023\/11\/WhatsApp-Image-2023-10-30-at-11.10.19-804x1536.jpeg 804w, https:\/\/wp.ufpel.edu.br\/empauta\/files\/2023\/11\/WhatsApp-Image-2023-10-30-at-11.10.19.jpeg 828w\" sizes=\"auto, (max-width: 166px) 100vw, 166px\" \/><\/a><p id=\"caption-attachment-18896\" class=\"wp-caption-text\">Interface do aplicativo Cart\u00e3o Rio Grande<\/p><\/div>\n<p><strong>Como fazer uma ocorr\u00eancia no App?<\/strong><\/p>\n<p>As ocorr\u00eancias podem ser emitidas por meio do aplicativo <strong>Cart\u00e3o Rio Grande<\/strong>, dispon\u00edvel em todas as lojas de aplicativos.<\/p>\n<p>Dentro da ferramenta, h\u00e1 um chatbot que permite que a v\u00edtima compartilhe sua localiza\u00e7\u00e3o e informa\u00e7\u00f5es sobre o agressor.<\/p>\n<p>Ap\u00f3s o envio da ocorr\u00eancia, a equipe estar\u00e1 pronta para responder a situa\u00e7\u00f5es de ass\u00e9dio sexual, oferecendo suporte imediato e garantindo a seguran\u00e7a da v\u00edtima.<\/p>\n<p style=\"text-align: center;\"><a href=\"https:\/\/wp.ufpel.edu.br\/empauta\/files\/2023\/11\/WhatsApp-Image-2023-10-30-at-11.10.20-3.jpeg\"><img loading=\"lazy\" decoding=\"async\" class=\"size-medium wp-image-18897 aligncenter\" src=\"https:\/\/wp.ufpel.edu.br\/empauta\/files\/2023\/11\/WhatsApp-Image-2023-10-30-at-11.10.20-3-166x318.jpeg\" alt=\"\" width=\"166\" height=\"318\" srcset=\"https:\/\/wp.ufpel.edu.br\/empauta\/files\/2023\/11\/WhatsApp-Image-2023-10-30-at-11.10.20-3-166x318.jpeg 166w, https:\/\/wp.ufpel.edu.br\/empauta\/files\/2023\/11\/WhatsApp-Image-2023-10-30-at-11.10.20-3-83x159.jpeg 83w, https:\/\/wp.ufpel.edu.br\/empauta\/files\/2023\/11\/WhatsApp-Image-2023-10-30-at-11.10.20-3-768x1468.jpeg 768w, https:\/\/wp.ufpel.edu.br\/empauta\/files\/2023\/11\/WhatsApp-Image-2023-10-30-at-11.10.20-3-803x1536.jpeg 803w, https:\/\/wp.ufpel.edu.br\/empauta\/files\/2023\/11\/WhatsApp-Image-2023-10-30-at-11.10.20-3.jpeg 828w\" sizes=\"auto, (max-width: 166px) 100vw, 166px\" \/><\/a><\/p>\n<p style=\"text-align: center;\"><a href=\"https:\/\/wp.ufpel.edu.br\/empauta\/files\/2023\/11\/WhatsApp-Image-2023-10-30-at-11.10.19-1.jpeg\"><img loading=\"lazy\" decoding=\"async\" class=\"size-medium wp-image-18898 aligncenter\" src=\"https:\/\/wp.ufpel.edu.br\/empauta\/files\/2023\/11\/WhatsApp-Image-2023-10-30-at-11.10.19-1-165x318.jpeg\" alt=\"\" width=\"165\" height=\"318\" srcset=\"https:\/\/wp.ufpel.edu.br\/empauta\/files\/2023\/11\/WhatsApp-Image-2023-10-30-at-11.10.19-1-165x318.jpeg 165w, https:\/\/wp.ufpel.edu.br\/empauta\/files\/2023\/11\/WhatsApp-Image-2023-10-30-at-11.10.19-1-83x159.jpeg 83w, https:\/\/wp.ufpel.edu.br\/empauta\/files\/2023\/11\/WhatsApp-Image-2023-10-30-at-11.10.19-1-768x1478.jpeg 768w, https:\/\/wp.ufpel.edu.br\/empauta\/files\/2023\/11\/WhatsApp-Image-2023-10-30-at-11.10.19-1-798x1536.jpeg 798w, https:\/\/wp.ufpel.edu.br\/empauta\/files\/2023\/11\/WhatsApp-Image-2023-10-30-at-11.10.19-1.jpeg 828w\" sizes=\"auto, (max-width: 165px) 100vw, 165px\" \/><\/a><\/p>\n<p>O aplicativo funcionar\u00e1 de segunda a domingo, das 7h \u00e0s 19h. Fora deste per\u00edodo as den\u00fancias podem ser efetuadas nos canais de atendimento da Brigada Militar e da Guarda Municipal.<\/p>\n","protected":false},"excerpt":{"rendered":"<p>Essa ser\u00e1 a primeira ferramenta do Rio Grande do Sul para den\u00fancias de ass\u00e9dio no transporte coletivo Por Laura Cosme\/ Em Pauta A partir desta segunda-feira, 30\/10, o munic\u00edpio do Rio Grande ir\u00e1 contar&#46;&#46;&#46;<\/p>\n","protected":false},"author":587,"featured_media":18894,"comment_status":"closed","ping_status":"closed","sticky":false,"template":"","format":"standard","meta":{"jetpack_post_was_ever_published":false,"_jetpack_newsletter_access":"","_jetpack_dont_email_post_to_subs":false,"_jetpack_newsletter_tier_id":0,"_jetpack_memberships_contains_paywalled_content":false,"_jetpack_memberships_contains_paid_content":false,"footnotes":"","jetpack_publicize_message":"","jetpack_publicize_feature_enabled":true,"jetpack_social_post_already_shared":true,"jetpack_social_options":{"image_generator_settings":{"template":"highway","default_image_id":0,"font":"","enabled":false},"version":2}},"categories":[9],"tags":[576,1087,1086,503,1088,626],"class_list":["post-18893","post","type-post","status-publish","format-standard","has-post-thumbnail","hentry","category-geral","tag-apps","tag-denuncias","tag-plataforma","tag-rio-grande","tag-transporte-coletivo","tag-transporte-publico"],"jetpack_publicize_connections":[],"jetpack_featured_media_url":"https:\/\/wp.ufpel.edu.br\/empauta\/files\/2023\/11\/WhatsApp-Image-2023-10-30-at-11.10.18-2.jpeg","jetpack_sharing_enabled":true,"jetpack_shortlink":"https:\/\/wp.me\/p6Xvzq-4UJ","jetpack-related-posts":[{"id":10206,"url":"https:\/\/wp.ufpel.edu.br\/empauta\/casos-de-abuso-ou-assedio-sexual-praticado-por-famosos-repercute-na-midia\/","url_meta":{"origin":18893,"position":0},"title":"Casos de abuso ou ass\u00e9dio sexual praticados por famosos repercutem na m\u00eddia","author":"Em Pauta","date":"10\/11\/2017","format":false,"excerpt":"\u00a0 Famosos cada vez mais s\u00e3o acusados pelas mulheres acerca dos casos de abuso e ass\u00e9dio sexual Por Roberta Muniz Carl Sargeant, ex-integrante do governo aut\u00f4nomo gal\u00eas, foi encontrado morto em sua casa nesta \u00faltima ter\u00e7a feira (7), ap\u00f3s ter sido demitido do cargo que ocupava, por investiga\u00e7\u00f5es sobre o\u2026","rel":"","context":"Em &quot;Geral&quot;","block_context":{"text":"Geral","link":"https:\/\/wp.ufpel.edu.br\/empauta\/category\/todos\/geral\/"},"img":{"alt_text":"","src":"https:\/\/i0.wp.com\/wp.ufpel.edu.br\/empauta\/files\/2017\/11\/T%C3%A2nia-R%C3%AAgoAg%C3%AAncia-Brasil.jpg?resize=350%2C200&ssl=1","width":350,"height":200,"srcset":"https:\/\/i0.wp.com\/wp.ufpel.edu.br\/empauta\/files\/2017\/11\/T%C3%A2nia-R%C3%AAgoAg%C3%AAncia-Brasil.jpg?resize=350%2C200&ssl=1 1x, https:\/\/i0.wp.com\/wp.ufpel.edu.br\/empauta\/files\/2017\/11\/T%C3%A2nia-R%C3%AAgoAg%C3%AAncia-Brasil.jpg?resize=525%2C300&ssl=1 1.5x"},"classes":[]},{"id":16494,"url":"https:\/\/wp.ufpel.edu.br\/empauta\/passe-livre-saiba-quais-foram-as-medidas-adotadas-em-rio-grande-e-pelotas-para-as-eleicoes-2022\/","url_meta":{"origin":18893,"position":1},"title":"Passe Livre: saiba quais foram as medidas adotadas em Rio Grande e Pelotas para as Elei\u00e7\u00f5es 2022","author":"Em Pauta","date":"01\/10\/2022","format":false,"excerpt":"Neste domingo, 02 de outubro, as Elei\u00e7\u00f5es 2022 acontecem em todo o Brasil. Durante esta semana, com a proximidade do dia de voto, a popula\u00e7\u00e3o de Pelotas e Rio Grande buscou informa\u00e7\u00f5es a respeito da gratuidade, ou n\u00e3o, do transporte coletivo durante a data. A prefeita de Pelotas, Paula Mascarenhas,\u2026","rel":"","context":"Em &quot;Economia e Pol\u00edtica&quot;","block_context":{"text":"Economia e Pol\u00edtica","link":"https:\/\/wp.ufpel.edu.br\/empauta\/category\/todos\/economiaepolitica\/"},"img":{"alt_text":"","src":"https:\/\/i0.wp.com\/wp.ufpel.edu.br\/empauta\/files\/2022\/10\/20ago2022-alex-rocha-passe-livre-2.png?resize=350%2C200&ssl=1","width":350,"height":200,"srcset":"https:\/\/i0.wp.com\/wp.ufpel.edu.br\/empauta\/files\/2022\/10\/20ago2022-alex-rocha-passe-livre-2.png?resize=350%2C200&ssl=1 1x, https:\/\/i0.wp.com\/wp.ufpel.edu.br\/empauta\/files\/2022\/10\/20ago2022-alex-rocha-passe-livre-2.png?resize=525%2C300&ssl=1 1.5x, https:\/\/i0.wp.com\/wp.ufpel.edu.br\/empauta\/files\/2022\/10\/20ago2022-alex-rocha-passe-livre-2.png?resize=700%2C400&ssl=1 2x"},"classes":[]},{"id":15497,"url":"https:\/\/wp.ufpel.edu.br\/empauta\/transporte-publico-mergulha-no-caos-em-rio-grande\/","url_meta":{"origin":18893,"position":2},"title":"Transporte p\u00fablico mergulha no caos em Rio Grande","author":"Em Pauta","date":"26\/05\/2022","format":false,"excerpt":"Por Vitor Porto A vida do rio-grandino que depende do transporte p\u00fablico para se locomover n\u00e3o anda nada f\u00e1cil. A hist\u00f3ria n\u00e3o \u00e9 nova e se repete Brasil afora, passagens caras, redu\u00e7\u00e3o de linhas e hor\u00e1rios e \u00f4nibus sucateados. E essa situa\u00e7\u00e3o foi agravada ainda mais pela pandemia.\u00a0 Durante a\u2026","rel":"","context":"Em &quot;Em Pauta Not\u00edcias&quot;","block_context":{"text":"Em Pauta Not\u00edcias","link":"https:\/\/wp.ufpel.edu.br\/empauta\/category\/em-pauta-noticias\/"},"img":{"alt_text":"","src":"https:\/\/i0.wp.com\/wp.ufpel.edu.br\/empauta\/files\/2022\/05\/Foto-Noiva-do-Mar-Divulgacao.jpeg?resize=350%2C200&ssl=1","width":350,"height":200,"srcset":"https:\/\/i0.wp.com\/wp.ufpel.edu.br\/empauta\/files\/2022\/05\/Foto-Noiva-do-Mar-Divulgacao.jpeg?resize=350%2C200&ssl=1 1x, https:\/\/i0.wp.com\/wp.ufpel.edu.br\/empauta\/files\/2022\/05\/Foto-Noiva-do-Mar-Divulgacao.jpeg?resize=525%2C300&ssl=1 1.5x, https:\/\/i0.wp.com\/wp.ufpel.edu.br\/empauta\/files\/2022\/05\/Foto-Noiva-do-Mar-Divulgacao.jpeg?resize=700%2C400&ssl=1 2x"},"classes":[]},{"id":11672,"url":"https:\/\/wp.ufpel.edu.br\/empauta\/precisamos-falar-sobre-o-assedio-nas-universidades\/","url_meta":{"origin":18893,"position":3},"title":"Precisamos falar sobre o ass\u00e9dio nas universidades","author":"Em Pauta","date":"05\/11\/2018","format":false,"excerpt":"Na UFPel o Nugen e o NUPAD t\u00eam encabe\u00e7ado o combate ao ass\u00e9dio","rel":"","context":"Em &quot;Geral&quot;","block_context":{"text":"Geral","link":"https:\/\/wp.ufpel.edu.br\/empauta\/category\/todos\/geral\/"},"img":{"alt_text":"","src":"https:\/\/i0.wp.com\/wp.ufpel.edu.br\/empauta\/files\/2018\/11\/Image.jpg?resize=350%2C200&ssl=1","width":350,"height":200,"srcset":"https:\/\/i0.wp.com\/wp.ufpel.edu.br\/empauta\/files\/2018\/11\/Image.jpg?resize=350%2C200&ssl=1 1x, https:\/\/i0.wp.com\/wp.ufpel.edu.br\/empauta\/files\/2018\/11\/Image.jpg?resize=525%2C300&ssl=1 1.5x, https:\/\/i0.wp.com\/wp.ufpel.edu.br\/empauta\/files\/2018\/11\/Image.jpg?resize=700%2C400&ssl=1 2x, https:\/\/i0.wp.com\/wp.ufpel.edu.br\/empauta\/files\/2018\/11\/Image.jpg?resize=1050%2C600&ssl=1 3x"},"classes":[]},{"id":17282,"url":"https:\/\/wp.ufpel.edu.br\/empauta\/aluna-da-furg-levanta-abaixo-assinado-pedindo-o-aumento-de-viagens-diarias-na-travessia-aquaviaria-entre-rio-grande-e-sao-jose-do-norte\/","url_meta":{"origin":18893,"position":4},"title":"Aluna da FURG levanta abaixo-assinado pedindo o aumento de viagens di\u00e1rias na travessia aquavi\u00e1ria entre Rio Grande e S\u00e3o Jos\u00e9 do Norte","author":"Em Pauta","date":"06\/03\/2023","format":false,"excerpt":"No momento, 400 assinaturas foram reunidas e ser\u00e3o levadas ao Minist\u00e9rio P\u00fablico\u00a0 \u00a0 Por Marianna Bertoldi \/ Em Pauta Desde o final do m\u00eas de fevereiro de 2023, a aluna Luana Ferreira, do curso de Letras Portugu\u00eas\/Espanhol, pela Universidade Federal do Rio Grande(FURG), vem levantando assinaturas de pessoas que utilizam\u2026","rel":"","context":"Em &quot;Geral&quot;","block_context":{"text":"Geral","link":"https:\/\/wp.ufpel.edu.br\/empauta\/category\/todos\/geral\/"},"img":{"alt_text":"","src":"https:\/\/i0.wp.com\/wp.ufpel.edu.br\/empauta\/files\/2023\/03\/IMG_3752-scaled.jpeg?resize=350%2C200&ssl=1","width":350,"height":200,"srcset":"https:\/\/i0.wp.com\/wp.ufpel.edu.br\/empauta\/files\/2023\/03\/IMG_3752-scaled.jpeg?resize=350%2C200&ssl=1 1x, https:\/\/i0.wp.com\/wp.ufpel.edu.br\/empauta\/files\/2023\/03\/IMG_3752-scaled.jpeg?resize=525%2C300&ssl=1 1.5x, https:\/\/i0.wp.com\/wp.ufpel.edu.br\/empauta\/files\/2023\/03\/IMG_3752-scaled.jpeg?resize=700%2C400&ssl=1 2x, https:\/\/i0.wp.com\/wp.ufpel.edu.br\/empauta\/files\/2023\/03\/IMG_3752-scaled.jpeg?resize=1050%2C600&ssl=1 3x, https:\/\/i0.wp.com\/wp.ufpel.edu.br\/empauta\/files\/2023\/03\/IMG_3752-scaled.jpeg?resize=1400%2C800&ssl=1 4x"},"classes":[]},{"id":18743,"url":"https:\/\/wp.ufpel.edu.br\/empauta\/estudantes-produzem-jornal-escolar-em-rio-grande\/","url_meta":{"origin":18893,"position":5},"title":"Estudantes produzem jornal escolar em Rio Grande","author":"Em Pauta","date":"10\/09\/2023","format":false,"excerpt":"A iniciativa, impulsionada por um grupo de alunos entre 12 e 13 anos, t\u00eam aproximado a comunidade escolar e viabilizado a produ\u00e7\u00e3o dos estudantes. Na Escola Wanda Rocha Martins, localizada no Balne\u00e1rio Cassino, uma iniciativa dos estudantes do 8\u00b0 ano do ensino fundamental estimulou a participa\u00e7\u00e3o da comunidade escolar. Impulsionada\u2026","rel":"","context":"Em &quot;Educa\u00e7\u00e3o&quot;","block_context":{"text":"Educa\u00e7\u00e3o","link":"https:\/\/wp.ufpel.edu.br\/empauta\/category\/todos\/educacao\/"},"img":{"alt_text":"","src":"https:\/\/i0.wp.com\/wp.ufpel.edu.br\/empauta\/files\/2023\/09\/estudantes-da-escola-municipal-wanda-rocha-lancam-jornal-escolar-pelo-youtube.jpeg?resize=350%2C200&ssl=1","width":350,"height":200,"srcset":"https:\/\/i0.wp.com\/wp.ufpel.edu.br\/empauta\/files\/2023\/09\/estudantes-da-escola-municipal-wanda-rocha-lancam-jornal-escolar-pelo-youtube.jpeg?resize=350%2C200&ssl=1 1x, https:\/\/i0.wp.com\/wp.ufpel.edu.br\/empauta\/files\/2023\/09\/estudantes-da-escola-municipal-wanda-rocha-lancam-jornal-escolar-pelo-youtube.jpeg?resize=525%2C300&ssl=1 1.5x, https:\/\/i0.wp.com\/wp.ufpel.edu.br\/empauta\/files\/2023\/09\/estudantes-da-escola-municipal-wanda-rocha-lancam-jornal-escolar-pelo-youtube.jpeg?resize=700%2C400&ssl=1 2x"},"classes":[]}],"_links":{"self":[{"href":"https:\/\/wp.ufpel.edu.br\/empauta\/wp-json\/wp\/v2\/posts\/18893","targetHints":{"allow":["GET"]}}],"collection":[{"href":"https:\/\/wp.ufpel.edu.br\/empauta\/wp-json\/wp\/v2\/posts"}],"about":[{"href":"https:\/\/wp.ufpel.edu.br\/empauta\/wp-json\/wp\/v2\/types\/post"}],"author":[{"embeddable":true,"href":"https:\/\/wp.ufpel.edu.br\/empauta\/wp-json\/wp\/v2\/users\/587"}],"replies":[{"embeddable":true,"href":"https:\/\/wp.ufpel.edu.br\/empauta\/wp-json\/wp\/v2\/comments?post=18893"}],"version-history":[{"count":1,"href":"https:\/\/wp.ufpel.edu.br\/empauta\/wp-json\/wp\/v2\/posts\/18893\/revisions"}],"predecessor-version":[{"id":18899,"href":"https:\/\/wp.ufpel.edu.br\/empauta\/wp-json\/wp\/v2\/posts\/18893\/revisions\/18899"}],"wp:featuredmedia":[{"embeddable":true,"href":"https:\/\/wp.ufpel.edu.br\/empauta\/wp-json\/wp\/v2\/media\/18894"}],"wp:attachment":[{"href":"https:\/\/wp.ufpel.edu.br\/empauta\/wp-json\/wp\/v2\/media?parent=18893"}],"wp:term":[{"taxonomy":"category","embeddable":true,"href":"https:\/\/wp.ufpel.edu.br\/empauta\/wp-json\/wp\/v2\/categories?post=18893"},{"taxonomy":"post_tag","embeddable":true,"href":"https:\/\/wp.ufpel.edu.br\/empauta\/wp-json\/wp\/v2\/tags?post=18893"}],"curies":[{"name":"wp","href":"https:\/\/api.w.org\/{rel}","templated":true}]}}