{"id":18875,"date":"2023-10-27T10:22:09","date_gmt":"2023-10-27T13:22:09","guid":{"rendered":"https:\/\/wp.ufpel.edu.br\/empauta\/?p=18875"},"modified":"2023-10-27T10:22:09","modified_gmt":"2023-10-27T13:22:09","slug":"surto-de-gripe-aviaria-segue-atingindo-leoes-e-lobos-marinhos-no-litoral-gaucho","status":"publish","type":"post","link":"https:\/\/wp.ufpel.edu.br\/empauta\/surto-de-gripe-aviaria-segue-atingindo-leoes-e-lobos-marinhos-no-litoral-gaucho\/","title":{"rendered":"Surto de gripe avi\u00e1ria segue atingindo le\u00f5es e lobos marinhos no litoral ga\u00facho"},"content":{"rendered":"<p><span style=\"font-weight: 400;\">Desde o in\u00edcio de outubro, <\/span><span style=\"font-weight: 400;\">mais de 500 animais morreram infectados com a doen\u00e7a. Os principais \u00edndices est\u00e3o sendo registrados na praia do Cassino, Torres, S\u00e3o Jos\u00e9 do Norte e em Santa Vit\u00f3ria do Palmar<\/span><\/p>\n<div id=\"attachment_18876\" style=\"width: 434px\" class=\"wp-caption aligncenter\"><a href=\"https:\/\/wp.ufpel.edu.br\/empauta\/files\/2023\/10\/surto-de-gripe-aviaria-segue-atingindo-leoes-e-lobos-marinhos-no-litoral-gaucho.jpeg\"><img loading=\"lazy\" decoding=\"async\" aria-describedby=\"caption-attachment-18876\" class=\"size-medium wp-image-18876\" src=\"https:\/\/wp.ufpel.edu.br\/empauta\/files\/2023\/10\/surto-de-gripe-aviaria-segue-atingindo-leoes-e-lobos-marinhos-no-litoral-gaucho-424x318.jpeg\" alt=\"\" width=\"424\" height=\"318\" srcset=\"https:\/\/wp.ufpel.edu.br\/empauta\/files\/2023\/10\/surto-de-gripe-aviaria-segue-atingindo-leoes-e-lobos-marinhos-no-litoral-gaucho-424x318.jpeg 424w, https:\/\/wp.ufpel.edu.br\/empauta\/files\/2023\/10\/surto-de-gripe-aviaria-segue-atingindo-leoes-e-lobos-marinhos-no-litoral-gaucho-212x159.jpeg 212w, https:\/\/wp.ufpel.edu.br\/empauta\/files\/2023\/10\/surto-de-gripe-aviaria-segue-atingindo-leoes-e-lobos-marinhos-no-litoral-gaucho-768x574.jpeg 768w, https:\/\/wp.ufpel.edu.br\/empauta\/files\/2023\/10\/surto-de-gripe-aviaria-segue-atingindo-leoes-e-lobos-marinhos-no-litoral-gaucho.jpeg 900w\" sizes=\"auto, (max-width: 424px) 100vw, 424px\" \/><\/a><p id=\"caption-attachment-18876\" class=\"wp-caption-text\">Le\u00e3o-marinho encontrado morto na beira da praia do Cassino. Foto: CRAM FURG<\/p><\/div>\n<p><em>Por Laura Cosme \/ Em Pauta<\/em><\/p>\n<p><span style=\"font-weight: 400;\">A Secretaria da Agricultura, Pecu\u00e1ria, Produ\u00e7\u00e3o Sustent\u00e1vel e Irriga\u00e7\u00e3o (Seapi), atualizou na quarta-feira (25), para 552 o n\u00famero de le\u00f5es e lobos-marinhos contaminados por influenza avi\u00e1ria na metade sul do litoral ga\u00facho. <\/span><span style=\"font-weight: 400;\">O primeiro caso havia sido confirmado no dia 4 de outubro, pelo Minist\u00e9rio da Agricultura e Pecu\u00e1ria. <\/span><span style=\"font-weight: 400;\">Desde esta data, os \u00f3bitos cresceram rapidamente e os principais \u00edndices est\u00e3o sendo registrados na praia do Cassino, Torres, S\u00e3o Jos\u00e9 do Norte e em Santa Vit\u00f3ria do Palmar.<\/span><\/p>\n<p><span style=\"font-weight: 400;\">A coordenadora do Centro de Recupera\u00e7\u00e3o de Animais Marinhos da Furg, Paula Canabarro, destaca que em Rio Grande a principal \u00e1rea de risco \u00e9 a orla da praia, contudo, o Cram segue monitorando os le\u00f5es marinhos que est\u00e3o no Cais do Porto Velho, pr\u00f3ximo \u00e0 comunidade.\u00a0 \u201cEstamos em situa\u00e7\u00e3o de crise. At\u00e9 o momento, o foco do v\u00edrus est\u00e1 na praia, mas seguimos monitorando os le\u00f5es do Cais do Porto Hist\u00f3rico\u201d, afirma.<\/span><\/p>\n<p><span style=\"font-weight: 400;\">Para minimizar o aumento no n\u00famero de \u00f3bitos, desde o in\u00edcio do m\u00eas, um monitoramento conjunto tem sido realizado com a participa\u00e7\u00e3o do Cram, institui\u00e7\u00f5es sanit\u00e1rias locais e o Servi\u00e7o de Verifica\u00e7\u00e3o de \u00d3bito (SVO).\u00a0 \u201cEst\u00e1 sendo realizada uma resposta conjunta liderada pelo servi\u00e7o veterin\u00e1rio oficial para o enfrentamento da emerg\u00eancia zoossanit\u00e1ria. Os monitoramentos est\u00e3o sendo realizados por v\u00e1rias institui\u00e7\u00f5es que atuam na regi\u00e3o e a compila\u00e7\u00e3o dos dados est\u00e1 sendo realizada pelo SVO\u201d, explica a coordenadora do Cram, Paula Canabarro.<\/span><\/p>\n<p><strong>O que as autoridades recomendam<\/strong><\/p>\n<p><span style=\"font-weight: 400;\">A influenza avi\u00e1ria, tamb\u00e9m conhecida como gripe avi\u00e1ria, \u00e9 uma doen\u00e7a altamente contagiosa que normalmente afeta aves, mas que, neste caso, tem afetado tamb\u00e9m mam\u00edferos marinhos. A principal forma de contamina\u00e7\u00e3o em le\u00f5es e lobos marinhos \u00e9 atrav\u00e9s da ingest\u00e3o de aves contaminadas. Portanto, a recomenda\u00e7\u00e3o \u00e9\u00a0 manter dist\u00e2ncia se encontrar um animal infectado. \u201cA orienta\u00e7\u00e3o \u00e9 manter pessoas e animais dom\u00e9sticos afastados dos lobos e le\u00f5es marinhos\u201d, ressalta Paula.<\/span><\/p>\n","protected":false},"excerpt":{"rendered":"<p>Desde o in\u00edcio de outubro, mais de 500 animais morreram infectados com a doen\u00e7a. Os principais \u00edndices est\u00e3o sendo registrados na praia do Cassino, Torres, S\u00e3o Jos\u00e9 do Norte e em Santa Vit\u00f3ria do&#46;&#46;&#46;<\/p>\n","protected":false},"author":587,"featured_media":18876,"comment_status":"closed","ping_status":"closed","sticky":false,"template":"","format":"standard","meta":{"jetpack_post_was_ever_published":false,"_jetpack_newsletter_access":"","_jetpack_dont_email_post_to_subs":false,"_jetpack_newsletter_tier_id":0,"_jetpack_memberships_contains_paywalled_content":false,"_jetpack_memberships_contains_paid_content":false,"footnotes":"","jetpack_publicize_message":"","jetpack_publicize_feature_enabled":true,"jetpack_social_post_already_shared":true,"jetpack_social_options":{"image_generator_settings":{"template":"highway","default_image_id":0,"font":"","enabled":false},"version":2}},"categories":[9],"tags":[1085,1078,1082,1083,1084,503,1079,1081,1080],"class_list":["post-18875","post","type-post","status-publish","format-standard","has-post-thumbnail","hentry","category-geral","tag-aves","tag-cassino","tag-gripe-aviaria","tag-influenza-aviaria","tag-leao-marinho","tag-rio-grande","tag-santa-vitoria-do-palmar","tag-sao-jose-do-norte","tag-torres"],"jetpack_publicize_connections":[],"jetpack_featured_media_url":"https:\/\/wp.ufpel.edu.br\/empauta\/files\/2023\/10\/surto-de-gripe-aviaria-segue-atingindo-leoes-e-lobos-marinhos-no-litoral-gaucho.jpeg","jetpack_sharing_enabled":true,"jetpack_shortlink":"https:\/\/wp.me\/p6Xvzq-4Ur","jetpack-related-posts":[{"id":18954,"url":"https:\/\/wp.ufpel.edu.br\/empauta\/mortandade-causada-por-virus-de-gripe-aviaria-aumenta-nas-praias\/","url_meta":{"origin":18875,"position":0},"title":"Mortandade causada por v\u00edrus de gripe avi\u00e1ria aumenta nas praias","author":"Em Pauta","date":"08\/11\/2023","format":false,"excerpt":"N\u00famero de animais mam\u00edferos aqu\u00e1ticos que morreram por conta do v\u00edrus j\u00e1 chega a 600 e fez com que fosse prorrogada por mais 180 dias a declara\u00e7\u00e3o de emerg\u00eancia zoossanit\u00e1ria no Brasil do v\u00edrus da influenza avi\u00e1ria H5N1 de alta patogenicidade. Autoridades alertam para os cuidados ao frequentar as praias,\u2026","rel":"","context":"Em &quot;cat\u00e1strofe ambiental&quot;","block_context":{"text":"cat\u00e1strofe ambiental","link":"https:\/\/wp.ufpel.edu.br\/empauta\/category\/catastrofe-ambiental\/"},"img":{"alt_text":"","src":"https:\/\/i0.wp.com\/wp.ufpel.edu.br\/empauta\/files\/2023\/11\/FOTO-1-GRIPE-AVIARIA-Foto-Divulgacao-SEAPI.jpeg?resize=350%2C200&ssl=1","width":350,"height":200,"srcset":"https:\/\/i0.wp.com\/wp.ufpel.edu.br\/empauta\/files\/2023\/11\/FOTO-1-GRIPE-AVIARIA-Foto-Divulgacao-SEAPI.jpeg?resize=350%2C200&ssl=1 1x, https:\/\/i0.wp.com\/wp.ufpel.edu.br\/empauta\/files\/2023\/11\/FOTO-1-GRIPE-AVIARIA-Foto-Divulgacao-SEAPI.jpeg?resize=525%2C300&ssl=1 1.5x, https:\/\/i0.wp.com\/wp.ufpel.edu.br\/empauta\/files\/2023\/11\/FOTO-1-GRIPE-AVIARIA-Foto-Divulgacao-SEAPI.jpeg?resize=700%2C400&ssl=1 2x"},"classes":[]},{"id":13720,"url":"https:\/\/wp.ufpel.edu.br\/empauta\/projeto-pinipedes-do-sul-a-comunidade-em-prol-da-vida-marinha\/","url_meta":{"origin":18875,"position":1},"title":"Projeto Pin\u00edpedes do Sul: a comunidade em prol da vida marinha","author":"Em Pauta","date":"13\/10\/2019","format":false,"excerpt":"Conhe\u00e7a mais dessa a\u00e7\u00e3o mantida pela Petrobras que, atrav\u00e9s da educa\u00e7\u00e3o ambiental, busca preservar os animais marinhos do litoral do Sul do pa\u00eds","rel":"","context":"Em &quot;Meio Ambiente&quot;","block_context":{"text":"Meio Ambiente","link":"https:\/\/wp.ufpel.edu.br\/empauta\/category\/meio-ambiente\/"},"img":{"alt_text":"","src":"https:\/\/i0.wp.com\/wp.ufpel.edu.br\/empauta\/files\/2019\/10\/IMG_4019.jpg?resize=350%2C200&ssl=1","width":350,"height":200,"srcset":"https:\/\/i0.wp.com\/wp.ufpel.edu.br\/empauta\/files\/2019\/10\/IMG_4019.jpg?resize=350%2C200&ssl=1 1x, https:\/\/i0.wp.com\/wp.ufpel.edu.br\/empauta\/files\/2019\/10\/IMG_4019.jpg?resize=525%2C300&ssl=1 1.5x, https:\/\/i0.wp.com\/wp.ufpel.edu.br\/empauta\/files\/2019\/10\/IMG_4019.jpg?resize=700%2C400&ssl=1 2x"},"classes":[]},{"id":15957,"url":"https:\/\/wp.ufpel.edu.br\/empauta\/rio-grande-e-pelotas-sao-protagonistas-na-nova-temporada-do-programa-de-tv-permita-ser\/","url_meta":{"origin":18875,"position":2},"title":"Rio Grande e Pelotas s\u00e3o protagonistas na nova temporada do programa de TV \u201cPermita-se{R}\u201d","author":"Em Pauta","date":"17\/08\/2022","format":false,"excerpt":"A estreia da segunda temporada do programa de viagens, no Youtube, acontece ainda nesta semana. Por Marianna S. Bertoldi Mattos\/Em Pauta O turismo da Regi\u00e3o Sul do estado do Rio Grande do Sul, por vezes acaba sendo pouco divulgado e explorado por turistas de outras regi\u00f5es. Mas voc\u00ea sabia que\u2026","rel":"","context":"Em &quot;Em Pauta Not\u00edcias&quot;","block_context":{"text":"Em Pauta Not\u00edcias","link":"https:\/\/wp.ufpel.edu.br\/empauta\/category\/em-pauta-noticias\/"},"img":{"alt_text":"","src":"https:\/\/i0.wp.com\/wp.ufpel.edu.br\/empauta\/files\/2022\/08\/WhatsApp-Image-2022-08-17-at-10.26.15-e1660773550518.jpeg?resize=350%2C200&ssl=1","width":350,"height":200,"srcset":"https:\/\/i0.wp.com\/wp.ufpel.edu.br\/empauta\/files\/2022\/08\/WhatsApp-Image-2022-08-17-at-10.26.15-e1660773550518.jpeg?resize=350%2C200&ssl=1 1x, https:\/\/i0.wp.com\/wp.ufpel.edu.br\/empauta\/files\/2022\/08\/WhatsApp-Image-2022-08-17-at-10.26.15-e1660773550518.jpeg?resize=525%2C300&ssl=1 1.5x, https:\/\/i0.wp.com\/wp.ufpel.edu.br\/empauta\/files\/2022\/08\/WhatsApp-Image-2022-08-17-at-10.26.15-e1660773550518.jpeg?resize=700%2C400&ssl=1 2x"},"classes":[]},{"id":19342,"url":"https:\/\/wp.ufpel.edu.br\/empauta\/ha-15-dias-na-orla-da-praia-elefante-marinho-do-sul-segue-descansando-no-cassino\/","url_meta":{"origin":18875,"position":3},"title":"H\u00e1 15 dias na orla da Praia, Elefante-marinho-do-sul segue descansando no Cassino","author":"Em Pauta","date":"30\/01\/2024","format":false,"excerpt":"A presen\u00e7a do mam\u00edfero foi registrada, pela primeira vez, no dia 15 de janeiro. Desde ent\u00e3o, os \u00f3rg\u00e3os ambientais realizam o seu monitoramento di\u00e1rio Por Laura Cosme \/ Em Pauta Desde o dia 15 de janeiro, quando foi avistado, pela primeira vez, na Praia do Cassino, o elefante-marinho-do-sul est\u00e1 mobilizando\u2026","rel":"","context":"Em &quot;Ci\u00eancia e Tecnologia&quot;","block_context":{"text":"Ci\u00eancia e Tecnologia","link":"https:\/\/wp.ufpel.edu.br\/empauta\/category\/todos\/cienciaetecnologia\/"},"img":{"alt_text":"","src":"https:\/\/i0.wp.com\/wp.ufpel.edu.br\/empauta\/files\/2024\/01\/1835_3.jpeg?resize=350%2C200&ssl=1","width":350,"height":200,"srcset":"https:\/\/i0.wp.com\/wp.ufpel.edu.br\/empauta\/files\/2024\/01\/1835_3.jpeg?resize=350%2C200&ssl=1 1x, https:\/\/i0.wp.com\/wp.ufpel.edu.br\/empauta\/files\/2024\/01\/1835_3.jpeg?resize=525%2C300&ssl=1 1.5x, https:\/\/i0.wp.com\/wp.ufpel.edu.br\/empauta\/files\/2024\/01\/1835_3.jpeg?resize=700%2C400&ssl=1 2x, https:\/\/i0.wp.com\/wp.ufpel.edu.br\/empauta\/files\/2024\/01\/1835_3.jpeg?resize=1050%2C600&ssl=1 3x, https:\/\/i0.wp.com\/wp.ufpel.edu.br\/empauta\/files\/2024\/01\/1835_3.jpeg?resize=1400%2C800&ssl=1 4x"},"classes":[]},{"id":19220,"url":"https:\/\/wp.ufpel.edu.br\/empauta\/balneario-cassino-se-prepara-para-receber-veranistas\/","url_meta":{"origin":18875,"position":4},"title":"Balne\u00e1rio Cassino se prepara para receber veranistas","author":"Em Pauta","date":"18\/12\/2023","format":false,"excerpt":"Abertura da temporada de ver\u00e3o est\u00e1 marcada para a pr\u00f3xima quinta-feira, 21 de dezembro. Por Laura Cosme\/Em Pauta. \u00a0 \u00a0 Com a chegada da esta\u00e7\u00e3o mais quente do ano na pr\u00f3xima sexta-feira, 22, o principal destino dos veranistas da metade sul do estado \u00e9 o Balne\u00e1rio Cassino. A abertura oficial\u2026","rel":"","context":"Em &quot;Geral&quot;","block_context":{"text":"Geral","link":"https:\/\/wp.ufpel.edu.br\/empauta\/category\/todos\/geral\/"},"img":{"alt_text":"","src":"https:\/\/i0.wp.com\/wp.ufpel.edu.br\/empauta\/files\/2023\/12\/balneario-cassino-se-prepara-para-receber-veranistas.jpeg?resize=350%2C200&ssl=1","width":350,"height":200,"srcset":"https:\/\/i0.wp.com\/wp.ufpel.edu.br\/empauta\/files\/2023\/12\/balneario-cassino-se-prepara-para-receber-veranistas.jpeg?resize=350%2C200&ssl=1 1x, https:\/\/i0.wp.com\/wp.ufpel.edu.br\/empauta\/files\/2023\/12\/balneario-cassino-se-prepara-para-receber-veranistas.jpeg?resize=525%2C300&ssl=1 1.5x, https:\/\/i0.wp.com\/wp.ufpel.edu.br\/empauta\/files\/2023\/12\/balneario-cassino-se-prepara-para-receber-veranistas.jpeg?resize=700%2C400&ssl=1 2x"},"classes":[]},{"id":18777,"url":"https:\/\/wp.ufpel.edu.br\/empauta\/semana-farroupilha-em-rio-grande-conta-com-arrecadacao-de-donativos-para-vitimas-das-chuvas\/","url_meta":{"origin":18875,"position":5},"title":"Semana Farroupilha em Rio Grande conta com arrecada\u00e7\u00e3o de donativos para v\u00edtimas das chuvas","author":"Em Pauta","date":"18\/09\/2023","format":false,"excerpt":"As doa\u00e7\u00f5es podem ser entregues at\u00e9 o dia 20 de setembro no galp\u00e3o junto \u00e0 Chama Crioula Por Tais Caroline \/ Ag\u00eancia Em Pauta A\u00a0Semana Farroupilha\u00a0come\u00e7ou oficialmente em\u00a0Rio Grande na \u00faltima segunda-feira (11). Na ocasi\u00e3o, foi feito o acendimento e\u00a0distribui\u00e7\u00e3o da\u00a0Chama Crioula\u00a0no Monumento-t\u00famulo do General\u00a0Bento Gon\u00e7alves da Silva, localizado na\u2026","rel":"","context":"Em &quot;Geral&quot;","block_context":{"text":"Geral","link":"https:\/\/wp.ufpel.edu.br\/empauta\/category\/todos\/geral\/"},"img":{"alt_text":"","src":"https:\/\/i0.wp.com\/wp.ufpel.edu.br\/empauta\/files\/2023\/09\/acampamento-farroupilha-1.jpeg?resize=350%2C200&ssl=1","width":350,"height":200,"srcset":"https:\/\/i0.wp.com\/wp.ufpel.edu.br\/empauta\/files\/2023\/09\/acampamento-farroupilha-1.jpeg?resize=350%2C200&ssl=1 1x, https:\/\/i0.wp.com\/wp.ufpel.edu.br\/empauta\/files\/2023\/09\/acampamento-farroupilha-1.jpeg?resize=525%2C300&ssl=1 1.5x, https:\/\/i0.wp.com\/wp.ufpel.edu.br\/empauta\/files\/2023\/09\/acampamento-farroupilha-1.jpeg?resize=700%2C400&ssl=1 2x"},"classes":[]}],"_links":{"self":[{"href":"https:\/\/wp.ufpel.edu.br\/empauta\/wp-json\/wp\/v2\/posts\/18875","targetHints":{"allow":["GET"]}}],"collection":[{"href":"https:\/\/wp.ufpel.edu.br\/empauta\/wp-json\/wp\/v2\/posts"}],"about":[{"href":"https:\/\/wp.ufpel.edu.br\/empauta\/wp-json\/wp\/v2\/types\/post"}],"author":[{"embeddable":true,"href":"https:\/\/wp.ufpel.edu.br\/empauta\/wp-json\/wp\/v2\/users\/587"}],"replies":[{"embeddable":true,"href":"https:\/\/wp.ufpel.edu.br\/empauta\/wp-json\/wp\/v2\/comments?post=18875"}],"version-history":[{"count":1,"href":"https:\/\/wp.ufpel.edu.br\/empauta\/wp-json\/wp\/v2\/posts\/18875\/revisions"}],"predecessor-version":[{"id":18877,"href":"https:\/\/wp.ufpel.edu.br\/empauta\/wp-json\/wp\/v2\/posts\/18875\/revisions\/18877"}],"wp:featuredmedia":[{"embeddable":true,"href":"https:\/\/wp.ufpel.edu.br\/empauta\/wp-json\/wp\/v2\/media\/18876"}],"wp:attachment":[{"href":"https:\/\/wp.ufpel.edu.br\/empauta\/wp-json\/wp\/v2\/media?parent=18875"}],"wp:term":[{"taxonomy":"category","embeddable":true,"href":"https:\/\/wp.ufpel.edu.br\/empauta\/wp-json\/wp\/v2\/categories?post=18875"},{"taxonomy":"post_tag","embeddable":true,"href":"https:\/\/wp.ufpel.edu.br\/empauta\/wp-json\/wp\/v2\/tags?post=18875"}],"curies":[{"name":"wp","href":"https:\/\/api.w.org\/{rel}","templated":true}]}}