{"id":17184,"date":"2023-02-22T14:04:17","date_gmt":"2023-02-22T17:04:17","guid":{"rendered":"https:\/\/wp.ufpel.edu.br\/empauta\/?p=17184"},"modified":"2023-02-22T14:05:08","modified_gmt":"2023-02-22T17:05:08","slug":"carnaval-e-dos-blocos-de-rua","status":"publish","type":"post","link":"https:\/\/wp.ufpel.edu.br\/empauta\/carnaval-e-dos-blocos-de-rua\/","title":{"rendered":"Carnaval \u00e9 dos blocos de rua"},"content":{"rendered":"<p align=\"justify\"><span style=\"font-size: small;\">O primeiro final de semana de Carnaval em Pelotas levou muitos foli\u00f5es para as ruas da cidade. Foram 8 blocos em diversos bairros da cidade que levaram foli\u00f5es para as ruas, confira mais!<\/span><\/p>\n<div id=\"attachment_17186\" style=\"width: 809px\" class=\"wp-caption aligncenter\"><a href=\"https:\/\/wp.ufpel.edu.br\/empauta\/files\/2023\/02\/Foto-1-Gustavo-Vara.jpg\"><img loading=\"lazy\" decoding=\"async\" aria-describedby=\"caption-attachment-17186\" class=\"size-large wp-image-17186\" src=\"https:\/\/wp.ufpel.edu.br\/empauta\/files\/2023\/02\/Foto-1-Gustavo-Vara-799x220.jpg\" alt=\"\" width=\"799\" height=\"220\" \/><\/a><p id=\"caption-attachment-17186\" class=\"wp-caption-text\">Blocos Populares: Folia Pelotense &#8211; Foto: Gustavo Vara especial \/ Em pauta<\/p><\/div>\n<p align=\"justify\"><strong>Eduarda Saraiva \/ Em Pauta<\/strong><\/p>\n<p align=\"justify\">O carnaval est\u00e1 de volta \u00e0s ruas de pelotas trazendo as melhores marchinhas pra todo p\u00fablico se divertir. Esse ano foram 8 blocos espalhados por toda cidade, do dia 18 ao dia 21 de fevereiro, que reuniram um grande n\u00famero de foli\u00f5es pelas ruas de Pelotas.<br \/>\nOs foli\u00f5es pelotenses aproveitaram as tardes do feriado dan\u00e7ando e cantando junto aos blocos Saca Rolha, Jacar\u00e9 da Lagoa, L\u00edngua Maldita, Batucantada, Bonde da V\u00e1rzea, Bloco do Mapa e muitos outros. Bruno Zeferino (22 anos) \u00e9 estudante na Universidade Federal de Pelotas e participou pela primeira vez de um carnaval de rua e se divertiu bastante, apesar de esperar um pouco mais de anima\u00e7\u00e3o dos outros foli\u00f5es. O estudante participou de 2 dias de carnaval at\u00e9 agora e deixou claro que \u201cos bloquinhos que frequentei foram super democr\u00e1ticos e inclusivos, vi muita diversidade, muitas faixas et\u00e1rias reunidas e muita gente com o esp\u00edrito carnavalesco aflorado.\u201d.<br \/>\nPor outro lado, no twitter uma busca pelo termo <i>Carnaval de Pelotas<\/i> mostra a indigna\u00e7\u00e3o de muitos jovens com a falta de estrutura para as festas carnavalescas da cidade, o que faz com que muitos busquem os eventos nas cidades vizinhas como Rio Grande ou S\u00e3o Louren\u00e7o do Sul. Entrando em contato com \u00cdtalo Ara\u00fajo, bombeiro militar aponta o descaso dos \u00f3rg\u00e3os p\u00fablicos de Pelotas que n\u00e3o d\u00e3o suporte e nem uma boa estrutura para a folia. O bombeiro afirma ainda que um bom investimento no carnaval da cidade seria bom para movimentar a economia da cidade.<\/p>\n<p align=\"justify\">Wesley da Cunha \u00e9 estudante na cidade, mas veio para Pelotas de Londrina. Ele acredita que al\u00e9m da desorganiza\u00e7\u00e3o para receber os foli\u00f5es, o carnaval pelotense pecou nas atra\u00e7\u00f5es com carros de som que n\u00e3o funcionavam e caminh\u00f5es de bebida que atrapalhavam o fluxo de pessoas que tentavam pular o carnaval em ruas estreitas como a tradicional XV de novembro. Por vir de uma cidade maior, o estudante se sentiu decepcionado com o carnaval do interior ga\u00facho.<br \/>\nFoli\u00f5es das ruas relembraram a hist\u00f3ria do carnaval de rua pelotense muito forte em anos anteriores \u00e0 pandemia de covid-19. O p\u00fablico dirige cr\u00edticas \u00e0 gest\u00e3o atual da prefeitura da cidade, \u201cparece que eles querem tirar o p\u00fablico da cidade a qualquer custo\u201d. Acredita-se tamb\u00e9m que deixar os desfiles para o pr\u00f3ximo final de semana \u00e9 uma forma de atrair o p\u00fablico que esteve fora da cidade durante o feriado de carnaval.<br \/>\n____________________________________________________________________________<br \/>\n<span style=\"font-size: medium;\"><b>Ainda n\u00e3o acabou!<\/b><\/span><br \/>\nOs desfiles da Passarela do Porto na rua Conde de Porto Alegre acontecer\u00e3o dos dias 24 a 26 de fevereiro, ser\u00e3o 6 blocos carnavalescos no primeiro dia e o concurso de bandas ocorrer\u00e1 no dia 25, com resultados e desfile de campe\u00e3s no domingo, dia 26.<br \/>\nEm mar\u00e7o a folia volta \u00e0s ruas com o bloco \u201cTira Corda do Meu Bloco\u201d e \u201cSem Limites dos Sim\u00f5es\u201d, nos dias 04 e 12. O carnaval tem seu \u00faltimo dia de festa no dia 18 com o desfile de Escolas de Samba, o hor\u00e1rio ainda est\u00e1 para ser definido.<\/p>\n","protected":false},"excerpt":{"rendered":"<p>O primeiro final de semana de Carnaval em Pelotas levou muitos foli\u00f5es para as ruas da cidade. Foram 8 blocos em diversos bairros da cidade que levaram foli\u00f5es para as ruas, confira mais! Eduarda&#46;&#46;&#46;<\/p>\n","protected":false},"author":587,"featured_media":17186,"comment_status":"closed","ping_status":"closed","sticky":false,"template":"","format":"standard","meta":{"jetpack_post_was_ever_published":false,"_jetpack_newsletter_access":"","_jetpack_dont_email_post_to_subs":false,"_jetpack_newsletter_tier_id":0,"_jetpack_memberships_contains_paywalled_content":false,"_jetpack_memberships_contains_paid_content":false,"footnotes":"","jetpack_publicize_message":"","jetpack_publicize_feature_enabled":true,"jetpack_social_post_already_shared":true,"jetpack_social_options":{"image_generator_settings":{"template":"highway","default_image_id":0,"font":"","enabled":false},"version":2}},"categories":[204,438,9,1],"tags":[],"class_list":["post-17184","post","type-post","status-publish","format-standard","has-post-thumbnail","hentry","category-culturaeentretenimento","category-em-pauta-noticias","category-geral","category-noticias"],"jetpack_publicize_connections":[],"jetpack_featured_media_url":"https:\/\/wp.ufpel.edu.br\/empauta\/files\/2023\/02\/Foto-1-Gustavo-Vara.jpg","jetpack_sharing_enabled":true,"jetpack_shortlink":"https:\/\/wp.me\/p6Xvzq-4ta","jetpack-related-posts":[{"id":19422,"url":"https:\/\/wp.ufpel.edu.br\/empauta\/saiba-tudo-sobre-os-blocos-de-rua-do-carnaval-2024-de-pelotas\/","url_meta":{"origin":17184,"position":0},"title":"Saiba tudo sobre os Blocos de Rua do Carnaval 2024 de Pelotas","author":"Em Pauta","date":"09\/02\/2024","format":false,"excerpt":"A organiza\u00e7\u00e3o deste ano foi realizada pela Liga dos Blocos de Rua e Cord\u00f5es Carnavalescos, entidade fundada em dezembro de 2023 para representar a categoria. Por Marisa Campos \/ Em Pauta. O ano de 2024 come\u00e7ou e, logo depois do Ano Novo, muitos brasileiros j\u00e1 pensam e se organizam para\u2026","rel":"","context":"Em &quot;Cultura e Entretenimento&quot;","block_context":{"text":"Cultura e Entretenimento","link":"https:\/\/wp.ufpel.edu.br\/empauta\/category\/todos\/culturaeentretenimento\/"},"img":{"alt_text":"","src":"https:\/\/i0.wp.com\/wp.ufpel.edu.br\/empauta\/files\/2024\/02\/capa-carnaval-pexels-scaled.jpg?resize=350%2C200&ssl=1","width":350,"height":200,"srcset":"https:\/\/i0.wp.com\/wp.ufpel.edu.br\/empauta\/files\/2024\/02\/capa-carnaval-pexels-scaled.jpg?resize=350%2C200&ssl=1 1x, https:\/\/i0.wp.com\/wp.ufpel.edu.br\/empauta\/files\/2024\/02\/capa-carnaval-pexels-scaled.jpg?resize=525%2C300&ssl=1 1.5x, https:\/\/i0.wp.com\/wp.ufpel.edu.br\/empauta\/files\/2024\/02\/capa-carnaval-pexels-scaled.jpg?resize=700%2C400&ssl=1 2x, https:\/\/i0.wp.com\/wp.ufpel.edu.br\/empauta\/files\/2024\/02\/capa-carnaval-pexels-scaled.jpg?resize=1050%2C600&ssl=1 3x, https:\/\/i0.wp.com\/wp.ufpel.edu.br\/empauta\/files\/2024\/02\/capa-carnaval-pexels-scaled.jpg?resize=1400%2C800&ssl=1 4x"},"classes":[]},{"id":12263,"url":"https:\/\/wp.ufpel.edu.br\/empauta\/a-arte-da-brincadeira-no-carnaval-de-rua-em-pelotas\/","url_meta":{"origin":17184,"position":1},"title":"A arte da brincadeira no carnaval de rua em Pelotas","author":"Em Pauta","date":"11\/04\/2019","format":false,"excerpt":"Por Lucian Brum O carnaval de rua \u00e9 o momento em que se manifesta a aud\u00e1cia criativa do brasileiro. \u00c9 quando ironia e alegria, cr\u00edtica e imagina\u00e7\u00e3o, se incorporam no ritmo das cidades. Durante os meses de fevereiro e mar\u00e7o, em Pelotas, n\u00e3o foi diferente. Os blocos percorreram o centro\u2026","rel":"","context":"Em &quot;Cultura e Entretenimento&quot;","block_context":{"text":"Cultura e Entretenimento","link":"https:\/\/wp.ufpel.edu.br\/empauta\/category\/todos\/culturaeentretenimento\/"},"img":{"alt_text":"","src":"https:\/\/i0.wp.com\/wp.ufpel.edu.br\/empauta\/files\/2017\/06\/29.jpg?resize=350%2C200&ssl=1","width":350,"height":200,"srcset":"https:\/\/i0.wp.com\/wp.ufpel.edu.br\/empauta\/files\/2017\/06\/29.jpg?resize=350%2C200&ssl=1 1x, https:\/\/i0.wp.com\/wp.ufpel.edu.br\/empauta\/files\/2017\/06\/29.jpg?resize=525%2C300&ssl=1 1.5x, https:\/\/i0.wp.com\/wp.ufpel.edu.br\/empauta\/files\/2017\/06\/29.jpg?resize=700%2C400&ssl=1 2x"},"classes":[]},{"id":381,"url":"https:\/\/wp.ufpel.edu.br\/empauta\/programacao-do-carnaval-de-pelotas-comeca-hoje\/","url_meta":{"origin":17184,"position":2},"title":"Programa\u00e7\u00e3o do carnaval de Pelotas come\u00e7a hoje","author":"Em Pauta","date":"28\/02\/2014","format":false,"excerpt":"Por Gra\u00e7a Vignolo de Siqueira A tradi\u00e7\u00e3o do Carnaval de Pelotas \u00e9 conhecida no sul do pa\u00eds desde as d\u00e9cadas de 60, 70 e 80, quando a cidade projetou-se no cen\u00e1rio nacional como o terceiro melhor carnaval do Brasil. J\u00e1 foi na Rua Quinze de Novembro, na Avenida Bento Gon\u00e7alves,\u2026","rel":"","context":"Em &quot;Cultura e Entretenimento&quot;","block_context":{"text":"Cultura e Entretenimento","link":"https:\/\/wp.ufpel.edu.br\/empauta\/category\/todos\/culturaeentretenimento\/"},"img":{"alt_text":"Escola de Samba General Telles para a alegria dos pelotenses.                       (Foto: Divulga\u00e7\u00e3o)","src":"https:\/\/i0.wp.com\/wp.ufpel.edu.br\/empauta\/files\/2014\/02\/carnaval-300x201.png?resize=350%2C200&ssl=1","width":350,"height":200},"classes":[]},{"id":19395,"url":"https:\/\/wp.ufpel.edu.br\/empauta\/sao-lourenco-do-sul-folia-de-carnaval-na-lagoa-dos-patos\/","url_meta":{"origin":17184,"position":3},"title":"S\u00e3o Louren\u00e7o do Sul: folia de carnaval na Lagoa dos Patos","author":"Em Pauta","date":"07\/02\/2024","format":false,"excerpt":"Prefeitura tamb\u00e9m promove outras atividades em parceria com o Esta\u00e7\u00e3o Ver\u00e3o Sesc durante o m\u00eas de fevereiro Larissa Schneid Bueno\/Em Pauta Web Carnaval, praia e muita divers\u00e3o. A programa\u00e7\u00e3o de ver\u00e3o para fevereiro conta com atra\u00e7\u00f5es especiais em S\u00e3o Louren\u00e7o do Sul, promovidas pela prefeitura, por meio da Secretaria de\u2026","rel":"","context":"Em &quot;Cultura e Entretenimento&quot;","block_context":{"text":"Cultura e Entretenimento","link":"https:\/\/wp.ufpel.edu.br\/empauta\/category\/todos\/culturaeentretenimento\/"},"img":{"alt_text":"","src":"https:\/\/i0.wp.com\/wp.ufpel.edu.br\/empauta\/files\/2024\/02\/Foto-2-site.jpg?resize=350%2C200&ssl=1","width":350,"height":200,"srcset":"https:\/\/i0.wp.com\/wp.ufpel.edu.br\/empauta\/files\/2024\/02\/Foto-2-site.jpg?resize=350%2C200&ssl=1 1x, https:\/\/i0.wp.com\/wp.ufpel.edu.br\/empauta\/files\/2024\/02\/Foto-2-site.jpg?resize=525%2C300&ssl=1 1.5x, https:\/\/i0.wp.com\/wp.ufpel.edu.br\/empauta\/files\/2024\/02\/Foto-2-site.jpg?resize=700%2C400&ssl=1 2x"},"classes":[]},{"id":19870,"url":"https:\/\/wp.ufpel.edu.br\/empauta\/emergencia-climatica-cenario-de-destruicao-em-pelotas\/","url_meta":{"origin":17184,"position":4},"title":"Emerg\u00eancia clim\u00e1tica: cen\u00e1rio de destrui\u00e7\u00e3o em Pelotas","author":"Em Pauta","date":"16\/05\/2024","format":false,"excerpt":"\u00a0Na segunda-feira (13), o trapiche do Laranjal caiu e seus peda\u00e7os foram encontrados no dique de conten\u00e7\u00e3o. Rep\u00f3rter fotogr\u00e1fica do Em Pauta acompanhou equipe da prefeitura e Corpo de Bombeiros Maria Eduarda Lopes \/ Em Pauta Na segunda-feira (13), as \u00e1guas da Lagoa dos Patos e do canal S\u00e3o Gon\u00e7alo\u2026","rel":"","context":"Em &quot;cat\u00e1strofe ambiental&quot;","block_context":{"text":"cat\u00e1strofe ambiental","link":"https:\/\/wp.ufpel.edu.br\/empauta\/category\/catastrofe-ambiental\/"},"img":{"alt_text":"","src":"https:\/\/i0.wp.com\/wp.ufpel.edu.br\/empauta\/files\/2024\/05\/IMG_0579-scaled.jpg?resize=350%2C200&ssl=1","width":350,"height":200,"srcset":"https:\/\/i0.wp.com\/wp.ufpel.edu.br\/empauta\/files\/2024\/05\/IMG_0579-scaled.jpg?resize=350%2C200&ssl=1 1x, https:\/\/i0.wp.com\/wp.ufpel.edu.br\/empauta\/files\/2024\/05\/IMG_0579-scaled.jpg?resize=525%2C300&ssl=1 1.5x, https:\/\/i0.wp.com\/wp.ufpel.edu.br\/empauta\/files\/2024\/05\/IMG_0579-scaled.jpg?resize=700%2C400&ssl=1 2x, https:\/\/i0.wp.com\/wp.ufpel.edu.br\/empauta\/files\/2024\/05\/IMG_0579-scaled.jpg?resize=1050%2C600&ssl=1 3x, https:\/\/i0.wp.com\/wp.ufpel.edu.br\/empauta\/files\/2024\/05\/IMG_0579-scaled.jpg?resize=1400%2C800&ssl=1 4x"},"classes":[]},{"id":16315,"url":"https:\/\/wp.ufpel.edu.br\/empauta\/domingo-ensolarado-atrai-milhares-de-pessoas-a-regiao-do-porto-em-pelotas-rs\/","url_meta":{"origin":17184,"position":5},"title":"Domingo ensolarado atrai milhares de pessoas a Regi\u00e3o do Porto em Pelotas-RS","author":"Em Pauta","date":"14\/09\/2022","format":false,"excerpt":"Eventos movimentaram o domingo desde a manh\u00e3 at\u00e9 a noite com gastronomia, atra\u00e7\u00f5es para as crian\u00e7as, musica, arte e artesanatos. O j\u00e1 tradicional, Sof\u00e1 na Rua al\u00e9m do Ruas de Lazer, fizeram a alegria de quem foi at\u00e9 a regi\u00e3o sul da cidade de Pelotas. Por \u00c9verson da Martha No\u2026","rel":"","context":"Em &quot;Cultura e Entretenimento&quot;","block_context":{"text":"Cultura e Entretenimento","link":"https:\/\/wp.ufpel.edu.br\/empauta\/category\/todos\/culturaeentretenimento\/"},"img":{"alt_text":"","src":"https:\/\/i0.wp.com\/wp.ufpel.edu.br\/empauta\/files\/2022\/09\/IMG_7958-scaled.jpg?resize=350%2C200&ssl=1","width":350,"height":200,"srcset":"https:\/\/i0.wp.com\/wp.ufpel.edu.br\/empauta\/files\/2022\/09\/IMG_7958-scaled.jpg?resize=350%2C200&ssl=1 1x, https:\/\/i0.wp.com\/wp.ufpel.edu.br\/empauta\/files\/2022\/09\/IMG_7958-scaled.jpg?resize=525%2C300&ssl=1 1.5x, https:\/\/i0.wp.com\/wp.ufpel.edu.br\/empauta\/files\/2022\/09\/IMG_7958-scaled.jpg?resize=700%2C400&ssl=1 2x, https:\/\/i0.wp.com\/wp.ufpel.edu.br\/empauta\/files\/2022\/09\/IMG_7958-scaled.jpg?resize=1050%2C600&ssl=1 3x, https:\/\/i0.wp.com\/wp.ufpel.edu.br\/empauta\/files\/2022\/09\/IMG_7958-scaled.jpg?resize=1400%2C800&ssl=1 4x"},"classes":[]}],"_links":{"self":[{"href":"https:\/\/wp.ufpel.edu.br\/empauta\/wp-json\/wp\/v2\/posts\/17184","targetHints":{"allow":["GET"]}}],"collection":[{"href":"https:\/\/wp.ufpel.edu.br\/empauta\/wp-json\/wp\/v2\/posts"}],"about":[{"href":"https:\/\/wp.ufpel.edu.br\/empauta\/wp-json\/wp\/v2\/types\/post"}],"author":[{"embeddable":true,"href":"https:\/\/wp.ufpel.edu.br\/empauta\/wp-json\/wp\/v2\/users\/587"}],"replies":[{"embeddable":true,"href":"https:\/\/wp.ufpel.edu.br\/empauta\/wp-json\/wp\/v2\/comments?post=17184"}],"version-history":[{"count":2,"href":"https:\/\/wp.ufpel.edu.br\/empauta\/wp-json\/wp\/v2\/posts\/17184\/revisions"}],"predecessor-version":[{"id":17188,"href":"https:\/\/wp.ufpel.edu.br\/empauta\/wp-json\/wp\/v2\/posts\/17184\/revisions\/17188"}],"wp:featuredmedia":[{"embeddable":true,"href":"https:\/\/wp.ufpel.edu.br\/empauta\/wp-json\/wp\/v2\/media\/17186"}],"wp:attachment":[{"href":"https:\/\/wp.ufpel.edu.br\/empauta\/wp-json\/wp\/v2\/media?parent=17184"}],"wp:term":[{"taxonomy":"category","embeddable":true,"href":"https:\/\/wp.ufpel.edu.br\/empauta\/wp-json\/wp\/v2\/categories?post=17184"},{"taxonomy":"post_tag","embeddable":true,"href":"https:\/\/wp.ufpel.edu.br\/empauta\/wp-json\/wp\/v2\/tags?post=17184"}],"curies":[{"name":"wp","href":"https:\/\/api.w.org\/{rel}","templated":true}]}}