{"id":16397,"date":"2022-09-22T17:27:01","date_gmt":"2022-09-22T20:27:01","guid":{"rendered":"https:\/\/wp.ufpel.edu.br\/empauta\/?p=16397"},"modified":"2022-09-22T17:27:01","modified_gmt":"2022-09-22T20:27:01","slug":"orfa-2-a-origem","status":"publish","type":"post","link":"https:\/\/wp.ufpel.edu.br\/empauta\/orfa-2-a-origem\/","title":{"rendered":"\u00d3rf\u00e3 2: A Origem"},"content":{"rendered":"<p style=\"text-align: justify;\"><span style=\"font-weight: 400;\">Treze anos depois de seu lan\u00e7amento, \u00d3rf\u00e3 e Isabelle Fuhrman retornam para um segundo filme disposto a contar a origem da cl\u00e1ssica personagem que finge ser uma crian\u00e7a Dessa vez, se passando pela filha desaparecida a anos de uma fam\u00edlia j\u00e1 sem esperan\u00e7as de a encontrar.\u00a0<\/span><\/p>\n<p style=\"text-align: justify;\"><em><span style=\"font-weight: 400;\">Por Felipe Boettge<\/span><\/em><\/p>\n<p style=\"text-align: justify;\"><span style=\"font-weight: 400;\">Nos cinemas desde o dia 15 de Setembro no Brasil, \u00d3rf\u00e3 2: A Origem \u00e9 dirigido por William Brent Bell, respons\u00e1vel pelos dois filmes do Boneco do Mal e tem de volta Isabelle Fuhrman, que agora sim \u00e9 uma mulher mais velha fingindo ser uma crian\u00e7a. Dessa forma, treze anos depois, o filme traz de volta \u00e0s telonas a personagem que tanto marcou em sua primeira hist\u00f3ria.<\/span><\/p>\n<div id=\"attachment_16398\" style=\"width: 225px\" class=\"wp-caption aligncenter\"><a href=\"https:\/\/wp.ufpel.edu.br\/empauta\/files\/2022\/09\/Imagem-1-4.jpeg\"><img loading=\"lazy\" decoding=\"async\" aria-describedby=\"caption-attachment-16398\" class=\"wp-image-16398 size-medium\" src=\"https:\/\/wp.ufpel.edu.br\/empauta\/files\/2022\/09\/Imagem-1-4-215x318.jpeg\" alt=\"\" width=\"215\" height=\"318\" srcset=\"https:\/\/wp.ufpel.edu.br\/empauta\/files\/2022\/09\/Imagem-1-4-215x318.jpeg 215w, https:\/\/wp.ufpel.edu.br\/empauta\/files\/2022\/09\/Imagem-1-4-107x159.jpeg 107w, https:\/\/wp.ufpel.edu.br\/empauta\/files\/2022\/09\/Imagem-1-4.jpeg 270w\" sizes=\"auto, (max-width: 215px) 100vw, 215px\" \/><\/a><p id=\"caption-attachment-16398\" class=\"wp-caption-text\">P\u00f4ster de \u00d3rf\u00e3 2: A Origem \/ Reprodu\u00e7\u00e3o: Divulga\u00e7\u00e3o\/Paramount<\/p><\/div>\n<p style=\"text-align: justify;\"><span style=\"font-weight: 400;\">Nesse filme, sem grandes spoilers, nos encontramos com a protagonista presa em um hospital psiqui\u00e1trico no leste europeu atrav\u00e9s do olhar de uma rec\u00e9m empregada mulher, interpretada por Gwendolyn Collins. Com o corpo de uma crian\u00e7a, a \u00d3rf\u00e3 \u00e9 uma mulher adulta de mais de 30 anos, possuindo essa defici\u00eancia que a faz aparentar nunca ter envelhecido e usa desse contexto para enganar e roubar fam\u00edlias, um dos motivos para ela ter parado no hospital.<\/span><\/p>\n<p style=\"text-align: justify;\"><span style=\"font-weight: 400;\">Provavelmente a melhor coisa do filme, o curto in\u00edcio possui uma energia misteriosa e quase aterrorizante, carregando o telespectador por dentro da fuga de Esther e apresentando rapidamente as suas capacidades de manipula\u00e7\u00e3o. A partir desse momento, o filme n\u00e3o encontra a mesma energia que a sequ\u00eancia inicial apresenta, deixando um gosto do quanto mais poder\u00edamos ter visto esse contexto.\u00a0<\/span><\/p>\n<p style=\"text-align: justify;\"><span style=\"font-weight: 400;\">Ent\u00e3o, o filme nos leva at\u00e9 Esther em busca de uma fam\u00edlia para fazer de v\u00edtima e \u00e9 em um site de crian\u00e7as desaparecidas em que ela encontra o nome que viria a usar e a menina que ela se passar\u00e1 por. \u00c9 quando ela se encontra com os \u201cpais\u201d que o filme se torna mais do mesmo e dando pouco tempo para que ela exercesse essas capacidades de manipula\u00e7\u00e3o que j\u00e1 vimos que ela tem, de controle das pessoas. Por\u00e9m, o filme prefere apostar em uma grande subvers\u00e3o de expectativa, que \u00e9 muito bem executada e surpreende devidamente. Mas mesmo assim, ela n\u00e3o consegue se manter al\u00e9m da surpresa, j\u00e1 que o filme parece n\u00e3o valorizar a tens\u00e3o que ela causa por tempo o suficiente correndo com os acontecimentos em prol da a\u00e7\u00e3o.\u00a0<\/span><\/p>\n<div id=\"attachment_16399\" style=\"width: 434px\" class=\"wp-caption aligncenter\"><a href=\"https:\/\/wp.ufpel.edu.br\/empauta\/files\/2022\/09\/Imagem-2-4.jpeg\"><img loading=\"lazy\" decoding=\"async\" aria-describedby=\"caption-attachment-16399\" class=\"wp-image-16399 size-medium\" src=\"https:\/\/wp.ufpel.edu.br\/empauta\/files\/2022\/09\/Imagem-2-4-424x239.jpeg\" alt=\"\" width=\"424\" height=\"239\" srcset=\"https:\/\/wp.ufpel.edu.br\/empauta\/files\/2022\/09\/Imagem-2-4-424x239.jpeg 424w, https:\/\/wp.ufpel.edu.br\/empauta\/files\/2022\/09\/Imagem-2-4-212x120.jpeg 212w, https:\/\/wp.ufpel.edu.br\/empauta\/files\/2022\/09\/Imagem-2-4-768x434.jpeg 768w, https:\/\/wp.ufpel.edu.br\/empauta\/files\/2022\/09\/Imagem-2-4.jpeg 1240w\" sizes=\"auto, (max-width: 424px) 100vw, 424px\" \/><\/a><p id=\"caption-attachment-16399\" class=\"wp-caption-text\">Esther no hospital psiqui\u00e1trico \/ Reprodu\u00e7\u00e3o: Divulga\u00e7\u00e3o\/Paramount<\/p><\/div>\n<p style=\"text-align: justify;\"><span style=\"font-weight: 400;\">Aproveitar mais dos momentos de calma do filme para desenvolver uma rela\u00e7\u00e3o de controle com os membros da fam\u00edlia poderia ser uma solu\u00e7\u00e3o boa para um desfecho e a\u00e7\u00e3o mais instigantes, j\u00e1 que um \u00d3rf\u00e3 contra todos n\u00e3o consegue carregar carga emocional nenhuma. Entretanto, se um dos familiares tivesse sido manipulado por ela e se visse tendo que efetivamente escolher entre a \u201cpequena menina\u201d e os outros poderia trazer um n\u00edvel mais s\u00f3lido de tens\u00e3o e acrescentar alguma discuss\u00e3o ao filme. Sendo assim, mas o filme n\u00e3o deixa de ser divertido, j\u00e1 que as cenas em que abra\u00e7a a breguice ao mesmo tempo em que te tiram do clima do filme, podem proporcionar algumas risadas.<\/span><\/p>\n<p style=\"text-align: justify;\"><span style=\"font-weight: 400;\">Dessa maneira, o filme poderia at\u00e9 ter uma execu\u00e7\u00e3o tranquila e que aceitasse sua simplicidade. Mas o final vai al\u00e9m do limite, trazendo uma cena brega que at\u00e9 poderia ser consciente, aceitando o n\u00edvel de suspens\u00e3o de descren\u00e7a que o momento pede. E nem isso consegue, trazendo um grande encerramento que chega quase a ser constrangedor. impress\u00e3o que o filme d\u00e1 \u00e9 desse quase, ele quase consegue ser bom e at\u00e9 quando consegue acertar, como em sua reviravolta, quase consegue fazer ela salvar o fim. S\u00f3 quase mesmo.<\/span><\/p>\n<div id=\"attachment_16402\" style=\"width: 434px\" class=\"wp-caption aligncenter\"><a href=\"https:\/\/wp.ufpel.edu.br\/empauta\/files\/2022\/09\/Imagem-3-4.jpeg\"><img loading=\"lazy\" decoding=\"async\" aria-describedby=\"caption-attachment-16402\" class=\"wp-image-16402 size-medium\" src=\"https:\/\/wp.ufpel.edu.br\/empauta\/files\/2022\/09\/Imagem-3-4-424x268.jpeg\" alt=\"\" width=\"424\" height=\"268\" \/><\/a><p id=\"caption-attachment-16402\" class=\"wp-caption-text\">Legenda: Esther e seu pai adotivo \/ Reprodu\u00e7\u00e3o: Divulga\u00e7\u00e3o\/Paramount<\/p><\/div>\n","protected":false},"excerpt":{"rendered":"<p>Treze anos depois de seu lan\u00e7amento, \u00d3rf\u00e3 e Isabelle Fuhrman retornam para um segundo filme disposto a contar a origem da cl\u00e1ssica personagem que finge ser uma crian\u00e7a Dessa vez, se passando pela filha&#46;&#46;&#46;<\/p>\n","protected":false},"author":587,"featured_media":16398,"comment_status":"closed","ping_status":"closed","sticky":false,"template":"","format":"standard","meta":{"jetpack_post_was_ever_published":false,"_jetpack_newsletter_access":"","_jetpack_dont_email_post_to_subs":false,"_jetpack_newsletter_tier_id":0,"_jetpack_memberships_contains_paywalled_content":false,"_jetpack_memberships_contains_paid_content":false,"footnotes":"","jetpack_publicize_message":"","jetpack_publicize_feature_enabled":true,"jetpack_social_post_already_shared":true,"jetpack_social_options":{"image_generator_settings":{"template":"highway","default_image_id":0,"font":"","enabled":false},"version":2}},"categories":[324,438],"tags":[781],"class_list":["post-16397","post","type-post","status-publish","format-standard","has-post-thumbnail","hentry","category-criticaseresenhas","category-em-pauta-noticias","tag-a-orfa-2"],"jetpack_publicize_connections":[],"jetpack_featured_media_url":"https:\/\/wp.ufpel.edu.br\/empauta\/files\/2022\/09\/Imagem-1-4.jpeg","jetpack_sharing_enabled":true,"jetpack_shortlink":"https:\/\/wp.me\/p6Xvzq-4gt","jetpack-related-posts":[{"id":12104,"url":"https:\/\/wp.ufpel.edu.br\/empauta\/capita-marvel\/","url_meta":{"origin":16397,"position":0},"title":"CAPIT\u00c3 MARVEL","author":"Em Pauta","date":"13\/03\/2019","format":false,"excerpt":"Por Gra\u00e7a Vignolo de Siqueira Sinopse: \u201cCarol Danvers (Brie Larson) \u00e9 uma ex-agente da For\u00e7a A\u00e9rea norte-americana, que, sem se lembrar de sua vida na Terra, \u00e9 recrutada pelos Kree para fazer parte de seu ex\u00e9rcito de elite. Inimiga declarada dos Skrull, ela acaba voltando ao seu planeta de origem\u2026","rel":"","context":"Em &quot;Cr\u00edticas e Resenhas&quot;","block_context":{"text":"Cr\u00edticas e Resenhas","link":"https:\/\/wp.ufpel.edu.br\/empauta\/category\/todos\/criticaseresenhas\/"},"img":{"alt_text":"","src":"https:\/\/i0.wp.com\/wp.ufpel.edu.br\/empauta\/files\/2019\/03\/CapitaMarvelretang-1.png?resize=350%2C200&ssl=1","width":350,"height":200,"srcset":"https:\/\/i0.wp.com\/wp.ufpel.edu.br\/empauta\/files\/2019\/03\/CapitaMarvelretang-1.png?resize=350%2C200&ssl=1 1x, https:\/\/i0.wp.com\/wp.ufpel.edu.br\/empauta\/files\/2019\/03\/CapitaMarvelretang-1.png?resize=525%2C300&ssl=1 1.5x, https:\/\/i0.wp.com\/wp.ufpel.edu.br\/empauta\/files\/2019\/03\/CapitaMarvelretang-1.png?resize=700%2C400&ssl=1 2x"},"classes":[]},{"id":17235,"url":"https:\/\/wp.ufpel.edu.br\/empauta\/o-vazio-em-dimensoes-quanticas\/","url_meta":{"origin":16397,"position":1},"title":"O vazio em dimens\u00f5es qu\u00e2nticas","author":"Em Pauta","date":"28\/02\/2023","format":false,"excerpt":"O terceiro filme do Homem Formiga chega aos cinemas com a maior proposta dentro da franquia. Dessa vez, Scott Lang enfrenta Kang, o Conquistador, uma das variantes do pr\u00f3ximo grande vil\u00e3o da Marvel. Por Felipe Boettge \/ Em Pauta Ap\u00f3s os eventos de Guerra Infinita e Ultimato, Scott, o Homem\u2026","rel":"","context":"Em &quot;Cr\u00edticas e Resenhas&quot;","block_context":{"text":"Cr\u00edticas e Resenhas","link":"https:\/\/wp.ufpel.edu.br\/empauta\/category\/todos\/criticaseresenhas\/"},"img":{"alt_text":"","src":"https:\/\/i0.wp.com\/wp.ufpel.edu.br\/empauta\/files\/2023\/02\/Imagem-1-6-e1677589077803.jpeg?resize=350%2C200&ssl=1","width":350,"height":200,"srcset":"https:\/\/i0.wp.com\/wp.ufpel.edu.br\/empauta\/files\/2023\/02\/Imagem-1-6-e1677589077803.jpeg?resize=350%2C200&ssl=1 1x, https:\/\/i0.wp.com\/wp.ufpel.edu.br\/empauta\/files\/2023\/02\/Imagem-1-6-e1677589077803.jpeg?resize=525%2C300&ssl=1 1.5x, https:\/\/i0.wp.com\/wp.ufpel.edu.br\/empauta\/files\/2023\/02\/Imagem-1-6-e1677589077803.jpeg?resize=700%2C400&ssl=1 2x, https:\/\/i0.wp.com\/wp.ufpel.edu.br\/empauta\/files\/2023\/02\/Imagem-1-6-e1677589077803.jpeg?resize=1050%2C600&ssl=1 3x, https:\/\/i0.wp.com\/wp.ufpel.edu.br\/empauta\/files\/2023\/02\/Imagem-1-6-e1677589077803.jpeg?resize=1400%2C800&ssl=1 4x"},"classes":[]},{"id":16441,"url":"https:\/\/wp.ufpel.edu.br\/empauta\/andor-uma-nova-esperanca-para-star-wars\/","url_meta":{"origin":16397,"position":2},"title":"Andor: Uma nova esperan\u00e7a para Star Wars","author":"Em Pauta","date":"28\/09\/2022","format":false,"excerpt":"Ambientada durante os opressivos anos em que o Imp\u00e9rio dominou a gal\u00e1xia, Andor, mostrar\u00e1 a jornada de Cassian Andor como espi\u00e3o e agente da rebeli\u00e3o at\u00e9 a sua participa\u00e7\u00e3o crucial na miss\u00e3o que mudou a hist\u00f3ria da gal\u00e1xia e garantiu os planos para que Leia, Luke e Han Solo destru\u00edssem\u2026","rel":"","context":"Em &quot;Cr\u00edticas e Resenhas&quot;","block_context":{"text":"Cr\u00edticas e Resenhas","link":"https:\/\/wp.ufpel.edu.br\/empauta\/category\/todos\/criticaseresenhas\/"},"img":{"alt_text":"","src":"https:\/\/i0.wp.com\/wp.ufpel.edu.br\/empauta\/files\/2022\/09\/Andor-Imagem-2.jpeg?resize=350%2C200&ssl=1","width":350,"height":200,"srcset":"https:\/\/i0.wp.com\/wp.ufpel.edu.br\/empauta\/files\/2022\/09\/Andor-Imagem-2.jpeg?resize=350%2C200&ssl=1 1x, https:\/\/i0.wp.com\/wp.ufpel.edu.br\/empauta\/files\/2022\/09\/Andor-Imagem-2.jpeg?resize=525%2C300&ssl=1 1.5x, https:\/\/i0.wp.com\/wp.ufpel.edu.br\/empauta\/files\/2022\/09\/Andor-Imagem-2.jpeg?resize=700%2C400&ssl=1 2x, https:\/\/i0.wp.com\/wp.ufpel.edu.br\/empauta\/files\/2022\/09\/Andor-Imagem-2.jpeg?resize=1050%2C600&ssl=1 3x"},"classes":[]},{"id":14572,"url":"https:\/\/wp.ufpel.edu.br\/empauta\/confira-algumas-das-series-destaques-do-emmy-2021\/","url_meta":{"origin":16397,"position":3},"title":"Confira algumas das s\u00e9ries destaques do Emmy 2021","author":"Em Pauta","date":"27\/09\/2021","format":false,"excerpt":"Por Carol Pinho\/ Em Pauta A premia\u00e7\u00e3o do Emmy 2021 aconteceu no \u00faltimo final de semana, dia 19, e premiou os melhores programas de televis\u00e3o, escolhidos pela Academia de Artes e Ci\u00eancias da Televis\u00e3o. Entre os diversos indicados e ganhadores, algumas s\u00e9ries foram para casa com muitas premia\u00e7\u00f5es e acabaram\u2026","rel":"","context":"Em &quot;Cr\u00edticas e Resenhas&quot;","block_context":{"text":"Cr\u00edticas e Resenhas","link":"https:\/\/wp.ufpel.edu.br\/empauta\/category\/todos\/criticaseresenhas\/"},"img":{"alt_text":"","src":"https:\/\/i0.wp.com\/wp.ufpel.edu.br\/empauta\/files\/2021\/09\/TheCrown.jpg?resize=350%2C200&ssl=1","width":350,"height":200,"srcset":"https:\/\/i0.wp.com\/wp.ufpel.edu.br\/empauta\/files\/2021\/09\/TheCrown.jpg?resize=350%2C200&ssl=1 1x, https:\/\/i0.wp.com\/wp.ufpel.edu.br\/empauta\/files\/2021\/09\/TheCrown.jpg?resize=525%2C300&ssl=1 1.5x, https:\/\/i0.wp.com\/wp.ufpel.edu.br\/empauta\/files\/2021\/09\/TheCrown.jpg?resize=700%2C400&ssl=1 2x"},"classes":[]},{"id":9131,"url":"https:\/\/wp.ufpel.edu.br\/empauta\/minha-mae-e-uma-peca-2\/","url_meta":{"origin":16397,"position":4},"title":"MINHA M\u00c3E \u00c9 UMA PE\u00c7A 2","author":"Em Pauta","date":"30\/12\/2016","format":false,"excerpt":"Por: Gra\u00e7a Vignolo de Siqueira Sinopse: \u201cDona Herm\u00ednia (Paulo Gustavo) est\u00e1 de volta e rica, ap\u00f3s se tornar apresentadora de programa de TV. Por\u00e9m, a personagem superprotetora vai ter que lidar com o ninho vazio, afinal Juliano (Rodrigo Pandolfo) e Marcelina (Mariana Xavier) resolvem criar asas e sair de casa.\u2026","rel":"","context":"Em &quot;Cr\u00edticas e Resenhas&quot;","block_context":{"text":"Cr\u00edticas e Resenhas","link":"https:\/\/wp.ufpel.edu.br\/empauta\/category\/todos\/criticaseresenhas\/"},"img":{"alt_text":"","src":"https:\/\/i0.wp.com\/wp.ufpel.edu.br\/empauta\/files\/2016\/12\/MinhaMaePe%C3%A7a2.jpg?resize=350%2C200&ssl=1","width":350,"height":200,"srcset":"https:\/\/i0.wp.com\/wp.ufpel.edu.br\/empauta\/files\/2016\/12\/MinhaMaePe%C3%A7a2.jpg?resize=350%2C200&ssl=1 1x, https:\/\/i0.wp.com\/wp.ufpel.edu.br\/empauta\/files\/2016\/12\/MinhaMaePe%C3%A7a2.jpg?resize=525%2C300&ssl=1 1.5x, https:\/\/i0.wp.com\/wp.ufpel.edu.br\/empauta\/files\/2016\/12\/MinhaMaePe%C3%A7a2.jpg?resize=700%2C400&ssl=1 2x"},"classes":[]},{"id":8581,"url":"https:\/\/wp.ufpel.edu.br\/empauta\/ciclo-de-cinema-da-projep-exibiu-que-horas-ela-volta\/","url_meta":{"origin":16397,"position":5},"title":"Ciclo de cinema da PROGEP exibiu \u201cQue horas ela volta?\u201d","author":"Em Pauta","date":"08\/09\/2016","format":false,"excerpt":"Por: Mariana Lealdino Pol\u00eamico e emocionante, mas tamb\u00e9m trazendo a dose certa de humor. \u201cQue horas ela volta?\u201d, lan\u00e7ado em 2015, traz \u00e0 tona a din\u00e2mica entre patr\u00e3o e empregado inseridos em um cen\u00e1rio que possui, assustadoramente, in\u00fameras caracter\u00edsticas e protocolos dos tempos de um retr\u00f3grado Brasil col\u00f4nia. Uma obra\u2026","rel":"","context":"Em &quot;Cultura e Entretenimento&quot;","block_context":{"text":"Cultura e Entretenimento","link":"https:\/\/wp.ufpel.edu.br\/empauta\/category\/todos\/culturaeentretenimento\/"},"img":{"alt_text":"","src":"","width":0,"height":0},"classes":[]}],"_links":{"self":[{"href":"https:\/\/wp.ufpel.edu.br\/empauta\/wp-json\/wp\/v2\/posts\/16397","targetHints":{"allow":["GET"]}}],"collection":[{"href":"https:\/\/wp.ufpel.edu.br\/empauta\/wp-json\/wp\/v2\/posts"}],"about":[{"href":"https:\/\/wp.ufpel.edu.br\/empauta\/wp-json\/wp\/v2\/types\/post"}],"author":[{"embeddable":true,"href":"https:\/\/wp.ufpel.edu.br\/empauta\/wp-json\/wp\/v2\/users\/587"}],"replies":[{"embeddable":true,"href":"https:\/\/wp.ufpel.edu.br\/empauta\/wp-json\/wp\/v2\/comments?post=16397"}],"version-history":[{"count":3,"href":"https:\/\/wp.ufpel.edu.br\/empauta\/wp-json\/wp\/v2\/posts\/16397\/revisions"}],"predecessor-version":[{"id":16403,"href":"https:\/\/wp.ufpel.edu.br\/empauta\/wp-json\/wp\/v2\/posts\/16397\/revisions\/16403"}],"wp:featuredmedia":[{"embeddable":true,"href":"https:\/\/wp.ufpel.edu.br\/empauta\/wp-json\/wp\/v2\/media\/16398"}],"wp:attachment":[{"href":"https:\/\/wp.ufpel.edu.br\/empauta\/wp-json\/wp\/v2\/media?parent=16397"}],"wp:term":[{"taxonomy":"category","embeddable":true,"href":"https:\/\/wp.ufpel.edu.br\/empauta\/wp-json\/wp\/v2\/categories?post=16397"},{"taxonomy":"post_tag","embeddable":true,"href":"https:\/\/wp.ufpel.edu.br\/empauta\/wp-json\/wp\/v2\/tags?post=16397"}],"curies":[{"name":"wp","href":"https:\/\/api.w.org\/{rel}","templated":true}]}}