{"id":16187,"date":"2022-09-06T14:53:57","date_gmt":"2022-09-06T17:53:57","guid":{"rendered":"https:\/\/wp.ufpel.edu.br\/empauta\/?p=16187"},"modified":"2022-09-06T14:53:57","modified_gmt":"2022-09-06T17:53:57","slug":"as-diferentes-reacoes-ao-que-se-vestira-na-copa","status":"publish","type":"post","link":"https:\/\/wp.ufpel.edu.br\/empauta\/as-diferentes-reacoes-ao-que-se-vestira-na-copa\/","title":{"rendered":"As diferentes rea\u00e7\u00f5es ao que se vestir\u00e1 na Copa"},"content":{"rendered":"<p style=\"text-align: justify;\"><span style=\"font-weight: 400;\">Uniformes que ser\u00e3o utilizados pelas sele\u00e7\u00f5es em novembro come\u00e7am a ser lan\u00e7ados e provocam discuss\u00f5es sobre a moda esportiva nas redes sociais<\/span><\/p>\n<p style=\"text-align: justify;\"><em><span style=\"font-weight: 400;\">Por Luis Collat<\/span><\/em><\/p>\n<p style=\"text-align: justify;\"><span style=\"font-weight: 400;\">Apesar de ter chegado alguns meses depois do que de costume, devido ao fato do evento se iniciar em novembro para evitar o forte calor do ver\u00e3o no Catar<\/span><span style=\"font-weight: 400;\">, o \u201cclima de copa&#8221; j\u00e1 se manifesta dentro de cada apaixonado pelo esporte mais popular do planeta. S\u00e3o diversos os fatores que despertam a ansiedade dos torcedores, como por exemplo o lan\u00e7amento do tradicional \u00e1lbum oficial da Copa do Mundo e, especificamente para o povo brasileiro, a expectativa da conquista do hexacampeonato, que vem sendo adiado desde a edi\u00e7\u00e3o de 2006.<\/span><\/p>\n<p style=\"text-align: justify;\"><span style=\"font-weight: 400;\">Outro elemento de muita for\u00e7a no aumento da sensa\u00e7\u00e3o de proximidade dos jogos \u00e9 o lan\u00e7amento dos uniformes de cada sele\u00e7\u00e3o. Sempre gerando muita discuss\u00e3o por parte do p\u00fablico que costuma se dividir entre o amor e o \u00f3dio pelas camisetas, as pe\u00e7as s\u00e3o cada vez mais consideradas como uma possibilidade para o uso no dia-a-dia por parte dos f\u00e3s de futebol.<\/span><\/p>\n<p style=\"text-align: justify;\"><span style=\"font-weight: 400;\">A cole\u00e7\u00e3o de uniformes oficiais da sele\u00e7\u00e3o brasileira, lan\u00e7ada no in\u00edcio do m\u00eas de agosto, fez sucesso entre os torcedores. Com o slogan \u201cVeste a Garra\u201d, as duas camisetas de jogo apresentam detalhes em alus\u00e3o \u00e0 on\u00e7a-pintada, animal presente na regi\u00e3o da\u00a0 bacia amaz\u00f4nica. Outro fator importante para a populariza\u00e7\u00e3o da nova \u201camarelinha\u201d \u00e9 a aparente queda do uso de sua imagem como representa\u00e7\u00e3o de movimentos da direita brasileira, que desde a Copa das Confedera\u00e7\u00f5es em 2013 conseguiu se utilizar da camisa canarinho como seu s\u00edmbolo, o que afastou boa parte da popula\u00e7\u00e3o do pa\u00eds do uso de uniformes da CBF.<\/span><\/p>\n<div id=\"attachment_16189\" style=\"width: 434px\" class=\"wp-caption aligncenter\"><a href=\"https:\/\/wp.ufpel.edu.br\/empauta\/files\/2022\/09\/camisa-brasil.jpg\"><img loading=\"lazy\" decoding=\"async\" aria-describedby=\"caption-attachment-16189\" class=\"wp-image-16189 size-medium\" src=\"https:\/\/wp.ufpel.edu.br\/empauta\/files\/2022\/09\/camisa-brasil-424x239.jpg\" alt=\"\" width=\"424\" height=\"239\" srcset=\"https:\/\/wp.ufpel.edu.br\/empauta\/files\/2022\/09\/camisa-brasil-424x239.jpg 424w, https:\/\/wp.ufpel.edu.br\/empauta\/files\/2022\/09\/camisa-brasil-212x119.jpg 212w, https:\/\/wp.ufpel.edu.br\/empauta\/files\/2022\/09\/camisa-brasil-768x432.jpg 768w, https:\/\/wp.ufpel.edu.br\/empauta\/files\/2022\/09\/camisa-brasil-1536x864.jpg 1536w, https:\/\/wp.ufpel.edu.br\/empauta\/files\/2022\/09\/camisa-brasil.jpg 1920w\" sizes=\"auto, (max-width: 424px) 100vw, 424px\" \/><\/a><p id=\"caption-attachment-16189\" class=\"wp-caption-text\">A camisa da sele\u00e7\u00e3o brasileira se esgotou no site da Nike minutos ap\u00f3s o in\u00edcio das vendas \/Foto: Instagram &#8211; CBF<\/p><\/div>\n<p style=\"text-align: justify;\"><span style=\"font-weight: 400;\">Em contrapartida das camisas lan\u00e7adas para o Brasil que se mostraram praticamente uma unanimidade para os torcedores, a cole\u00e7\u00e3o de segundos uniformes anunciada recentemente pela empresa Puma causou grande insatisfa\u00e7\u00e3o nas redes sociais. Contemplando 6 sele\u00e7\u00f5es presentes na Copa do Mundo, sendo elas Uruguai, Marrocos, Gana, Senegal, S\u00e9rvia e Su\u00ed\u00e7a, os modelos apresentam design semelhante, com o escudo da sele\u00e7\u00e3o e marca da fornecedora esportiva centralizados e uma numera\u00e7\u00e3o na parte da frente com a fonte bem maior do que o usual.<\/span><\/p>\n<div id=\"attachment_16190\" style=\"width: 264px\" class=\"wp-caption alignleft\"><a href=\"https:\/\/wp.ufpel.edu.br\/empauta\/files\/2022\/09\/302181502_474551931348448_8025269766807318488_n.jpg\"><img loading=\"lazy\" decoding=\"async\" aria-describedby=\"caption-attachment-16190\" class=\"wp-image-16190 size-medium\" src=\"https:\/\/wp.ufpel.edu.br\/empauta\/files\/2022\/09\/302181502_474551931348448_8025269766807318488_n-254x318.jpg\" alt=\"\" width=\"254\" height=\"318\" srcset=\"https:\/\/wp.ufpel.edu.br\/empauta\/files\/2022\/09\/302181502_474551931348448_8025269766807318488_n-254x318.jpg 254w, https:\/\/wp.ufpel.edu.br\/empauta\/files\/2022\/09\/302181502_474551931348448_8025269766807318488_n-127x159.jpg 127w, https:\/\/wp.ufpel.edu.br\/empauta\/files\/2022\/09\/302181502_474551931348448_8025269766807318488_n-768x960.jpg 768w, https:\/\/wp.ufpel.edu.br\/empauta\/files\/2022\/09\/302181502_474551931348448_8025269766807318488_n.jpg 1080w\" sizes=\"auto, (max-width: 254px) 100vw, 254px\" \/><\/a><p id=\"caption-attachment-16190\" class=\"wp-caption-text\">A camisa do Uruguai foi muito criticada tamb\u00e9m por torcedores nativos do pa\u00eds \/Foto: Instagram &#8211; Puma Football<\/p><\/div>\n<p style=\"text-align: justify;\"><span style=\"font-weight: 400;\">O designer Bernard Gerber, apaixonado por futebol desde a inf\u00e2ncia, reconhece e valoriza a rela\u00e7\u00e3o do esporte com sua profiss\u00e3o. \u201cGosto de pensar futebol como um forte campo que liga esportes e linguagem visual. A sua comunica\u00e7\u00e3o n\u00e3o se limita apenas \u00e0 cria\u00e7\u00e3o de uma camiseta. Temos o uso do espa\u00e7o do est\u00e1dio, das cores e at\u00e9 torcidas organizadas se apropriam de diferentes derivativos visuais\u201d. Com uma cole\u00e7\u00e3o de uniformes de diferentes times e sele\u00e7\u00f5es, Bernard destaca as camisas como um fator importante para que tenha tomado a decis\u00e3o de seguir uma carreira na \u00e1rea do design. \u201cMe encanta ver as diferentes dire\u00e7\u00f5es criativas para a concep\u00e7\u00e3o de uma camiseta. O fato de eu colecionar camisas antigas recha\u00e7a mais essa minha curiosidade em saber como os designers vinham com ideias para camisetas, numa \u00e9poca sem internet e globaliza\u00e7\u00e3o que temos hoje\u201d.<\/span><\/p>\n<p style=\"text-align: justify;\"><span style=\"font-weight: 400;\">Em rela\u00e7\u00e3o a m\u00e1 recep\u00e7\u00e3o por parte dos f\u00e3s com a cole\u00e7\u00e3o da Puma, ele aponta o hist\u00f3rico recente da marca e fala como a poss\u00edvel estrat\u00e9gia da empresa tem dificuldades em ser aceita por boa parte do p\u00fablico. \u201cDesde o ano passado a Puma vem criando camisetas com designs n\u00e3o convencionais. O futebol, por ter um p\u00fablico fortemente conservador, dificilmente d\u00e1 brechas para inova\u00e7\u00e3o, a\u00ed que vem o problema da Puma na minha opini\u00e3o. A quebra de status-quo, com uma fonte neutra e grande com um pequeno grafismo, tirou a aten\u00e7\u00e3o do escudo, que \u00e9 um elemento central, e na linha da puma ficou fora do centro das aten\u00e7\u00f5es\u201d, ponderou.<\/span><\/p>\n<div id=\"attachment_16191\" style=\"width: 270px\" class=\"wp-caption aligncenter\"><a href=\"https:\/\/wp.ufpel.edu.br\/empauta\/files\/2022\/09\/Bernard-Gerber.jpeg\"><img loading=\"lazy\" decoding=\"async\" aria-describedby=\"caption-attachment-16191\" class=\"wp-image-16191 size-medium\" src=\"https:\/\/wp.ufpel.edu.br\/empauta\/files\/2022\/09\/Bernard-Gerber-260x318.jpeg\" alt=\"\" width=\"260\" height=\"318\" srcset=\"https:\/\/wp.ufpel.edu.br\/empauta\/files\/2022\/09\/Bernard-Gerber-260x318.jpeg 260w, https:\/\/wp.ufpel.edu.br\/empauta\/files\/2022\/09\/Bernard-Gerber-130x159.jpeg 130w, https:\/\/wp.ufpel.edu.br\/empauta\/files\/2022\/09\/Bernard-Gerber-768x940.jpeg 768w, https:\/\/wp.ufpel.edu.br\/empauta\/files\/2022\/09\/Bernard-Gerber.jpeg 852w\" sizes=\"auto, (max-width: 260px) 100vw, 260px\" \/><\/a><p id=\"caption-attachment-16191\" class=\"wp-caption-text\">Bernard Gerber com a camisa da Fiorentina de 1998, uma das mais importantes de sua cole\u00e7\u00e3o \/Foto: arquivo pessoal<\/p><\/div>\n<p style=\"text-align: justify;\"><span style=\"font-weight: 400;\">A criadora do projeto \u201cV\u00e1 de Camisa\u201d, que incentiva o uso das camisetas de futebol fora do est\u00e1dio especialmente para o p\u00fablico feminino, n\u00e3o se agradou do conceito adotado pela marca alem\u00e3. Kamila Padilha teve a ideia de iniciar o conte\u00fado no Instagram ao ver um v\u00eddeo que criticava pessoas que faziam uso das pe\u00e7as esportivas ao sair, pois isso n\u00e3o era \u201cse arrumar\u201d. Desde ent\u00e3o, ela trabalha com essa possibilidade na montagem de <\/span><em><span style=\"font-weight: 400;\">looks<\/span><\/em><span style=\"font-weight: 400;\"> na internet com a ajuda de duas amigas que atuam na \u00e1rea da moda.<\/span><\/p>\n<p style=\"text-align: justify;\"><span style=\"font-weight: 400;\">Por fun\u00e7\u00e3o de sua p\u00e1gina na rede social, Kamila est\u00e1 sempre de olho nos lan\u00e7amentos de camisas, e isso fez com que ela j\u00e1 esperasse algo inovador por parte da Puma gra\u00e7as aos ousados lan\u00e7amentos anteriores.\u00a0<\/span><\/p>\n<p style=\"text-align: justify;\"><span style=\"font-weight: 400;\">\u201cN\u00e3o acho que se deva mexer tanto na estrutura da camisa, mas tamb\u00e9m acho que \u00e9 algo que a gente vai se acostumar. Eu gosto muito das camisas com o s\u00edmbolo centralizado, pois ajuda na composi\u00e7\u00e3o de looks com uma terceira pe\u00e7a como um blazer ou uma camisa por cima. Mas essas da Puma foram muito al\u00e9m, trouxeram muita informa\u00e7\u00e3o para a frente da camisa. A camisa do Marrocos, S\u00e9rvia e Gana est\u00e3o bonitas e super us\u00e1veis, ent\u00e3o acredito que eles conseguiram chamar aten\u00e7\u00e3o para essa inova\u00e7\u00e3o\u201d, concluiu Kamila.<\/span><\/p>\n<div id=\"attachment_16188\" style=\"width: 405px\" class=\"wp-caption aligncenter\"><a href=\"https:\/\/wp.ufpel.edu.br\/empauta\/files\/2022\/09\/195239492_509866506716083_892309933077457154_n.jpg\"><img loading=\"lazy\" decoding=\"async\" aria-describedby=\"caption-attachment-16188\" class=\"wp-image-16188\" src=\"https:\/\/wp.ufpel.edu.br\/empauta\/files\/2022\/09\/195239492_509866506716083_892309933077457154_n-318x318.jpg\" alt=\"\" width=\"395\" height=\"395\" srcset=\"https:\/\/wp.ufpel.edu.br\/empauta\/files\/2022\/09\/195239492_509866506716083_892309933077457154_n-318x318.jpg 318w, https:\/\/wp.ufpel.edu.br\/empauta\/files\/2022\/09\/195239492_509866506716083_892309933077457154_n-159x159.jpg 159w, https:\/\/wp.ufpel.edu.br\/empauta\/files\/2022\/09\/195239492_509866506716083_892309933077457154_n-768x768.jpg 768w, https:\/\/wp.ufpel.edu.br\/empauta\/files\/2022\/09\/195239492_509866506716083_892309933077457154_n-80x80.jpg 80w, https:\/\/wp.ufpel.edu.br\/empauta\/files\/2022\/09\/195239492_509866506716083_892309933077457154_n-320x320.jpg 320w, https:\/\/wp.ufpel.edu.br\/empauta\/files\/2022\/09\/195239492_509866506716083_892309933077457154_n.jpg 1080w\" sizes=\"auto, (max-width: 395px) 100vw, 395px\" \/><\/a><p id=\"caption-attachment-16188\" class=\"wp-caption-text\">Kamila Padilha usando uma camisa do Palermo em um ensaio da &#8220;V\u00e1 de Camisa&#8221; \/Foto: Instagram: V\u00e1 de Camisa<\/p><\/div>\n","protected":false},"excerpt":{"rendered":"<p>Uniformes que ser\u00e3o utilizados pelas sele\u00e7\u00f5es em novembro come\u00e7am a ser lan\u00e7ados e provocam discuss\u00f5es sobre a moda esportiva nas redes sociais Por Luis Collat Apesar de ter chegado alguns meses depois do que&#46;&#46;&#46;<\/p>\n","protected":false},"author":587,"featured_media":16190,"comment_status":"closed","ping_status":"closed","sticky":false,"template":"","format":"standard","meta":{"jetpack_post_was_ever_published":false,"_jetpack_newsletter_access":"","_jetpack_dont_email_post_to_subs":false,"_jetpack_newsletter_tier_id":0,"_jetpack_memberships_contains_paywalled_content":false,"_jetpack_memberships_contains_paid_content":false,"footnotes":"","jetpack_publicize_message":"","jetpack_publicize_feature_enabled":true,"jetpack_social_post_already_shared":true,"jetpack_social_options":{"image_generator_settings":{"template":"highway","default_image_id":0,"font":"","enabled":false},"version":2}},"categories":[204,438,8,9],"tags":[750,747,746,749,748],"class_list":["post-16187","post","type-post","status-publish","format-standard","has-post-thumbnail","hentry","category-culturaeentretenimento","category-em-pauta-noticias","category-esportes","category-geral","tag-bernard-gerber","tag-catar","tag-copa-do-mundo","tag-kamila-padilha","tag-va-de-camisa"],"jetpack_publicize_connections":[],"jetpack_featured_media_url":"https:\/\/wp.ufpel.edu.br\/empauta\/files\/2022\/09\/302181502_474551931348448_8025269766807318488_n.jpg","jetpack_sharing_enabled":true,"jetpack_shortlink":"https:\/\/wp.me\/p6Xvzq-4d5","jetpack-related-posts":[{"id":12037,"url":"https:\/\/wp.ufpel.edu.br\/empauta\/anfitriao-do-mundial-de-2022-conquista-pela-primeira-vez-a-copa-da-asia-de-futebol\/","url_meta":{"origin":16187,"position":0},"title":"Anfitri\u00e3o do Mundial de 2022 conquista pela primeira vez a Copa da \u00c1sia de futebol","author":"Em Pauta","date":"07\/02\/2019","format":false,"excerpt":"Por Lu\u00eds Artur Janes Silva Na \u00faltima sexta-feira, 1 de fevereiro, tivemos a decis\u00e3o da Copa da \u00c1sia de futebol. Jap\u00e3o e Catar fizeram a final do torneio, que vinha sendo realizado nos Emirados \u00c1rabes Unidos, desde 5 de janeiro. Surpreendente, o Catar sobrou em campo e aplicou tr\u00eas a\u2026","rel":"","context":"Em &quot;Esportes&quot;","block_context":{"text":"Esportes","link":"https:\/\/wp.ufpel.edu.br\/empauta\/category\/todos\/esportes\/"},"img":{"alt_text":"","src":"https:\/\/i0.wp.com\/wp.ufpel.edu.br\/empauta\/files\/2019\/02\/csm_catar_campe%C3%A3o-%C3%A1sia-2019.jpg?resize=350%2C200&ssl=1","width":350,"height":200,"srcset":"https:\/\/i0.wp.com\/wp.ufpel.edu.br\/empauta\/files\/2019\/02\/csm_catar_campe%C3%A3o-%C3%A1sia-2019.jpg?resize=350%2C200&ssl=1 1x, https:\/\/i0.wp.com\/wp.ufpel.edu.br\/empauta\/files\/2019\/02\/csm_catar_campe%C3%A3o-%C3%A1sia-2019.jpg?resize=525%2C300&ssl=1 1.5x, https:\/\/i0.wp.com\/wp.ufpel.edu.br\/empauta\/files\/2019\/02\/csm_catar_campe%C3%A3o-%C3%A1sia-2019.jpg?resize=700%2C400&ssl=1 2x"},"classes":[]},{"id":17023,"url":"https:\/\/wp.ufpel.edu.br\/empauta\/com-16-estreantes-em-copa-tite-divulga-lista-de-convocados-para-o-qatar\/","url_meta":{"origin":16187,"position":1},"title":"Com 16 estreantes em Copa, Tite divulga lista de convocados para o Qatar","author":"Em Pauta","date":"12\/11\/2022","format":false,"excerpt":"Nesta \u00faltima segunda-feira (07\/11), saiu a t\u00e3o esperada convoca\u00e7\u00e3o da Sele\u00e7\u00e3o Brasileira para a Copa do Mundo no Catar, que come\u00e7a no dia 20\/11.\u00a0 Por Bruno Bittencourt Para muitos, uma lista de convocados impec\u00e1vel e sem grandes surpresas. No entanto, para alguns, um nome chamou muita aten\u00e7\u00e3o e repercutiu bastante\u2026","rel":"","context":"Em &quot;Em Pauta Not\u00edcias&quot;","block_context":{"text":"Em Pauta Not\u00edcias","link":"https:\/\/wp.ufpel.edu.br\/empauta\/category\/em-pauta-noticias\/"},"img":{"alt_text":"","src":"https:\/\/i0.wp.com\/wp.ufpel.edu.br\/empauta\/files\/2022\/11\/Image.jpeg?resize=350%2C200&ssl=1","width":350,"height":200,"srcset":"https:\/\/i0.wp.com\/wp.ufpel.edu.br\/empauta\/files\/2022\/11\/Image.jpeg?resize=350%2C200&ssl=1 1x, https:\/\/i0.wp.com\/wp.ufpel.edu.br\/empauta\/files\/2022\/11\/Image.jpeg?resize=525%2C300&ssl=1 1.5x"},"classes":[]},{"id":9937,"url":"https:\/\/wp.ufpel.edu.br\/empauta\/panorama-da-copa-grandes-selecoes-fora-e-cabecas-de-chave-definidos\/","url_meta":{"origin":16187,"position":2},"title":"Panorama da copa: grandes sele\u00e7\u00f5es fora e cabe\u00e7as de chave definidos","author":"Em Pauta","date":"17\/10\/2017","format":false,"excerpt":"\u00daltima rodada das eliminat\u00f3rias europeia e sul-americana definiu as sele\u00e7\u00f5es que ser\u00e3o cabe\u00e7as de chave dos grupos do mundial da R\u00fassia. Por Daniel Batista Na \u00faltima ter\u00e7a-feira (10), foram definidas as sele\u00e7\u00f5es da Europa, da Am\u00e9rica do Sul e da Am\u00e9rica do Norte, Central e Caribe que ir\u00e3o disputar a\u2026","rel":"","context":"Em &quot;Esportes&quot;","block_context":{"text":"Esportes","link":"https:\/\/wp.ufpel.edu.br\/empauta\/category\/todos\/esportes\/"},"img":{"alt_text":"","src":"https:\/\/i0.wp.com\/wp.ufpel.edu.br\/empauta\/files\/2017\/10\/vald%C3%ADvia.jpg?resize=350%2C200&ssl=1","width":350,"height":200,"srcset":"https:\/\/i0.wp.com\/wp.ufpel.edu.br\/empauta\/files\/2017\/10\/vald%C3%ADvia.jpg?resize=350%2C200&ssl=1 1x, https:\/\/i0.wp.com\/wp.ufpel.edu.br\/empauta\/files\/2017\/10\/vald%C3%ADvia.jpg?resize=525%2C300&ssl=1 1.5x, https:\/\/i0.wp.com\/wp.ufpel.edu.br\/empauta\/files\/2017\/10\/vald%C3%ADvia.jpg?resize=700%2C400&ssl=1 2x"},"classes":[]},{"id":11825,"url":"https:\/\/wp.ufpel.edu.br\/empauta\/croacia-bate-a-franca-e-conquista-copa-davis-pela-segunda-vez\/","url_meta":{"origin":16187,"position":3},"title":"Cro\u00e1cia bate a Fran\u00e7a e conquista Copa Davis pela segunda vez","author":"Em Pauta","date":"28\/11\/2018","format":false,"excerpt":"Por Lu\u00eds Artur Janes Silva No \u00faltimo final de semana, a Cro\u00e1cia, do tenista Marin Cilic, n\u00famero sete do mundo, conquistou pela segunda vez na sua hist\u00f3ria a Copa Davis, uma das competi\u00e7\u00f5es mais tradicionais do esporte das raquetes, que se destaca por ser um campeonato de sele\u00e7\u00f5es nacionais de\u2026","rel":"","context":"Em &quot;Esportes&quot;","block_context":{"text":"Esportes","link":"https:\/\/wp.ufpel.edu.br\/empauta\/category\/todos\/esportes\/"},"img":{"alt_text":"","src":"https:\/\/i0.wp.com\/wp.ufpel.edu.br\/empauta\/files\/2018\/11\/marin_cilic_davis_cup_champion_2018_free_big.jpg?resize=350%2C200&ssl=1","width":350,"height":200,"srcset":"https:\/\/i0.wp.com\/wp.ufpel.edu.br\/empauta\/files\/2018\/11\/marin_cilic_davis_cup_champion_2018_free_big.jpg?resize=350%2C200&ssl=1 1x, https:\/\/i0.wp.com\/wp.ufpel.edu.br\/empauta\/files\/2018\/11\/marin_cilic_davis_cup_champion_2018_free_big.jpg?resize=525%2C300&ssl=1 1.5x, https:\/\/i0.wp.com\/wp.ufpel.edu.br\/empauta\/files\/2018\/11\/marin_cilic_davis_cup_champion_2018_free_big.jpg?resize=700%2C400&ssl=1 2x"},"classes":[]},{"id":13174,"url":"https:\/\/wp.ufpel.edu.br\/empauta\/copa-america-e-mundial-feminino-de-futebol-entram-na-fase-semifinal\/","url_meta":{"origin":16187,"position":4},"title":"Copa Am\u00e9rica e Mundial Feminino de futebol entram na fase semifinal","author":"Em Pauta","date":"02\/07\/2019","format":false,"excerpt":"Nesta ter\u00e7a-feira (02), teremos o in\u00edcio da fase semifinal da Copa Am\u00e9rica, principal competi\u00e7\u00e3o continental do Hemisf\u00e9rio Sul do planeta, que est\u00e1 sendo realizada aqui no Brasil. Ao mesmo tempo, na Fran\u00e7a, as quatro melhores sele\u00e7\u00f5es de futebol feminino come\u00e7am a definir a Copa do Mundo da categoria.","rel":"","context":"Em &quot;Esportes&quot;","block_context":{"text":"Esportes","link":"https:\/\/wp.ufpel.edu.br\/empauta\/category\/todos\/esportes\/"},"img":{"alt_text":"","src":"https:\/\/i0.wp.com\/wp.ufpel.edu.br\/empauta\/files\/2019\/07\/Tite.jpg?resize=350%2C200&ssl=1","width":350,"height":200,"srcset":"https:\/\/i0.wp.com\/wp.ufpel.edu.br\/empauta\/files\/2019\/07\/Tite.jpg?resize=350%2C200&ssl=1 1x, https:\/\/i0.wp.com\/wp.ufpel.edu.br\/empauta\/files\/2019\/07\/Tite.jpg?resize=525%2C300&ssl=1 1.5x, https:\/\/i0.wp.com\/wp.ufpel.edu.br\/empauta\/files\/2019\/07\/Tite.jpg?resize=700%2C400&ssl=1 2x"},"classes":[]},{"id":13631,"url":"https:\/\/wp.ufpel.edu.br\/empauta\/brasileiras-vencem-as-russas-e-garantem-a-quarta-colocacao-da-copa-do-mundo-de-volei-feminino\/","url_meta":{"origin":16187,"position":5},"title":"Brasileiras vencem as russas e garantem a quarta coloca\u00e7\u00e3o da Copa do Mundo de V\u00f4lei Feminino","author":"Em Pauta","date":"30\/09\/2019","format":false,"excerpt":"Neste domingo (29), a sele\u00e7\u00e3o brasileira de v\u00f4lei feminino se despediu com vit\u00f3ria da Copa do Mundo, realizada no Jap\u00e3o.","rel":"","context":"Em &quot;Esportes&quot;","block_context":{"text":"Esportes","link":"https:\/\/wp.ufpel.edu.br\/empauta\/category\/todos\/esportes\/"},"img":{"alt_text":"","src":"https:\/\/i0.wp.com\/wp.ufpel.edu.br\/empauta\/files\/2019\/09\/Brasil-x-R%C3%BAssia.jpg?resize=350%2C200&ssl=1","width":350,"height":200,"srcset":"https:\/\/i0.wp.com\/wp.ufpel.edu.br\/empauta\/files\/2019\/09\/Brasil-x-R%C3%BAssia.jpg?resize=350%2C200&ssl=1 1x, https:\/\/i0.wp.com\/wp.ufpel.edu.br\/empauta\/files\/2019\/09\/Brasil-x-R%C3%BAssia.jpg?resize=525%2C300&ssl=1 1.5x, https:\/\/i0.wp.com\/wp.ufpel.edu.br\/empauta\/files\/2019\/09\/Brasil-x-R%C3%BAssia.jpg?resize=700%2C400&ssl=1 2x"},"classes":[]}],"_links":{"self":[{"href":"https:\/\/wp.ufpel.edu.br\/empauta\/wp-json\/wp\/v2\/posts\/16187","targetHints":{"allow":["GET"]}}],"collection":[{"href":"https:\/\/wp.ufpel.edu.br\/empauta\/wp-json\/wp\/v2\/posts"}],"about":[{"href":"https:\/\/wp.ufpel.edu.br\/empauta\/wp-json\/wp\/v2\/types\/post"}],"author":[{"embeddable":true,"href":"https:\/\/wp.ufpel.edu.br\/empauta\/wp-json\/wp\/v2\/users\/587"}],"replies":[{"embeddable":true,"href":"https:\/\/wp.ufpel.edu.br\/empauta\/wp-json\/wp\/v2\/comments?post=16187"}],"version-history":[{"count":2,"href":"https:\/\/wp.ufpel.edu.br\/empauta\/wp-json\/wp\/v2\/posts\/16187\/revisions"}],"predecessor-version":[{"id":16193,"href":"https:\/\/wp.ufpel.edu.br\/empauta\/wp-json\/wp\/v2\/posts\/16187\/revisions\/16193"}],"wp:featuredmedia":[{"embeddable":true,"href":"https:\/\/wp.ufpel.edu.br\/empauta\/wp-json\/wp\/v2\/media\/16190"}],"wp:attachment":[{"href":"https:\/\/wp.ufpel.edu.br\/empauta\/wp-json\/wp\/v2\/media?parent=16187"}],"wp:term":[{"taxonomy":"category","embeddable":true,"href":"https:\/\/wp.ufpel.edu.br\/empauta\/wp-json\/wp\/v2\/categories?post=16187"},{"taxonomy":"post_tag","embeddable":true,"href":"https:\/\/wp.ufpel.edu.br\/empauta\/wp-json\/wp\/v2\/tags?post=16187"}],"curies":[{"name":"wp","href":"https:\/\/api.w.org\/{rel}","templated":true}]}}