{"id":15772,"date":"2022-06-26T21:16:05","date_gmt":"2022-06-27T00:16:05","guid":{"rendered":"https:\/\/wp.ufpel.edu.br\/empauta\/?p=15772"},"modified":"2022-06-26T21:16:05","modified_gmt":"2022-06-27T00:16:05","slug":"60-anos-de-happy-birthday-mr-president-kim-kardashian-se-defende-das-criticas-por-vestido-iconico-de-marilyn-monroe","status":"publish","type":"post","link":"https:\/\/wp.ufpel.edu.br\/empauta\/60-anos-de-happy-birthday-mr-president-kim-kardashian-se-defende-das-criticas-por-vestido-iconico-de-marilyn-monroe\/","title":{"rendered":"60 anos de \u201cHappy Birthday, Mr. President\u201d: Kim Kardashian se defende das cr\u00edticas por vestido ic\u00f4nico de Marilyn Monroe"},"content":{"rendered":"<p><span style=\"font-weight: 400;\">Pol\u00eamica envolvendo Kim Kardashian e o vestido hist\u00f3rico de Marilyn Monroe voltou \u00e0s manchetes<\/span><\/p>\n<p><em><span style=\"font-weight: 400;\">Por Vict\u00f3ria Silva\/Em Pauta<\/span><\/em><\/p>\n<div id=\"attachment_15773\" style=\"width: 268px\" class=\"wp-caption aligncenter\"><a href=\"https:\/\/wp.ufpel.edu.br\/empauta\/files\/2022\/06\/20220623_224640.jpg\"><img loading=\"lazy\" decoding=\"async\" aria-describedby=\"caption-attachment-15773\" class=\"wp-image-15773 size-medium\" src=\"https:\/\/wp.ufpel.edu.br\/empauta\/files\/2022\/06\/20220623_224640-258x318.jpg\" alt=\"\" width=\"258\" height=\"318\" \/><\/a><p id=\"caption-attachment-15773\" class=\"wp-caption-text\">Legenda: Kim Kardashian exibe vestido de Marilyn para o Met Gala 2022. Vestido \u00e9 considerado um dos mais caros do mundo. Reprodu\u00e7\u00e3o\/@kimkardashian no Instagram.<\/p><\/div>\n<p style=\"text-align: justify;\"><span style=\"font-weight: 400;\">A pol\u00eamica em torno da apari\u00e7\u00e3o da socialite Kim Kardashian em uma das pe\u00e7as mais emblem\u00e1ticas da atriz Marilyn Monroe no tapete vermelho do Met Gala 2022, no dia 02\/05, segue reverberando at\u00e9 hoje. Na ocasi\u00e3o, Kim usou o ic\u00f4nico vestido bege de 6 mil cristais da performance de Marilyn em homenagem aos 45 anos do ent\u00e3o presidente dos Estados Unidos, John F. Kennedy, em 1962. O vestido faz parte do acervo do museu Ripley &#8216;s Believe It or Not!, que o comprou por US$4,8 milh\u00f5es, em 2016.\u00a0<\/span><\/p>\n<p style=\"text-align: justify;\"><span style=\"font-weight: 400;\">Na \u00faltima ter\u00e7a-feira (21\/06), em entrevista ao programa de televis\u00e3o <\/span><i><span style=\"font-weight: 400;\">Today<\/span><\/i><span style=\"font-weight: 400;\">, da rede NBC, Kim Kardashian comentou a pol\u00eamica, respondendo as acusa\u00e7\u00f5es de que teria danificado a pe\u00e7a, que surgiram ap\u00f3s a divulga\u00e7\u00e3o de supostas fotos recentes do vestido, p\u00f3s-Met Gala, com rasgos pr\u00f3ximo ao z\u00edper e cristais faltando. As imagens foram publicadas no perfil oficial do colecionador Scott Fortner, \u201c<em>@marilynmonroecollection<\/em>\u201d, no Instagram, no dia 16\/06.\u00a0<\/span><\/p>\n<div id=\"attachment_15774\" style=\"width: 434px\" class=\"wp-caption aligncenter\"><a href=\"https:\/\/wp.ufpel.edu.br\/empauta\/files\/2022\/06\/20220623_224837.jpg\"><img loading=\"lazy\" decoding=\"async\" aria-describedby=\"caption-attachment-15774\" class=\"wp-image-15774 size-medium\" src=\"https:\/\/wp.ufpel.edu.br\/empauta\/files\/2022\/06\/20220623_224837-424x217.jpg\" alt=\"\" width=\"424\" height=\"217\" srcset=\"https:\/\/wp.ufpel.edu.br\/empauta\/files\/2022\/06\/20220623_224837-424x217.jpg 424w, https:\/\/wp.ufpel.edu.br\/empauta\/files\/2022\/06\/20220623_224837-212x109.jpg 212w, https:\/\/wp.ufpel.edu.br\/empauta\/files\/2022\/06\/20220623_224837-768x394.jpg 768w, https:\/\/wp.ufpel.edu.br\/empauta\/files\/2022\/06\/20220623_224837.jpg 1080w\" sizes=\"auto, (max-width: 424px) 100vw, 424px\" \/><\/a><p id=\"caption-attachment-15774\" class=\"wp-caption-text\">Legenda: Perfil faz comparativo do antes e do depois do vestido. Reprodu\u00e7\u00e3o\/@marilynmonroecollection no Instagram<\/p><\/div>\n<p style=\"text-align: justify;\"><span style=\"font-weight: 400;\">Na entrevista, ela destacou que usou a pe\u00e7a original por \u201c3 ou 4 minutos\u201d para o tapete vermelho, e depois a substituiu por uma r\u00e9plica. A empres\u00e1ria tamb\u00e9m ressaltou que houve um cuidado especial para colocar o vestido. \u201cTrabalhamos t\u00e3o bem juntos [ela e a equipe do museu Ripley\u2019s]. Havia manipuladores com luvas que o colocaram em mim\u201d.\u00a0<\/span><\/p>\n<p style=\"text-align: justify;\"><span style=\"font-weight: 400;\">O pr\u00f3prio museu j\u00e1 havia se pronunciado em defesa de Kim Kardashian. Em nota emitida no dia 16\/06, o museu afirmou que a pe\u00e7a j\u00e1 apresentava danos desde 2017.\u00a0<\/span><\/p>\n<p style=\"text-align: justify;\">\n<p style=\"text-align: justify;\"><strong>\u201cHappy Birthday, Mr. President\u201d<\/strong><\/p>\n<p style=\"text-align: justify;\"><span style=\"font-weight: 400;\">Em 19 de maio de 1962, a ilustre <\/span><span style=\"font-weight: 400;\">atriz Marilyn Monroe se apresentou para o presidente<\/span><span style=\"font-weight: 400;\"> John F. Kennedy, cantando \u201cHappy Birthday, Mr. President\u201d. O momento viria a entrar na hist\u00f3ria da cultura americana.\u00a0\u00a0<\/span><\/p>\n<p style=\"text-align: justify;\"><span style=\"font-weight: 400;\">\u201cO epis\u00f3dio \u00e9 um dos que s\u00e3o mais lembrados da vida da atriz, quando ela cantou na festa de anivers\u00e1rio do presidente John F. Kennedy (JFK). Ela entrou atrasada para cantar e a gente pode imaginar o que significaria uma homenagem como a que ela fez ainda hoje, para qualquer presidente que seja. A sua figura, seus gestos, a voz suave ao cantar, o vestido coberto de pedras cintilantes representam a presen\u00e7a do\u00a0 mundo dos espet\u00e1culos hollywoodianos e sua capacidade de dominar as nossas emo\u00e7\u00f5es\u201d, explica o professor Gilmar Hermes, que ministra a disciplina de Hist\u00f3ria do Cinema na Universidade Federal de Pelotas (UFPel).\u00a0<\/span><\/p>\n<div class=\"video-container\"><iframe loading=\"lazy\" title=\"Marilyn Monroe singing Happy Birthday Mr President. High quality\" width=\"500\" height=\"375\" src=\"https:\/\/www.youtube.com\/embed\/Tr1Faa9cEbo?feature=oembed&#038;wmode=opaque\" frameborder=\"0\" allow=\"accelerometer; autoplay; clipboard-write; encrypted-media; gyroscope; picture-in-picture; web-share\" referrerpolicy=\"strict-origin-when-cross-origin\" allowfullscreen><\/iframe><\/div>\n","protected":false},"excerpt":{"rendered":"<p>Pol\u00eamica envolvendo Kim Kardashian e o vestido hist\u00f3rico de Marilyn Monroe voltou \u00e0s manchetes Por Vict\u00f3ria Silva\/Em Pauta A pol\u00eamica em torno da apari\u00e7\u00e3o da socialite Kim Kardashian em uma das pe\u00e7as mais emblem\u00e1ticas&#46;&#46;&#46;<\/p>\n","protected":false},"author":587,"featured_media":15773,"comment_status":"closed","ping_status":"closed","sticky":false,"template":"","format":"standard","meta":{"jetpack_post_was_ever_published":false,"_jetpack_newsletter_access":"","_jetpack_dont_email_post_to_subs":false,"_jetpack_newsletter_tier_id":0,"_jetpack_memberships_contains_paywalled_content":false,"_jetpack_memberships_contains_paid_content":false,"footnotes":"","jetpack_publicize_message":"","jetpack_publicize_feature_enabled":true,"jetpack_social_post_already_shared":true,"jetpack_social_options":{"image_generator_settings":{"template":"highway","default_image_id":0,"font":"","enabled":false},"version":2}},"categories":[204,438],"tags":[676,587,677],"class_list":["post-15772","post","type-post","status-publish","format-standard","has-post-thumbnail","hentry","category-culturaeentretenimento","category-em-pauta-noticias","tag-kim-kardashian","tag-marilyn-monroe","tag-met-gala"],"jetpack_publicize_connections":[],"jetpack_featured_media_url":"https:\/\/wp.ufpel.edu.br\/empauta\/files\/2022\/06\/20220623_224640-e1656288815492.jpg","jetpack_sharing_enabled":true,"jetpack_shortlink":"https:\/\/wp.me\/p6Xvzq-46o","jetpack-related-posts":[{"id":15342,"url":"https:\/\/wp.ufpel.edu.br\/empauta\/a-pequena-norma-grande-marilyn\/","url_meta":{"origin":15772,"position":0},"title":"A pequena Norma, grande Marilyn","author":"Em Pauta","date":"10\/05\/2022","format":false,"excerpt":"A vida e a morte da maior estrela do cinema, Marilyn Monroe, volta aos holofotes em 2022 em um novo document\u00e1rio com novas informa\u00e7\u00f5es sobre a estrela diretamente daqueles que foram pr\u00f3ximos \u00e0 ela em seus 36 anos de vida. Por Sarah Cremonini \u00a0 A Norma Jeane Nascida Norma Jeane\u2026","rel":"","context":"Em &quot;Cr\u00edticas e Resenhas&quot;","block_context":{"text":"Cr\u00edticas e Resenhas","link":"https:\/\/wp.ufpel.edu.br\/empauta\/category\/todos\/criticaseresenhas\/"},"img":{"alt_text":"","src":"https:\/\/i0.wp.com\/wp.ufpel.edu.br\/empauta\/files\/2022\/05\/5-IMAGEM-POSTER-DOC-1-e1652215658215.jpeg?resize=350%2C200&ssl=1","width":350,"height":200,"srcset":"https:\/\/i0.wp.com\/wp.ufpel.edu.br\/empauta\/files\/2022\/05\/5-IMAGEM-POSTER-DOC-1-e1652215658215.jpeg?resize=350%2C200&ssl=1 1x, https:\/\/i0.wp.com\/wp.ufpel.edu.br\/empauta\/files\/2022\/05\/5-IMAGEM-POSTER-DOC-1-e1652215658215.jpeg?resize=525%2C300&ssl=1 1.5x, https:\/\/i0.wp.com\/wp.ufpel.edu.br\/empauta\/files\/2022\/05\/5-IMAGEM-POSTER-DOC-1-e1652215658215.jpeg?resize=700%2C400&ssl=1 2x, https:\/\/i0.wp.com\/wp.ufpel.edu.br\/empauta\/files\/2022\/05\/5-IMAGEM-POSTER-DOC-1-e1652215658215.jpeg?resize=1050%2C600&ssl=1 3x"},"classes":[]},{"id":16845,"url":"https:\/\/wp.ufpel.edu.br\/empauta\/a-exploracao-de-marilyn-monroe\/","url_meta":{"origin":15772,"position":1},"title":"A Explora\u00e7\u00e3o de Marilyn Monroe","author":"Em Pauta","date":"26\/10\/2022","format":false,"excerpt":"Estrelada por Ana de Armas, o filme que reimagina a vida de Marilyn Monroe chegou \u00e0 Netflix em 28 de setembro e trouxe consigo uma carregada bagagem de pol\u00eamicas por tr\u00e1s, dentro e fora das c\u00e2meras. Por Sarah Oliveira Seguramente n\u00e3o h\u00e1 uma pessoa neste mundo que n\u00e3o conhe\u00e7a o\u2026","rel":"","context":"Em &quot;Cr\u00edticas e Resenhas&quot;","block_context":{"text":"Cr\u00edticas e Resenhas","link":"https:\/\/wp.ufpel.edu.br\/empauta\/category\/todos\/criticaseresenhas\/"},"img":{"alt_text":"","src":"https:\/\/i0.wp.com\/wp.ufpel.edu.br\/empauta\/files\/2022\/10\/IMAGEM-1-BLONDE.jpeg?resize=350%2C200&ssl=1","width":350,"height":200,"srcset":"https:\/\/i0.wp.com\/wp.ufpel.edu.br\/empauta\/files\/2022\/10\/IMAGEM-1-BLONDE.jpeg?resize=350%2C200&ssl=1 1x, https:\/\/i0.wp.com\/wp.ufpel.edu.br\/empauta\/files\/2022\/10\/IMAGEM-1-BLONDE.jpeg?resize=525%2C300&ssl=1 1.5x, https:\/\/i0.wp.com\/wp.ufpel.edu.br\/empauta\/files\/2022\/10\/IMAGEM-1-BLONDE.jpeg?resize=700%2C400&ssl=1 2x"},"classes":[]},{"id":1839,"url":"https:\/\/wp.ufpel.edu.br\/empauta\/jogo-kim-kardashian-hollywood-e-fenomeno-na-internet\/","url_meta":{"origin":15772,"position":2},"title":"Jogo &#8220;Kim Kardashian: Hollywood&#8221; \u00e9 fen\u00f4meno na internet","author":"Em Pauta","date":"05\/08\/2014","format":false,"excerpt":"Por Henrique Barum J\u00e1 pensou em se tornar uma celebridade? Com o jogo \u201cKim Kardashian: Hollywood\u201d isso \u00e9 poss\u00edvel. Dispon\u00edvel na Apple Store e na Google Play, o jogo tem como objetivo transformar o jogador em uma celebridade. O aplicativo, desenvolvido exclusivamente para smartphones, j\u00e1 conta com mais de um\u2026","rel":"","context":"Em &quot;Cultura e Entretenimento&quot;","block_context":{"text":"Cultura e Entretenimento","link":"https:\/\/wp.ufpel.edu.br\/empauta\/category\/todos\/culturaeentretenimento\/"},"img":{"alt_text":"Foto: Reprodu\u00e7\u00e3o (http:\/\/goo.gl\/b1e2aa)","src":"https:\/\/i0.wp.com\/wp.ufpel.edu.br\/empauta\/files\/2014\/08\/IMAGEM-KIM-1024x640.jpg?resize=350%2C200&ssl=1","width":350,"height":200},"classes":[]},{"id":15393,"url":"https:\/\/wp.ufpel.edu.br\/empauta\/o-baile-do-glamour-dourado\/","url_meta":{"origin":15772,"position":3},"title":"O baile do glamour dourado","author":"Em Pauta","date":"16\/05\/2022","format":false,"excerpt":"O evento anual para arrecada\u00e7\u00e3o de fundos para o \"Costume Institute\u201d do museu Metropolitan, em Nova York, volta \u00e0 sua programa\u00e7\u00e3o normal repleto de convidados fashionistas Por Sarah Oliveira\u00a0 \u00a0 \u00a0 AS ORIGENS Em 1915, as irm\u00e3s Irene e Alice Lewisohn tiveram a ideia de criar um teatro multiart\u00edstico chamado\u2026","rel":"","context":"Em &quot;Cultura e Entretenimento&quot;","block_context":{"text":"Cultura e Entretenimento","link":"https:\/\/wp.ufpel.edu.br\/empauta\/category\/todos\/culturaeentretenimento\/"},"img":{"alt_text":"","src":"https:\/\/i0.wp.com\/wp.ufpel.edu.br\/empauta\/files\/2022\/05\/1-IMAGEM-COSTUME-INSTITUTE-_2_.png?resize=350%2C200&ssl=1","width":350,"height":200,"srcset":"https:\/\/i0.wp.com\/wp.ufpel.edu.br\/empauta\/files\/2022\/05\/1-IMAGEM-COSTUME-INSTITUTE-_2_.png?resize=350%2C200&ssl=1 1x, https:\/\/i0.wp.com\/wp.ufpel.edu.br\/empauta\/files\/2022\/05\/1-IMAGEM-COSTUME-INSTITUTE-_2_.png?resize=525%2C300&ssl=1 1.5x"},"classes":[]},{"id":17917,"url":"https:\/\/wp.ufpel.edu.br\/empauta\/met-gala-karl-lagerfeld-em-preto-e-branco\/","url_meta":{"origin":15772,"position":4},"title":"Met Gala: Karl Lagerfeld em preto e branco","author":"Em Pauta","date":"19\/05\/2023","format":false,"excerpt":"Seguindo a sua tradi\u00e7\u00e3o de sempre acontecer na primeira segunda-feira de maio, a noite mais importante do mundo da moda trouxe looks fabulosos e uma revis\u00e3o importante dos feitos e ditos do homenageado da noite, Karl Lagerfeld Por Sarah Oliveira \/ Em Pauta Sendo um dos eventos mais importantes da\u2026","rel":"","context":"Em &quot;Cultura e Entretenimento&quot;","block_context":{"text":"Cultura e Entretenimento","link":"https:\/\/wp.ufpel.edu.br\/empauta\/category\/todos\/culturaeentretenimento\/"},"img":{"alt_text":"","src":"https:\/\/i0.wp.com\/wp.ufpel.edu.br\/empauta\/files\/2023\/05\/IMAGEM-1-MET-GALA.jpeg?resize=350%2C200&ssl=1","width":350,"height":200,"srcset":"https:\/\/i0.wp.com\/wp.ufpel.edu.br\/empauta\/files\/2023\/05\/IMAGEM-1-MET-GALA.jpeg?resize=350%2C200&ssl=1 1x, https:\/\/i0.wp.com\/wp.ufpel.edu.br\/empauta\/files\/2023\/05\/IMAGEM-1-MET-GALA.jpeg?resize=525%2C300&ssl=1 1.5x, https:\/\/i0.wp.com\/wp.ufpel.edu.br\/empauta\/files\/2023\/05\/IMAGEM-1-MET-GALA.jpeg?resize=700%2C400&ssl=1 2x, https:\/\/i0.wp.com\/wp.ufpel.edu.br\/empauta\/files\/2023\/05\/IMAGEM-1-MET-GALA.jpeg?resize=1050%2C600&ssl=1 3x, https:\/\/i0.wp.com\/wp.ufpel.edu.br\/empauta\/files\/2023\/05\/IMAGEM-1-MET-GALA.jpeg?resize=1400%2C800&ssl=1 4x"},"classes":[]},{"id":17460,"url":"https:\/\/wp.ufpel.edu.br\/empauta\/jeremy-scott-fecha-um-ciclo-criativo-e-destemido-ao-sair-da-moschino\/","url_meta":{"origin":15772,"position":5},"title":"Jeremy Scott fecha um ciclo criativo e destemido ao sair da Moschino","author":"Em Pauta","date":"23\/03\/2023","format":false,"excerpt":"Na \u00faltima segunda-feira (20), Jeremy Scott anunciou sua sa\u00edda da dire\u00e7\u00e3o criativa da marca de moda italiana, na qual trabalhou por 10 anos Por Maria Clara Morais Sousa \/ Em Pauta Por uma d\u00e9cada Jeremy Scott, designer estadunidense, chocou o mundo com verdadeiras obras de arte nas cole\u00e7\u00f5es da grife\u2026","rel":"","context":"Em &quot;Cultura e Entretenimento&quot;","block_context":{"text":"Cultura e Entretenimento","link":"https:\/\/wp.ufpel.edu.br\/empauta\/category\/todos\/culturaeentretenimento\/"},"img":{"alt_text":"","src":"https:\/\/i0.wp.com\/wp.ufpel.edu.br\/empauta\/files\/2023\/03\/capa-da-materia-jeremy-scott.jpg?resize=350%2C200&ssl=1","width":350,"height":200},"classes":[]}],"_links":{"self":[{"href":"https:\/\/wp.ufpel.edu.br\/empauta\/wp-json\/wp\/v2\/posts\/15772","targetHints":{"allow":["GET"]}}],"collection":[{"href":"https:\/\/wp.ufpel.edu.br\/empauta\/wp-json\/wp\/v2\/posts"}],"about":[{"href":"https:\/\/wp.ufpel.edu.br\/empauta\/wp-json\/wp\/v2\/types\/post"}],"author":[{"embeddable":true,"href":"https:\/\/wp.ufpel.edu.br\/empauta\/wp-json\/wp\/v2\/users\/587"}],"replies":[{"embeddable":true,"href":"https:\/\/wp.ufpel.edu.br\/empauta\/wp-json\/wp\/v2\/comments?post=15772"}],"version-history":[{"count":2,"href":"https:\/\/wp.ufpel.edu.br\/empauta\/wp-json\/wp\/v2\/posts\/15772\/revisions"}],"predecessor-version":[{"id":15776,"href":"https:\/\/wp.ufpel.edu.br\/empauta\/wp-json\/wp\/v2\/posts\/15772\/revisions\/15776"}],"wp:featuredmedia":[{"embeddable":true,"href":"https:\/\/wp.ufpel.edu.br\/empauta\/wp-json\/wp\/v2\/media\/15773"}],"wp:attachment":[{"href":"https:\/\/wp.ufpel.edu.br\/empauta\/wp-json\/wp\/v2\/media?parent=15772"}],"wp:term":[{"taxonomy":"category","embeddable":true,"href":"https:\/\/wp.ufpel.edu.br\/empauta\/wp-json\/wp\/v2\/categories?post=15772"},{"taxonomy":"post_tag","embeddable":true,"href":"https:\/\/wp.ufpel.edu.br\/empauta\/wp-json\/wp\/v2\/tags?post=15772"}],"curies":[{"name":"wp","href":"https:\/\/api.w.org\/{rel}","templated":true}]}}