{"id":15421,"date":"2022-05-17T12:34:31","date_gmt":"2022-05-17T15:34:31","guid":{"rendered":"https:\/\/wp.ufpel.edu.br\/empauta\/?p=15421"},"modified":"2022-05-17T12:37:36","modified_gmt":"2022-05-17T15:37:36","slug":"15421-2","status":"publish","type":"post","link":"https:\/\/wp.ufpel.edu.br\/empauta\/15421-2\/","title":{"rendered":"Barraca da Sa\u00fade marca presen\u00e7a em Morro Redondo"},"content":{"rendered":"<h4 style=\"text-align: left;\" align=\"right\">Projeto de extens\u00e3o da UFPEL levou diversas atividades de educa\u00e7\u00e3o e preven\u00e7\u00e3o em sa\u00fade para o munic\u00edpio<\/h4>\n<p style=\"text-align: left;\" align=\"right\"><span style=\"font-family: Arial, serif;\"><span style=\"font-size: medium;\"><em>Por Andressa Siemionko Lacerda \/ Da Hora<\/em><br \/>\n<\/span><\/span><\/p>\n<p align=\"justify\"><a href=\"https:\/\/wp.ufpel.edu.br\/empauta\/files\/2022\/05\/WhatsApp-Image-2022-05-17-at-01.21.46.jpeg\"><img loading=\"lazy\" decoding=\"async\" class=\"aligncenter wp-image-15425 size-full\" src=\"https:\/\/wp.ufpel.edu.br\/empauta\/files\/2022\/05\/WhatsApp-Image-2022-05-17-at-01.21.46.jpeg\" alt=\"\" width=\"760\" height=\"570\" srcset=\"https:\/\/wp.ufpel.edu.br\/empauta\/files\/2022\/05\/WhatsApp-Image-2022-05-17-at-01.21.46.jpeg 760w, https:\/\/wp.ufpel.edu.br\/empauta\/files\/2022\/05\/WhatsApp-Image-2022-05-17-at-01.21.46-424x318.jpeg 424w, https:\/\/wp.ufpel.edu.br\/empauta\/files\/2022\/05\/WhatsApp-Image-2022-05-17-at-01.21.46-212x159.jpeg 212w\" sizes=\"auto, (max-width: 760px) 100vw, 760px\" \/><\/a><\/p>\n<p align=\"justify\"><span style=\"font-family: Arial, serif;\"><span style=\"font-size: medium;\">No \u00faltimo domingo, 15 de maio, a Barraca da Sa\u00fade esteve presente no 34\u00ba anivers\u00e1rio da cidade de Morro Redondo, parceira do projeto de extens\u00e3o da Universidade, que ocorreu na cidade de Morro Redondo. A a\u00e7\u00e3o teve o objetivo de ensino e preven\u00e7\u00e3o em sa\u00fade, levando conhecimento para os visitantes da festa.<\/span><\/span><\/p>\n<p align=\"justify\"><span style=\"font-family: Arial, serif;\"><span style=\"font-size: medium;\">A Ana Julia Aguiar Lucena \u00e9 acad\u00eamica de Farm\u00e1cia e participou das atividades extensionistas em Morro Redondo. \u201cA import\u00e2ncia principal \u00e9 levar conhecimento de assuntos atuais e do cotidiano para pessoas que tenham curiosidade e se interessem em obter mais informa\u00e7\u00f5es importantes para o seu dia a dia, al\u00e9m de apresentar a Universidade para pessoas que se interessem em ingressar futuramente. \u201c<\/span><\/span><\/p>\n<div id=\"attachment_15423\" style=\"width: 434px\" class=\"wp-caption alignleft\"><a href=\"https:\/\/wp.ufpel.edu.br\/empauta\/files\/2022\/05\/WhatsApp-Image-2022-05-17-at-01.22.48.jpeg\"><img loading=\"lazy\" decoding=\"async\" aria-describedby=\"caption-attachment-15423\" class=\"wp-image-15423 size-medium\" src=\"https:\/\/wp.ufpel.edu.br\/empauta\/files\/2022\/05\/WhatsApp-Image-2022-05-17-at-01.22.48-424x318.jpeg\" alt=\"\" width=\"424\" height=\"318\" srcset=\"https:\/\/wp.ufpel.edu.br\/empauta\/files\/2022\/05\/WhatsApp-Image-2022-05-17-at-01.22.48-424x318.jpeg 424w, https:\/\/wp.ufpel.edu.br\/empauta\/files\/2022\/05\/WhatsApp-Image-2022-05-17-at-01.22.48-212x159.jpeg 212w, https:\/\/wp.ufpel.edu.br\/empauta\/files\/2022\/05\/WhatsApp-Image-2022-05-17-at-01.22.48-768x576.jpeg 768w, https:\/\/wp.ufpel.edu.br\/empauta\/files\/2022\/05\/WhatsApp-Image-2022-05-17-at-01.22.48-1536x1152.jpeg 1536w, https:\/\/wp.ufpel.edu.br\/empauta\/files\/2022\/05\/WhatsApp-Image-2022-05-17-at-01.22.48.jpeg 1600w\" sizes=\"auto, (max-width: 424px) 100vw, 424px\" \/><\/a><p id=\"caption-attachment-15423\" class=\"wp-caption-text\">Atendimento ao p\u00fablico pelos integrantes do projeto da UFPEL<\/p><\/div>\n<p align=\"justify\"><span style=\"font-family: Arial, serif;\"><span style=\"font-size: medium;\">Participaram do evento, os cursos de enfermagem, medicina, nutri\u00e7\u00e3o, farm\u00e1cia, psicologia, medicina veterin\u00e1ria, entre outros cursos do grupo multidisciplinar. Foram fornecidos servi\u00e7os para a comunidade, como aferi\u00e7\u00e3o de press\u00e3o, testes r\u00e1pidos para ISTs, avalia\u00e7\u00f5es odontol\u00f3gicas, al\u00e9m de atividades sobre a dengue, sa\u00fade mental, plantas medicinais e atividades com as crian\u00e7as, como a pintura. O coordenador discente da Barraca da Sa\u00fade, Gabriel Moura Pereira, ressalta o sucesso do projeto no evento: \u201cUm sucesso, tanto pela participa\u00e7\u00e3o dos universit\u00e1rios, como pela resposta da popula\u00e7\u00e3o, que veio e prestigiou o evento. A Barraca da Sa\u00fade trouxe 10 n\u00facleos profissionais, 45 acad\u00eamicos, 18 atividades diversas de preven\u00e7\u00e3o a sa\u00fade, um grande movimento que resultou em mais de 814 atendimentos.\u201c<\/span><\/span><\/p>\n<p align=\"justify\"><span style=\"font-family: Arial, serif;\"><span style=\"font-size: medium;\">Com a parceria da UFPel (Universidade Federal de Pelotas) da PREC (Pr\u00f3 Reitoria de Extens\u00e3o) e dos munic\u00edpios da Zona Sul, o projeto de extens\u00e3o participou do seu primeiro evento festivo, depois da volta presencial das atividades na Barraca da Sa\u00fade. O Gabriel destaca a import\u00e2ncia de preencher o calend\u00e1rio de atividades do projeto, com essas festividades: \u201c\u00c9 de suma import\u00e2ncia, tanto para popula\u00e7\u00e3o que recebe uma troca da universidade e os alunos por ser uma excelente oportunidade de promover sa\u00fade, integrando Universidade e comunidade. \u201d<\/span><\/span><\/p>\n<p align=\"justify\"><span style=\"font-family: Arial, serif;\"><span style=\"font-size: medium;\">Muitos alunos participaram do primeiro evento presencial no projeto. Al\u00e9m disso, o projeto teve uma \u00f3tima receptividade da comunidade. A estudante de Nutri\u00e7\u00e3o e integrante do projeto Myllene Espilma Pires conta: \u201cAcredito que foi um evento com troca m\u00fatua de informa\u00e7\u00f5es, tanto os adultos como as crian\u00e7as estavam bastante interessados em participar das din\u00e2micas de todos os cursos. \u201d <\/span><\/span><\/p>\n<p align=\"justify\"><a href=\"https:\/\/wp.ufpel.edu.br\/empauta\/files\/2022\/05\/WhatsApp-Image-2022-05-17-at-01.22.09.jpeg\"><img loading=\"lazy\" decoding=\"async\" class=\"alignright size-medium wp-image-15424\" src=\"https:\/\/wp.ufpel.edu.br\/empauta\/files\/2022\/05\/WhatsApp-Image-2022-05-17-at-01.22.09-424x318.jpeg\" alt=\"\" width=\"424\" height=\"318\" srcset=\"https:\/\/wp.ufpel.edu.br\/empauta\/files\/2022\/05\/WhatsApp-Image-2022-05-17-at-01.22.09-424x318.jpeg 424w, https:\/\/wp.ufpel.edu.br\/empauta\/files\/2022\/05\/WhatsApp-Image-2022-05-17-at-01.22.09-212x159.jpeg 212w, https:\/\/wp.ufpel.edu.br\/empauta\/files\/2022\/05\/WhatsApp-Image-2022-05-17-at-01.22.09-768x576.jpeg 768w, https:\/\/wp.ufpel.edu.br\/empauta\/files\/2022\/05\/WhatsApp-Image-2022-05-17-at-01.22.09-1536x1152.jpeg 1536w, https:\/\/wp.ufpel.edu.br\/empauta\/files\/2022\/05\/WhatsApp-Image-2022-05-17-at-01.22.09.jpeg 1600w\" sizes=\"auto, (max-width: 424px) 100vw, 424px\" \/><\/a> <a href=\"https:\/\/wp.ufpel.edu.br\/empauta\/files\/2022\/05\/WhatsApp-Image-2022-05-17-at-01.25.44.jpeg\"><img loading=\"lazy\" decoding=\"async\" class=\"alignright size-medium wp-image-15422\" src=\"https:\/\/wp.ufpel.edu.br\/empauta\/files\/2022\/05\/WhatsApp-Image-2022-05-17-at-01.25.44-424x318.jpeg\" alt=\"\" width=\"424\" height=\"318\" srcset=\"https:\/\/wp.ufpel.edu.br\/empauta\/files\/2022\/05\/WhatsApp-Image-2022-05-17-at-01.25.44-424x318.jpeg 424w, https:\/\/wp.ufpel.edu.br\/empauta\/files\/2022\/05\/WhatsApp-Image-2022-05-17-at-01.25.44-212x159.jpeg 212w, https:\/\/wp.ufpel.edu.br\/empauta\/files\/2022\/05\/WhatsApp-Image-2022-05-17-at-01.25.44-768x576.jpeg 768w, https:\/\/wp.ufpel.edu.br\/empauta\/files\/2022\/05\/WhatsApp-Image-2022-05-17-at-01.25.44-1536x1152.jpeg 1536w, https:\/\/wp.ufpel.edu.br\/empauta\/files\/2022\/05\/WhatsApp-Image-2022-05-17-at-01.25.44.jpeg 1600w\" sizes=\"auto, (max-width: 424px) 100vw, 424px\" \/><\/a><\/p>\n","protected":false},"excerpt":{"rendered":"<p>Projeto de extens\u00e3o da UFPEL levou diversas atividades de educa\u00e7\u00e3o e preven\u00e7\u00e3o em sa\u00fade para o munic\u00edpio Por Andressa Siemionko Lacerda \/ Da Hora No \u00faltimo domingo, 15 de maio, a Barraca da Sa\u00fade&#46;&#46;&#46;<\/p>\n","protected":false},"author":587,"featured_media":15423,"comment_status":"closed","ping_status":"closed","sticky":false,"template":"","format":"standard","meta":{"jetpack_post_was_ever_published":false,"_jetpack_newsletter_access":"","_jetpack_dont_email_post_to_subs":false,"_jetpack_newsletter_tier_id":0,"_jetpack_memberships_contains_paywalled_content":false,"_jetpack_memberships_contains_paid_content":false,"footnotes":"","jetpack_publicize_message":"","jetpack_publicize_feature_enabled":true,"jetpack_social_post_already_shared":true,"jetpack_social_options":{"image_generator_settings":{"template":"highway","default_image_id":0,"font":"","enabled":false},"version":2}},"categories":[219,438,9,205],"tags":[388,600,186],"class_list":["post-15421","post","type-post","status-publish","format-standard","has-post-thumbnail","hentry","category-educacao","category-em-pauta-noticias","category-geral","category-qualidadedevida","tag-barraca-da-saude","tag-morro-redondo","tag-ufpel"],"jetpack_publicize_connections":[],"jetpack_featured_media_url":"https:\/\/wp.ufpel.edu.br\/empauta\/files\/2022\/05\/WhatsApp-Image-2022-05-17-at-01.22.48.jpeg","jetpack_sharing_enabled":true,"jetpack_shortlink":"https:\/\/wp.me\/p6Xvzq-40J","jetpack-related-posts":[{"id":12798,"url":"https:\/\/wp.ufpel.edu.br\/empauta\/barraca-da-saude-participou-do-31-aniversario-de-morro-redondo\/","url_meta":{"origin":15421,"position":0},"title":"Barraca da Sa\u00fade participa do 31\u00b0 anivers\u00e1rio de Morro Redondo","author":"Em Pauta","date":"18\/05\/2019","format":false,"excerpt":"No \u00faltimo s\u00e1bado (11), o projeto Barraca da Sa\u00fade da Universidade Federal de Pelotas (UFPel) esteve presente no 31\u00b0 anivers\u00e1rio da cidade de Morro Redondo.","rel":"","context":"Em &quot;Geral&quot;","block_context":{"text":"Geral","link":"https:\/\/wp.ufpel.edu.br\/empauta\/category\/todos\/geral\/"},"img":{"alt_text":"","src":"https:\/\/i0.wp.com\/wp.ufpel.edu.br\/empauta\/files\/2019\/05\/WhatsApp-Image-2019-05-16-at-23.43.16.jpeg?resize=350%2C200&ssl=1","width":350,"height":200,"srcset":"https:\/\/i0.wp.com\/wp.ufpel.edu.br\/empauta\/files\/2019\/05\/WhatsApp-Image-2019-05-16-at-23.43.16.jpeg?resize=350%2C200&ssl=1 1x, https:\/\/i0.wp.com\/wp.ufpel.edu.br\/empauta\/files\/2019\/05\/WhatsApp-Image-2019-05-16-at-23.43.16.jpeg?resize=525%2C300&ssl=1 1.5x, https:\/\/i0.wp.com\/wp.ufpel.edu.br\/empauta\/files\/2019\/05\/WhatsApp-Image-2019-05-16-at-23.43.16.jpeg?resize=700%2C400&ssl=1 2x, https:\/\/i0.wp.com\/wp.ufpel.edu.br\/empauta\/files\/2019\/05\/WhatsApp-Image-2019-05-16-at-23.43.16.jpeg?resize=1050%2C600&ssl=1 3x"},"classes":[]},{"id":13199,"url":"https:\/\/wp.ufpel.edu.br\/empauta\/barraca-da-saude-participou-da-primeira-festa-junina-de-integracao-das-escolas-municipais-de-turucu\/","url_meta":{"origin":15421,"position":1},"title":"Barraca da Sa\u00fade participou da primeira Festa Junina de integra\u00e7\u00e3o das escolas municipais de Turu\u00e7u","author":"Em Pauta","date":"05\/07\/2019","format":false,"excerpt":"A Barraca da Sa\u00fade \u00e9 um projeto de extens\u00e3o da UFPel, coordenado pela professora de Enfermagem, Michele Mandagar\u00e1, com apoio da Pr\u00f3-Reitoria de Extens\u00e3o e Cultura da UFPel (PREC).","rel":"","context":"Em &quot;Geral&quot;","block_context":{"text":"Geral","link":"https:\/\/wp.ufpel.edu.br\/empauta\/category\/todos\/geral\/"},"img":{"alt_text":"","src":"https:\/\/i0.wp.com\/wp.ufpel.edu.br\/empauta\/files\/2019\/07\/IMG_5096.jpg?resize=350%2C200&ssl=1","width":350,"height":200,"srcset":"https:\/\/i0.wp.com\/wp.ufpel.edu.br\/empauta\/files\/2019\/07\/IMG_5096.jpg?resize=350%2C200&ssl=1 1x, https:\/\/i0.wp.com\/wp.ufpel.edu.br\/empauta\/files\/2019\/07\/IMG_5096.jpg?resize=525%2C300&ssl=1 1.5x, https:\/\/i0.wp.com\/wp.ufpel.edu.br\/empauta\/files\/2019\/07\/IMG_5096.jpg?resize=700%2C400&ssl=1 2x, https:\/\/i0.wp.com\/wp.ufpel.edu.br\/empauta\/files\/2019\/07\/IMG_5096.jpg?resize=1050%2C600&ssl=1 3x, https:\/\/i0.wp.com\/wp.ufpel.edu.br\/empauta\/files\/2019\/07\/IMG_5096.jpg?resize=1400%2C800&ssl=1 4x"},"classes":[]},{"id":13716,"url":"https:\/\/wp.ufpel.edu.br\/empauta\/barraca-da-saude-incentiva-prevencao-no-outubro-rosa\/","url_meta":{"origin":15421,"position":2},"title":"Barraca da Sa\u00fade incentiva preven\u00e7\u00e3o no Outubro Rosa","author":"Em Pauta","date":"12\/10\/2019","format":false,"excerpt":"Logo no come\u00e7o do m\u00eas, as programa\u00e7\u00f5es referentes ao Outubro Rosa tiveram in\u00edcio em Pelotas. E a Barraca da Sa\u00fade, projeto de extens\u00e3o da Universidade Federal de Pelotas (UFPel), esteve no Largo do Mercado Central junto com associa\u00e7\u00f5es e institui\u00e7\u00f5es para apoiar a campanha de conscientiza\u00e7\u00e3o sobre o c\u00e2ncer de\u2026","rel":"","context":"Em &quot;Geral&quot;","block_context":{"text":"Geral","link":"https:\/\/wp.ufpel.edu.br\/empauta\/category\/todos\/geral\/"},"img":{"alt_text":"","src":"https:\/\/i0.wp.com\/wp.ufpel.edu.br\/empauta\/files\/2019\/10\/WhatsApp-Image-2019-10-08-at-10.36.47EDITADA.jpeg?resize=350%2C200&ssl=1","width":350,"height":200,"srcset":"https:\/\/i0.wp.com\/wp.ufpel.edu.br\/empauta\/files\/2019\/10\/WhatsApp-Image-2019-10-08-at-10.36.47EDITADA.jpeg?resize=350%2C200&ssl=1 1x, https:\/\/i0.wp.com\/wp.ufpel.edu.br\/empauta\/files\/2019\/10\/WhatsApp-Image-2019-10-08-at-10.36.47EDITADA.jpeg?resize=525%2C300&ssl=1 1.5x, https:\/\/i0.wp.com\/wp.ufpel.edu.br\/empauta\/files\/2019\/10\/WhatsApp-Image-2019-10-08-at-10.36.47EDITADA.jpeg?resize=700%2C400&ssl=1 2x, https:\/\/i0.wp.com\/wp.ufpel.edu.br\/empauta\/files\/2019\/10\/WhatsApp-Image-2019-10-08-at-10.36.47EDITADA.jpeg?resize=1050%2C600&ssl=1 3x"},"classes":[]},{"id":12429,"url":"https:\/\/wp.ufpel.edu.br\/empauta\/barraca-da-saude-na-reinauguracao-da-emei-marilia-poliesti\/","url_meta":{"origin":15421,"position":3},"title":"Barraca da Sa\u00fade na reinaugura\u00e7\u00e3o da EMEI Mar\u00edlia Poliesti","author":"Em Pauta","date":"24\/04\/2019","format":false,"excerpt":"Na quarta-feira (10), ocorreu a reinaugura\u00e7\u00e3o da Escola Municipal de Educa\u00e7\u00e3o Infantil Mar\u00edlia Poliesti, em que o projeto Barraca da Sa\u00fade esteve presente para prestigiar. Foi em 2017, com o espa\u00e7o ainda n\u00e3o reformado, onde o projeto de extens\u00e3o iniciou suas atividades.","rel":"","context":"Em &quot;Geral&quot;","block_context":{"text":"Geral","link":"https:\/\/wp.ufpel.edu.br\/empauta\/category\/todos\/geral\/"},"img":{"alt_text":"","src":"https:\/\/i0.wp.com\/wp.ufpel.edu.br\/empauta\/files\/2019\/04\/barracareinaugura.jpg1_.jpg?resize=350%2C200&ssl=1","width":350,"height":200,"srcset":"https:\/\/i0.wp.com\/wp.ufpel.edu.br\/empauta\/files\/2019\/04\/barracareinaugura.jpg1_.jpg?resize=350%2C200&ssl=1 1x, https:\/\/i0.wp.com\/wp.ufpel.edu.br\/empauta\/files\/2019\/04\/barracareinaugura.jpg1_.jpg?resize=525%2C300&ssl=1 1.5x, https:\/\/i0.wp.com\/wp.ufpel.edu.br\/empauta\/files\/2019\/04\/barracareinaugura.jpg1_.jpg?resize=700%2C400&ssl=1 2x, https:\/\/i0.wp.com\/wp.ufpel.edu.br\/empauta\/files\/2019\/04\/barracareinaugura.jpg1_.jpg?resize=1050%2C600&ssl=1 3x"},"classes":[]},{"id":13058,"url":"https:\/\/wp.ufpel.edu.br\/empauta\/barraca-da-saude-participa-de-festa-junina-piratini\/","url_meta":{"origin":15421,"position":4},"title":"Barraca da Sa\u00fade participa de festa junina de Piratini","author":"Em Pauta","date":"15\/06\/2019","format":false,"excerpt":"No s\u00e1bado (9), o projeto Barraca da Sa\u00fade da Universidade Federal de Pelotas (UFPel) esteve na cidade de Piratini para celebrar junto \u00e0s escolas Ferreira da Cunha e Ad\u00e3o Preto uma festa Junina.","rel":"","context":"Em &quot;Cultura e Entretenimento&quot;","block_context":{"text":"Cultura e Entretenimento","link":"https:\/\/wp.ufpel.edu.br\/empauta\/category\/todos\/culturaeentretenimento\/"},"img":{"alt_text":"","src":"https:\/\/i0.wp.com\/wp.ufpel.edu.br\/empauta\/files\/2019\/06\/foto-de-capa.jpg?resize=350%2C200&ssl=1","width":350,"height":200,"srcset":"https:\/\/i0.wp.com\/wp.ufpel.edu.br\/empauta\/files\/2019\/06\/foto-de-capa.jpg?resize=350%2C200&ssl=1 1x, https:\/\/i0.wp.com\/wp.ufpel.edu.br\/empauta\/files\/2019\/06\/foto-de-capa.jpg?resize=525%2C300&ssl=1 1.5x, https:\/\/i0.wp.com\/wp.ufpel.edu.br\/empauta\/files\/2019\/06\/foto-de-capa.jpg?resize=700%2C400&ssl=1 2x, https:\/\/i0.wp.com\/wp.ufpel.edu.br\/empauta\/files\/2019\/06\/foto-de-capa.jpg?resize=1050%2C600&ssl=1 3x, https:\/\/i0.wp.com\/wp.ufpel.edu.br\/empauta\/files\/2019\/06\/foto-de-capa.jpg?resize=1400%2C800&ssl=1 4x"},"classes":[]},{"id":12817,"url":"https:\/\/wp.ufpel.edu.br\/empauta\/barraca-da-saude-realiza-acao-em-pedro-osorio\/","url_meta":{"origin":15421,"position":5},"title":"Barraca da Sa\u00fade realiza a\u00e7\u00e3o em Pedro Os\u00f3rio","author":"Em Pauta","date":"20\/05\/2019","format":false,"excerpt":"No s\u00e1bado (04), a Barraca da Sa\u00fade esteve na Associa\u00e7\u00e3o Beneficente Lar de Idosos S\u00e3o Francisco de Assis, no munic\u00edpio de Pedro Os\u00f3rio, para realizar consultas preventivas para a sa\u00fade f\u00edsica e psicol\u00f3gica dos idosos do local.","rel":"","context":"Em &quot;Geral&quot;","block_context":{"text":"Geral","link":"https:\/\/wp.ufpel.edu.br\/empauta\/category\/todos\/geral\/"},"img":{"alt_text":"","src":"https:\/\/i0.wp.com\/wp.ufpel.edu.br\/empauta\/files\/2019\/05\/WhatsApp-Image-2019-05-18-at-23.14.12-2.jpeg?resize=350%2C200&ssl=1","width":350,"height":200,"srcset":"https:\/\/i0.wp.com\/wp.ufpel.edu.br\/empauta\/files\/2019\/05\/WhatsApp-Image-2019-05-18-at-23.14.12-2.jpeg?resize=350%2C200&ssl=1 1x, https:\/\/i0.wp.com\/wp.ufpel.edu.br\/empauta\/files\/2019\/05\/WhatsApp-Image-2019-05-18-at-23.14.12-2.jpeg?resize=525%2C300&ssl=1 1.5x, https:\/\/i0.wp.com\/wp.ufpel.edu.br\/empauta\/files\/2019\/05\/WhatsApp-Image-2019-05-18-at-23.14.12-2.jpeg?resize=700%2C400&ssl=1 2x, https:\/\/i0.wp.com\/wp.ufpel.edu.br\/empauta\/files\/2019\/05\/WhatsApp-Image-2019-05-18-at-23.14.12-2.jpeg?resize=1050%2C600&ssl=1 3x"},"classes":[]}],"_links":{"self":[{"href":"https:\/\/wp.ufpel.edu.br\/empauta\/wp-json\/wp\/v2\/posts\/15421","targetHints":{"allow":["GET"]}}],"collection":[{"href":"https:\/\/wp.ufpel.edu.br\/empauta\/wp-json\/wp\/v2\/posts"}],"about":[{"href":"https:\/\/wp.ufpel.edu.br\/empauta\/wp-json\/wp\/v2\/types\/post"}],"author":[{"embeddable":true,"href":"https:\/\/wp.ufpel.edu.br\/empauta\/wp-json\/wp\/v2\/users\/587"}],"replies":[{"embeddable":true,"href":"https:\/\/wp.ufpel.edu.br\/empauta\/wp-json\/wp\/v2\/comments?post=15421"}],"version-history":[{"count":4,"href":"https:\/\/wp.ufpel.edu.br\/empauta\/wp-json\/wp\/v2\/posts\/15421\/revisions"}],"predecessor-version":[{"id":15429,"href":"https:\/\/wp.ufpel.edu.br\/empauta\/wp-json\/wp\/v2\/posts\/15421\/revisions\/15429"}],"wp:featuredmedia":[{"embeddable":true,"href":"https:\/\/wp.ufpel.edu.br\/empauta\/wp-json\/wp\/v2\/media\/15423"}],"wp:attachment":[{"href":"https:\/\/wp.ufpel.edu.br\/empauta\/wp-json\/wp\/v2\/media?parent=15421"}],"wp:term":[{"taxonomy":"category","embeddable":true,"href":"https:\/\/wp.ufpel.edu.br\/empauta\/wp-json\/wp\/v2\/categories?post=15421"},{"taxonomy":"post_tag","embeddable":true,"href":"https:\/\/wp.ufpel.edu.br\/empauta\/wp-json\/wp\/v2\/tags?post=15421"}],"curies":[{"name":"wp","href":"https:\/\/api.w.org\/{rel}","templated":true}]}}