{"id":15346,"date":"2022-05-12T17:33:20","date_gmt":"2022-05-12T20:33:20","guid":{"rendered":"https:\/\/wp.ufpel.edu.br\/empauta\/?p=15346"},"modified":"2022-05-12T17:33:20","modified_gmt":"2022-05-12T20:33:20","slug":"nostalgia-como-os-internautas-veem-uma-possivel-volta-do-orkut-nos-dias-de-hoje","status":"publish","type":"post","link":"https:\/\/wp.ufpel.edu.br\/empauta\/nostalgia-como-os-internautas-veem-uma-possivel-volta-do-orkut-nos-dias-de-hoje\/","title":{"rendered":"Nostalgia: como os internautas veem uma poss\u00edvel volta do Orkut nos dias de hoje?"},"content":{"rendered":"<p>A reativa\u00e7\u00e3o do dom\u00ednio da rede social animou os internautas<\/p>\n<p><em><span style=\"font-weight: 400;\">Por Vict\u00f3ria Silva<\/span><\/em><\/p>\n<div id=\"attachment_15347\" style=\"width: 434px\" class=\"wp-caption aligncenter\"><a href=\"https:\/\/wp.ufpel.edu.br\/empauta\/files\/2022\/05\/Orkut.jpg\"><img loading=\"lazy\" decoding=\"async\" aria-describedby=\"caption-attachment-15347\" class=\"wp-image-15347 size-medium\" src=\"https:\/\/wp.ufpel.edu.br\/empauta\/files\/2022\/05\/Orkut-424x202.jpg\" alt=\"\" width=\"424\" height=\"202\" srcset=\"https:\/\/wp.ufpel.edu.br\/empauta\/files\/2022\/05\/Orkut-424x202.jpg 424w, https:\/\/wp.ufpel.edu.br\/empauta\/files\/2022\/05\/Orkut-212x101.jpg 212w, https:\/\/wp.ufpel.edu.br\/empauta\/files\/2022\/05\/Orkut-768x366.jpg 768w, https:\/\/wp.ufpel.edu.br\/empauta\/files\/2022\/05\/Orkut.jpg 1094w\" sizes=\"auto, (max-width: 424px) 100vw, 424px\" \/><\/a><p id=\"caption-attachment-15347\" class=\"wp-caption-text\">Mensagem do fundador do Orkut estampa p\u00e1gina inicial do site. Reprodu\u00e7\u00e3o\/Orkut.com<\/p><\/div>\n<p>&nbsp;<\/p>\n<p style=\"text-align: justify;\">Desde que o dom\u00ednio do Orkut.com foi reativado, na quarta-feira 27 de abril, a rede social, extinta em setembro de 2014, depois de 10 anos de atividade, tornou-se um dos assuntos mais comentados das \u00faltimas semanas. Na ocasi\u00e3o, o turco Orkut B\u00fcy\u00fckk\u00f6kten, criador da plataforma, usou o site para relembrar o \u00eaxito da rede social e comunicar que h\u00e1 \u201calgo novo\u201d em andamento.<\/p>\n<p style=\"text-align: justify;\">\n\u201cEu sou uma pessoa otimista. Acredito no poder da conex\u00e3o para mudar o mundo. Acredito que o mundo \u00e9 um lugar melhor quando nos conhecemos um pouco mais. \u00c9 por isso que criei a primeira rede social do mundo quando era estudante de p\u00f3s- gradua\u00e7\u00e3o em Stanford. \u00c9 por isso que eu trouxe o orkut.com para tantos de voc\u00eas ao redor do mundo. E \u00e9 por isso que estou construindo algo novo. Vejo voc\u00ea em breve!\u201d.<\/p>\n<p style=\"text-align: justify;\">Muitos internautas especularam se tratar do an\u00fancio da volta do Orkut, o que gerou grande expectativa, j\u00e1 que a plataforma era uma febre no Brasil. Em 2008, no auge da rede social, cerca de 50% dos usu\u00e1rios eram brasileiros. Ainda que o retorno do Orkut n\u00e3o seja dado como certo, em pesquisa ao Em Pauta \u2014 UFPel, 23 internautas, com idade entre 16 e 24 anos, relataram o que pensam sobre uma poss\u00edvel volta da rede social que chegou a atingir a marca de 300 milh\u00f5es de usu\u00e1rios ao redor do mundo.<\/p>\n<p style=\"text-align: justify;\">\nAo serem questionados sobre a possibilidade de se cadastrarem na rede social, o levantamento apurou que 52,2% dos entrevistados responderam que \u201csim\u201d, enquanto 43,5%, &#8220;talvez&#8221;. 4,3% disseram que n\u00e3o teriam um perfil na plataforma.<\/p>\n<p style=\"text-align: justify;\">Entre os motivos para um retorno do Orkut, o sentimento de nostalgia e os jogos disponibilizados na plataforma (\u201cColheita Feliz\u201d, por exemplo, o joguinho de simula\u00e7\u00e3o de fazenda) foram os mais citados pelos internautas na pesquisa, bem como a volta do mural de \u201cscraps\u201d (\u201crecados\u201d) e das famosas comunidades, semelhantes aos f\u00f3runs de discuss\u00e3o presentes na internet.<\/p>\n<p style=\"text-align: justify;\">\nSamantha Beduhn, 20 anos, est\u00e1 entre os internautas que sentem falta dos jogos da<br \/>\nplataforma, que marcaram a sua inf\u00e2ncia. \u201cEu comecei a mexer no Orkut quando eu tinha apenas 8 anos, ent\u00e3o uma das coisas que eu mais gostava eram os joguinhos, como o \u2018Colheita Feliz\u2019, em que a gente tinha a nossa pr\u00f3pria planta\u00e7\u00e3o, os nossos bichinhos, era uma mini fazendinha, sabe? A gente podia interagir com os nossos vizinhos (do jogo), podia \u201croubar\u201d as hortas e a produ\u00e7\u00e3o de leite, isso era muito divertido. Tamb\u00e9m gostava do BuddyPoke, a gente criava um personagem e podia interagir com os nossos amigos do Orkut, mandando beijinhos ou outros tipos de anima\u00e7\u00e3o\u201d.<\/p>\n<p style=\"text-align: justify;\">\nPara Matheus Pick, 21 anos, o ponto alto do Orkut eram as comunidades, as quais ele apreciaria que fossem trazidas de volta, caso a rede social seja de fato reativada. \u201cEu adorava as comunidades do Orkut, as intera\u00e7\u00f5es que ocorriam dentro dessas comunidades eram incr\u00edveis. Gostaria que voltassem. Eram milhares, e a grande maioria era muito criativa\u201d.<\/p>\n","protected":false},"excerpt":{"rendered":"<p>A reativa\u00e7\u00e3o do dom\u00ednio da rede social animou os internautas Por Vict\u00f3ria Silva &nbsp; Desde que o dom\u00ednio do Orkut.com foi reativado, na quarta-feira 27 de abril, a rede social, extinta em setembro de&#46;&#46;&#46;<\/p>\n","protected":false},"author":587,"featured_media":15347,"comment_status":"closed","ping_status":"closed","sticky":false,"template":"","format":"standard","meta":{"jetpack_post_was_ever_published":false,"_jetpack_newsletter_access":"","_jetpack_dont_email_post_to_subs":false,"_jetpack_newsletter_tier_id":0,"_jetpack_memberships_contains_paywalled_content":false,"_jetpack_memberships_contains_paid_content":false,"footnotes":"","jetpack_publicize_message":"","jetpack_publicize_feature_enabled":true,"jetpack_social_post_already_shared":true,"jetpack_social_options":{"image_generator_settings":{"template":"highway","default_image_id":0,"font":"","enabled":false},"version":2}},"categories":[204,438,9],"tags":[588,578],"class_list":["post-15346","post","type-post","status-publish","format-standard","has-post-thumbnail","hentry","category-culturaeentretenimento","category-em-pauta-noticias","category-geral","tag-orkut","tag-redes-sociais"],"jetpack_publicize_connections":[],"jetpack_featured_media_url":"https:\/\/wp.ufpel.edu.br\/empauta\/files\/2022\/05\/Orkut.jpg","jetpack_sharing_enabled":true,"jetpack_shortlink":"https:\/\/wp.me\/p6Xvzq-3Zw","jetpack-related-posts":[{"id":2408,"url":"https:\/\/wp.ufpel.edu.br\/empauta\/ello-a-rede-social-que-nao-quer-que-voce-se-torne-um-produto\/","url_meta":{"origin":15346,"position":0},"title":"Ello: a rede social que n\u00e3o quer que voc\u00ea se torne um produto","author":"Em Pauta","date":"01\/10\/2014","format":false,"excerpt":"Por Vicente Pardo Na \u00faltima ter\u00e7a-feira (30), a internet testemunhou o fim de uma das mais ic\u00f4nicas redes sociais j\u00e1 criadas. Pelo menos para o p\u00fablico brasileiro, o Orkut representou a porta de entrada de muitos para o mundo virtual e as in\u00fameras possibilidades de rela\u00e7\u00f5es que estes ambientes oferecem.\u2026","rel":"","context":"Em &quot;Ci\u00eancia e Tecnologia&quot;","block_context":{"text":"Ci\u00eancia e Tecnologia","link":"https:\/\/wp.ufpel.edu.br\/empauta\/category\/todos\/cienciaetecnologia\/"},"img":{"alt_text":"Logo do site. Foto: Reprodu\u00e7\u00e3o (http:\/\/goo.gl\/GI9UKr)","src":"https:\/\/i0.wp.com\/wp.ufpel.edu.br\/empauta\/files\/2014\/10\/Ello-Logo.jpg?resize=350%2C200&ssl=1","width":350,"height":200,"srcset":"https:\/\/i0.wp.com\/wp.ufpel.edu.br\/empauta\/files\/2014\/10\/Ello-Logo.jpg?resize=350%2C200&ssl=1 1x, https:\/\/i0.wp.com\/wp.ufpel.edu.br\/empauta\/files\/2014\/10\/Ello-Logo.jpg?resize=525%2C300&ssl=1 1.5x"},"classes":[]},{"id":3200,"url":"https:\/\/wp.ufpel.edu.br\/empauta\/we-heart-it-rede-social-criada-por-brasileiro-inspira-usuarios-do-mundo-inteiro\/","url_meta":{"origin":15346,"position":1},"title":"We Heart It: Rede Social criada por brasileiro inspira usu\u00e1rios do mundo inteiro","author":"Em Pauta","date":"21\/11\/2014","format":false,"excerpt":"Por\u00a0Jessica Gebhardt A We Heart It \u00e9 uma rede social de compartilhamento de imagens criada em 2008 pelo brasileiro Fabio Giolito. A rede fez muito sucesso e atualmente j\u00e1 conta com 30 milh\u00f5es de usu\u00e1rios e a cada m\u00eas recebe 1 milh\u00e3o de novos usu\u00e1rios registrados. >>Visite a We Heart\u2026","rel":"","context":"Em &quot;Ci\u00eancia e Tecnologia&quot;","block_context":{"text":"Ci\u00eancia e Tecnologia","link":"https:\/\/wp.ufpel.edu.br\/empauta\/category\/todos\/cienciaetecnologia\/"},"img":{"alt_text":"","src":"https:\/\/i0.wp.com\/wp.ufpel.edu.br\/empauta\/files\/2014\/11\/FOTO-2-1-1024x568.png?resize=350%2C200&ssl=1","width":350,"height":200,"srcset":"https:\/\/i0.wp.com\/wp.ufpel.edu.br\/empauta\/files\/2014\/11\/FOTO-2-1-1024x568.png?resize=350%2C200&ssl=1 1x, https:\/\/i0.wp.com\/wp.ufpel.edu.br\/empauta\/files\/2014\/11\/FOTO-2-1-1024x568.png?resize=525%2C300&ssl=1 1.5x, https:\/\/i0.wp.com\/wp.ufpel.edu.br\/empauta\/files\/2014\/11\/FOTO-2-1-1024x568.png?resize=700%2C400&ssl=1 2x"},"classes":[]},{"id":3966,"url":"https:\/\/wp.ufpel.edu.br\/empauta\/com-hashtag-solteiros-ironizam-o-dia-dos-namorados-nas-redes-sociais\/","url_meta":{"origin":15346,"position":2},"title":"Com hashtag, solteiros ironizam o dia dos namorados nas redes sociais","author":"Em Pauta","date":"12\/06\/2015","format":false,"excerpt":"Internautas usam a #Dia12ChegandoEEU para demostrar sentimento de car\u00eancia e desapego Por\u00a0Karina Vaz O dia dos namorados est\u00e1 chegando. E sem aquele papo de que \u201co dia \u00e9 dos namorados e a noite \u00e9 dos solteiros\u201d a galera que est\u00e1 sozinha come\u00e7ou a compartilhar em suas redes sociais como vai\u2026","rel":"","context":"Em &quot;Geral&quot;","block_context":{"text":"Geral","link":"https:\/\/wp.ufpel.edu.br\/empauta\/category\/todos\/geral\/"},"img":{"alt_text":"","src":"https:\/\/i0.wp.com\/wp.ufpel.edu.br\/empauta\/files\/2015\/06\/11119167_855091347914999_900446283_n-1.jpg?resize=350%2C200&ssl=1","width":350,"height":200,"srcset":"https:\/\/i0.wp.com\/wp.ufpel.edu.br\/empauta\/files\/2015\/06\/11119167_855091347914999_900446283_n-1.jpg?resize=350%2C200&ssl=1 1x, https:\/\/i0.wp.com\/wp.ufpel.edu.br\/empauta\/files\/2015\/06\/11119167_855091347914999_900446283_n-1.jpg?resize=525%2C300&ssl=1 1.5x"},"classes":[]},{"id":7477,"url":"https:\/\/wp.ufpel.edu.br\/empauta\/internautas-lamentam-a-morte-da-atriz-marilia-pera\/","url_meta":{"origin":15346,"position":3},"title":"Internautas lamentam a morte da atriz Mar\u00edlia P\u00eara","author":"Em Pauta","date":"05\/12\/2015","format":false,"excerpt":"por Valqu\u00edria Stephan Faleceu hoje, no Rio de Janeiro, atriz, diretora e cantora Mar\u00edlia P\u00eara, aos 73 anos. Diagnosticada com c\u00e2ncer no pulm\u00e3o h\u00e1 cerca de dois anos, Mar\u00edlia foi encontrada morta em sua casa, \u00e0s 6h deste s\u00e1bado. Dona de uma das carreiras mais s\u00f3lidas da dramaturgia brasileira, a\u2026","rel":"","context":"Em &quot;Cultura e Entretenimento&quot;","block_context":{"text":"Cultura e Entretenimento","link":"https:\/\/wp.ufpel.edu.br\/empauta\/category\/todos\/culturaeentretenimento\/"},"img":{"alt_text":"marilia1","src":"https:\/\/i0.wp.com\/wp.ufpel.edu.br\/empauta\/files\/2015\/12\/marilia1.png?resize=350%2C200&ssl=1","width":350,"height":200,"srcset":"https:\/\/i0.wp.com\/wp.ufpel.edu.br\/empauta\/files\/2015\/12\/marilia1.png?resize=350%2C200&ssl=1 1x, https:\/\/i0.wp.com\/wp.ufpel.edu.br\/empauta\/files\/2015\/12\/marilia1.png?resize=525%2C300&ssl=1 1.5x"},"classes":[]},{"id":7324,"url":"https:\/\/wp.ufpel.edu.br\/empauta\/miss-brasil-2015-nas-redes-sociais\/","url_meta":{"origin":15346,"position":4},"title":"Miss Brasil 2015 nas redes sociais","author":"Em Pauta","date":"23\/11\/2015","format":false,"excerpt":"por Valquiria Stephan Realizado na ultima quarta-feira (18\/11), a 61\u00aa edi\u00e7\u00e3o do Miss Brasil 2015 \u2013 concurso que elege a mulher mais bonita do pa\u00eds \u2013 comoveu os espectadores. O evento aconteceu em S\u00e3o Paulo, contou com 27 belas participantes e consagrou a Miss Rio Grande do Sul, Marthina Brandt\u2026","rel":"","context":"Em &quot;Cultura e Entretenimento&quot;","block_context":{"text":"Cultura e Entretenimento","link":"https:\/\/wp.ufpel.edu.br\/empauta\/category\/todos\/culturaeentretenimento\/"},"img":{"alt_text":"Internautas d\u00e3o palpite antes do resultado final atrav\u00e9s do Twitter.","src":"https:\/\/i0.wp.com\/wp.ufpel.edu.br\/empauta\/files\/2015\/11\/giotwitter.png?resize=350%2C200&ssl=1","width":350,"height":200,"srcset":"https:\/\/i0.wp.com\/wp.ufpel.edu.br\/empauta\/files\/2015\/11\/giotwitter.png?resize=350%2C200&ssl=1 1x, https:\/\/i0.wp.com\/wp.ufpel.edu.br\/empauta\/files\/2015\/11\/giotwitter.png?resize=525%2C300&ssl=1 1.5x"},"classes":[]},{"id":8027,"url":"https:\/\/wp.ufpel.edu.br\/empauta\/redes-sociais-criadas-para-ajudar-quem-precisa\/","url_meta":{"origin":15346,"position":5},"title":"Redes sociais criadas para ajudar quem precisa","author":"Em Pauta","date":"21\/05\/2016","format":false,"excerpt":"Por Ana Maria de Oliveira e Camila Mascarenhas \u00a0\u00a0 A rede social chamada\u00a0Impossible, surgiu h\u00e1 dois anos, com a inten\u00e7\u00e3o de aprimorar o relacionamento de comunica\u00e7\u00e3o das redes sociais comuns e criar uma maneira de ajudar pessoas atrav\u00e9s de uma rede. \u00a0\u00a0 Impossible\u00a0foi criada por uma modelo americana Lily Cole,\u2026","rel":"","context":"Em &quot;Cultura e Entretenimento&quot;","block_context":{"text":"Cultura e Entretenimento","link":"https:\/\/wp.ufpel.edu.br\/empauta\/category\/todos\/culturaeentretenimento\/"},"img":{"alt_text":"","src":"https:\/\/i0.wp.com\/wp.ufpel.edu.br\/empauta\/files\/2016\/05\/Foto-1-%E2%80%93-Legenda-Tela-principal-do-site-Impossible.jpg?resize=350%2C200&ssl=1","width":350,"height":200,"srcset":"https:\/\/i0.wp.com\/wp.ufpel.edu.br\/empauta\/files\/2016\/05\/Foto-1-%E2%80%93-Legenda-Tela-principal-do-site-Impossible.jpg?resize=350%2C200&ssl=1 1x, https:\/\/i0.wp.com\/wp.ufpel.edu.br\/empauta\/files\/2016\/05\/Foto-1-%E2%80%93-Legenda-Tela-principal-do-site-Impossible.jpg?resize=525%2C300&ssl=1 1.5x, https:\/\/i0.wp.com\/wp.ufpel.edu.br\/empauta\/files\/2016\/05\/Foto-1-%E2%80%93-Legenda-Tela-principal-do-site-Impossible.jpg?resize=700%2C400&ssl=1 2x, https:\/\/i0.wp.com\/wp.ufpel.edu.br\/empauta\/files\/2016\/05\/Foto-1-%E2%80%93-Legenda-Tela-principal-do-site-Impossible.jpg?resize=1050%2C600&ssl=1 3x"},"classes":[]}],"_links":{"self":[{"href":"https:\/\/wp.ufpel.edu.br\/empauta\/wp-json\/wp\/v2\/posts\/15346","targetHints":{"allow":["GET"]}}],"collection":[{"href":"https:\/\/wp.ufpel.edu.br\/empauta\/wp-json\/wp\/v2\/posts"}],"about":[{"href":"https:\/\/wp.ufpel.edu.br\/empauta\/wp-json\/wp\/v2\/types\/post"}],"author":[{"embeddable":true,"href":"https:\/\/wp.ufpel.edu.br\/empauta\/wp-json\/wp\/v2\/users\/587"}],"replies":[{"embeddable":true,"href":"https:\/\/wp.ufpel.edu.br\/empauta\/wp-json\/wp\/v2\/comments?post=15346"}],"version-history":[{"count":2,"href":"https:\/\/wp.ufpel.edu.br\/empauta\/wp-json\/wp\/v2\/posts\/15346\/revisions"}],"predecessor-version":[{"id":15355,"href":"https:\/\/wp.ufpel.edu.br\/empauta\/wp-json\/wp\/v2\/posts\/15346\/revisions\/15355"}],"wp:featuredmedia":[{"embeddable":true,"href":"https:\/\/wp.ufpel.edu.br\/empauta\/wp-json\/wp\/v2\/media\/15347"}],"wp:attachment":[{"href":"https:\/\/wp.ufpel.edu.br\/empauta\/wp-json\/wp\/v2\/media?parent=15346"}],"wp:term":[{"taxonomy":"category","embeddable":true,"href":"https:\/\/wp.ufpel.edu.br\/empauta\/wp-json\/wp\/v2\/categories?post=15346"},{"taxonomy":"post_tag","embeddable":true,"href":"https:\/\/wp.ufpel.edu.br\/empauta\/wp-json\/wp\/v2\/tags?post=15346"}],"curies":[{"name":"wp","href":"https:\/\/api.w.org\/{rel}","templated":true}]}}