{"id":15257,"date":"2022-05-01T22:56:02","date_gmt":"2022-05-02T01:56:02","guid":{"rendered":"https:\/\/wp.ufpel.edu.br\/empauta\/?p=15257"},"modified":"2022-05-01T22:56:02","modified_gmt":"2022-05-02T01:56:02","slug":"handebol-futuro-e-presente-juntos-para-o-desenvolvimento-do-esporte","status":"publish","type":"post","link":"https:\/\/wp.ufpel.edu.br\/empauta\/handebol-futuro-e-presente-juntos-para-o-desenvolvimento-do-esporte\/","title":{"rendered":"Handebol, futuro e presente juntos para o desenvolvimento do esporte"},"content":{"rendered":"<p><span style=\"font-weight: 400;\">Time adulto e j\u00fanior trabalham duro para alcan\u00e7ar seus objetivos no ano de 2022<\/span><\/p>\n<p><em><span style=\"font-weight: 400;\">Por Gabriel Fritsch \/Em Pauta<\/span><\/em><\/p>\n<p><strong>Hist\u00f3ria<\/strong><\/p>\n<p><span style=\"font-weight: 400;\">O Clube Brilhante da cidade de Pelotas, abriga um time de handebol masculino que vem se destacando no cen\u00e1rio ga\u00facho nos \u00faltimos anos. A parceria vem desde 2016 trazendo um grupo de atletas que atuam juntos desde 2013. A volta dos treinos na sede do clube, aconteceu na metade do ano de 2021 ap\u00f3s uma longa pausa que come\u00e7ou no in\u00edcio da pandemia do coronav\u00edrus.<\/span><\/p>\n<p><span style=\"font-weight: 400;\">Nos \u00faltimos anos acumula t\u00edtulos importantes na modalidade como: Campe\u00e3o Ga\u00facho nos anos de 2018 e 2019, Campe\u00e3o dos Jogos Abertos de Pelotas (JAP) nos anos 2018 e 2019, Campe\u00e3o do Fronteir\u00e3o nos anos de 2017 e 2018 e representando a cidade de Pelotas, Campe\u00e3o dos Jogos Intermunicipais do Rio Grande do Sul (JIRGS).<\/span><\/p>\n<p><span style=\"font-weight: 400;\">O time tem como principal objetivo disputar competi\u00e7\u00f5es em alto n\u00edvel e desenvolver o esporte na regi\u00e3o, por\u00e9m, ao longo dos anos, enfrentam entraves para arrecadar fundos. Os custos para manter o time s\u00e3o altos, junto vem a dificuldade de conseguir apoio na cidade, com isso o time precisa redobrar os esfor\u00e7os para arrecadar dinheiro. Leonardo Gastal, diretor do departamento, ressalta o alto custo de se jogar em alto n\u00edvel: \u201c\u00c9 uma dificuldade dentro do esporte de maneira geral, pois demanda recursos como os valores de viagem, alimenta\u00e7\u00e3o, hospedagem, inscri\u00e7\u00f5es, ent\u00e3o para jogar um brasileiro, por exemplo, \u00e9 um valor alto que se paga e muitas vezes precisamos desembolsar do nosso pr\u00f3prio bolso.\u201d completou.<\/span><\/p>\n<div id=\"attachment_15252\" style=\"width: 434px\" class=\"wp-caption aligncenter\"><a href=\"https:\/\/wp.ufpel.edu.br\/empauta\/files\/2022\/05\/Leo-Gastalcentro-no-momento-de-descontracao-Gabriel-Fritsch-scaled.jpg\"><img loading=\"lazy\" decoding=\"async\" aria-describedby=\"caption-attachment-15252\" class=\"wp-image-15252 size-medium\" src=\"https:\/\/wp.ufpel.edu.br\/empauta\/files\/2022\/05\/Leo-Gastalcentro-no-momento-de-descontracao-Gabriel-Fritsch-424x283.jpg\" alt=\"\" width=\"424\" height=\"283\" srcset=\"https:\/\/wp.ufpel.edu.br\/empauta\/files\/2022\/05\/Leo-Gastalcentro-no-momento-de-descontracao-Gabriel-Fritsch-424x283.jpg 424w, https:\/\/wp.ufpel.edu.br\/empauta\/files\/2022\/05\/Leo-Gastalcentro-no-momento-de-descontracao-Gabriel-Fritsch-212x141.jpg 212w, https:\/\/wp.ufpel.edu.br\/empauta\/files\/2022\/05\/Leo-Gastalcentro-no-momento-de-descontracao-Gabriel-Fritsch-768x512.jpg 768w, https:\/\/wp.ufpel.edu.br\/empauta\/files\/2022\/05\/Leo-Gastalcentro-no-momento-de-descontracao-Gabriel-Fritsch-1536x1024.jpg 1536w, https:\/\/wp.ufpel.edu.br\/empauta\/files\/2022\/05\/Leo-Gastalcentro-no-momento-de-descontracao-Gabriel-Fritsch-2048x1365.jpg 2048w\" sizes=\"auto, (max-width: 424px) 100vw, 424px\" \/><\/a><p id=\"caption-attachment-15252\" class=\"wp-caption-text\">L\u00e9o Gastal (centro) no momento de descontra\u00e7\u00e3o\/Foto: Gabriel Fritsch<\/p><\/div>\n<p style=\"text-align: justify;\"><span style=\"font-weight: 400;\">Mas essa adversidade faz o time se unir para evoluir dia a dia, transformando a dificuldade em motiva\u00e7\u00e3o. \u00c9 o que comenta Eduardo Guimar\u00e3es, atleta da equipe, ressaltando a uni\u00e3o do time em prol da modalidade: \u201cNosso grupo sempre foi muito grande sempre muito unido, mesmo tendo muita dificuldade a gente faz acontecer, seja fazendo galeto, rifa, mas \u00e9 tudo em prol do que a gente tanto gosta e dessa fam\u00edlia que se formou, tendo muito prazer em fazer o neg\u00f3cio junto, isso \u00e9 o mais legal.\u201d afirma.<\/span><\/p>\n<p style=\"text-align: justify;\">\n<div id=\"attachment_15251\" style=\"width: 238px\" class=\"wp-caption alignright\"><a href=\"https:\/\/wp.ufpel.edu.br\/empauta\/files\/2022\/05\/Tecnico-Ricardo-organizando-seu-treino-Gabriel-Fritsch-scaled.jpg\"><img loading=\"lazy\" decoding=\"async\" aria-describedby=\"caption-attachment-15251\" class=\"wp-image-15251 size-medium\" src=\"https:\/\/wp.ufpel.edu.br\/empauta\/files\/2022\/05\/Tecnico-Ricardo-organizando-seu-treino-Gabriel-Fritsch-228x318.jpg\" alt=\"\" width=\"228\" height=\"318\" srcset=\"https:\/\/wp.ufpel.edu.br\/empauta\/files\/2022\/05\/Tecnico-Ricardo-organizando-seu-treino-Gabriel-Fritsch-228x318.jpg 228w, https:\/\/wp.ufpel.edu.br\/empauta\/files\/2022\/05\/Tecnico-Ricardo-organizando-seu-treino-Gabriel-Fritsch-114x159.jpg 114w, https:\/\/wp.ufpel.edu.br\/empauta\/files\/2022\/05\/Tecnico-Ricardo-organizando-seu-treino-Gabriel-Fritsch-768x1069.jpg 768w, https:\/\/wp.ufpel.edu.br\/empauta\/files\/2022\/05\/Tecnico-Ricardo-organizando-seu-treino-Gabriel-Fritsch-1103x1536.jpg 1103w, https:\/\/wp.ufpel.edu.br\/empauta\/files\/2022\/05\/Tecnico-Ricardo-organizando-seu-treino-Gabriel-Fritsch-1471x2048.jpg 1471w, https:\/\/wp.ufpel.edu.br\/empauta\/files\/2022\/05\/Tecnico-Ricardo-organizando-seu-treino-Gabriel-Fritsch-scaled.jpg 1839w\" sizes=\"auto, (max-width: 228px) 100vw, 228px\" \/><\/a><p id=\"caption-attachment-15251\" class=\"wp-caption-text\">T\u00e9cnico Ricardo organizando seu treino\/Foto: Gabriel Fritsch<\/p><\/div>\n<p style=\"text-align: justify;\"><strong>Planejamento<\/strong><\/p>\n<p style=\"text-align: justify;\"><span style=\"font-weight: 400;\">Para o ano de 2022, a equipe est\u00e1 projetando jogar diferentes campeonatos com o seu foco principal na Liga Nacional, o maior torneio de clubes do Brasil. Para isso fecharam parceria com o treinador Jonatas Natel, atual treinador da equipe Cap\u00e3o da Canoa Handebol, trazendo na bagagem a experi\u00eancia de j\u00e1 ter competido a Liga Nacional. Jonatas j\u00e1 esteve na cidade no final de semana dos dias 26 e 27 de mar\u00e7o para treinos com a equipe, trazendo jogadores do time de Cap\u00e3o da Canoa.<\/span><\/p>\n<p style=\"text-align: justify;\"><span style=\"font-weight: 400;\">O foco \u00e9 treinar e participar de torneios nos pr\u00f3ximos meses como prepara\u00e7\u00e3o para a Liga. Ricardo Barbosa, t\u00e9cnico da equipe, ressalta que o principal objetivo do ano \u00e9 o desenvolvimento e crescimento do time: &#8220;A ideia do nosso projeto n\u00e3o \u00e9 s\u00f3 esse ano, \u00e9 ser de longo prazo, jogando mais anos de liga nacional. O objetivo deste ano \u00e9 com foco no desenvolvimento dos atletas para dar continuidade no trabalho.&#8221; disse.<\/span><\/p>\n<p>&nbsp;<\/p>\n<p><span style=\"font-weight: 400;\">Essa parceria j\u00e1 rendeu frutos, no \u00faltimo final de semana (23 e 24 de abril) a equipe participou do Campeonato Aberto de Campo Bom e se consagrou campe\u00e3 da competi\u00e7\u00e3o.<\/span><\/p>\n<div id=\"attachment_15253\" style=\"width: 293px\" class=\"wp-caption alignleft\"><a href=\"https:\/\/wp.ufpel.edu.br\/empauta\/files\/2022\/05\/Eduardo-Guimaraes-no-treino-Gabriel-Fritsch-scaled.jpg\"><img loading=\"lazy\" decoding=\"async\" aria-describedby=\"caption-attachment-15253\" class=\"wp-image-15253 size-medium\" src=\"https:\/\/wp.ufpel.edu.br\/empauta\/files\/2022\/05\/Eduardo-Guimaraes-no-treino-Gabriel-Fritsch-283x318.jpg\" alt=\"\" width=\"283\" height=\"318\" \/><\/a><p id=\"caption-attachment-15253\" class=\"wp-caption-text\">Eduardo Guimar\u00e3es no treino\/Foto: Gabriel Fritsch<\/p><\/div>\n<p><strong>Categorias de base <\/strong><\/p>\n<p><span style=\"font-weight: 400;\">Al\u00e9m dos objetivos para o time adulto, o projeto trabalha com o desenvolvimento do esporte e de atletas nas categorias de base. A equipe conta com um time de juniores que foi formado em 2019, tendo uma pausa no in\u00edcio da pandemia e retornando com as atividades em maio de 2021.\u00a0<\/span><\/p>\n<p><span style=\"font-weight: 400;\">Mesmo com pouco tempo de cria\u00e7\u00e3o j\u00e1 acumula boas participa\u00e7\u00f5es em campeonatos, como o terceiro lugar no Campeonato Estadual Junior e o sexto lugar no Campeonato Brasileiro Junior. Eduardo Guimar\u00e3es, que al\u00e9m de atleta \u00e9 o treinador da equipe da categoria de base, explica que os objetivos dela \u00e9 formar atletas para dar sequ\u00eancia tanto ao esporte na cidade como no time. Fazendo as lacunas que a equipe adulta deixa, serem preenchidas com atletas jovens de qualidade: \u201c\u00c9 uma experi\u00eancia muito boa ver o crescimento di\u00e1rio deles. Os meninos que t\u00eam entre 21 e 22 anos, j\u00e1 est\u00e3o sendo titulares do time adulto, fazendo boas partidas, se destacando, isso significa que nosso trabalho est\u00e1 sendo bem feito e que os meninos gostam, que nem eu, de jogar handebol.\u201d<\/span><\/p>\n<p><span style=\"font-weight: 400;\">Contato: <\/span><span style=\"font-weight: 400;\">Eduardo Guimar\u00e3es: (53) 981175310\u00a0<\/span><\/p>\n<p>&nbsp;<\/p>\n","protected":false},"excerpt":{"rendered":"<p>Time adulto e j\u00fanior trabalham duro para alcan\u00e7ar seus objetivos no ano de 2022 Por Gabriel Fritsch \/Em Pauta Hist\u00f3ria O Clube Brilhante da cidade de Pelotas, abriga um time de handebol masculino que&#46;&#46;&#46;<\/p>\n","protected":false},"author":587,"featured_media":15253,"comment_status":"closed","ping_status":"closed","sticky":false,"template":"","format":"standard","meta":{"jetpack_post_was_ever_published":false,"_jetpack_newsletter_access":"","_jetpack_dont_email_post_to_subs":false,"_jetpack_newsletter_tier_id":0,"_jetpack_memberships_contains_paywalled_content":false,"_jetpack_memberships_contains_paid_content":false,"footnotes":"","jetpack_publicize_message":"","jetpack_publicize_feature_enabled":true,"jetpack_social_post_already_shared":true,"jetpack_social_options":{"image_generator_settings":{"template":"highway","default_image_id":0,"font":"","enabled":false},"version":2}},"categories":[438,8],"tags":[566,158],"class_list":["post-15257","post","type-post","status-publish","format-standard","has-post-thumbnail","hentry","category-em-pauta-noticias","category-esportes","tag-handebol","tag-pelotas"],"jetpack_publicize_connections":[],"jetpack_featured_media_url":"https:\/\/wp.ufpel.edu.br\/empauta\/files\/2022\/05\/Eduardo-Guimaraes-no-treino-Gabriel-Fritsch-scaled-e1651456522923.jpg","jetpack_sharing_enabled":true,"jetpack_shortlink":"https:\/\/wp.me\/p6Xvzq-3Y5","jetpack-related-posts":[{"id":8007,"url":"https:\/\/wp.ufpel.edu.br\/empauta\/os-90-anos-do-gremio-atletico-farroupilha\/","url_meta":{"origin":15257,"position":0},"title":"Os 90 anos do Gr\u00eamio Atl\u00e9tico Farroupilha","author":"Em Pauta","date":"19\/05\/2016","format":false,"excerpt":"Por Lu\u00eds Artur Silva e Rafael Pinto \u00a0\u00a0 No \u00faltimo dia 26 de abril, uma das tr\u00eas institui\u00e7\u00f5es futebol\u00edsticas de nossa cidade comemorou os seus 90 anos. O Gr\u00eamio Atl\u00e9tico Farroupilha, o querido Tricolor do Fragata, o Fantasma, o Campe\u00e3o dos 100 anos, s\u00e3o denomina\u00e7\u00f5es que identificam o segundo clube\u2026","rel":"","context":"Em &quot;Esportes&quot;","block_context":{"text":"Esportes","link":"https:\/\/wp.ufpel.edu.br\/empauta\/category\/todos\/esportes\/"},"img":{"alt_text":"","src":"https:\/\/i0.wp.com\/wp.ufpel.edu.br\/empauta\/files\/2016\/05\/plc.jpg?resize=350%2C200&ssl=1","width":350,"height":200,"srcset":"https:\/\/i0.wp.com\/wp.ufpel.edu.br\/empauta\/files\/2016\/05\/plc.jpg?resize=350%2C200&ssl=1 1x, https:\/\/i0.wp.com\/wp.ufpel.edu.br\/empauta\/files\/2016\/05\/plc.jpg?resize=525%2C300&ssl=1 1.5x, https:\/\/i0.wp.com\/wp.ufpel.edu.br\/empauta\/files\/2016\/05\/plc.jpg?resize=700%2C400&ssl=1 2x, https:\/\/i0.wp.com\/wp.ufpel.edu.br\/empauta\/files\/2016\/05\/plc.jpg?resize=1050%2C600&ssl=1 3x"},"classes":[]},{"id":10935,"url":"https:\/\/wp.ufpel.edu.br\/empauta\/pelotas-tenta-quebrar-jejum-de-35-anos\/","url_meta":{"origin":15257,"position":1},"title":"Pelotas tenta quebrar jejum de 35 anos","author":"Em Pauta","date":"20\/06\/2018","format":false,"excerpt":"Por Lu\u00eds Artur Janes Silva No pr\u00f3ximo domingo, dia 24 de junho, o Esporte Clube Pelotas enfrentar\u00e1 o Aimor\u00e9 na segunda e decisiva partida que definir\u00e1 o campe\u00e3o da Divis\u00e3o de Acesso do ano de 2018. O local da final ainda n\u00e3o est\u00e1 definido e esta indefini\u00e7\u00e3o tamb\u00e9m \u00e9 notada\u2026","rel":"","context":"Em &quot;Esportes&quot;","block_context":{"text":"Esportes","link":"https:\/\/wp.ufpel.edu.br\/empauta\/category\/todos\/esportes\/"},"img":{"alt_text":"","src":"https:\/\/i0.wp.com\/wp.ufpel.edu.br\/empauta\/files\/2018\/06\/Pelotas-1983.jpg?resize=350%2C200&ssl=1","width":350,"height":200,"srcset":"https:\/\/i0.wp.com\/wp.ufpel.edu.br\/empauta\/files\/2018\/06\/Pelotas-1983.jpg?resize=350%2C200&ssl=1 1x, https:\/\/i0.wp.com\/wp.ufpel.edu.br\/empauta\/files\/2018\/06\/Pelotas-1983.jpg?resize=525%2C300&ssl=1 1.5x"},"classes":[]},{"id":21355,"url":"https:\/\/wp.ufpel.edu.br\/empauta\/pelotas-se-consolida-como-referencia-no-taekwondo-gaucho\/","url_meta":{"origin":15257,"position":2},"title":"Pelotas se consolida como refer\u00eancia no taekwondo ga\u00facho","author":"Em Pauta","date":"03\/11\/2025","format":false,"excerpt":"Andrine Teixeira Garcia \/ Em Pauta Nos \u00faltimos anos, Pelotas tem se destacado no cen\u00e1rio estadual e nacional do taekwondo. O crescimento da modalidade no munic\u00edpio vem sendo impulsionado por atletas que come\u00e7aram a praticar o esporte em projetos sociais e hoje acumulam conquistas em competi\u00e7\u00f5es de alto n\u00edvel. A\u2026","rel":"","context":"Em &quot;Cultura e Entretenimento&quot;","block_context":{"text":"Cultura e Entretenimento","link":"https:\/\/wp.ufpel.edu.br\/empauta\/category\/todos\/culturaeentretenimento\/"},"img":{"alt_text":"","src":"https:\/\/i0.wp.com\/wp.ufpel.edu.br\/empauta\/files\/2025\/11\/QLNB-1.jpeg?resize=350%2C200&ssl=1","width":350,"height":200,"srcset":"https:\/\/i0.wp.com\/wp.ufpel.edu.br\/empauta\/files\/2025\/11\/QLNB-1.jpeg?resize=350%2C200&ssl=1 1x, https:\/\/i0.wp.com\/wp.ufpel.edu.br\/empauta\/files\/2025\/11\/QLNB-1.jpeg?resize=525%2C300&ssl=1 1.5x, https:\/\/i0.wp.com\/wp.ufpel.edu.br\/empauta\/files\/2025\/11\/QLNB-1.jpeg?resize=700%2C400&ssl=1 2x, https:\/\/i0.wp.com\/wp.ufpel.edu.br\/empauta\/files\/2025\/11\/QLNB-1.jpeg?resize=1050%2C600&ssl=1 3x, https:\/\/i0.wp.com\/wp.ufpel.edu.br\/empauta\/files\/2025\/11\/QLNB-1.jpeg?resize=1400%2C800&ssl=1 4x"},"classes":[]},{"id":8174,"url":"https:\/\/wp.ufpel.edu.br\/empauta\/o-esporte-clube-pelotas-esta-a-seis-passos-do-paraiso\/","url_meta":{"origin":15257,"position":3},"title":"O Esporte Clube Pelotas est\u00e1 a seis passos do para\u00edso","author":"Em Pauta","date":"16\/06\/2016","format":false,"excerpt":"Por Lu\u00eds Artur Silva e Rafael Pinto \u00a0\u00a0 No pr\u00f3ximo final de semana o Esporte Clube Pelotas come\u00e7a a \u00faltima parte de sua caminhada no Campeonato Ga\u00facho da Divis\u00e3o de Acesso. O Quadrangular Final da competi\u00e7\u00e3o permitir\u00e1 a um de seus participantes disputar o Gauch\u00e3o da Primeira Divis\u00e3o, no ano\u2026","rel":"","context":"Em &quot;Esportes&quot;","block_context":{"text":"Esportes","link":"https:\/\/wp.ufpel.edu.br\/empauta\/category\/todos\/esportes\/"},"img":{"alt_text":"","src":"https:\/\/i0.wp.com\/wp.ufpel.edu.br\/empauta\/files\/2016\/06\/bb.jpg?resize=350%2C200&ssl=1","width":350,"height":200,"srcset":"https:\/\/i0.wp.com\/wp.ufpel.edu.br\/empauta\/files\/2016\/06\/bb.jpg?resize=350%2C200&ssl=1 1x, https:\/\/i0.wp.com\/wp.ufpel.edu.br\/empauta\/files\/2016\/06\/bb.jpg?resize=525%2C300&ssl=1 1.5x, https:\/\/i0.wp.com\/wp.ufpel.edu.br\/empauta\/files\/2016\/06\/bb.jpg?resize=700%2C400&ssl=1 2x, https:\/\/i0.wp.com\/wp.ufpel.edu.br\/empauta\/files\/2016\/06\/bb.jpg?resize=1050%2C600&ssl=1 3x"},"classes":[]},{"id":8783,"url":"https:\/\/wp.ufpel.edu.br\/empauta\/quatro-equipes-seguem-pelo-titulo-do-campeonato-gaucho-de-futebol-feminino\/","url_meta":{"origin":15257,"position":4},"title":"Quatro equipes seguem pelo t\u00edtulo do Campeonato Ga\u00facho de Futebol Feminino","author":"Em Pauta","date":"29\/09\/2016","format":false,"excerpt":"Por: Henrique K\u00f6nig O Campeonato Ga\u00facho de Futebol Feminino chega \u00e0 fase semifinal. Os quatro clubes, de diferentes regi\u00f5es do estado, s\u00e3o os mesmos semifinalistas da edi\u00e7\u00e3o anterior. O Pelotas\/Phoenix enfrenta o Black Show, com primeiro jogo em Gua\u00edba, no dia 9 de outubro. A decis\u00e3o da volta, na Boca\u2026","rel":"","context":"Em &quot;Esportes&quot;","block_context":{"text":"Esportes","link":"https:\/\/wp.ufpel.edu.br\/empauta\/category\/todos\/esportes\/"},"img":{"alt_text":"Pelotas \u00e9 um dos times classificados. Foto: Divulga\u00e7\u00e3o\/Esporte Clube Pelotas\/Phoenix","src":"https:\/\/i0.wp.com\/wp.ufpel.edu.br\/empauta\/files\/2016\/09\/Sem-t%C3%ADtulo-49.png?resize=350%2C200&ssl=1","width":350,"height":200,"srcset":"https:\/\/i0.wp.com\/wp.ufpel.edu.br\/empauta\/files\/2016\/09\/Sem-t%C3%ADtulo-49.png?resize=350%2C200&ssl=1 1x, https:\/\/i0.wp.com\/wp.ufpel.edu.br\/empauta\/files\/2016\/09\/Sem-t%C3%ADtulo-49.png?resize=525%2C300&ssl=1 1.5x"},"classes":[]},{"id":8409,"url":"https:\/\/wp.ufpel.edu.br\/empauta\/esporte-clube-pelotas-fracassa-e-nao-consegue-vaga-para-o-gauchao-2017\/","url_meta":{"origin":15257,"position":5},"title":"ESPORTE CLUBE PELOTAS FRACASSA E N\u00c3O CONSEGUE VAGA PARA O GAUCH\u00c3O 2017","author":"Em Pauta","date":"26\/07\/2016","format":false,"excerpt":"\u00a0 Foram apenas cinco jogos, que definiram o futuro do Pelotas no restante desta temporada e tamb\u00e9m no primeiro semestre de 2017. Quando foi dado o apito final da partida Brasil de Farroupilha 1x1 Pelotas, o destino reservou a mais cruel das sortes ao Lobo da Avenida Bento Gon\u00e7alves, pela\u2026","rel":"","context":"Em &quot;Esportes&quot;","block_context":{"text":"Esportes","link":"https:\/\/wp.ufpel.edu.br\/empauta\/category\/todos\/esportes\/"},"img":{"alt_text":"","src":"https:\/\/i0.wp.com\/wp.ufpel.edu.br\/empauta\/files\/2016\/07\/luis.jpg?resize=350%2C200&ssl=1","width":350,"height":200,"srcset":"https:\/\/i0.wp.com\/wp.ufpel.edu.br\/empauta\/files\/2016\/07\/luis.jpg?resize=350%2C200&ssl=1 1x, https:\/\/i0.wp.com\/wp.ufpel.edu.br\/empauta\/files\/2016\/07\/luis.jpg?resize=525%2C300&ssl=1 1.5x"},"classes":[]}],"_links":{"self":[{"href":"https:\/\/wp.ufpel.edu.br\/empauta\/wp-json\/wp\/v2\/posts\/15257","targetHints":{"allow":["GET"]}}],"collection":[{"href":"https:\/\/wp.ufpel.edu.br\/empauta\/wp-json\/wp\/v2\/posts"}],"about":[{"href":"https:\/\/wp.ufpel.edu.br\/empauta\/wp-json\/wp\/v2\/types\/post"}],"author":[{"embeddable":true,"href":"https:\/\/wp.ufpel.edu.br\/empauta\/wp-json\/wp\/v2\/users\/587"}],"replies":[{"embeddable":true,"href":"https:\/\/wp.ufpel.edu.br\/empauta\/wp-json\/wp\/v2\/comments?post=15257"}],"version-history":[{"count":2,"href":"https:\/\/wp.ufpel.edu.br\/empauta\/wp-json\/wp\/v2\/posts\/15257\/revisions"}],"predecessor-version":[{"id":15259,"href":"https:\/\/wp.ufpel.edu.br\/empauta\/wp-json\/wp\/v2\/posts\/15257\/revisions\/15259"}],"wp:featuredmedia":[{"embeddable":true,"href":"https:\/\/wp.ufpel.edu.br\/empauta\/wp-json\/wp\/v2\/media\/15253"}],"wp:attachment":[{"href":"https:\/\/wp.ufpel.edu.br\/empauta\/wp-json\/wp\/v2\/media?parent=15257"}],"wp:term":[{"taxonomy":"category","embeddable":true,"href":"https:\/\/wp.ufpel.edu.br\/empauta\/wp-json\/wp\/v2\/categories?post=15257"},{"taxonomy":"post_tag","embeddable":true,"href":"https:\/\/wp.ufpel.edu.br\/empauta\/wp-json\/wp\/v2\/tags?post=15257"}],"curies":[{"name":"wp","href":"https:\/\/api.w.org\/{rel}","templated":true}]}}