{"id":15153,"date":"2022-04-14T19:09:14","date_gmt":"2022-04-14T22:09:14","guid":{"rendered":"https:\/\/wp.ufpel.edu.br\/empauta\/?p=15153"},"modified":"2022-04-14T19:09:14","modified_gmt":"2022-04-14T22:09:14","slug":"conheca-a-iniciativa-ecologica-planetariosustentavel-do-regenerai","status":"publish","type":"post","link":"https:\/\/wp.ufpel.edu.br\/empauta\/conheca-a-iniciativa-ecologica-planetariosustentavel-do-regenerai\/","title":{"rendered":"Conhe\u00e7a a iniciativa ecol\u00f3gica Planet\u00e1rio+Sustent\u00e1vel, do Regenera\u00ed"},"content":{"rendered":"<p>Projeto volunt\u00e1rio busca criar horta comunit\u00e1ria e trazer mais sustentabilidade e coletividade \u00e0 Vila Planet\u00e1rio, em Porto Alegre<\/p>\n<p><em>Por Let\u00edcia Vieira<\/em><\/p>\n<p>Regenera\u00ed \u00e9 um dos eixos da ONG Mistura\u00ed-Porto Alegre, voltado para a revitaliza\u00e7\u00e3o sustent\u00e1vel de comunidades de baixa renda da cidade. Suas principais \u00e1reas de atua\u00e7\u00f5es s\u00e3o a Vila Planet\u00e1rio, no bairro Santana, e a Ilha do Pav\u00e3o. O trabalho \u00e9 realizado por volunt\u00e1rios e moradores, financiado por doa\u00e7\u00f5es.<\/p>\n<div id=\"attachment_15154\" style=\"width: 189px\" class=\"wp-caption alignright\"><a href=\"https:\/\/wp.ufpel.edu.br\/empauta\/files\/2022\/04\/Casa-D-fachada.jpeg\"><img loading=\"lazy\" decoding=\"async\" aria-describedby=\"caption-attachment-15154\" class=\"wp-image-15154 size-medium\" src=\"https:\/\/wp.ufpel.edu.br\/empauta\/files\/2022\/04\/Casa-D-fachada-179x318.jpeg\" alt=\"\" width=\"179\" height=\"318\" srcset=\"https:\/\/wp.ufpel.edu.br\/empauta\/files\/2022\/04\/Casa-D-fachada-179x318.jpeg 179w, https:\/\/wp.ufpel.edu.br\/empauta\/files\/2022\/04\/Casa-D-fachada-89x159.jpeg 89w, https:\/\/wp.ufpel.edu.br\/empauta\/files\/2022\/04\/Casa-D-fachada-768x1365.jpeg 768w, https:\/\/wp.ufpel.edu.br\/empauta\/files\/2022\/04\/Casa-D-fachada-864x1536.jpeg 864w, https:\/\/wp.ufpel.edu.br\/empauta\/files\/2022\/04\/Casa-D-fachada.jpeg 900w\" sizes=\"auto, (max-width: 179px) 100vw, 179px\" \/><\/a><p id=\"caption-attachment-15154\" class=\"wp-caption-text\">Fachada da casa D\/Foto: Neusa Machado<\/p><\/div>\n<p style=\"text-align: justify;\">O projeto Planet\u00e1rio+Sustent\u00e1vel, iniciado em outubro de 2020, busca criar uma horta comunit\u00e1ria para uso dos moradores de baixa renda da Vila Planet\u00e1rio e proporcionar uma intera\u00e7\u00e3o maior dos habitantes com a natureza, uma melhora na alimenta\u00e7\u00e3o e criar um espa\u00e7o de conviv\u00eancia.<\/p>\n<p style=\"text-align: justify;\">At\u00e9 o momento, o espa\u00e7o da Casa D (pr\u00e9dio cedido pela prefeitura para o projeto) foi revitalizado e foram plantadas, pelos volunt\u00e1rios, mudas de salsa, alho-por\u00f3, ora-pro-n\u00f3bis, erva-cidreira, batata inglesa, ab\u00f3bora de pesco\u00e7o, r\u00facula, couve, piment\u00e3o e alface, al\u00e9m de frutas como mam\u00e3o, laranja, maracuj\u00e1, goiaba e abacate.<\/p>\n<p style=\"text-align: justify;\">Segundo Neusa Machado, moradora da comunidade e participante do projeto: \u201cNo momento em que ela [a horta] se expandir, trar\u00e1 muitos benef\u00edcios \u00e0 comunidade. N\u00e3o sabemos se os produtos ser\u00e3o distribu\u00eddos gratuitamente ou com algum valor acess\u00edvel, porque ainda estamos decidindo como vai funcionar esta quest\u00e3o, mas sei que de qualquer forma a popula\u00e7\u00e3o ser\u00e1 beneficiada com uma alimenta\u00e7\u00e3o de qualidade\u201d.<\/p>\n<div id=\"attachment_15155\" style=\"width: 328px\" class=\"wp-caption alignleft\"><a href=\"https:\/\/wp.ufpel.edu.br\/empauta\/files\/2022\/04\/Mudas-do-Regenerai.jpeg\"><img loading=\"lazy\" decoding=\"async\" aria-describedby=\"caption-attachment-15155\" class=\"wp-image-15155 size-medium\" src=\"https:\/\/wp.ufpel.edu.br\/empauta\/files\/2022\/04\/Mudas-do-Regenerai-318x318.jpeg\" alt=\"\" width=\"318\" height=\"318\" srcset=\"https:\/\/wp.ufpel.edu.br\/empauta\/files\/2022\/04\/Mudas-do-Regenerai-318x318.jpeg 318w, https:\/\/wp.ufpel.edu.br\/empauta\/files\/2022\/04\/Mudas-do-Regenerai-159x159.jpeg 159w, https:\/\/wp.ufpel.edu.br\/empauta\/files\/2022\/04\/Mudas-do-Regenerai-768x768.jpeg 768w, https:\/\/wp.ufpel.edu.br\/empauta\/files\/2022\/04\/Mudas-do-Regenerai-80x80.jpeg 80w, https:\/\/wp.ufpel.edu.br\/empauta\/files\/2022\/04\/Mudas-do-Regenerai-320x320.jpeg 320w, https:\/\/wp.ufpel.edu.br\/empauta\/files\/2022\/04\/Mudas-do-Regenerai.jpeg 1448w\" sizes=\"auto, (max-width: 318px) 100vw, 318px\" \/><\/a><p id=\"caption-attachment-15155\" class=\"wp-caption-text\">Mudas plantadas nos canteiros do projeto\/ Foto: Neusa Machado<\/p><\/div>\n<p style=\"text-align: justify;\">Iniciativas, como a do Planet\u00e1rio+Sustent\u00e1vel, s\u00e3o importantes por conta da falta de consci\u00eancia ecol\u00f3gica que o viver em metr\u00f3poles pode causar; segundo a Organiza\u00e7\u00e3o das Na\u00e7\u00f5es Unidas (ONU), at\u00e9 2025, 80% da popula\u00e7\u00e3o mundial estar\u00e1 vivendo em centros urbanos de pa\u00edses em desenvolvimento, onde comportamentos mais voltados para individualidade s\u00e3o mais comuns.<\/p>\n<p style=\"text-align: justify;\">&#8220;Nossa hist\u00f3ria tem muita luta, muito suor, muita alegria e vontade. \u00c9 feita a muitas m\u00e3os.&#8221; Destacou Mara Nunes, presidente do Mistura\u00ed, em uma postagem no Instagram na comemora\u00e7\u00e3o dos 4 anos do projeto.<\/p>\n<p style=\"text-align: justify;\">Interessados em apoiar podem realizar doa\u00e7\u00f5es monet\u00e1rias atrav\u00e9s do PIX: campanhas.misturai@gmail.com ou se voluntariar para um mutir\u00e3o, os quais s\u00e3o divulgados no Instagram <strong>@regenra\u00ed_.<\/strong><\/p>\n","protected":false},"excerpt":{"rendered":"<p>Projeto volunt\u00e1rio busca criar horta comunit\u00e1ria e trazer mais sustentabilidade e coletividade \u00e0 Vila Planet\u00e1rio, em Porto Alegre Por Let\u00edcia Vieira Regenera\u00ed \u00e9 um dos eixos da ONG Mistura\u00ed-Porto Alegre, voltado para a revitaliza\u00e7\u00e3o&#46;&#46;&#46;<\/p>\n","protected":false},"author":587,"featured_media":15155,"comment_status":"closed","ping_status":"closed","sticky":false,"template":"","format":"standard","meta":{"jetpack_post_was_ever_published":false,"_jetpack_newsletter_access":"","_jetpack_dont_email_post_to_subs":false,"_jetpack_newsletter_tier_id":0,"_jetpack_memberships_contains_paywalled_content":false,"_jetpack_memberships_contains_paid_content":false,"footnotes":"","jetpack_publicize_message":"","jetpack_publicize_feature_enabled":true,"jetpack_social_post_already_shared":true,"jetpack_social_options":{"image_generator_settings":{"template":"highway","default_image_id":0,"font":"","enabled":false},"version":2}},"categories":[438,9,425],"tags":[544,543,542],"class_list":["post-15153","post","type-post","status-publish","format-standard","has-post-thumbnail","hentry","category-em-pauta-noticias","category-geral","category-meio-ambiente","tag-horta-comunitaria","tag-projeto-ambiental","tag-regenerai"],"jetpack_publicize_connections":[],"jetpack_featured_media_url":"https:\/\/wp.ufpel.edu.br\/empauta\/files\/2022\/04\/Mudas-do-Regenerai.jpeg","jetpack_sharing_enabled":true,"jetpack_shortlink":"https:\/\/wp.me\/p6Xvzq-3Wp","jetpack-related-posts":[{"id":13001,"url":"https:\/\/wp.ufpel.edu.br\/empauta\/projeto-hortas-urbanas-e-apresentado-no-forum-social-de-maio\/","url_meta":{"origin":15153,"position":0},"title":"Projeto Hortas Urbanas \u00e9 apresentado no F\u00f3rum Social de maio","author":"Em Pauta","date":"07\/06\/2019","format":false,"excerpt":"o projeto F\u00f3rum Social promoveu um encontro mensal, no audit\u00f3rio do Museu do Doce, apresentando o projeto de extens\u00e3o Hortas Urbanas aos representantes da comunidade pelotense.","rel":"","context":"Em &quot;Meio Ambiente&quot;","block_context":{"text":"Meio Ambiente","link":"https:\/\/wp.ufpel.edu.br\/empauta\/category\/meio-ambiente\/"},"img":{"alt_text":"","src":"https:\/\/i0.wp.com\/wp.ufpel.edu.br\/empauta\/files\/2019\/06\/IMG_0706-e1559568524994.jpg?resize=350%2C200&ssl=1","width":350,"height":200,"srcset":"https:\/\/i0.wp.com\/wp.ufpel.edu.br\/empauta\/files\/2019\/06\/IMG_0706-e1559568524994.jpg?resize=350%2C200&ssl=1 1x, https:\/\/i0.wp.com\/wp.ufpel.edu.br\/empauta\/files\/2019\/06\/IMG_0706-e1559568524994.jpg?resize=525%2C300&ssl=1 1.5x, https:\/\/i0.wp.com\/wp.ufpel.edu.br\/empauta\/files\/2019\/06\/IMG_0706-e1559568524994.jpg?resize=700%2C400&ssl=1 2x, https:\/\/i0.wp.com\/wp.ufpel.edu.br\/empauta\/files\/2019\/06\/IMG_0706-e1559568524994.jpg?resize=1050%2C600&ssl=1 3x, https:\/\/i0.wp.com\/wp.ufpel.edu.br\/empauta\/files\/2019\/06\/IMG_0706-e1559568524994.jpg?resize=1400%2C800&ssl=1 4x"},"classes":[]},{"id":334,"url":"https:\/\/wp.ufpel.edu.br\/empauta\/policia-comunitaria-de-rio-grande\/","url_meta":{"origin":15153,"position":1},"title":"Pol\u00edcia Comunit\u00e1ria de Rio Grande","author":"Em Pauta","date":"20\/02\/2014","format":false,"excerpt":"Por Nicole Soares \u00a0 A Prefeitura Municipal do Rio Grande desenvolveu uma t\u00e1tica para a implanta\u00e7\u00e3o do Policiamento Comunit\u00e1rio. Foram 11 equipes inseridas nos bairros atrav\u00e9s de uma sele\u00e7\u00e3o estrat\u00e9gica, que busca neutralizar e prevenir o crime. A t\u00e1tica insere os policiais diretamente nos bairros, eles passam a morar no\u2026","rel":"","context":"Em &quot;Geral&quot;","block_context":{"text":"Geral","link":"https:\/\/wp.ufpel.edu.br\/empauta\/category\/todos\/geral\/"},"img":{"alt_text":"Foto: divulga\u00e7\u00e3o (http:\/\/www.riogrande.rs.gov.br)","src":"https:\/\/i0.wp.com\/wp.ufpel.edu.br\/empauta\/files\/2014\/02\/zoom_52c5b9004a579-300x199.jpg?resize=350%2C200&ssl=1","width":350,"height":200},"classes":[]},{"id":2082,"url":"https:\/\/wp.ufpel.edu.br\/empauta\/clinica-veterinaria-gratuita-sera-construida-em-porto-alegre\/","url_meta":{"origin":15153,"position":2},"title":"Cl\u00ednica veterin\u00e1ria gratuita ser\u00e1 constru\u00edda em Porto Alegre","author":"Em Pauta","date":"29\/08\/2014","format":false,"excerpt":"Por Gabriel Bresque As obras de uma nova cl\u00ednica para animais de estima\u00e7\u00e3o em Porto Alegre, com atendimento 24 horas por dia e gratuita, devem come\u00e7ar em novembro desse ano, e t\u00eam a previs\u00e3o de entrega em 10 meses. Ela cobrir\u00e1 casos de emerg\u00eancia, cirurgias de risco e atendimentos em\u2026","rel":"","context":"Em &quot;Qualidade de Vida&quot;","block_context":{"text":"Qualidade de Vida","link":"https:\/\/wp.ufpel.edu.br\/empauta\/category\/todos\/qualidadedevida\/"},"img":{"alt_text":"Imagem - clinica5x3","src":"https:\/\/i0.wp.com\/wp.ufpel.edu.br\/empauta\/files\/2014\/08\/Imagem-clinica5x3.jpg?resize=350%2C200&ssl=1","width":350,"height":200,"srcset":"https:\/\/i0.wp.com\/wp.ufpel.edu.br\/empauta\/files\/2014\/08\/Imagem-clinica5x3.jpg?resize=350%2C200&ssl=1 1x, https:\/\/i0.wp.com\/wp.ufpel.edu.br\/empauta\/files\/2014\/08\/Imagem-clinica5x3.jpg?resize=525%2C300&ssl=1 1.5x"},"classes":[]},{"id":14027,"url":"https:\/\/wp.ufpel.edu.br\/empauta\/alunos-do-jornalismo-ufpel-encerram-ano-letivo-com-reconhecimentos-e-premios\/","url_meta":{"origin":15153,"position":3},"title":"Alunos do Jornalismo UFPel encerram ano letivo com reconhecimentos e pr\u00eamios","author":"Em Pauta","date":"15\/12\/2019","format":false,"excerpt":"Ao longo deste ano, acad\u00eamicos do curso de Jornalismo da Universidade Federal de Pelotas (UFPel) foram reconhecidos em diferentes premia\u00e7\u00f5es e competi\u00e7\u00f5es.","rel":"","context":"Em &quot;Geral&quot;","block_context":{"text":"Geral","link":"https:\/\/wp.ufpel.edu.br\/empauta\/category\/todos\/geral\/"},"img":{"alt_text":"","src":"https:\/\/i0.wp.com\/wp.ufpel.edu.br\/empauta\/files\/2019\/12\/78218411_3434226593316050_4155352696779440128_o.jpg?resize=350%2C200&ssl=1","width":350,"height":200,"srcset":"https:\/\/i0.wp.com\/wp.ufpel.edu.br\/empauta\/files\/2019\/12\/78218411_3434226593316050_4155352696779440128_o.jpg?resize=350%2C200&ssl=1 1x, https:\/\/i0.wp.com\/wp.ufpel.edu.br\/empauta\/files\/2019\/12\/78218411_3434226593316050_4155352696779440128_o.jpg?resize=525%2C300&ssl=1 1.5x, https:\/\/i0.wp.com\/wp.ufpel.edu.br\/empauta\/files\/2019\/12\/78218411_3434226593316050_4155352696779440128_o.jpg?resize=700%2C400&ssl=1 2x, https:\/\/i0.wp.com\/wp.ufpel.edu.br\/empauta\/files\/2019\/12\/78218411_3434226593316050_4155352696779440128_o.jpg?resize=1050%2C600&ssl=1 3x"},"classes":[]},{"id":11613,"url":"https:\/\/wp.ufpel.edu.br\/empauta\/prec-realiza-dia-das-criancas-solidario-com-o-cras\/","url_meta":{"origin":15153,"position":4},"title":"PREC Realiza dia das crian\u00e7as solid\u00e1rio com o CRAS","author":"Em Pauta","date":"26\/10\/2018","format":false,"excerpt":"Por J\u00falia Gon\u00e7alves, J\u00e9ssica Lopes, Jessica Alves, Micael Carvalho No dia 11 de outubro em celebra\u00e7\u00e3o ao dia das crian\u00e7as, a Pr\u00f3 Reitoria de extens\u00e3o e cultura (PREC), em parceria com o Projeto Vizinhan\u00e7a, esteve no CRAS S\u00e3o Gon\u00e7alo (Centro de Refer\u00eancia de Assist\u00eancia Social) para que juntamente com alunos\u2026","rel":"","context":"Em &quot;Geral&quot;","block_context":{"text":"Geral","link":"https:\/\/wp.ufpel.edu.br\/empauta\/category\/todos\/geral\/"},"img":{"alt_text":"","src":"https:\/\/i0.wp.com\/wp.ufpel.edu.br\/empauta\/files\/2018\/10\/2018-10-19-08.26.22-1.jpg?resize=350%2C200&ssl=1","width":350,"height":200,"srcset":"https:\/\/i0.wp.com\/wp.ufpel.edu.br\/empauta\/files\/2018\/10\/2018-10-19-08.26.22-1.jpg?resize=350%2C200&ssl=1 1x, https:\/\/i0.wp.com\/wp.ufpel.edu.br\/empauta\/files\/2018\/10\/2018-10-19-08.26.22-1.jpg?resize=525%2C300&ssl=1 1.5x, https:\/\/i0.wp.com\/wp.ufpel.edu.br\/empauta\/files\/2018\/10\/2018-10-19-08.26.22-1.jpg?resize=700%2C400&ssl=1 2x, https:\/\/i0.wp.com\/wp.ufpel.edu.br\/empauta\/files\/2018\/10\/2018-10-19-08.26.22-1.jpg?resize=1050%2C600&ssl=1 3x"},"classes":[]},{"id":19133,"url":"https:\/\/wp.ufpel.edu.br\/empauta\/projeto-remar-para-o-futuro-da-ufpel-e-destaque-na-formacao-de-jovens-atletas-no-municipio\/","url_meta":{"origin":15153,"position":5},"title":"Projeto &#8220;Remar para o Futuro&#8221; da UFPEL \u00e9 destaque na forma\u00e7\u00e3o de jovens atletas no munic\u00edpio","author":"Em Pauta","date":"12\/12\/2023","format":false,"excerpt":"Nos dias 25 e 26 do m\u00eas passado, toda a delega\u00e7\u00e3o do projeto de extens\u00e3o da Universidade Federal de Pelotas subiu ao p\u00f3dio durante o Campeonato Brasileiro de Jovens Talentos do Remo na capital ga\u00facha.\u00a0 Por Gabrielle Peres \/ Em Pauta. Acompanhados do coordenador t\u00e9cnico do projeto, Oguener Tissot, os\u2026","rel":"","context":"Em &quot;Esportes&quot;","block_context":{"text":"Esportes","link":"https:\/\/wp.ufpel.edu.br\/empauta\/category\/todos\/esportes\/"},"img":{"alt_text":"","src":"https:\/\/i0.wp.com\/wp.ufpel.edu.br\/empauta\/files\/2023\/12\/Joao-Kerchiner-foto-divulgacao-RPF-1.jpg?resize=350%2C200&ssl=1","width":350,"height":200,"srcset":"https:\/\/i0.wp.com\/wp.ufpel.edu.br\/empauta\/files\/2023\/12\/Joao-Kerchiner-foto-divulgacao-RPF-1.jpg?resize=350%2C200&ssl=1 1x, https:\/\/i0.wp.com\/wp.ufpel.edu.br\/empauta\/files\/2023\/12\/Joao-Kerchiner-foto-divulgacao-RPF-1.jpg?resize=525%2C300&ssl=1 1.5x, https:\/\/i0.wp.com\/wp.ufpel.edu.br\/empauta\/files\/2023\/12\/Joao-Kerchiner-foto-divulgacao-RPF-1.jpg?resize=700%2C400&ssl=1 2x"},"classes":[]}],"_links":{"self":[{"href":"https:\/\/wp.ufpel.edu.br\/empauta\/wp-json\/wp\/v2\/posts\/15153","targetHints":{"allow":["GET"]}}],"collection":[{"href":"https:\/\/wp.ufpel.edu.br\/empauta\/wp-json\/wp\/v2\/posts"}],"about":[{"href":"https:\/\/wp.ufpel.edu.br\/empauta\/wp-json\/wp\/v2\/types\/post"}],"author":[{"embeddable":true,"href":"https:\/\/wp.ufpel.edu.br\/empauta\/wp-json\/wp\/v2\/users\/587"}],"replies":[{"embeddable":true,"href":"https:\/\/wp.ufpel.edu.br\/empauta\/wp-json\/wp\/v2\/comments?post=15153"}],"version-history":[{"count":6,"href":"https:\/\/wp.ufpel.edu.br\/empauta\/wp-json\/wp\/v2\/posts\/15153\/revisions"}],"predecessor-version":[{"id":15161,"href":"https:\/\/wp.ufpel.edu.br\/empauta\/wp-json\/wp\/v2\/posts\/15153\/revisions\/15161"}],"wp:featuredmedia":[{"embeddable":true,"href":"https:\/\/wp.ufpel.edu.br\/empauta\/wp-json\/wp\/v2\/media\/15155"}],"wp:attachment":[{"href":"https:\/\/wp.ufpel.edu.br\/empauta\/wp-json\/wp\/v2\/media?parent=15153"}],"wp:term":[{"taxonomy":"category","embeddable":true,"href":"https:\/\/wp.ufpel.edu.br\/empauta\/wp-json\/wp\/v2\/categories?post=15153"},{"taxonomy":"post_tag","embeddable":true,"href":"https:\/\/wp.ufpel.edu.br\/empauta\/wp-json\/wp\/v2\/tags?post=15153"}],"curies":[{"name":"wp","href":"https:\/\/api.w.org\/{rel}","templated":true}]}}