{"id":15102,"date":"2022-04-07T15:13:55","date_gmt":"2022-04-07T18:13:55","guid":{"rendered":"https:\/\/wp.ufpel.edu.br\/empauta\/?p=15102"},"modified":"2022-04-07T15:13:55","modified_gmt":"2022-04-07T18:13:55","slug":"iniciam-as-aulas-e-faltam-professores-na-rede-estadual","status":"publish","type":"post","link":"https:\/\/wp.ufpel.edu.br\/empauta\/iniciam-as-aulas-e-faltam-professores-na-rede-estadual\/","title":{"rendered":"Iniciam as aulas e faltam professores na rede estadual"},"content":{"rendered":"<p align=\"justify\"><span style=\"font-size: medium;\">O problema \u00e9 visto no Instituto Estadual de Educa\u00e7\u00e3o Assis Brasil que n\u00e3o tem professores para as disciplinas de Matem\u00e1tica, Biologia, Literatura e Geografia<\/span><\/p>\n<div id=\"attachment_15103\" style=\"width: 1290px\" class=\"wp-caption aligncenter\"><a href=\"https:\/\/wp.ufpel.edu.br\/empauta\/files\/2022\/04\/Colegio-Assis-Brasil.jpeg\"><img loading=\"lazy\" decoding=\"async\" aria-describedby=\"caption-attachment-15103\" class=\"size-full wp-image-15103\" src=\"https:\/\/wp.ufpel.edu.br\/empauta\/files\/2022\/04\/Colegio-Assis-Brasil.jpeg\" alt=\"\" width=\"1280\" height=\"896\" srcset=\"https:\/\/wp.ufpel.edu.br\/empauta\/files\/2022\/04\/Colegio-Assis-Brasil.jpeg 1280w, https:\/\/wp.ufpel.edu.br\/empauta\/files\/2022\/04\/Colegio-Assis-Brasil-424x297.jpeg 424w, https:\/\/wp.ufpel.edu.br\/empauta\/files\/2022\/04\/Colegio-Assis-Brasil-212x148.jpeg 212w, https:\/\/wp.ufpel.edu.br\/empauta\/files\/2022\/04\/Colegio-Assis-Brasil-768x538.jpeg 768w\" sizes=\"auto, (max-width: 1280px) 100vw, 1280px\" \/><\/a><p id=\"caption-attachment-15103\" class=\"wp-caption-text\">Alunos no p\u00e1tio do col\u00e9gio Assis Brasil. Foto J\u00f4 Folha \/ Em Pauta<\/p><\/div>\n<p align=\"justify\"><em><span style=\"font-size: medium;\">Caroline G. Quincozes \/ Em Pauta<br \/>\n<\/span><\/em><\/p>\n<p align=\"justify\"><span style=\"font-size: medium;\">Quem estuda ou j\u00e1 estudou na rede estadual de ensino, entende o problema de perto: a falta de professores nas escolas p\u00fablicas \u00e9 uma grande frustra\u00e7\u00e3o quando se fala da educa\u00e7\u00e3o. Seja faltando um, dois ou v\u00e1rios educadores, compreende-se a perda que ocorre no aprendizado dos estudantes, j\u00e1 que muitos deles n\u00e3o conseguem acompanhar conte\u00fados que s\u00e3o ensinados em outras escolas e, como consequ\u00eancia, saem prejudicados no momento de realizar uma prova importante, como o Exame Nacional do Ensino M\u00e9dio (Enem) ou o Programa de Avalia\u00e7\u00e3o da Vida Escolar (PAVE).<\/span><\/p>\n<p align=\"justify\"><span style=\"font-size: medium;\">No Instituto Estadual de Educa\u00e7\u00e3o Assis Brasil, a falta de professores \u00e9 um problema recorrente. Nas \u00faltimas semanas, foi noticiado que faltavam professores para as disciplinas de Matem\u00e1tica, Biologia, Literatura e Geografia. Como resultado, <\/span><span style=\"font-size: medium;\">diversos per\u00edodos ficam vagos ou aulas iniciam mais tarde, sem citar quando surgem as ocasi\u00f5es mais prejudiciais aos alunos, que \u00e9 quando realmente n\u00e3o h\u00e1 aula naquele dia. V\u00e1rios funcion\u00e1rios acabam trabalhando mais horas do que deveriam para suprir a carga hor\u00e1ria que falta, tornando consideravelmente cansativa a jornada de trabalho desses profissionais.<\/span><\/p>\n<p align=\"justify\"><span style=\"font-size: medium;\">Essa n\u00e3o \u00e9 a primeira vez e provavelmente n\u00e3o ser\u00e1 a \u00faltima que cen\u00e1rios assim permanecem nas \u00e1reas da educa\u00e7\u00e3o. Entre as in\u00fameras que provocam essa situa\u00e7\u00e3o, a Agente Educacional de Manuten\u00e7\u00e3o e Infraestrutura, Rita Cilene Mota Domingues, cita um dos fatores mais marcantes, que \u00e9 a desvaloriza\u00e7\u00e3o dos trabalhadores da \u00e1rea. <\/span><\/p>\n<p align=\"justify\">\u201c<span style=\"font-size: medium;\">O governo diz n\u00e3o ter condi\u00e7\u00f5es financeiras de pagar mais professores, mas isso n\u00e3o \u00e9 verdade; s\u00f3 a educa\u00e7\u00e3o que n\u00e3o recebe aumento de sal\u00e1rio h\u00e1 mais de seis anos. Comparando com governos anteriores, tivemos governadores que nos davam um bom sal\u00e1rio, e o quadro dos professores era completo\u201d, finaliza a agente.<\/span><\/p>\n<p align=\"justify\">\u201c<span style=\"font-size: medium;\">J\u00e1 est\u00e3o enviando professores e funcion\u00e1rios\u201d, \u00e9 o que diz Lauren Carla Escotto Moreira, diretora do col\u00e9gio Assis Brasil. Com certeza, essa \u00e9 uma boa not\u00edcia aos alunos que estavam sem o estudo adequado, e aos funcion\u00e1rios que praticavam fun\u00e7\u00f5es al\u00e9m das estabelecidas inicialmente.<\/span><\/p>\n<p align=\"justify\"><span style=\"font-size: medium;\">Entretanto, na pr\u00e1tica, \u00e9 necess\u00e1rio refletir a respeito da raiz do problema, pois consta na hist\u00f3ria da educa\u00e7\u00e3o que ele sempre volta e, antes que retorne, as medidas corretas provavelmente s\u00e3o mais que \u00f3bvias. Nesse momento, resta lutar por governantes que mantenham a educa\u00e7\u00e3o como prioridade e, tamb\u00e9m, representem melhor a classe dos educadores, que h\u00e1 tanto tempo n\u00e3o \u00e9 valorizada como deveria.<\/span><\/p>\n","protected":false},"excerpt":{"rendered":"<p>O problema \u00e9 visto no Instituto Estadual de Educa\u00e7\u00e3o Assis Brasil que n\u00e3o tem professores para as disciplinas de Matem\u00e1tica, Biologia, Literatura e Geografia Caroline G. Quincozes \/ Em Pauta Quem estuda ou j\u00e1&#46;&#46;&#46;<\/p>\n","protected":false},"author":587,"featured_media":15103,"comment_status":"closed","ping_status":"closed","sticky":false,"template":"","format":"standard","meta":{"jetpack_post_was_ever_published":false,"_jetpack_newsletter_access":"","_jetpack_dont_email_post_to_subs":false,"_jetpack_newsletter_tier_id":0,"_jetpack_memberships_contains_paywalled_content":false,"_jetpack_memberships_contains_paid_content":false,"footnotes":"","jetpack_publicize_message":"","jetpack_publicize_feature_enabled":true,"jetpack_social_post_already_shared":true,"jetpack_social_options":{"image_generator_settings":{"template":"highway","default_image_id":0,"font":"","enabled":false},"version":2}},"categories":[438,9],"tags":[533,535,534],"class_list":["post-15102","post","type-post","status-publish","format-standard","has-post-thumbnail","hentry","category-em-pauta-noticias","category-geral","tag-aula","tag-falta-de-professores","tag-rede-estadual"],"jetpack_publicize_connections":[],"jetpack_featured_media_url":"https:\/\/wp.ufpel.edu.br\/empauta\/files\/2022\/04\/Colegio-Assis-Brasil.jpeg","jetpack_sharing_enabled":true,"jetpack_shortlink":"https:\/\/wp.me\/p6Xvzq-3VA","jetpack-related-posts":[{"id":8045,"url":"https:\/\/wp.ufpel.edu.br\/empauta\/protagonismo-na-educacao-estudantes-buscam-melhorias-no-ensino\/","url_meta":{"origin":15102,"position":0},"title":"Protagonismo na Educa\u00e7\u00e3o: estudantes buscam melhorias no ensino","author":"Em Pauta","date":"24\/05\/2016","format":false,"excerpt":"Por Carina Reis e Lucas Pereira Cerca de 150 escolas estaduais do Rio Grande do Sul est\u00e3o sendo ocupadas por estudantes secundaristas, de acordo com o movimento Escolas de Luta - RS. Apesar de serem de regi\u00f5es diferentes, os objetivos das mobiliza\u00e7\u00f5es s\u00e3o os mesmos: A busca por melhorias das\u2026","rel":"","context":"Em &quot;Educa\u00e7\u00e3o&quot;","block_context":{"text":"Educa\u00e7\u00e3o","link":"https:\/\/wp.ufpel.edu.br\/empauta\/category\/todos\/educacao\/"},"img":{"alt_text":"Movimento estudantil nas ruas por uma educa\u00e7\u00e3o p\u00fablica de qualidade (Foto: Lucas Pereira)","src":"https:\/\/i0.wp.com\/wp.ufpel.edu.br\/empauta\/files\/2016\/05\/13249599_957004971074935_1808162230_n-424x239.jpg?resize=350%2C200&ssl=1","width":350,"height":200},"classes":[]},{"id":9275,"url":"https:\/\/wp.ufpel.edu.br\/empauta\/professores-da-rede-estadual-estao-em-greve\/","url_meta":{"origin":15102,"position":1},"title":"Professores da rede estadual est\u00e3o em greve","author":"Em Pauta","date":"21\/03\/2017","format":false,"excerpt":"Reformas previdenci\u00e1ria, trabalhista e do ensino m\u00e9dio foram os principais fatores que motivaram a nova paraliza\u00e7\u00e3o Por: Yago Moreira O ano letivo mal come\u00e7ou e os professores da rede estadual j\u00e1 aderiram a uma nova greve. A categoria, juntamente com o Sindicato dos Professores Estaduais (Cpers-Sindicato), definiu a situa\u00e7\u00e3o em\u2026","rel":"","context":"Em &quot;Educa\u00e7\u00e3o&quot;","block_context":{"text":"Educa\u00e7\u00e3o","link":"https:\/\/wp.ufpel.edu.br\/empauta\/category\/todos\/educacao\/"},"img":{"alt_text":"","src":"","width":0,"height":0},"classes":[]},{"id":17842,"url":"https:\/\/wp.ufpel.edu.br\/empauta\/professores-reunem-se-em-frente-a-prefeitura-de-rio-grande-para-a-greve-nacional-dos-trabalhadores-em-educacao\/","url_meta":{"origin":15102,"position":2},"title":"Professores re\u00fanem-se em frente \u00e0 Prefeitura de Rio Grande para a Greve Nacional dos Trabalhadores em Educa\u00e7\u00e3o","author":"Em Pauta","date":"26\/04\/2023","format":false,"excerpt":"Quarta-feira, 26, \u00e9 o dia da Greve Nacional dos Trabalhadores em Educa\u00e7\u00e3o Por Marianna Bertoldi \/ Em Pauta Esta quarta-feira, 26, \u00e9 marcada pelo Dia da Greve Nacional dos Trabalhadores em Educa\u00e7\u00e3o em todos os estados do Brasil. Na Cidade de Rio Grande, manifestantes da classe est\u00e3o reunidos na Pra\u00e7a\u2026","rel":"","context":"Em &quot;Economia e Pol\u00edtica&quot;","block_context":{"text":"Economia e Pol\u00edtica","link":"https:\/\/wp.ufpel.edu.br\/empauta\/category\/todos\/economiaepolitica\/"},"img":{"alt_text":"","src":"https:\/\/i0.wp.com\/wp.ufpel.edu.br\/empauta\/files\/2023\/04\/WhatsApp-Image-2023-04-26-at-13.45.02.jpeg?resize=350%2C200&ssl=1","width":350,"height":200,"srcset":"https:\/\/i0.wp.com\/wp.ufpel.edu.br\/empauta\/files\/2023\/04\/WhatsApp-Image-2023-04-26-at-13.45.02.jpeg?resize=350%2C200&ssl=1 1x, https:\/\/i0.wp.com\/wp.ufpel.edu.br\/empauta\/files\/2023\/04\/WhatsApp-Image-2023-04-26-at-13.45.02.jpeg?resize=525%2C300&ssl=1 1.5x, https:\/\/i0.wp.com\/wp.ufpel.edu.br\/empauta\/files\/2023\/04\/WhatsApp-Image-2023-04-26-at-13.45.02.jpeg?resize=700%2C400&ssl=1 2x"},"classes":[]},{"id":14013,"url":"https:\/\/wp.ufpel.edu.br\/empauta\/ato-estadual-da-greve-aconteceu-ontem-na-cidade-natal-do-governador-eduardo-leite\/","url_meta":{"origin":15102,"position":3},"title":"Ato Estadual da Greve aconteceu ontem na cidade natal do governador Eduardo Leite","author":"Em Pauta","date":"04\/12\/2019","format":false,"excerpt":"Na tarde desta ter\u00e7a-feira\u00a0\u00a0milhares de professores e servidores p\u00fablicos de todo o estado do Rio Grande do Sul estiveram reunidos no Ato Estadual da Greve da Educa\u00e7\u00e3o, em Pelotas, cidade natal do governador Eduardo Leite.","rel":"","context":"Em &quot;Geral&quot;","block_context":{"text":"Geral","link":"https:\/\/wp.ufpel.edu.br\/empauta\/category\/todos\/geral\/"},"img":{"alt_text":"","src":"https:\/\/i0.wp.com\/wp.ufpel.edu.br\/empauta\/files\/2019\/12\/3-scaled.jpg?resize=350%2C200&ssl=1","width":350,"height":200,"srcset":"https:\/\/i0.wp.com\/wp.ufpel.edu.br\/empauta\/files\/2019\/12\/3-scaled.jpg?resize=350%2C200&ssl=1 1x, https:\/\/i0.wp.com\/wp.ufpel.edu.br\/empauta\/files\/2019\/12\/3-scaled.jpg?resize=525%2C300&ssl=1 1.5x, https:\/\/i0.wp.com\/wp.ufpel.edu.br\/empauta\/files\/2019\/12\/3-scaled.jpg?resize=700%2C400&ssl=1 2x, https:\/\/i0.wp.com\/wp.ufpel.edu.br\/empauta\/files\/2019\/12\/3-scaled.jpg?resize=1050%2C600&ssl=1 3x, https:\/\/i0.wp.com\/wp.ufpel.edu.br\/empauta\/files\/2019\/12\/3-scaled.jpg?resize=1400%2C800&ssl=1 4x"},"classes":[]},{"id":7996,"url":"https:\/\/wp.ufpel.edu.br\/empauta\/professores-estaduais-entram-em-greve-por-tempo-indeterminado\/","url_meta":{"origin":15102,"position":4},"title":"Professores estaduais entram em greve por tempo indeterminado","author":"Em Pauta","date":"18\/05\/2016","format":false,"excerpt":"Por Aline Souza \u00a0\u00a0 Em assembleia do Cpers sindicato realizada na \u00faltima sexta feira (13) em Porto Alegre, os professores da rede estadual decidiram paralisar suas atividades por tempo indeterminado. A greve teve in\u00edcio nesta segunda-feira. Entre as reivindica\u00e7\u00f5es da categoria est\u00e3o o fim do parcelamento de sal\u00e1rio; elabora\u00e7\u00e3o de\u2026","rel":"","context":"Em &quot;Educa\u00e7\u00e3o&quot;","block_context":{"text":"Educa\u00e7\u00e3o","link":"https:\/\/wp.ufpel.edu.br\/empauta\/category\/todos\/educacao\/"},"img":{"alt_text":"","src":"https:\/\/i0.wp.com\/wp.ufpel.edu.br\/empauta\/files\/2016\/05\/pl1.jpg?resize=350%2C200&ssl=1","width":350,"height":200,"srcset":"https:\/\/i0.wp.com\/wp.ufpel.edu.br\/empauta\/files\/2016\/05\/pl1.jpg?resize=350%2C200&ssl=1 1x, https:\/\/i0.wp.com\/wp.ufpel.edu.br\/empauta\/files\/2016\/05\/pl1.jpg?resize=525%2C300&ssl=1 1.5x, https:\/\/i0.wp.com\/wp.ufpel.edu.br\/empauta\/files\/2016\/05\/pl1.jpg?resize=700%2C400&ssl=1 2x"},"classes":[]},{"id":9844,"url":"https:\/\/wp.ufpel.edu.br\/empauta\/audiencia-publica-contra-escola-sem-partido-e-realizada-em-pelotas\/","url_meta":{"origin":15102,"position":5},"title":"Audi\u00eancia P\u00fablica contra &#8220;Escola Sem Partido&#8221; \u00e9 realizada em Pelotas","author":"Em Pauta","date":"24\/08\/2017","format":false,"excerpt":"\u00a0 Por Ana Maria de Oliveira Com uma C\u00e2mara de Vereadores lotada e gritos de \"N\u00e3o passa, n\u00e3o passa, na nossa escola n\u00e3o tem morda\u00e7a\" que ocorreu, na noite de quarta-feira, 23\/08, a Audi\u00eancia P\u00fablica contra o Projeto de Lei Ordin\u00e1ria 5191\/2017, conhecido como \u201cEscola Sem Partido\u201d. O projeto de\u2026","rel":"","context":"Em &quot;Economia e Pol\u00edtica&quot;","block_context":{"text":"Economia e Pol\u00edtica","link":"https:\/\/wp.ufpel.edu.br\/empauta\/category\/todos\/economiaepolitica\/"},"img":{"alt_text":"","src":"https:\/\/i0.wp.com\/wp.ufpel.edu.br\/empauta\/files\/2017\/08\/IMG_2089-1.jpg?resize=350%2C200&ssl=1","width":350,"height":200,"srcset":"https:\/\/i0.wp.com\/wp.ufpel.edu.br\/empauta\/files\/2017\/08\/IMG_2089-1.jpg?resize=350%2C200&ssl=1 1x, https:\/\/i0.wp.com\/wp.ufpel.edu.br\/empauta\/files\/2017\/08\/IMG_2089-1.jpg?resize=525%2C300&ssl=1 1.5x"},"classes":[]}],"_links":{"self":[{"href":"https:\/\/wp.ufpel.edu.br\/empauta\/wp-json\/wp\/v2\/posts\/15102","targetHints":{"allow":["GET"]}}],"collection":[{"href":"https:\/\/wp.ufpel.edu.br\/empauta\/wp-json\/wp\/v2\/posts"}],"about":[{"href":"https:\/\/wp.ufpel.edu.br\/empauta\/wp-json\/wp\/v2\/types\/post"}],"author":[{"embeddable":true,"href":"https:\/\/wp.ufpel.edu.br\/empauta\/wp-json\/wp\/v2\/users\/587"}],"replies":[{"embeddable":true,"href":"https:\/\/wp.ufpel.edu.br\/empauta\/wp-json\/wp\/v2\/comments?post=15102"}],"version-history":[{"count":1,"href":"https:\/\/wp.ufpel.edu.br\/empauta\/wp-json\/wp\/v2\/posts\/15102\/revisions"}],"predecessor-version":[{"id":15104,"href":"https:\/\/wp.ufpel.edu.br\/empauta\/wp-json\/wp\/v2\/posts\/15102\/revisions\/15104"}],"wp:featuredmedia":[{"embeddable":true,"href":"https:\/\/wp.ufpel.edu.br\/empauta\/wp-json\/wp\/v2\/media\/15103"}],"wp:attachment":[{"href":"https:\/\/wp.ufpel.edu.br\/empauta\/wp-json\/wp\/v2\/media?parent=15102"}],"wp:term":[{"taxonomy":"category","embeddable":true,"href":"https:\/\/wp.ufpel.edu.br\/empauta\/wp-json\/wp\/v2\/categories?post=15102"},{"taxonomy":"post_tag","embeddable":true,"href":"https:\/\/wp.ufpel.edu.br\/empauta\/wp-json\/wp\/v2\/tags?post=15102"}],"curies":[{"name":"wp","href":"https:\/\/api.w.org\/{rel}","templated":true}]}}